{"id":23091,"date":"2015-04-06T20:51:33","date_gmt":"2015-04-06T23:51:33","guid":{"rendered":"https:\/\/www.blogsoestado.com\/danielmatos\/?p=23091"},"modified":"2015-04-06T20:51:33","modified_gmt":"2015-04-06T23:51:33","slug":"adriano-sarney-destaca-bravura-de-policias-do-choque-e-inoperancia-do-estado-na-fuga-de-pedrinhas","status":"publish","type":"post","link":"https:\/\/www.blogsoestado.com\/danielmatos\/adriano-sarney-destaca-bravura-de-policias-do-choque-e-inoperancia-do-estado-na-fuga-de-pedrinhas\/","title":{"rendered":"Adriano Sarney destaca bravura de policias do Choque e  inoper\u00e2ncia do Estado na fuga de Pedrinhas"},"content":{"rendered":"<figure id=\"attachment_23092\" aria-describedby=\"caption-attachment-23092\" style=\"width: 448px\" class=\"wp-caption alignright\"><a href=\"https:\/\/www.blogsoestado.com\/danielmatos\/files\/2015\/04\/adriano-pedrinhas.jpg\"><img fetchpriority=\"high\" decoding=\"async\" class=\"size-full wp-image-23092\" src=\"https:\/\/www.blogsoestado.com\/danielmatos\/files\/2015\/04\/adriano-pedrinhas.jpg\" alt=\"Para Adriano Sarney, o problema da fragilidade do sistema de seguran\u00e7a p\u00fablica e do sistema prisional deveria ser encarado com rigor e determina\u00e7\u00e3o pelo Governo\" width=\"448\" height=\"279\" \/><\/a><figcaption id=\"caption-attachment-23092\" class=\"wp-caption-text\">Adriano Sarney:\u00a0&#8220;o problema da fragilidade dos sistemas de seguran\u00e7a p\u00fablica e prisional deveria ser encarado com rigor e determina\u00e7\u00e3o pelo governo&#8221;<\/figcaption><\/figure>\n<p>O deputado Adriano Sarney (PV-MA) fez uso da tribuna nesta segunda (6\/4) para falar da fuga de quatro detentos em Pedrinhas, ocorrida na madrugada de domingo (5\/4).\u00a0Para o parlamentar, o problema da fragilidade do sistema de seguran\u00e7a p\u00fablica e do sistema prisional deveria ser encarado com rigor e determina\u00e7\u00e3o pelo Governo, uma vez que sabia, de forma antecipada, da a\u00e7\u00e3o dos bandidos. Adriano foi enf\u00e1tico ao afirmar que \u00e9 necess\u00e1rio contrapor alguns discursos e fatos que ele chama de \u201cguerra moral\u201d.<\/p>\n<p>\u201cPedrinhas \u00e9 conhecido por todos como um dos desgastes do governo passado. Durante a \u00faltima campanha eleitoral, o discurso principal era de mudan\u00e7a, de combate ao patrimonialismo e outras ret\u00f3ricas. Entretanto se v\u00ea que essa mudan\u00e7a n\u00e3o aconteceu, nem nos contratos p\u00fablicos que contemplam at\u00e9 fam\u00edlia de aliados do governo, e muito menos, na seguran\u00e7a!\u201d, enfatizou o parlamentar.<\/p>\n<p>Adriano tamb\u00e9m reconheceu na tribuna a bravura dos quatro policiais da guarni\u00e7\u00e3o Choque 14, que foi a \u00fanica equipe posicionada na chegada dos bandidos ao CDP. \u201cDestaco o excelente trabalho dos policiais do Batalh\u00e3o de Choque pela coragem em combater os bandidos, mesmo sem refor\u00e7os e estrutura\u201d.<\/p>\n<p><strong>Inoper\u00e2ncia <\/strong><\/p>\n<p>O parlamentar verde tamb\u00e9m citou que o Servi\u00e7o de Intelig\u00eancia foi reestruturado no governo Roseana, assim como a constru\u00e7\u00e3o dos pres\u00eddios S\u00e3o Lu\u00eds III e Coroat\u00e1, al\u00e9m das obras em conclus\u00e3o dos pres\u00eddios de Timon e Imperatriz.<\/p>\n<p>\u201cDe fato existiu inoper\u00e2ncia! O governo, em nota oficial, reconheceu que houve realmente um erro operacional. Quero combater essa guerra moral que foi decretada nesse Estado ao apontar apenas os defeitos da gest\u00e3o anterior. Estamos vendo \u00e0s irregularidades na gest\u00e3o dos contratos p\u00fablicos, e a fragilidade do sistema de seguran\u00e7a. Sabemos que a realidade \u00e9 muito diferente do discurso\u201d, finalizou o parlamentar.<\/p>\n","protected":false},"excerpt":{"rendered":"<p>O deputado Adriano Sarney (PV-MA) fez uso da tribuna nesta segunda (6\/4) para falar da fuga de quatro detentos em [&hellip;]<\/p>\n","protected":false},"author":0,"featured_media":0,"comment_status":"open","ping_status":"open","sticky":false,"template":"","format":"standard","meta":{"site-sidebar-layout":"default","site-content-layout":"","ast-site-content-layout":"default","site-content-style":"default","site-sidebar-style":"default","ast-global-header-display":"","ast-banner-title-visibility":"","ast-main-header-display":"","ast-hfb-above-header-display":"","ast-hfb-below-header-display":"","ast-hfb-mobile-header-display":"","site-post-title":"","ast-breadcrumbs-content":"","ast-featured-img":"","footer-sml-layout":"","ast-disable-related-posts":"","theme-transparent-header-meta":"","adv-header-id-meta":"","stick-header-meta":"","header-above-stick-meta":"","header-main-stick-meta":"","header-below-stick-meta":"","astra-migrate-meta-layouts":"default","ast-page-background-enabled":"default","ast-page-background-meta":{"desktop":{"background-color":"var(--ast-global-color-5)","background-image":"","background-repeat":"repeat","background-position":"center center","background-size":"auto","background-attachment":"scroll","background-type":"","background-media":"","overlay-type":"","overlay-color":"","overlay-opacity":"","overlay-gradient":""},"tablet":{"background-color":"","background-image":"","background-repeat":"repeat","background-position":"center center","background-size":"auto","background-attachment":"scroll","background-type":"","background-media":"","overlay-type":"","overlay-color":"","overlay-opacity":"","overlay-gradient":""},"mobile":{"background-color":"","background-image":"","background-repeat":"repeat","background-position":"center center","background-size":"auto","background-attachment":"scroll","background-type":"","background-media":"","overlay-type":"","overlay-color":"","overlay-opacity":"","overlay-gradient":""}},"ast-content-background-meta":{"desktop":{"background-color":"var(--ast-global-color-4)","background-image":"","background-repeat":"repeat","background-position":"center center","background-size":"auto","background-attachment":"scroll","background-type":"","background-media":"","overlay-type":"","overlay-color":"","overlay-opacity":"","overlay-gradient":""},"tablet":{"background-color":"var(--ast-global-color-4)","background-image":"","background-repeat":"repeat","background-position":"center center","background-size":"auto","background-attachment":"scroll","background-type":"","background-media":"","overlay-type":"","overlay-color":"","overlay-opacity":"","overlay-gradient":""},"mobile":{"background-color":"var(--ast-global-color-4)","background-image":"","background-repeat":"repeat","background-position":"center center","background-size":"auto","background-attachment":"scroll","background-type":"","background-media":"","overlay-type":"","overlay-color":"","overlay-opacity":"","overlay-gradient":""}},"footnotes":""},"categories":[1],"tags":[],"class_list":["post-23091","post","type-post","status-publish","format-standard","hentry","category-sem-categoria"],"yoast_head":"<!-- This site is optimized with the Yoast SEO plugin v26.6 - https:\/\/yoast.com\/wordpress\/plugins\/seo\/ -->\n<title>Adriano Sarney destaca bravura de policias do Choque e inoper\u00e2ncia do Estado na fuga de Pedrinhas - Daniel Matos<\/title>\n<meta name=\"robots\" content=\"index, follow, max-snippet:-1, max-image-preview:large, max-video-preview:-1\" \/>\n<link rel=\"canonical\" href=\"https:\/\/www.blogsoestado.com\/danielmatos\/adriano-sarney-destaca-bravura-de-policias-do-choque-e-inoperancia-do-estado-na-fuga-de-pedrinhas\/\" \/>\n<meta property=\"og:locale\" content=\"pt_BR\" \/>\n<meta property=\"og:type\" content=\"article\" \/>\n<meta property=\"og:title\" content=\"Adriano Sarney destaca bravura de policias do Choque e inoper\u00e2ncia do Estado na fuga de Pedrinhas - Daniel Matos\" \/>\n<meta property=\"og:description\" content=\"O deputado Adriano Sarney (PV-MA) fez uso da tribuna nesta segunda (6\/4) para falar da fuga de quatro detentos em [&hellip;]\" \/>\n<meta property=\"og:url\" content=\"https:\/\/www.blogsoestado.com\/danielmatos\/adriano-sarney-destaca-bravura-de-policias-do-choque-e-inoperancia-do-estado-na-fuga-de-pedrinhas\/\" \/>\n<meta property=\"og:site_name\" content=\"Daniel Matos\" \/>\n<meta property=\"article:published_time\" content=\"2015-04-06T23:51:33+00:00\" \/>\n<meta property=\"og:image\" content=\"https:\/\/www.blogsoestado.com\/danielmatos\/files\/2015\/04\/adriano-pedrinhas.jpg\" \/>\n<meta name=\"twitter:card\" content=\"summary_large_image\" \/>\n<meta name=\"twitter:label1\" content=\"Est. tempo de leitura\" \/>\n\t<meta name=\"twitter:data1\" content=\"2 minutos\" \/>\n<script type=\"application\/ld+json\" class=\"yoast-schema-graph\">{\"@context\":\"https:\/\/schema.org\",\"@graph\":[{\"@type\":\"WebPage\",\"@id\":\"https:\/\/www.blogsoestado.com\/danielmatos\/adriano-sarney-destaca-bravura-de-policias-do-choque-e-inoperancia-do-estado-na-fuga-de-pedrinhas\/\",\"url\":\"https:\/\/www.blogsoestado.com\/danielmatos\/adriano-sarney-destaca-bravura-de-policias-do-choque-e-inoperancia-do-estado-na-fuga-de-pedrinhas\/\",\"name\":\"Adriano Sarney destaca bravura de policias do Choque e inoper\u00e2ncia do Estado na fuga de Pedrinhas - Daniel Matos\",\"isPartOf\":{\"@id\":\"https:\/\/www.blogsoestado.com\/danielmatos\/#website\"},\"primaryImageOfPage\":{\"@id\":\"https:\/\/www.blogsoestado.com\/danielmatos\/adriano-sarney-destaca-bravura-de-policias-do-choque-e-inoperancia-do-estado-na-fuga-de-pedrinhas\/#primaryimage\"},\"image\":{\"@id\":\"https:\/\/www.blogsoestado.com\/danielmatos\/adriano-sarney-destaca-bravura-de-policias-do-choque-e-inoperancia-do-estado-na-fuga-de-pedrinhas\/#primaryimage\"},\"thumbnailUrl\":\"https:\/\/www.blogsoestado.com\/danielmatos\/files\/2015\/04\/adriano-pedrinhas.jpg\",\"datePublished\":\"2015-04-06T23:51:33+00:00\",\"author\":{\"@id\":\"\"},\"breadcrumb\":{\"@id\":\"https:\/\/www.blogsoestado.com\/danielmatos\/adriano-sarney-destaca-bravura-de-policias-do-choque-e-inoperancia-do-estado-na-fuga-de-pedrinhas\/#breadcrumb\"},\"inLanguage\":\"pt-BR\",\"potentialAction\":[{\"@type\":\"ReadAction\",\"target\":[\"https:\/\/www.blogsoestado.com\/danielmatos\/adriano-sarney-destaca-bravura-de-policias-do-choque-e-inoperancia-do-estado-na-fuga-de-pedrinhas\/\"]}]},{\"@type\":\"ImageObject\",\"inLanguage\":\"pt-BR\",\"@id\":\"https:\/\/www.blogsoestado.com\/danielmatos\/adriano-sarney-destaca-bravura-de-policias-do-choque-e-inoperancia-do-estado-na-fuga-de-pedrinhas\/#primaryimage\",\"url\":\"https:\/\/www.blogsoestado.com\/danielmatos\/files\/2015\/04\/adriano-pedrinhas.jpg\",\"contentUrl\":\"https:\/\/www.blogsoestado.com\/danielmatos\/files\/2015\/04\/adriano-pedrinhas.jpg\"},{\"@type\":\"BreadcrumbList\",\"@id\":\"https:\/\/www.blogsoestado.com\/danielmatos\/adriano-sarney-destaca-bravura-de-policias-do-choque-e-inoperancia-do-estado-na-fuga-de-pedrinhas\/#breadcrumb\",\"itemListElement\":[{\"@type\":\"ListItem\",\"position\":1,\"name\":\"In\u00edcio\",\"item\":\"https:\/\/www.blogsoestado.com\/danielmatos\/\"},{\"@type\":\"ListItem\",\"position\":2,\"name\":\"Adriano Sarney destaca bravura de policias do Choque e inoper\u00e2ncia do Estado na fuga de Pedrinhas\"}]},{\"@type\":\"WebSite\",\"@id\":\"https:\/\/www.blogsoestado.com\/danielmatos\/#website\",\"url\":\"https:\/\/www.blogsoestado.com\/danielmatos\/\",\"name\":\"Daniel Matos\",\"description\":\"\",\"potentialAction\":[{\"@type\":\"SearchAction\",\"target\":{\"@type\":\"EntryPoint\",\"urlTemplate\":\"https:\/\/www.blogsoestado.com\/danielmatos\/?s={search_term_string}\"},\"query-input\":{\"@type\":\"PropertyValueSpecification\",\"valueRequired\":true,\"valueName\":\"search_term_string\"}}],\"inLanguage\":\"pt-BR\"}]}<\/script>\n<!-- \/ Yoast SEO plugin. -->","yoast_head_json":{"title":"Adriano Sarney destaca bravura de policias do Choque e inoper\u00e2ncia do Estado na fuga de Pedrinhas - Daniel Matos","robots":{"index":"index","follow":"follow","max-snippet":"max-snippet:-1","max-image-preview":"max-image-preview:large","max-video-preview":"max-video-preview:-1"},"canonical":"https:\/\/www.blogsoestado.com\/danielmatos\/adriano-sarney-destaca-bravura-de-policias-do-choque-e-inoperancia-do-estado-na-fuga-de-pedrinhas\/","og_locale":"pt_BR","og_type":"article","og_title":"Adriano Sarney destaca bravura de policias do Choque e inoper\u00e2ncia do Estado na fuga de Pedrinhas - Daniel Matos","og_description":"O deputado Adriano Sarney (PV-MA) fez uso da tribuna nesta segunda (6\/4) para falar da fuga de quatro detentos em [&hellip;]","og_url":"https:\/\/www.blogsoestado.com\/danielmatos\/adriano-sarney-destaca-bravura-de-policias-do-choque-e-inoperancia-do-estado-na-fuga-de-pedrinhas\/","og_site_name":"Daniel Matos","article_published_time":"2015-04-06T23:51:33+00:00","og_image":[{"url":"https:\/\/www.blogsoestado.com\/danielmatos\/files\/2015\/04\/adriano-pedrinhas.jpg","type":"","width":"","height":""}],"twitter_card":"summary_large_image","twitter_misc":{"Est. tempo de leitura":"2 minutos"},"schema":{"@context":"https:\/\/schema.org","@graph":[{"@type":"WebPage","@id":"https:\/\/www.blogsoestado.com\/danielmatos\/adriano-sarney-destaca-bravura-de-policias-do-choque-e-inoperancia-do-estado-na-fuga-de-pedrinhas\/","url":"https:\/\/www.blogsoestado.com\/danielmatos\/adriano-sarney-destaca-bravura-de-policias-do-choque-e-inoperancia-do-estado-na-fuga-de-pedrinhas\/","name":"Adriano Sarney destaca bravura de policias do Choque e inoper\u00e2ncia do Estado na fuga de Pedrinhas - Daniel Matos","isPartOf":{"@id":"https:\/\/www.blogsoestado.com\/danielmatos\/#website"},"primaryImageOfPage":{"@id":"https:\/\/www.blogsoestado.com\/danielmatos\/adriano-sarney-destaca-bravura-de-policias-do-choque-e-inoperancia-do-estado-na-fuga-de-pedrinhas\/#primaryimage"},"image":{"@id":"https:\/\/www.blogsoestado.com\/danielmatos\/adriano-sarney-destaca-bravura-de-policias-do-choque-e-inoperancia-do-estado-na-fuga-de-pedrinhas\/#primaryimage"},"thumbnailUrl":"https:\/\/www.blogsoestado.com\/danielmatos\/files\/2015\/04\/adriano-pedrinhas.jpg","datePublished":"2015-04-06T23:51:33+00:00","author":{"@id":""},"breadcrumb":{"@id":"https:\/\/www.blogsoestado.com\/danielmatos\/adriano-sarney-destaca-bravura-de-policias-do-choque-e-inoperancia-do-estado-na-fuga-de-pedrinhas\/#breadcrumb"},"inLanguage":"pt-BR","potentialAction":[{"@type":"ReadAction","target":["https:\/\/www.blogsoestado.com\/danielmatos\/adriano-sarney-destaca-bravura-de-policias-do-choque-e-inoperancia-do-estado-na-fuga-de-pedrinhas\/"]}]},{"@type":"ImageObject","inLanguage":"pt-BR","@id":"https:\/\/www.blogsoestado.com\/danielmatos\/adriano-sarney-destaca-bravura-de-policias-do-choque-e-inoperancia-do-estado-na-fuga-de-pedrinhas\/#primaryimage","url":"https:\/\/www.blogsoestado.com\/danielmatos\/files\/2015\/04\/adriano-pedrinhas.jpg","contentUrl":"https:\/\/www.blogsoestado.com\/danielmatos\/files\/2015\/04\/adriano-pedrinhas.jpg"},{"@type":"BreadcrumbList","@id":"https:\/\/www.blogsoestado.com\/danielmatos\/adriano-sarney-destaca-bravura-de-policias-do-choque-e-inoperancia-do-estado-na-fuga-de-pedrinhas\/#breadcrumb","itemListElement":[{"@type":"ListItem","position":1,"name":"In\u00edcio","item":"https:\/\/www.blogsoestado.com\/danielmatos\/"},{"@type":"ListItem","position":2,"name":"Adriano Sarney destaca bravura de policias do Choque e inoper\u00e2ncia do Estado na fuga de Pedrinhas"}]},{"@type":"WebSite","@id":"https:\/\/www.blogsoestado.com\/danielmatos\/#website","url":"https:\/\/www.blogsoestado.com\/danielmatos\/","name":"Daniel Matos","description":"","potentialAction":[{"@type":"SearchAction","target":{"@type":"EntryPoint","urlTemplate":"https:\/\/www.blogsoestado.com\/danielmatos\/?s={search_term_string}"},"query-input":{"@type":"PropertyValueSpecification","valueRequired":true,"valueName":"search_term_string"}}],"inLanguage":"pt-BR"}]}},"jetpack_featured_media_url":"","_links":{"self":[{"href":"https:\/\/www.blogsoestado.com\/danielmatos\/wp-json\/wp\/v2\/posts\/23091","targetHints":{"allow":["GET"]}}],"collection":[{"href":"https:\/\/www.blogsoestado.com\/danielmatos\/wp-json\/wp\/v2\/posts"}],"about":[{"href":"https:\/\/www.blogsoestado.com\/danielmatos\/wp-json\/wp\/v2\/types\/post"}],"replies":[{"embeddable":true,"href":"https:\/\/www.blogsoestado.com\/danielmatos\/wp-json\/wp\/v2\/comments?post=23091"}],"version-history":[{"count":0,"href":"https:\/\/www.blogsoestado.com\/danielmatos\/wp-json\/wp\/v2\/posts\/23091\/revisions"}],"wp:attachment":[{"href":"https:\/\/www.blogsoestado.com\/danielmatos\/wp-json\/wp\/v2\/media?parent=23091"}],"wp:term":[{"taxonomy":"category","embeddable":true,"href":"https:\/\/www.blogsoestado.com\/danielmatos\/wp-json\/wp\/v2\/categories?post=23091"},{"taxonomy":"post_tag","embeddable":true,"href":"https:\/\/www.blogsoestado.com\/danielmatos\/wp-json\/wp\/v2\/tags?post=23091"}],"curies":[{"name":"wp","href":"https:\/\/api.w.org\/{rel}","templated":true}]}}