{"id":23100,"date":"2015-04-07T11:31:30","date_gmt":"2015-04-07T14:31:30","guid":{"rendered":"https:\/\/www.blogsoestado.com\/danielmatos\/?p=23100"},"modified":"2015-04-07T11:31:30","modified_gmt":"2015-04-07T14:31:30","slug":"a-culpa-e-da-oposicao","status":"publish","type":"post","link":"https:\/\/www.blogsoestado.com\/danielmatos\/a-culpa-e-da-oposicao\/","title":{"rendered":"A culpa \u00e9 da oposi\u00e7\u00e3o?"},"content":{"rendered":"<figure id=\"attachment_23104\" aria-describedby=\"caption-attachment-23104\" style=\"width: 408px\" class=\"wp-caption alignleft\"><a href=\"https:\/\/www.blogsoestado.com\/danielmatos\/files\/2015\/04\/dino-culpa.jpg\"><img fetchpriority=\"high\" decoding=\"async\" class=\"size-full wp-image-23104\" src=\"https:\/\/www.blogsoestado.com\/danielmatos\/files\/2015\/04\/dino-culpa.jpg\" alt=\"Fl\u00e1vio Dino: a culpa pela crise nunca \u00e9 dele\" width=\"408\" height=\"336\" \/><\/a><figcaption id=\"caption-attachment-23104\" class=\"wp-caption-text\">Fl\u00e1vio Dino: a culpa pelas crises no governo comunista nunca \u00e9 dele<\/figcaption><\/figure>\n<p>O governador Fl\u00e1vio Dino (PCdoB) deu in\u00edcio a uma campanha que visa nitidamente\u00a0culpar advers\u00e1rios\u00a0pelos erros de sua gest\u00e3o, que no pr\u00f3ximo dia 10 completar\u00e1 os primeiros 100 dias, sem nenhum feito ou mesmo ideia significativos a apresentar.\u00a0Recorrendo aos seus mais graduados porta-vozes na imprensa, na blogosfera e nas redes sociais, o comunista, com o sempre providencial suporte do seu fiel escudeiro, M\u00e1rcio Jerry, propaga \u00e0 opini\u00e3o p\u00fablica a vers\u00e3o de que o resgate espetacular de quatro presos do Centro de Deten\u00e7\u00e3o Provis\u00f3ria de Pedrinhas, no \u00faltimo domingo, foi orquestrado por opositores com o \u00fanico objetivo de\u00a0desestabilizar seu governo.<\/p>\n<p>A estrat\u00e9gia, ali\u00e1s, a artimanha de Fl\u00e1vio Dino, \u00e9 um golpe rasteiro na intelig\u00eancia dos maranhenses. Ainda mais quando se sabe que o sistema de seguran\u00e7a p\u00fablica vinha monitorando o plano de fuga. Portanto, a culpa deve recair sobre a c\u00fapula da pol\u00edcia, pois esta\u00a0obteve\u00a0a informa\u00e7\u00e3o com anteced\u00eancia, mas n\u00e3o foi capaz de evitar a a\u00e7\u00e3o criminosa, executada por bandidos\u00a0fortemente armados, que fuzilaram o pres\u00eddio e n\u00e3o fosse a bravura com que foram confrontados\u00a0teriam ceifado a vida dos\u00a0policiais de plant\u00e3o.<\/p>\n<p>Com sua\u00a0ret\u00f3rica demag\u00f3gica, Dino dirige-se prioritariamente aos mais pobres em momentos de crise, sabedor que \u00e9 de que estes comp\u00f5em justamente a\u00a0parcela mais desinformada da popula\u00e7\u00e3o, muito mais f\u00e1cil de ser convencida e manipulada. Na mente do comunista, basta arrebatar os menos afortunados para garantir o apoio popular que precisa.<\/p>\n<p>Acontece que at\u00e9\u00a0mesmo os desvalidos, como ele se refere \u00e0 massa em seus discursos inflamados e vazios de sentido pr\u00e1tico, j\u00e1 n\u00e3o se mostram t\u00e3o convictos em rela\u00e7\u00e3o \u00e0 capacidade e a boa inten\u00e7\u00e3o do comunista. Com a\u00e7\u00f5es muito mais simb\u00f3licas, motivadas, via de regra, por rancor e vingan\u00e7a, ele n\u00e3o exibe a consist\u00eancia de um l\u00edder realmente capaz de\u00a0conduzir o Maranh\u00e3o ao melhor caminho.<\/p>\n<p>Em recente cerim\u00f4nia na Assembleia Legislativa, em comemora\u00e7\u00e3o aos 93 anos do PCdoB, Fl\u00e1vio Dino vociferou que a mudan\u00e7a inaugurada por sua vit\u00f3ria nas urnas \u00e9 definitiva e irrevers\u00edvel.\u00a0Pelo que\u00a0demostrou at\u00e9 agora o novo governador, tal afirmativa soa como grave senten\u00e7a ao Maranh\u00e3o.<\/p>\n","protected":false},"excerpt":{"rendered":"<p>O governador Fl\u00e1vio Dino (PCdoB) deu in\u00edcio a uma campanha que visa nitidamente\u00a0culpar advers\u00e1rios\u00a0pelos erros de sua gest\u00e3o, que no [&hellip;]<\/p>\n","protected":false},"author":0,"featured_media":0,"comment_status":"open","ping_status":"open","sticky":false,"template":"","format":"standard","meta":{"site-sidebar-layout":"default","site-content-layout":"","ast-site-content-layout":"default","site-content-style":"default","site-sidebar-style":"default","ast-global-header-display":"","ast-banner-title-visibility":"","ast-main-header-display":"","ast-hfb-above-header-display":"","ast-hfb-below-header-display":"","ast-hfb-mobile-header-display":"","site-post-title":"","ast-breadcrumbs-content":"","ast-featured-img":"","footer-sml-layout":"","ast-disable-related-posts":"","theme-transparent-header-meta":"","adv-header-id-meta":"","stick-header-meta":"","header-above-stick-meta":"","header-main-stick-meta":"","header-below-stick-meta":"","astra-migrate-meta-layouts":"default","ast-page-background-enabled":"default","ast-page-background-meta":{"desktop":{"background-color":"var(--ast-global-color-5)","background-image":"","background-repeat":"repeat","background-position":"center center","background-size":"auto","background-attachment":"scroll","background-type":"","background-media":"","overlay-type":"","overlay-color":"","overlay-opacity":"","overlay-gradient":""},"tablet":{"background-color":"","background-image":"","background-repeat":"repeat","background-position":"center center","background-size":"auto","background-attachment":"scroll","background-type":"","background-media":"","overlay-type":"","overlay-color":"","overlay-opacity":"","overlay-gradient":""},"mobile":{"background-color":"","background-image":"","background-repeat":"repeat","background-position":"center center","background-size":"auto","background-attachment":"scroll","background-type":"","background-media":"","overlay-type":"","overlay-color":"","overlay-opacity":"","overlay-gradient":""}},"ast-content-background-meta":{"desktop":{"background-color":"var(--ast-global-color-4)","background-image":"","background-repeat":"repeat","background-position":"center center","background-size":"auto","background-attachment":"scroll","background-type":"","background-media":"","overlay-type":"","overlay-color":"","overlay-opacity":"","overlay-gradient":""},"tablet":{"background-color":"var(--ast-global-color-4)","background-image":"","background-repeat":"repeat","background-position":"center center","background-size":"auto","background-attachment":"scroll","background-type":"","background-media":"","overlay-type":"","overlay-color":"","overlay-opacity":"","overlay-gradient":""},"mobile":{"background-color":"var(--ast-global-color-4)","background-image":"","background-repeat":"repeat","background-position":"center center","background-size":"auto","background-attachment":"scroll","background-type":"","background-media":"","overlay-type":"","overlay-color":"","overlay-opacity":"","overlay-gradient":""}},"footnotes":""},"categories":[1],"tags":[],"class_list":["post-23100","post","type-post","status-publish","format-standard","hentry","category-sem-categoria"],"yoast_head":"<!-- This site is optimized with the Yoast SEO plugin v26.6 - https:\/\/yoast.com\/wordpress\/plugins\/seo\/ -->\n<title>A culpa \u00e9 da oposi\u00e7\u00e3o? - Daniel Matos<\/title>\n<meta name=\"robots\" content=\"index, follow, max-snippet:-1, max-image-preview:large, max-video-preview:-1\" \/>\n<link rel=\"canonical\" href=\"https:\/\/www.blogsoestado.com\/danielmatos\/a-culpa-e-da-oposicao\/\" \/>\n<meta property=\"og:locale\" content=\"pt_BR\" \/>\n<meta property=\"og:type\" content=\"article\" \/>\n<meta property=\"og:title\" content=\"A culpa \u00e9 da oposi\u00e7\u00e3o? - Daniel Matos\" \/>\n<meta property=\"og:description\" content=\"O governador Fl\u00e1vio Dino (PCdoB) deu in\u00edcio a uma campanha que visa nitidamente\u00a0culpar advers\u00e1rios\u00a0pelos erros de sua gest\u00e3o, que no [&hellip;]\" \/>\n<meta property=\"og:url\" content=\"https:\/\/www.blogsoestado.com\/danielmatos\/a-culpa-e-da-oposicao\/\" \/>\n<meta property=\"og:site_name\" content=\"Daniel Matos\" \/>\n<meta property=\"article:published_time\" content=\"2015-04-07T14:31:30+00:00\" \/>\n<meta property=\"og:image\" content=\"https:\/\/www.blogsoestado.com\/danielmatos\/files\/2015\/04\/dino-culpa.jpg\" \/>\n<meta name=\"twitter:card\" content=\"summary_large_image\" \/>\n<meta name=\"twitter:label1\" content=\"Est. tempo de leitura\" \/>\n\t<meta name=\"twitter:data1\" content=\"2 minutos\" \/>\n<script type=\"application\/ld+json\" class=\"yoast-schema-graph\">{\"@context\":\"https:\/\/schema.org\",\"@graph\":[{\"@type\":\"WebPage\",\"@id\":\"https:\/\/www.blogsoestado.com\/danielmatos\/a-culpa-e-da-oposicao\/\",\"url\":\"https:\/\/www.blogsoestado.com\/danielmatos\/a-culpa-e-da-oposicao\/\",\"name\":\"A culpa \u00e9 da oposi\u00e7\u00e3o? - Daniel Matos\",\"isPartOf\":{\"@id\":\"https:\/\/www.blogsoestado.com\/danielmatos\/#website\"},\"primaryImageOfPage\":{\"@id\":\"https:\/\/www.blogsoestado.com\/danielmatos\/a-culpa-e-da-oposicao\/#primaryimage\"},\"image\":{\"@id\":\"https:\/\/www.blogsoestado.com\/danielmatos\/a-culpa-e-da-oposicao\/#primaryimage\"},\"thumbnailUrl\":\"https:\/\/www.blogsoestado.com\/danielmatos\/files\/2015\/04\/dino-culpa.jpg\",\"datePublished\":\"2015-04-07T14:31:30+00:00\",\"author\":{\"@id\":\"\"},\"breadcrumb\":{\"@id\":\"https:\/\/www.blogsoestado.com\/danielmatos\/a-culpa-e-da-oposicao\/#breadcrumb\"},\"inLanguage\":\"pt-BR\",\"potentialAction\":[{\"@type\":\"ReadAction\",\"target\":[\"https:\/\/www.blogsoestado.com\/danielmatos\/a-culpa-e-da-oposicao\/\"]}]},{\"@type\":\"ImageObject\",\"inLanguage\":\"pt-BR\",\"@id\":\"https:\/\/www.blogsoestado.com\/danielmatos\/a-culpa-e-da-oposicao\/#primaryimage\",\"url\":\"https:\/\/www.blogsoestado.com\/danielmatos\/files\/2015\/04\/dino-culpa.jpg\",\"contentUrl\":\"https:\/\/www.blogsoestado.com\/danielmatos\/files\/2015\/04\/dino-culpa.jpg\"},{\"@type\":\"BreadcrumbList\",\"@id\":\"https:\/\/www.blogsoestado.com\/danielmatos\/a-culpa-e-da-oposicao\/#breadcrumb\",\"itemListElement\":[{\"@type\":\"ListItem\",\"position\":1,\"name\":\"In\u00edcio\",\"item\":\"https:\/\/www.blogsoestado.com\/danielmatos\/\"},{\"@type\":\"ListItem\",\"position\":2,\"name\":\"A culpa \u00e9 da oposi\u00e7\u00e3o?\"}]},{\"@type\":\"WebSite\",\"@id\":\"https:\/\/www.blogsoestado.com\/danielmatos\/#website\",\"url\":\"https:\/\/www.blogsoestado.com\/danielmatos\/\",\"name\":\"Daniel Matos\",\"description\":\"\",\"potentialAction\":[{\"@type\":\"SearchAction\",\"target\":{\"@type\":\"EntryPoint\",\"urlTemplate\":\"https:\/\/www.blogsoestado.com\/danielmatos\/?s={search_term_string}\"},\"query-input\":{\"@type\":\"PropertyValueSpecification\",\"valueRequired\":true,\"valueName\":\"search_term_string\"}}],\"inLanguage\":\"pt-BR\"}]}<\/script>\n<!-- \/ Yoast SEO plugin. -->","yoast_head_json":{"title":"A culpa \u00e9 da oposi\u00e7\u00e3o? - Daniel Matos","robots":{"index":"index","follow":"follow","max-snippet":"max-snippet:-1","max-image-preview":"max-image-preview:large","max-video-preview":"max-video-preview:-1"},"canonical":"https:\/\/www.blogsoestado.com\/danielmatos\/a-culpa-e-da-oposicao\/","og_locale":"pt_BR","og_type":"article","og_title":"A culpa \u00e9 da oposi\u00e7\u00e3o? - Daniel Matos","og_description":"O governador Fl\u00e1vio Dino (PCdoB) deu in\u00edcio a uma campanha que visa nitidamente\u00a0culpar advers\u00e1rios\u00a0pelos erros de sua gest\u00e3o, que no [&hellip;]","og_url":"https:\/\/www.blogsoestado.com\/danielmatos\/a-culpa-e-da-oposicao\/","og_site_name":"Daniel Matos","article_published_time":"2015-04-07T14:31:30+00:00","og_image":[{"url":"https:\/\/www.blogsoestado.com\/danielmatos\/files\/2015\/04\/dino-culpa.jpg","type":"","width":"","height":""}],"twitter_card":"summary_large_image","twitter_misc":{"Est. tempo de leitura":"2 minutos"},"schema":{"@context":"https:\/\/schema.org","@graph":[{"@type":"WebPage","@id":"https:\/\/www.blogsoestado.com\/danielmatos\/a-culpa-e-da-oposicao\/","url":"https:\/\/www.blogsoestado.com\/danielmatos\/a-culpa-e-da-oposicao\/","name":"A culpa \u00e9 da oposi\u00e7\u00e3o? - Daniel Matos","isPartOf":{"@id":"https:\/\/www.blogsoestado.com\/danielmatos\/#website"},"primaryImageOfPage":{"@id":"https:\/\/www.blogsoestado.com\/danielmatos\/a-culpa-e-da-oposicao\/#primaryimage"},"image":{"@id":"https:\/\/www.blogsoestado.com\/danielmatos\/a-culpa-e-da-oposicao\/#primaryimage"},"thumbnailUrl":"https:\/\/www.blogsoestado.com\/danielmatos\/files\/2015\/04\/dino-culpa.jpg","datePublished":"2015-04-07T14:31:30+00:00","author":{"@id":""},"breadcrumb":{"@id":"https:\/\/www.blogsoestado.com\/danielmatos\/a-culpa-e-da-oposicao\/#breadcrumb"},"inLanguage":"pt-BR","potentialAction":[{"@type":"ReadAction","target":["https:\/\/www.blogsoestado.com\/danielmatos\/a-culpa-e-da-oposicao\/"]}]},{"@type":"ImageObject","inLanguage":"pt-BR","@id":"https:\/\/www.blogsoestado.com\/danielmatos\/a-culpa-e-da-oposicao\/#primaryimage","url":"https:\/\/www.blogsoestado.com\/danielmatos\/files\/2015\/04\/dino-culpa.jpg","contentUrl":"https:\/\/www.blogsoestado.com\/danielmatos\/files\/2015\/04\/dino-culpa.jpg"},{"@type":"BreadcrumbList","@id":"https:\/\/www.blogsoestado.com\/danielmatos\/a-culpa-e-da-oposicao\/#breadcrumb","itemListElement":[{"@type":"ListItem","position":1,"name":"In\u00edcio","item":"https:\/\/www.blogsoestado.com\/danielmatos\/"},{"@type":"ListItem","position":2,"name":"A culpa \u00e9 da oposi\u00e7\u00e3o?"}]},{"@type":"WebSite","@id":"https:\/\/www.blogsoestado.com\/danielmatos\/#website","url":"https:\/\/www.blogsoestado.com\/danielmatos\/","name":"Daniel Matos","description":"","potentialAction":[{"@type":"SearchAction","target":{"@type":"EntryPoint","urlTemplate":"https:\/\/www.blogsoestado.com\/danielmatos\/?s={search_term_string}"},"query-input":{"@type":"PropertyValueSpecification","valueRequired":true,"valueName":"search_term_string"}}],"inLanguage":"pt-BR"}]}},"jetpack_featured_media_url":"","_links":{"self":[{"href":"https:\/\/www.blogsoestado.com\/danielmatos\/wp-json\/wp\/v2\/posts\/23100","targetHints":{"allow":["GET"]}}],"collection":[{"href":"https:\/\/www.blogsoestado.com\/danielmatos\/wp-json\/wp\/v2\/posts"}],"about":[{"href":"https:\/\/www.blogsoestado.com\/danielmatos\/wp-json\/wp\/v2\/types\/post"}],"replies":[{"embeddable":true,"href":"https:\/\/www.blogsoestado.com\/danielmatos\/wp-json\/wp\/v2\/comments?post=23100"}],"version-history":[{"count":0,"href":"https:\/\/www.blogsoestado.com\/danielmatos\/wp-json\/wp\/v2\/posts\/23100\/revisions"}],"wp:attachment":[{"href":"https:\/\/www.blogsoestado.com\/danielmatos\/wp-json\/wp\/v2\/media?parent=23100"}],"wp:term":[{"taxonomy":"category","embeddable":true,"href":"https:\/\/www.blogsoestado.com\/danielmatos\/wp-json\/wp\/v2\/categories?post=23100"},{"taxonomy":"post_tag","embeddable":true,"href":"https:\/\/www.blogsoestado.com\/danielmatos\/wp-json\/wp\/v2\/tags?post=23100"}],"curies":[{"name":"wp","href":"https:\/\/api.w.org\/{rel}","templated":true}]}}