{"id":23101,"date":"2015-04-07T11:22:45","date_gmt":"2015-04-07T14:22:45","guid":{"rendered":"https:\/\/www.blogsoestado.com\/danielmatos\/?p=23101"},"modified":"2015-04-07T11:22:45","modified_gmt":"2015-04-07T14:22:45","slug":"vereador-edmilson-jansen-garante-reforma-de-escola-na-vila-embratel","status":"publish","type":"post","link":"https:\/\/www.blogsoestado.com\/danielmatos\/vereador-edmilson-jansen-garante-reforma-de-escola-na-vila-embratel\/","title":{"rendered":"Vereador Edmilson Jansen garante reforma de escola na Vila Embratel"},"content":{"rendered":"<figure id=\"attachment_22967\" aria-describedby=\"caption-attachment-22967\" style=\"width: 448px\" class=\"wp-caption alignright\"><a href=\"https:\/\/www.blogsoestado.com\/danielmatos\/files\/2015\/03\/edmilson-jansen-vereador.jpg\"><img fetchpriority=\"high\" decoding=\"async\" class=\"size-full wp-image-22967\" src=\"https:\/\/www.blogsoestado.com\/danielmatos\/files\/2015\/03\/edmilson-jansen-vereador.jpg\" alt=\"Vereador alertou que avenida precisa de obras urgentes \" width=\"448\" height=\"299\" \/><\/a><figcaption id=\"caption-attachment-22967\" class=\"wp-caption-text\">Vereador\u00a0Edmilson Jansen firmou parceria com a comunidade da Vila Embratel<\/figcaption><\/figure>\n<p>Resultado de uma parceria feita entre o vereador Edimilson Jansen (PTC) e lideran\u00e7as da comunidade da Vila Embratel, acaba de ser completamente reformada e entregue aos moradores a Escola Comunit\u00e1ria Nossa Senhora da Concei\u00e7\u00e3o. A reinaugura\u00e7\u00e3o da escola ainda n\u00e3o est\u00e1 com data marcada, mas a diretora Maria Am\u00e9lia faz a previs\u00e3o para at\u00e9 o final do m\u00eas de maio. A unidade escolar tem vinte anos de funcionamento e atualmente atende a duzentos alunos oferecendo educa\u00e7\u00e3o infantil de boa qualidade.<\/p>\n<p>\u201cElevamos o n\u00edvel da educa\u00e7\u00e3o em nossa cidade, mas como vereador estou sempre colaborando com as comunidades e com os nossos professores\u201d, disse Edimilson Jansen ao fazer coment\u00e1rio sobre a a\u00e7\u00e3o do poder p\u00fablico no setor educacional. Acerca da iniciativa de parceria o vereador afirma que \u201choje me sinto na obriga\u00e7\u00e3o de contribuir com essas crian\u00e7as, j\u00e1 que eles est\u00e3o recebendo o merecido respeito, numa c\u00e3o destinada a garantir o futuro digno das futuras gera\u00e7\u00f5es\u201d.<\/p>\n<p>A reforma naquela escola comunit\u00e1ria passou por um processo de adequa\u00e7\u00e3o em suas instala\u00e7\u00f5es, contando com a renova\u00e7\u00e3o dos sistemas el\u00e9trico e hidr\u00e1ulico, al\u00e9m da constru\u00e7\u00e3o de novos banheiros, troca do telhado entre outras interven\u00e7\u00f5es. \u201cPodemos dizer, sem sombra de d\u00favida, que esta \u00e9 uma unidade escolar totalmente recuperada, sendo uma conquista da comunidade\u201d, finalizou Edimilson Jansen.<\/p>\n","protected":false},"excerpt":{"rendered":"<p>Resultado de uma parceria feita entre o vereador Edimilson Jansen (PTC) e lideran\u00e7as da comunidade da Vila Embratel, acaba de [&hellip;]<\/p>\n","protected":false},"author":0,"featured_media":0,"comment_status":"open","ping_status":"open","sticky":false,"template":"","format":"standard","meta":{"site-sidebar-layout":"default","site-content-layout":"","ast-site-content-layout":"default","site-content-style":"default","site-sidebar-style":"default","ast-global-header-display":"","ast-banner-title-visibility":"","ast-main-header-display":"","ast-hfb-above-header-display":"","ast-hfb-below-header-display":"","ast-hfb-mobile-header-display":"","site-post-title":"","ast-breadcrumbs-content":"","ast-featured-img":"","footer-sml-layout":"","ast-disable-related-posts":"","theme-transparent-header-meta":"","adv-header-id-meta":"","stick-header-meta":"","header-above-stick-meta":"","header-main-stick-meta":"","header-below-stick-meta":"","astra-migrate-meta-layouts":"default","ast-page-background-enabled":"default","ast-page-background-meta":{"desktop":{"background-color":"var(--ast-global-color-5)","background-image":"","background-repeat":"repeat","background-position":"center center","background-size":"auto","background-attachment":"scroll","background-type":"","background-media":"","overlay-type":"","overlay-color":"","overlay-opacity":"","overlay-gradient":""},"tablet":{"background-color":"","background-image":"","background-repeat":"repeat","background-position":"center center","background-size":"auto","background-attachment":"scroll","background-type":"","background-media":"","overlay-type":"","overlay-color":"","overlay-opacity":"","overlay-gradient":""},"mobile":{"background-color":"","background-image":"","background-repeat":"repeat","background-position":"center center","background-size":"auto","background-attachment":"scroll","background-type":"","background-media":"","overlay-type":"","overlay-color":"","overlay-opacity":"","overlay-gradient":""}},"ast-content-background-meta":{"desktop":{"background-color":"var(--ast-global-color-4)","background-image":"","background-repeat":"repeat","background-position":"center center","background-size":"auto","background-attachment":"scroll","background-type":"","background-media":"","overlay-type":"","overlay-color":"","overlay-opacity":"","overlay-gradient":""},"tablet":{"background-color":"var(--ast-global-color-4)","background-image":"","background-repeat":"repeat","background-position":"center center","background-size":"auto","background-attachment":"scroll","background-type":"","background-media":"","overlay-type":"","overlay-color":"","overlay-opacity":"","overlay-gradient":""},"mobile":{"background-color":"var(--ast-global-color-4)","background-image":"","background-repeat":"repeat","background-position":"center center","background-size":"auto","background-attachment":"scroll","background-type":"","background-media":"","overlay-type":"","overlay-color":"","overlay-opacity":"","overlay-gradient":""}},"footnotes":""},"categories":[1],"tags":[],"class_list":["post-23101","post","type-post","status-publish","format-standard","hentry","category-sem-categoria"],"yoast_head":"<!-- This site is optimized with the Yoast SEO plugin v26.6 - https:\/\/yoast.com\/wordpress\/plugins\/seo\/ -->\n<title>Vereador Edmilson Jansen garante reforma de escola na Vila Embratel - Daniel Matos<\/title>\n<meta name=\"robots\" content=\"index, follow, max-snippet:-1, max-image-preview:large, max-video-preview:-1\" \/>\n<link rel=\"canonical\" href=\"https:\/\/www.blogsoestado.com\/danielmatos\/vereador-edmilson-jansen-garante-reforma-de-escola-na-vila-embratel\/\" \/>\n<meta property=\"og:locale\" content=\"pt_BR\" \/>\n<meta property=\"og:type\" content=\"article\" \/>\n<meta property=\"og:title\" content=\"Vereador Edmilson Jansen garante reforma de escola na Vila Embratel - Daniel Matos\" \/>\n<meta property=\"og:description\" content=\"Resultado de uma parceria feita entre o vereador Edimilson Jansen (PTC) e lideran\u00e7as da comunidade da Vila Embratel, acaba de [&hellip;]\" \/>\n<meta property=\"og:url\" content=\"https:\/\/www.blogsoestado.com\/danielmatos\/vereador-edmilson-jansen-garante-reforma-de-escola-na-vila-embratel\/\" \/>\n<meta property=\"og:site_name\" content=\"Daniel Matos\" \/>\n<meta property=\"article:published_time\" content=\"2015-04-07T14:22:45+00:00\" \/>\n<meta property=\"og:image\" content=\"https:\/\/www.blogsoestado.com\/danielmatos\/files\/2015\/03\/edmilson-jansen-vereador.jpg\" \/>\n<meta name=\"twitter:card\" content=\"summary_large_image\" \/>\n<meta name=\"twitter:label1\" content=\"Est. tempo de leitura\" \/>\n\t<meta name=\"twitter:data1\" content=\"1 minuto\" \/>\n<script type=\"application\/ld+json\" class=\"yoast-schema-graph\">{\"@context\":\"https:\/\/schema.org\",\"@graph\":[{\"@type\":\"WebPage\",\"@id\":\"https:\/\/www.blogsoestado.com\/danielmatos\/vereador-edmilson-jansen-garante-reforma-de-escola-na-vila-embratel\/\",\"url\":\"https:\/\/www.blogsoestado.com\/danielmatos\/vereador-edmilson-jansen-garante-reforma-de-escola-na-vila-embratel\/\",\"name\":\"Vereador Edmilson Jansen garante reforma de escola na Vila Embratel - Daniel Matos\",\"isPartOf\":{\"@id\":\"https:\/\/www.blogsoestado.com\/danielmatos\/#website\"},\"primaryImageOfPage\":{\"@id\":\"https:\/\/www.blogsoestado.com\/danielmatos\/vereador-edmilson-jansen-garante-reforma-de-escola-na-vila-embratel\/#primaryimage\"},\"image\":{\"@id\":\"https:\/\/www.blogsoestado.com\/danielmatos\/vereador-edmilson-jansen-garante-reforma-de-escola-na-vila-embratel\/#primaryimage\"},\"thumbnailUrl\":\"https:\/\/www.blogsoestado.com\/danielmatos\/files\/2015\/03\/edmilson-jansen-vereador.jpg\",\"datePublished\":\"2015-04-07T14:22:45+00:00\",\"author\":{\"@id\":\"\"},\"breadcrumb\":{\"@id\":\"https:\/\/www.blogsoestado.com\/danielmatos\/vereador-edmilson-jansen-garante-reforma-de-escola-na-vila-embratel\/#breadcrumb\"},\"inLanguage\":\"pt-BR\",\"potentialAction\":[{\"@type\":\"ReadAction\",\"target\":[\"https:\/\/www.blogsoestado.com\/danielmatos\/vereador-edmilson-jansen-garante-reforma-de-escola-na-vila-embratel\/\"]}]},{\"@type\":\"ImageObject\",\"inLanguage\":\"pt-BR\",\"@id\":\"https:\/\/www.blogsoestado.com\/danielmatos\/vereador-edmilson-jansen-garante-reforma-de-escola-na-vila-embratel\/#primaryimage\",\"url\":\"https:\/\/www.blogsoestado.com\/danielmatos\/files\/2015\/03\/edmilson-jansen-vereador.jpg\",\"contentUrl\":\"https:\/\/www.blogsoestado.com\/danielmatos\/files\/2015\/03\/edmilson-jansen-vereador.jpg\"},{\"@type\":\"BreadcrumbList\",\"@id\":\"https:\/\/www.blogsoestado.com\/danielmatos\/vereador-edmilson-jansen-garante-reforma-de-escola-na-vila-embratel\/#breadcrumb\",\"itemListElement\":[{\"@type\":\"ListItem\",\"position\":1,\"name\":\"In\u00edcio\",\"item\":\"https:\/\/www.blogsoestado.com\/danielmatos\/\"},{\"@type\":\"ListItem\",\"position\":2,\"name\":\"Vereador Edmilson Jansen garante reforma de escola na Vila Embratel\"}]},{\"@type\":\"WebSite\",\"@id\":\"https:\/\/www.blogsoestado.com\/danielmatos\/#website\",\"url\":\"https:\/\/www.blogsoestado.com\/danielmatos\/\",\"name\":\"Daniel Matos\",\"description\":\"\",\"potentialAction\":[{\"@type\":\"SearchAction\",\"target\":{\"@type\":\"EntryPoint\",\"urlTemplate\":\"https:\/\/www.blogsoestado.com\/danielmatos\/?s={search_term_string}\"},\"query-input\":{\"@type\":\"PropertyValueSpecification\",\"valueRequired\":true,\"valueName\":\"search_term_string\"}}],\"inLanguage\":\"pt-BR\"}]}<\/script>\n<!-- \/ Yoast SEO plugin. -->","yoast_head_json":{"title":"Vereador Edmilson Jansen garante reforma de escola na Vila Embratel - Daniel Matos","robots":{"index":"index","follow":"follow","max-snippet":"max-snippet:-1","max-image-preview":"max-image-preview:large","max-video-preview":"max-video-preview:-1"},"canonical":"https:\/\/www.blogsoestado.com\/danielmatos\/vereador-edmilson-jansen-garante-reforma-de-escola-na-vila-embratel\/","og_locale":"pt_BR","og_type":"article","og_title":"Vereador Edmilson Jansen garante reforma de escola na Vila Embratel - Daniel Matos","og_description":"Resultado de uma parceria feita entre o vereador Edimilson Jansen (PTC) e lideran\u00e7as da comunidade da Vila Embratel, acaba de [&hellip;]","og_url":"https:\/\/www.blogsoestado.com\/danielmatos\/vereador-edmilson-jansen-garante-reforma-de-escola-na-vila-embratel\/","og_site_name":"Daniel Matos","article_published_time":"2015-04-07T14:22:45+00:00","og_image":[{"url":"https:\/\/www.blogsoestado.com\/danielmatos\/files\/2015\/03\/edmilson-jansen-vereador.jpg","type":"","width":"","height":""}],"twitter_card":"summary_large_image","twitter_misc":{"Est. tempo de leitura":"1 minuto"},"schema":{"@context":"https:\/\/schema.org","@graph":[{"@type":"WebPage","@id":"https:\/\/www.blogsoestado.com\/danielmatos\/vereador-edmilson-jansen-garante-reforma-de-escola-na-vila-embratel\/","url":"https:\/\/www.blogsoestado.com\/danielmatos\/vereador-edmilson-jansen-garante-reforma-de-escola-na-vila-embratel\/","name":"Vereador Edmilson Jansen garante reforma de escola na Vila Embratel - Daniel Matos","isPartOf":{"@id":"https:\/\/www.blogsoestado.com\/danielmatos\/#website"},"primaryImageOfPage":{"@id":"https:\/\/www.blogsoestado.com\/danielmatos\/vereador-edmilson-jansen-garante-reforma-de-escola-na-vila-embratel\/#primaryimage"},"image":{"@id":"https:\/\/www.blogsoestado.com\/danielmatos\/vereador-edmilson-jansen-garante-reforma-de-escola-na-vila-embratel\/#primaryimage"},"thumbnailUrl":"https:\/\/www.blogsoestado.com\/danielmatos\/files\/2015\/03\/edmilson-jansen-vereador.jpg","datePublished":"2015-04-07T14:22:45+00:00","author":{"@id":""},"breadcrumb":{"@id":"https:\/\/www.blogsoestado.com\/danielmatos\/vereador-edmilson-jansen-garante-reforma-de-escola-na-vila-embratel\/#breadcrumb"},"inLanguage":"pt-BR","potentialAction":[{"@type":"ReadAction","target":["https:\/\/www.blogsoestado.com\/danielmatos\/vereador-edmilson-jansen-garante-reforma-de-escola-na-vila-embratel\/"]}]},{"@type":"ImageObject","inLanguage":"pt-BR","@id":"https:\/\/www.blogsoestado.com\/danielmatos\/vereador-edmilson-jansen-garante-reforma-de-escola-na-vila-embratel\/#primaryimage","url":"https:\/\/www.blogsoestado.com\/danielmatos\/files\/2015\/03\/edmilson-jansen-vereador.jpg","contentUrl":"https:\/\/www.blogsoestado.com\/danielmatos\/files\/2015\/03\/edmilson-jansen-vereador.jpg"},{"@type":"BreadcrumbList","@id":"https:\/\/www.blogsoestado.com\/danielmatos\/vereador-edmilson-jansen-garante-reforma-de-escola-na-vila-embratel\/#breadcrumb","itemListElement":[{"@type":"ListItem","position":1,"name":"In\u00edcio","item":"https:\/\/www.blogsoestado.com\/danielmatos\/"},{"@type":"ListItem","position":2,"name":"Vereador Edmilson Jansen garante reforma de escola na Vila Embratel"}]},{"@type":"WebSite","@id":"https:\/\/www.blogsoestado.com\/danielmatos\/#website","url":"https:\/\/www.blogsoestado.com\/danielmatos\/","name":"Daniel Matos","description":"","potentialAction":[{"@type":"SearchAction","target":{"@type":"EntryPoint","urlTemplate":"https:\/\/www.blogsoestado.com\/danielmatos\/?s={search_term_string}"},"query-input":{"@type":"PropertyValueSpecification","valueRequired":true,"valueName":"search_term_string"}}],"inLanguage":"pt-BR"}]}},"jetpack_featured_media_url":"","_links":{"self":[{"href":"https:\/\/www.blogsoestado.com\/danielmatos\/wp-json\/wp\/v2\/posts\/23101","targetHints":{"allow":["GET"]}}],"collection":[{"href":"https:\/\/www.blogsoestado.com\/danielmatos\/wp-json\/wp\/v2\/posts"}],"about":[{"href":"https:\/\/www.blogsoestado.com\/danielmatos\/wp-json\/wp\/v2\/types\/post"}],"replies":[{"embeddable":true,"href":"https:\/\/www.blogsoestado.com\/danielmatos\/wp-json\/wp\/v2\/comments?post=23101"}],"version-history":[{"count":0,"href":"https:\/\/www.blogsoestado.com\/danielmatos\/wp-json\/wp\/v2\/posts\/23101\/revisions"}],"wp:attachment":[{"href":"https:\/\/www.blogsoestado.com\/danielmatos\/wp-json\/wp\/v2\/media?parent=23101"}],"wp:term":[{"taxonomy":"category","embeddable":true,"href":"https:\/\/www.blogsoestado.com\/danielmatos\/wp-json\/wp\/v2\/categories?post=23101"},{"taxonomy":"post_tag","embeddable":true,"href":"https:\/\/www.blogsoestado.com\/danielmatos\/wp-json\/wp\/v2\/tags?post=23101"}],"curies":[{"name":"wp","href":"https:\/\/api.w.org\/{rel}","templated":true}]}}