{"id":23107,"date":"2015-04-07T12:01:46","date_gmt":"2015-04-07T15:01:46","guid":{"rendered":"https:\/\/www.blogsoestado.com\/danielmatos\/?p=23107"},"modified":"2015-04-07T12:01:46","modified_gmt":"2015-04-07T15:01:46","slug":"prefeitura-de-paco-do-lumiar-convoca-a-populacao-para-elaboracao-da-ldo","status":"publish","type":"post","link":"https:\/\/www.blogsoestado.com\/danielmatos\/prefeitura-de-paco-do-lumiar-convoca-a-populacao-para-elaboracao-da-ldo\/","title":{"rendered":"Prefeitura de Pa\u00e7o do Lumiar convoca popula\u00e7\u00e3o para elabora\u00e7\u00e3o da LDO"},"content":{"rendered":"<p><a href=\"https:\/\/www.blogsoestado.com\/danielmatos\/files\/2015\/04\/pa\u00e7o-ldo-foto.png\"><img fetchpriority=\"high\" decoding=\"async\" class=\"alignright size-full wp-image-23108\" src=\"https:\/\/www.blogsoestado.com\/danielmatos\/files\/2015\/04\/pa\u00e7o-ldo-foto.png\" alt=\"pa\u00e7o ldo foto\" width=\"336\" height=\"336\" \/><\/a>A Prefeitura Municipal de Pa\u00e7o do Lumiar realiza nesta quarta e quinta-feira (08 e 09\/04), na UEB T\u00e1cito Caldas, na Sede do munic\u00edpio, e na U.I. Ministro Henrique de La Roque, no conjunto no Maiob\u00e3o, respectivamente, as audi\u00eancias p\u00fablicas de elabora\u00e7\u00e3o da Lei de Diretrizes Or\u00e7ament\u00e1rias para o para o exerc\u00edcio financeiro de 2016.<\/p>\n<p>O encontro tem como p\u00fablico-alvo, representantes de associa\u00e7\u00f5es, conselhos, poder p\u00fablico e a comunidade, que apresentar\u00e3o propostas nos segmentos da educa\u00e7\u00e3o, sa\u00fade, infraestrutura, assist\u00eancia social, entre outros, a serem desenvolvidas ap\u00f3s aprova\u00e7\u00e3o do Legislativo Municipal.<\/p>\n<p>A Lei de Diretrizes Or\u00e7ament\u00e1rias (LDO) orienta a elabora\u00e7\u00e3o e execu\u00e7\u00e3o do or\u00e7amento anual e trata de v\u00e1rios outros temas, como altera\u00e7\u00f5es tribut\u00e1rias, gastos com pessoal, pol\u00edtica fiscal e transfer\u00eancias da Uni\u00e3o.<\/p>\n<p><strong>Servi\u00e7o:<\/strong><\/p>\n<p>O qu\u00ea: Audi\u00eancia P\u00fablica de Elabora\u00e7\u00e3o da LDO<br \/>\nQuando: 08\/04 \u2013 UEB T\u00e1cito Caldas\/Sede de Pa\u00e7o do Lumiar, \u00e0s 9h<br \/>\n09\/04 \u2013 U.I. Ministro Henrique de La Roque\/ Conjunto Maiob\u00e3o, \u00e0s 14:30h<\/p>\n","protected":false},"excerpt":{"rendered":"<p>A Prefeitura Municipal de Pa\u00e7o do Lumiar realiza nesta quarta e quinta-feira (08 e 09\/04), na UEB T\u00e1cito Caldas, na [&hellip;]<\/p>\n","protected":false},"author":0,"featured_media":0,"comment_status":"open","ping_status":"open","sticky":false,"template":"","format":"standard","meta":{"site-sidebar-layout":"default","site-content-layout":"","ast-site-content-layout":"default","site-content-style":"default","site-sidebar-style":"default","ast-global-header-display":"","ast-banner-title-visibility":"","ast-main-header-display":"","ast-hfb-above-header-display":"","ast-hfb-below-header-display":"","ast-hfb-mobile-header-display":"","site-post-title":"","ast-breadcrumbs-content":"","ast-featured-img":"","footer-sml-layout":"","ast-disable-related-posts":"","theme-transparent-header-meta":"","adv-header-id-meta":"","stick-header-meta":"","header-above-stick-meta":"","header-main-stick-meta":"","header-below-stick-meta":"","astra-migrate-meta-layouts":"default","ast-page-background-enabled":"default","ast-page-background-meta":{"desktop":{"background-color":"var(--ast-global-color-5)","background-image":"","background-repeat":"repeat","background-position":"center center","background-size":"auto","background-attachment":"scroll","background-type":"","background-media":"","overlay-type":"","overlay-color":"","overlay-opacity":"","overlay-gradient":""},"tablet":{"background-color":"","background-image":"","background-repeat":"repeat","background-position":"center center","background-size":"auto","background-attachment":"scroll","background-type":"","background-media":"","overlay-type":"","overlay-color":"","overlay-opacity":"","overlay-gradient":""},"mobile":{"background-color":"","background-image":"","background-repeat":"repeat","background-position":"center center","background-size":"auto","background-attachment":"scroll","background-type":"","background-media":"","overlay-type":"","overlay-color":"","overlay-opacity":"","overlay-gradient":""}},"ast-content-background-meta":{"desktop":{"background-color":"var(--ast-global-color-4)","background-image":"","background-repeat":"repeat","background-position":"center center","background-size":"auto","background-attachment":"scroll","background-type":"","background-media":"","overlay-type":"","overlay-color":"","overlay-opacity":"","overlay-gradient":""},"tablet":{"background-color":"var(--ast-global-color-4)","background-image":"","background-repeat":"repeat","background-position":"center center","background-size":"auto","background-attachment":"scroll","background-type":"","background-media":"","overlay-type":"","overlay-color":"","overlay-opacity":"","overlay-gradient":""},"mobile":{"background-color":"var(--ast-global-color-4)","background-image":"","background-repeat":"repeat","background-position":"center center","background-size":"auto","background-attachment":"scroll","background-type":"","background-media":"","overlay-type":"","overlay-color":"","overlay-opacity":"","overlay-gradient":""}},"footnotes":""},"categories":[1],"tags":[],"class_list":["post-23107","post","type-post","status-publish","format-standard","hentry","category-sem-categoria"],"yoast_head":"<!-- This site is optimized with the Yoast SEO plugin v26.6 - https:\/\/yoast.com\/wordpress\/plugins\/seo\/ -->\n<title>Prefeitura de Pa\u00e7o do Lumiar convoca popula\u00e7\u00e3o para elabora\u00e7\u00e3o da LDO - Daniel Matos<\/title>\n<meta name=\"robots\" content=\"index, follow, max-snippet:-1, max-image-preview:large, max-video-preview:-1\" \/>\n<link rel=\"canonical\" href=\"https:\/\/www.blogsoestado.com\/danielmatos\/prefeitura-de-paco-do-lumiar-convoca-a-populacao-para-elaboracao-da-ldo\/\" \/>\n<meta property=\"og:locale\" content=\"pt_BR\" \/>\n<meta property=\"og:type\" content=\"article\" \/>\n<meta property=\"og:title\" content=\"Prefeitura de Pa\u00e7o do Lumiar convoca popula\u00e7\u00e3o para elabora\u00e7\u00e3o da LDO - Daniel Matos\" \/>\n<meta property=\"og:description\" content=\"A Prefeitura Municipal de Pa\u00e7o do Lumiar realiza nesta quarta e quinta-feira (08 e 09\/04), na UEB T\u00e1cito Caldas, na [&hellip;]\" \/>\n<meta property=\"og:url\" content=\"https:\/\/www.blogsoestado.com\/danielmatos\/prefeitura-de-paco-do-lumiar-convoca-a-populacao-para-elaboracao-da-ldo\/\" \/>\n<meta property=\"og:site_name\" content=\"Daniel Matos\" \/>\n<meta property=\"article:published_time\" content=\"2015-04-07T15:01:46+00:00\" \/>\n<meta name=\"twitter:card\" content=\"summary_large_image\" \/>\n<meta name=\"twitter:label1\" content=\"Est. tempo de leitura\" \/>\n\t<meta name=\"twitter:data1\" content=\"1 minuto\" \/>\n<script type=\"application\/ld+json\" class=\"yoast-schema-graph\">{\"@context\":\"https:\/\/schema.org\",\"@graph\":[{\"@type\":\"WebPage\",\"@id\":\"https:\/\/www.blogsoestado.com\/danielmatos\/prefeitura-de-paco-do-lumiar-convoca-a-populacao-para-elaboracao-da-ldo\/\",\"url\":\"https:\/\/www.blogsoestado.com\/danielmatos\/prefeitura-de-paco-do-lumiar-convoca-a-populacao-para-elaboracao-da-ldo\/\",\"name\":\"Prefeitura de Pa\u00e7o do Lumiar convoca popula\u00e7\u00e3o para elabora\u00e7\u00e3o da LDO - Daniel Matos\",\"isPartOf\":{\"@id\":\"https:\/\/www.blogsoestado.com\/danielmatos\/#website\"},\"datePublished\":\"2015-04-07T15:01:46+00:00\",\"author\":{\"@id\":\"\"},\"breadcrumb\":{\"@id\":\"https:\/\/www.blogsoestado.com\/danielmatos\/prefeitura-de-paco-do-lumiar-convoca-a-populacao-para-elaboracao-da-ldo\/#breadcrumb\"},\"inLanguage\":\"pt-BR\",\"potentialAction\":[{\"@type\":\"ReadAction\",\"target\":[\"https:\/\/www.blogsoestado.com\/danielmatos\/prefeitura-de-paco-do-lumiar-convoca-a-populacao-para-elaboracao-da-ldo\/\"]}]},{\"@type\":\"BreadcrumbList\",\"@id\":\"https:\/\/www.blogsoestado.com\/danielmatos\/prefeitura-de-paco-do-lumiar-convoca-a-populacao-para-elaboracao-da-ldo\/#breadcrumb\",\"itemListElement\":[{\"@type\":\"ListItem\",\"position\":1,\"name\":\"In\u00edcio\",\"item\":\"https:\/\/www.blogsoestado.com\/danielmatos\/\"},{\"@type\":\"ListItem\",\"position\":2,\"name\":\"Prefeitura de Pa\u00e7o do Lumiar convoca popula\u00e7\u00e3o para elabora\u00e7\u00e3o da LDO\"}]},{\"@type\":\"WebSite\",\"@id\":\"https:\/\/www.blogsoestado.com\/danielmatos\/#website\",\"url\":\"https:\/\/www.blogsoestado.com\/danielmatos\/\",\"name\":\"Daniel Matos\",\"description\":\"\",\"potentialAction\":[{\"@type\":\"SearchAction\",\"target\":{\"@type\":\"EntryPoint\",\"urlTemplate\":\"https:\/\/www.blogsoestado.com\/danielmatos\/?s={search_term_string}\"},\"query-input\":{\"@type\":\"PropertyValueSpecification\",\"valueRequired\":true,\"valueName\":\"search_term_string\"}}],\"inLanguage\":\"pt-BR\"}]}<\/script>\n<!-- \/ Yoast SEO plugin. -->","yoast_head_json":{"title":"Prefeitura de Pa\u00e7o do Lumiar convoca popula\u00e7\u00e3o para elabora\u00e7\u00e3o da LDO - Daniel Matos","robots":{"index":"index","follow":"follow","max-snippet":"max-snippet:-1","max-image-preview":"max-image-preview:large","max-video-preview":"max-video-preview:-1"},"canonical":"https:\/\/www.blogsoestado.com\/danielmatos\/prefeitura-de-paco-do-lumiar-convoca-a-populacao-para-elaboracao-da-ldo\/","og_locale":"pt_BR","og_type":"article","og_title":"Prefeitura de Pa\u00e7o do Lumiar convoca popula\u00e7\u00e3o para elabora\u00e7\u00e3o da LDO - Daniel Matos","og_description":"A Prefeitura Municipal de Pa\u00e7o do Lumiar realiza nesta quarta e quinta-feira (08 e 09\/04), na UEB T\u00e1cito Caldas, na [&hellip;]","og_url":"https:\/\/www.blogsoestado.com\/danielmatos\/prefeitura-de-paco-do-lumiar-convoca-a-populacao-para-elaboracao-da-ldo\/","og_site_name":"Daniel Matos","article_published_time":"2015-04-07T15:01:46+00:00","twitter_card":"summary_large_image","twitter_misc":{"Est. tempo de leitura":"1 minuto"},"schema":{"@context":"https:\/\/schema.org","@graph":[{"@type":"WebPage","@id":"https:\/\/www.blogsoestado.com\/danielmatos\/prefeitura-de-paco-do-lumiar-convoca-a-populacao-para-elaboracao-da-ldo\/","url":"https:\/\/www.blogsoestado.com\/danielmatos\/prefeitura-de-paco-do-lumiar-convoca-a-populacao-para-elaboracao-da-ldo\/","name":"Prefeitura de Pa\u00e7o do Lumiar convoca popula\u00e7\u00e3o para elabora\u00e7\u00e3o da LDO - Daniel Matos","isPartOf":{"@id":"https:\/\/www.blogsoestado.com\/danielmatos\/#website"},"datePublished":"2015-04-07T15:01:46+00:00","author":{"@id":""},"breadcrumb":{"@id":"https:\/\/www.blogsoestado.com\/danielmatos\/prefeitura-de-paco-do-lumiar-convoca-a-populacao-para-elaboracao-da-ldo\/#breadcrumb"},"inLanguage":"pt-BR","potentialAction":[{"@type":"ReadAction","target":["https:\/\/www.blogsoestado.com\/danielmatos\/prefeitura-de-paco-do-lumiar-convoca-a-populacao-para-elaboracao-da-ldo\/"]}]},{"@type":"BreadcrumbList","@id":"https:\/\/www.blogsoestado.com\/danielmatos\/prefeitura-de-paco-do-lumiar-convoca-a-populacao-para-elaboracao-da-ldo\/#breadcrumb","itemListElement":[{"@type":"ListItem","position":1,"name":"In\u00edcio","item":"https:\/\/www.blogsoestado.com\/danielmatos\/"},{"@type":"ListItem","position":2,"name":"Prefeitura de Pa\u00e7o do Lumiar convoca popula\u00e7\u00e3o para elabora\u00e7\u00e3o da LDO"}]},{"@type":"WebSite","@id":"https:\/\/www.blogsoestado.com\/danielmatos\/#website","url":"https:\/\/www.blogsoestado.com\/danielmatos\/","name":"Daniel Matos","description":"","potentialAction":[{"@type":"SearchAction","target":{"@type":"EntryPoint","urlTemplate":"https:\/\/www.blogsoestado.com\/danielmatos\/?s={search_term_string}"},"query-input":{"@type":"PropertyValueSpecification","valueRequired":true,"valueName":"search_term_string"}}],"inLanguage":"pt-BR"}]}},"jetpack_featured_media_url":"","_links":{"self":[{"href":"https:\/\/www.blogsoestado.com\/danielmatos\/wp-json\/wp\/v2\/posts\/23107","targetHints":{"allow":["GET"]}}],"collection":[{"href":"https:\/\/www.blogsoestado.com\/danielmatos\/wp-json\/wp\/v2\/posts"}],"about":[{"href":"https:\/\/www.blogsoestado.com\/danielmatos\/wp-json\/wp\/v2\/types\/post"}],"replies":[{"embeddable":true,"href":"https:\/\/www.blogsoestado.com\/danielmatos\/wp-json\/wp\/v2\/comments?post=23107"}],"version-history":[{"count":0,"href":"https:\/\/www.blogsoestado.com\/danielmatos\/wp-json\/wp\/v2\/posts\/23107\/revisions"}],"wp:attachment":[{"href":"https:\/\/www.blogsoestado.com\/danielmatos\/wp-json\/wp\/v2\/media?parent=23107"}],"wp:term":[{"taxonomy":"category","embeddable":true,"href":"https:\/\/www.blogsoestado.com\/danielmatos\/wp-json\/wp\/v2\/categories?post=23107"},{"taxonomy":"post_tag","embeddable":true,"href":"https:\/\/www.blogsoestado.com\/danielmatos\/wp-json\/wp\/v2\/tags?post=23107"}],"curies":[{"name":"wp","href":"https:\/\/api.w.org\/{rel}","templated":true}]}}