{"id":23112,"date":"2015-04-07T17:47:42","date_gmt":"2015-04-07T20:47:42","guid":{"rendered":"https:\/\/www.blogsoestado.com\/danielmatos\/?p=23112"},"modified":"2015-04-07T17:47:42","modified_gmt":"2015-04-07T20:47:42","slug":"edivaldo-anuncia-nova-secretaria-municipal-de-turismo","status":"publish","type":"post","link":"https:\/\/www.blogsoestado.com\/danielmatos\/edivaldo-anuncia-nova-secretaria-municipal-de-turismo\/","title":{"rendered":"Edivaldo anuncia nova secret\u00e1ria municipal de Turismo"},"content":{"rendered":"<figure id=\"attachment_23113\" aria-describedby=\"caption-attachment-23113\" style=\"width: 448px\" class=\"wp-caption alignleft\"><a href=\"https:\/\/www.blogsoestado.com\/danielmatos\/files\/2015\/04\/socorro-turismo.jpg\"><img fetchpriority=\"high\" decoding=\"async\" class=\"size-full wp-image-23113\" src=\"https:\/\/www.blogsoestado.com\/danielmatos\/files\/2015\/04\/socorro-turismo.jpg\" alt=\"Professora Socorro Ara\u00fajo ser\u00e1 nomeada secret\u00e1ria municipal de Turismo\" width=\"448\" height=\"299\" \/><\/a><figcaption id=\"caption-attachment-23113\" class=\"wp-caption-text\">Professora Socorro Ara\u00fajo ser\u00e1 nomeada secret\u00e1ria municipal de Turismo<\/figcaption><\/figure>\n<p>A Prefeitura de S\u00e3o Lu\u00eds comunica mudan\u00e7a no secretariado municipal. Na Secretaria de Turismo (Setur), assume a professora Socorro Ara\u00fajo como titular da pasta, em substitui\u00e7\u00e3o ao empres\u00e1rio Guilherme Marques, que volta ao cargo de secret\u00e1rio adjunto da Setur. Socorro Ara\u00fajo j\u00e1 esteve \u00e0 frente da Setur em outras duas ocasi\u00f5es, nas administra\u00e7\u00f5es de Jackson Lago e Tadeu Pal\u00e1cio. Uma das principais metas de Socorro na gest\u00e3o da \u00e1rea ser\u00e1 ampliar a capta\u00e7\u00e3o de recursos.<\/p>\n<p>Graduada em Servi\u00e7o Social pela Universidade Federal do Maranh\u00e3o (UFMA) e mestre em Cultura Popular pela PUC-SP, Socorro Ara\u00fajo \u00e9 professora universit\u00e1ria e uma das precursoras da gest\u00e3o p\u00fablica municipal do Turismo, j\u00e1 que foi dela a ideia de cria\u00e7\u00e3o da secretaria. Al\u00e9m de j\u00e1 ter sido por duas vezes titular do Turismo em S\u00e3o Lu\u00eds, Socorro Ara\u00fajo exerceu a fun\u00e7\u00e3o de secret\u00e1ria adjunta de Turismo do Maranh\u00e3o.<\/p>\n<p>A professora tamb\u00e9m atuou como coordenadora do curso de Turismo da UFMA. Antes de assumir o novo desafio, Socorro conduzia a Secretaria de Turismo e Cultura de S\u00e3o Jos\u00e9 de Ribamar.<\/p>\n<p><strong>Fonte:<\/strong> Secretaria Municipal de Comunica\u00e7\u00e3o (Secom)<\/p>\n","protected":false},"excerpt":{"rendered":"<p>A Prefeitura de S\u00e3o Lu\u00eds comunica mudan\u00e7a no secretariado municipal. Na Secretaria de Turismo (Setur), assume a professora Socorro Ara\u00fajo [&hellip;]<\/p>\n","protected":false},"author":0,"featured_media":0,"comment_status":"open","ping_status":"open","sticky":false,"template":"","format":"standard","meta":{"site-sidebar-layout":"default","site-content-layout":"","ast-site-content-layout":"default","site-content-style":"default","site-sidebar-style":"default","ast-global-header-display":"","ast-banner-title-visibility":"","ast-main-header-display":"","ast-hfb-above-header-display":"","ast-hfb-below-header-display":"","ast-hfb-mobile-header-display":"","site-post-title":"","ast-breadcrumbs-content":"","ast-featured-img":"","footer-sml-layout":"","ast-disable-related-posts":"","theme-transparent-header-meta":"","adv-header-id-meta":"","stick-header-meta":"","header-above-stick-meta":"","header-main-stick-meta":"","header-below-stick-meta":"","astra-migrate-meta-layouts":"default","ast-page-background-enabled":"default","ast-page-background-meta":{"desktop":{"background-color":"var(--ast-global-color-5)","background-image":"","background-repeat":"repeat","background-position":"center center","background-size":"auto","background-attachment":"scroll","background-type":"","background-media":"","overlay-type":"","overlay-color":"","overlay-opacity":"","overlay-gradient":""},"tablet":{"background-color":"","background-image":"","background-repeat":"repeat","background-position":"center center","background-size":"auto","background-attachment":"scroll","background-type":"","background-media":"","overlay-type":"","overlay-color":"","overlay-opacity":"","overlay-gradient":""},"mobile":{"background-color":"","background-image":"","background-repeat":"repeat","background-position":"center center","background-size":"auto","background-attachment":"scroll","background-type":"","background-media":"","overlay-type":"","overlay-color":"","overlay-opacity":"","overlay-gradient":""}},"ast-content-background-meta":{"desktop":{"background-color":"var(--ast-global-color-4)","background-image":"","background-repeat":"repeat","background-position":"center center","background-size":"auto","background-attachment":"scroll","background-type":"","background-media":"","overlay-type":"","overlay-color":"","overlay-opacity":"","overlay-gradient":""},"tablet":{"background-color":"var(--ast-global-color-4)","background-image":"","background-repeat":"repeat","background-position":"center center","background-size":"auto","background-attachment":"scroll","background-type":"","background-media":"","overlay-type":"","overlay-color":"","overlay-opacity":"","overlay-gradient":""},"mobile":{"background-color":"var(--ast-global-color-4)","background-image":"","background-repeat":"repeat","background-position":"center center","background-size":"auto","background-attachment":"scroll","background-type":"","background-media":"","overlay-type":"","overlay-color":"","overlay-opacity":"","overlay-gradient":""}},"footnotes":""},"categories":[1],"tags":[],"class_list":["post-23112","post","type-post","status-publish","format-standard","hentry","category-sem-categoria"],"yoast_head":"<!-- This site is optimized with the Yoast SEO plugin v26.6 - https:\/\/yoast.com\/wordpress\/plugins\/seo\/ -->\n<title>Edivaldo anuncia nova secret\u00e1ria municipal de Turismo - Daniel Matos<\/title>\n<meta name=\"robots\" content=\"index, follow, max-snippet:-1, max-image-preview:large, max-video-preview:-1\" \/>\n<link rel=\"canonical\" href=\"https:\/\/www.blogsoestado.com\/danielmatos\/edivaldo-anuncia-nova-secretaria-municipal-de-turismo\/\" \/>\n<meta property=\"og:locale\" content=\"pt_BR\" \/>\n<meta property=\"og:type\" content=\"article\" \/>\n<meta property=\"og:title\" content=\"Edivaldo anuncia nova secret\u00e1ria municipal de Turismo - Daniel Matos\" \/>\n<meta property=\"og:description\" content=\"A Prefeitura de S\u00e3o Lu\u00eds comunica mudan\u00e7a no secretariado municipal. Na Secretaria de Turismo (Setur), assume a professora Socorro Ara\u00fajo [&hellip;]\" \/>\n<meta property=\"og:url\" content=\"https:\/\/www.blogsoestado.com\/danielmatos\/edivaldo-anuncia-nova-secretaria-municipal-de-turismo\/\" \/>\n<meta property=\"og:site_name\" content=\"Daniel Matos\" \/>\n<meta property=\"article:published_time\" content=\"2015-04-07T20:47:42+00:00\" \/>\n<meta property=\"og:image\" content=\"https:\/\/www.blogsoestado.com\/danielmatos\/files\/2015\/04\/socorro-turismo.jpg\" \/>\n<meta name=\"twitter:card\" content=\"summary_large_image\" \/>\n<meta name=\"twitter:label1\" content=\"Est. tempo de leitura\" \/>\n\t<meta name=\"twitter:data1\" content=\"1 minuto\" \/>\n<script type=\"application\/ld+json\" class=\"yoast-schema-graph\">{\"@context\":\"https:\/\/schema.org\",\"@graph\":[{\"@type\":\"WebPage\",\"@id\":\"https:\/\/www.blogsoestado.com\/danielmatos\/edivaldo-anuncia-nova-secretaria-municipal-de-turismo\/\",\"url\":\"https:\/\/www.blogsoestado.com\/danielmatos\/edivaldo-anuncia-nova-secretaria-municipal-de-turismo\/\",\"name\":\"Edivaldo anuncia nova secret\u00e1ria municipal de Turismo - Daniel Matos\",\"isPartOf\":{\"@id\":\"https:\/\/www.blogsoestado.com\/danielmatos\/#website\"},\"primaryImageOfPage\":{\"@id\":\"https:\/\/www.blogsoestado.com\/danielmatos\/edivaldo-anuncia-nova-secretaria-municipal-de-turismo\/#primaryimage\"},\"image\":{\"@id\":\"https:\/\/www.blogsoestado.com\/danielmatos\/edivaldo-anuncia-nova-secretaria-municipal-de-turismo\/#primaryimage\"},\"thumbnailUrl\":\"https:\/\/www.blogsoestado.com\/danielmatos\/files\/2015\/04\/socorro-turismo.jpg\",\"datePublished\":\"2015-04-07T20:47:42+00:00\",\"author\":{\"@id\":\"\"},\"breadcrumb\":{\"@id\":\"https:\/\/www.blogsoestado.com\/danielmatos\/edivaldo-anuncia-nova-secretaria-municipal-de-turismo\/#breadcrumb\"},\"inLanguage\":\"pt-BR\",\"potentialAction\":[{\"@type\":\"ReadAction\",\"target\":[\"https:\/\/www.blogsoestado.com\/danielmatos\/edivaldo-anuncia-nova-secretaria-municipal-de-turismo\/\"]}]},{\"@type\":\"ImageObject\",\"inLanguage\":\"pt-BR\",\"@id\":\"https:\/\/www.blogsoestado.com\/danielmatos\/edivaldo-anuncia-nova-secretaria-municipal-de-turismo\/#primaryimage\",\"url\":\"https:\/\/www.blogsoestado.com\/danielmatos\/files\/2015\/04\/socorro-turismo.jpg\",\"contentUrl\":\"https:\/\/www.blogsoestado.com\/danielmatos\/files\/2015\/04\/socorro-turismo.jpg\"},{\"@type\":\"BreadcrumbList\",\"@id\":\"https:\/\/www.blogsoestado.com\/danielmatos\/edivaldo-anuncia-nova-secretaria-municipal-de-turismo\/#breadcrumb\",\"itemListElement\":[{\"@type\":\"ListItem\",\"position\":1,\"name\":\"In\u00edcio\",\"item\":\"https:\/\/www.blogsoestado.com\/danielmatos\/\"},{\"@type\":\"ListItem\",\"position\":2,\"name\":\"Edivaldo anuncia nova secret\u00e1ria municipal de Turismo\"}]},{\"@type\":\"WebSite\",\"@id\":\"https:\/\/www.blogsoestado.com\/danielmatos\/#website\",\"url\":\"https:\/\/www.blogsoestado.com\/danielmatos\/\",\"name\":\"Daniel Matos\",\"description\":\"\",\"potentialAction\":[{\"@type\":\"SearchAction\",\"target\":{\"@type\":\"EntryPoint\",\"urlTemplate\":\"https:\/\/www.blogsoestado.com\/danielmatos\/?s={search_term_string}\"},\"query-input\":{\"@type\":\"PropertyValueSpecification\",\"valueRequired\":true,\"valueName\":\"search_term_string\"}}],\"inLanguage\":\"pt-BR\"}]}<\/script>\n<!-- \/ Yoast SEO plugin. -->","yoast_head_json":{"title":"Edivaldo anuncia nova secret\u00e1ria municipal de Turismo - Daniel Matos","robots":{"index":"index","follow":"follow","max-snippet":"max-snippet:-1","max-image-preview":"max-image-preview:large","max-video-preview":"max-video-preview:-1"},"canonical":"https:\/\/www.blogsoestado.com\/danielmatos\/edivaldo-anuncia-nova-secretaria-municipal-de-turismo\/","og_locale":"pt_BR","og_type":"article","og_title":"Edivaldo anuncia nova secret\u00e1ria municipal de Turismo - Daniel Matos","og_description":"A Prefeitura de S\u00e3o Lu\u00eds comunica mudan\u00e7a no secretariado municipal. Na Secretaria de Turismo (Setur), assume a professora Socorro Ara\u00fajo [&hellip;]","og_url":"https:\/\/www.blogsoestado.com\/danielmatos\/edivaldo-anuncia-nova-secretaria-municipal-de-turismo\/","og_site_name":"Daniel Matos","article_published_time":"2015-04-07T20:47:42+00:00","og_image":[{"url":"https:\/\/www.blogsoestado.com\/danielmatos\/files\/2015\/04\/socorro-turismo.jpg","type":"","width":"","height":""}],"twitter_card":"summary_large_image","twitter_misc":{"Est. tempo de leitura":"1 minuto"},"schema":{"@context":"https:\/\/schema.org","@graph":[{"@type":"WebPage","@id":"https:\/\/www.blogsoestado.com\/danielmatos\/edivaldo-anuncia-nova-secretaria-municipal-de-turismo\/","url":"https:\/\/www.blogsoestado.com\/danielmatos\/edivaldo-anuncia-nova-secretaria-municipal-de-turismo\/","name":"Edivaldo anuncia nova secret\u00e1ria municipal de Turismo - Daniel Matos","isPartOf":{"@id":"https:\/\/www.blogsoestado.com\/danielmatos\/#website"},"primaryImageOfPage":{"@id":"https:\/\/www.blogsoestado.com\/danielmatos\/edivaldo-anuncia-nova-secretaria-municipal-de-turismo\/#primaryimage"},"image":{"@id":"https:\/\/www.blogsoestado.com\/danielmatos\/edivaldo-anuncia-nova-secretaria-municipal-de-turismo\/#primaryimage"},"thumbnailUrl":"https:\/\/www.blogsoestado.com\/danielmatos\/files\/2015\/04\/socorro-turismo.jpg","datePublished":"2015-04-07T20:47:42+00:00","author":{"@id":""},"breadcrumb":{"@id":"https:\/\/www.blogsoestado.com\/danielmatos\/edivaldo-anuncia-nova-secretaria-municipal-de-turismo\/#breadcrumb"},"inLanguage":"pt-BR","potentialAction":[{"@type":"ReadAction","target":["https:\/\/www.blogsoestado.com\/danielmatos\/edivaldo-anuncia-nova-secretaria-municipal-de-turismo\/"]}]},{"@type":"ImageObject","inLanguage":"pt-BR","@id":"https:\/\/www.blogsoestado.com\/danielmatos\/edivaldo-anuncia-nova-secretaria-municipal-de-turismo\/#primaryimage","url":"https:\/\/www.blogsoestado.com\/danielmatos\/files\/2015\/04\/socorro-turismo.jpg","contentUrl":"https:\/\/www.blogsoestado.com\/danielmatos\/files\/2015\/04\/socorro-turismo.jpg"},{"@type":"BreadcrumbList","@id":"https:\/\/www.blogsoestado.com\/danielmatos\/edivaldo-anuncia-nova-secretaria-municipal-de-turismo\/#breadcrumb","itemListElement":[{"@type":"ListItem","position":1,"name":"In\u00edcio","item":"https:\/\/www.blogsoestado.com\/danielmatos\/"},{"@type":"ListItem","position":2,"name":"Edivaldo anuncia nova secret\u00e1ria municipal de Turismo"}]},{"@type":"WebSite","@id":"https:\/\/www.blogsoestado.com\/danielmatos\/#website","url":"https:\/\/www.blogsoestado.com\/danielmatos\/","name":"Daniel Matos","description":"","potentialAction":[{"@type":"SearchAction","target":{"@type":"EntryPoint","urlTemplate":"https:\/\/www.blogsoestado.com\/danielmatos\/?s={search_term_string}"},"query-input":{"@type":"PropertyValueSpecification","valueRequired":true,"valueName":"search_term_string"}}],"inLanguage":"pt-BR"}]}},"jetpack_featured_media_url":"","_links":{"self":[{"href":"https:\/\/www.blogsoestado.com\/danielmatos\/wp-json\/wp\/v2\/posts\/23112","targetHints":{"allow":["GET"]}}],"collection":[{"href":"https:\/\/www.blogsoestado.com\/danielmatos\/wp-json\/wp\/v2\/posts"}],"about":[{"href":"https:\/\/www.blogsoestado.com\/danielmatos\/wp-json\/wp\/v2\/types\/post"}],"replies":[{"embeddable":true,"href":"https:\/\/www.blogsoestado.com\/danielmatos\/wp-json\/wp\/v2\/comments?post=23112"}],"version-history":[{"count":0,"href":"https:\/\/www.blogsoestado.com\/danielmatos\/wp-json\/wp\/v2\/posts\/23112\/revisions"}],"wp:attachment":[{"href":"https:\/\/www.blogsoestado.com\/danielmatos\/wp-json\/wp\/v2\/media?parent=23112"}],"wp:term":[{"taxonomy":"category","embeddable":true,"href":"https:\/\/www.blogsoestado.com\/danielmatos\/wp-json\/wp\/v2\/categories?post=23112"},{"taxonomy":"post_tag","embeddable":true,"href":"https:\/\/www.blogsoestado.com\/danielmatos\/wp-json\/wp\/v2\/tags?post=23112"}],"curies":[{"name":"wp","href":"https:\/\/api.w.org\/{rel}","templated":true}]}}