{"id":23151,"date":"2015-04-09T08:42:37","date_gmt":"2015-04-09T11:42:37","guid":{"rendered":"https:\/\/www.blogsoestado.com\/danielmatos\/?p=23151"},"modified":"2015-04-09T08:42:37","modified_gmt":"2015-04-09T11:42:37","slug":"prefeito-josemar-empossa-diretores-de-escolas-aprovados-em-seletivo","status":"publish","type":"post","link":"https:\/\/www.blogsoestado.com\/danielmatos\/prefeito-josemar-empossa-diretores-de-escolas-aprovados-em-seletivo\/","title":{"rendered":"Prefeito Josemar empossa diretores de escolas aprovados em seletivo"},"content":{"rendered":"<figure id=\"attachment_23152\" aria-describedby=\"caption-attachment-23152\" style=\"width: 448px\" class=\"wp-caption alignleft\"><a href=\"https:\/\/www.blogsoestado.com\/danielmatos\/files\/2015\/04\/pa\u00e7o-diretores.jpg\"><img fetchpriority=\"high\" decoding=\"async\" class=\"size-full wp-image-23152\" src=\"https:\/\/www.blogsoestado.com\/danielmatos\/files\/2015\/04\/pa\u00e7o-diretores.jpg\" alt=\"Prefeito Josemar exibe termo de posse com diretora convocada\" width=\"448\" height=\"299\" \/><\/a><figcaption id=\"caption-attachment-23152\" class=\"wp-caption-text\">Prefeito Josemar exibe termo de posse com diretora convocada<\/figcaption><\/figure>\n<p>O termo de posse foi entregue pelo prefeito professor Josemar Sobreiro (PR) em solenidade realizada no audit\u00f3rio da U.I. Ministro Henrique de La Roque, no conjunto Maiob\u00e3o, na tarde desta quarta-feira (08). A nomea\u00e7\u00e3o foi conferida a 32 educadores efetivos, entre diretor titular e adjunto, em atendimento a 27 escolas.<\/p>\n<p>Pa\u00e7o do Lumiar foi o primeiro munic\u00edpio maranhense a realizar processo seletivo para dire\u00e7\u00e3o de escolas da rede. O certame aconteceu em 2013 e no in\u00edcio deste ano quando os candidatos passaram pelas etapas de prova escrita, plano de gest\u00e3o escolar e an\u00e1lise de t\u00edtulos.<\/p>\n<p>O objetivo da Prefeitura de Pa\u00e7o do Lumiar \u00e9 fortalecer os princ\u00edpios da gest\u00e3o democr\u00e1tica cumprindo as disposi\u00e7\u00f5es do artigo 22 da Lei Municipal n\u00ba 424\/2009, no que confere o Plano de Carreiras, Cargos e Remunera\u00e7\u00f5es do Magist\u00e9rio.<\/p>\n<p>O prefeito Josemar destacou que uma nova miss\u00e3o e desafios se iniciam na vida profissional de cada diretor, uma vez que a gest\u00e3o de escolas est\u00e1 fundamentada em proporcionar ao alunado e equipe pedag\u00f3gica o desenvolvendo boas pr\u00e1ticas educacionais e sociais.<\/p>\n<figure id=\"attachment_23153\" aria-describedby=\"caption-attachment-23153\" style=\"width: 640px\" class=\"wp-caption aligncenter\"><a href=\"https:\/\/www.blogsoestado.com\/danielmatos\/files\/2015\/04\/pa\u00e7o-diretores2.jpg\"><img decoding=\"async\" class=\"size-full wp-image-23153\" src=\"https:\/\/www.blogsoestado.com\/danielmatos\/files\/2015\/04\/pa\u00e7o-diretores2.jpg\" alt=\"Prefeito Josemar com gestores escolares aprovados no concurso\" width=\"640\" height=\"427\" \/><\/a><figcaption id=\"caption-attachment-23153\" class=\"wp-caption-text\">Prefeito Josemar Sobreiro com gestores escolares aprovados no concurso promovido pela prefeitura<\/figcaption><\/figure>\n<p>Para a secret\u00e1ria de Educa\u00e7\u00e3o, Gra\u00e7a Privado este \u00e9 um momento muito importante para a educa\u00e7\u00e3o do munic\u00edpio. \u201cTodo processo deve ser al\u00e7ado em preceitos legais, morais, \u00e9ticos e transparentes, e a escolha dos gestores de escolas por meio de seletivo reafirmou o nosso compromisso e respeito ao educador e \u00e0 comunidade escolar\u201d, disse a secret\u00e1ria que refor\u00e7ou a pol\u00edtica de gest\u00e3o participativa e de parcerias entre escola e Semed.<\/p>\n<p>Participaram da solenidade o vereador e presidente da Comiss\u00e3o de Educa\u00e7\u00e3o da C\u00e2mara Municipal de Vereadores, Wellington Sousa, o secret\u00e1rio de Planejamento e Articula\u00e7\u00e3o Governamental, Ednaldo Moura, e da vice-presidente do Conselho Municipal de Educa\u00e7\u00e3o, Marinalva Alexandrino Loiola.<\/p>\n","protected":false},"excerpt":{"rendered":"<p>O termo de posse foi entregue pelo prefeito professor Josemar Sobreiro (PR) em solenidade realizada no audit\u00f3rio da U.I. Ministro [&hellip;]<\/p>\n","protected":false},"author":0,"featured_media":0,"comment_status":"open","ping_status":"open","sticky":false,"template":"","format":"standard","meta":{"site-sidebar-layout":"default","site-content-layout":"","ast-site-content-layout":"default","site-content-style":"default","site-sidebar-style":"default","ast-global-header-display":"","ast-banner-title-visibility":"","ast-main-header-display":"","ast-hfb-above-header-display":"","ast-hfb-below-header-display":"","ast-hfb-mobile-header-display":"","site-post-title":"","ast-breadcrumbs-content":"","ast-featured-img":"","footer-sml-layout":"","ast-disable-related-posts":"","theme-transparent-header-meta":"","adv-header-id-meta":"","stick-header-meta":"","header-above-stick-meta":"","header-main-stick-meta":"","header-below-stick-meta":"","astra-migrate-meta-layouts":"default","ast-page-background-enabled":"default","ast-page-background-meta":{"desktop":{"background-color":"var(--ast-global-color-5)","background-image":"","background-repeat":"repeat","background-position":"center center","background-size":"auto","background-attachment":"scroll","background-type":"","background-media":"","overlay-type":"","overlay-color":"","overlay-opacity":"","overlay-gradient":""},"tablet":{"background-color":"","background-image":"","background-repeat":"repeat","background-position":"center center","background-size":"auto","background-attachment":"scroll","background-type":"","background-media":"","overlay-type":"","overlay-color":"","overlay-opacity":"","overlay-gradient":""},"mobile":{"background-color":"","background-image":"","background-repeat":"repeat","background-position":"center center","background-size":"auto","background-attachment":"scroll","background-type":"","background-media":"","overlay-type":"","overlay-color":"","overlay-opacity":"","overlay-gradient":""}},"ast-content-background-meta":{"desktop":{"background-color":"var(--ast-global-color-4)","background-image":"","background-repeat":"repeat","background-position":"center center","background-size":"auto","background-attachment":"scroll","background-type":"","background-media":"","overlay-type":"","overlay-color":"","overlay-opacity":"","overlay-gradient":""},"tablet":{"background-color":"var(--ast-global-color-4)","background-image":"","background-repeat":"repeat","background-position":"center center","background-size":"auto","background-attachment":"scroll","background-type":"","background-media":"","overlay-type":"","overlay-color":"","overlay-opacity":"","overlay-gradient":""},"mobile":{"background-color":"var(--ast-global-color-4)","background-image":"","background-repeat":"repeat","background-position":"center center","background-size":"auto","background-attachment":"scroll","background-type":"","background-media":"","overlay-type":"","overlay-color":"","overlay-opacity":"","overlay-gradient":""}},"footnotes":""},"categories":[1],"tags":[],"class_list":["post-23151","post","type-post","status-publish","format-standard","hentry","category-sem-categoria"],"yoast_head":"<!-- This site is optimized with the Yoast SEO plugin v26.6 - https:\/\/yoast.com\/wordpress\/plugins\/seo\/ -->\n<title>Prefeito Josemar empossa diretores de escolas aprovados em seletivo - Daniel Matos<\/title>\n<meta name=\"robots\" content=\"index, follow, max-snippet:-1, max-image-preview:large, max-video-preview:-1\" \/>\n<link rel=\"canonical\" href=\"https:\/\/www.blogsoestado.com\/danielmatos\/prefeito-josemar-empossa-diretores-de-escolas-aprovados-em-seletivo\/\" \/>\n<meta property=\"og:locale\" content=\"pt_BR\" \/>\n<meta property=\"og:type\" content=\"article\" \/>\n<meta property=\"og:title\" content=\"Prefeito Josemar empossa diretores de escolas aprovados em seletivo - Daniel Matos\" \/>\n<meta property=\"og:description\" content=\"O termo de posse foi entregue pelo prefeito professor Josemar Sobreiro (PR) em solenidade realizada no audit\u00f3rio da U.I. Ministro [&hellip;]\" \/>\n<meta property=\"og:url\" content=\"https:\/\/www.blogsoestado.com\/danielmatos\/prefeito-josemar-empossa-diretores-de-escolas-aprovados-em-seletivo\/\" \/>\n<meta property=\"og:site_name\" content=\"Daniel Matos\" \/>\n<meta property=\"article:published_time\" content=\"2015-04-09T11:42:37+00:00\" \/>\n<meta name=\"twitter:card\" content=\"summary_large_image\" \/>\n<meta name=\"twitter:label1\" content=\"Est. tempo de leitura\" \/>\n\t<meta name=\"twitter:data1\" content=\"2 minutos\" \/>\n<script type=\"application\/ld+json\" class=\"yoast-schema-graph\">{\"@context\":\"https:\/\/schema.org\",\"@graph\":[{\"@type\":\"WebPage\",\"@id\":\"https:\/\/www.blogsoestado.com\/danielmatos\/prefeito-josemar-empossa-diretores-de-escolas-aprovados-em-seletivo\/\",\"url\":\"https:\/\/www.blogsoestado.com\/danielmatos\/prefeito-josemar-empossa-diretores-de-escolas-aprovados-em-seletivo\/\",\"name\":\"Prefeito Josemar empossa diretores de escolas aprovados em seletivo - Daniel Matos\",\"isPartOf\":{\"@id\":\"https:\/\/www.blogsoestado.com\/danielmatos\/#website\"},\"datePublished\":\"2015-04-09T11:42:37+00:00\",\"author\":{\"@id\":\"\"},\"breadcrumb\":{\"@id\":\"https:\/\/www.blogsoestado.com\/danielmatos\/prefeito-josemar-empossa-diretores-de-escolas-aprovados-em-seletivo\/#breadcrumb\"},\"inLanguage\":\"pt-BR\",\"potentialAction\":[{\"@type\":\"ReadAction\",\"target\":[\"https:\/\/www.blogsoestado.com\/danielmatos\/prefeito-josemar-empossa-diretores-de-escolas-aprovados-em-seletivo\/\"]}]},{\"@type\":\"BreadcrumbList\",\"@id\":\"https:\/\/www.blogsoestado.com\/danielmatos\/prefeito-josemar-empossa-diretores-de-escolas-aprovados-em-seletivo\/#breadcrumb\",\"itemListElement\":[{\"@type\":\"ListItem\",\"position\":1,\"name\":\"In\u00edcio\",\"item\":\"https:\/\/www.blogsoestado.com\/danielmatos\/\"},{\"@type\":\"ListItem\",\"position\":2,\"name\":\"Prefeito Josemar empossa diretores de escolas aprovados em seletivo\"}]},{\"@type\":\"WebSite\",\"@id\":\"https:\/\/www.blogsoestado.com\/danielmatos\/#website\",\"url\":\"https:\/\/www.blogsoestado.com\/danielmatos\/\",\"name\":\"Daniel Matos\",\"description\":\"\",\"potentialAction\":[{\"@type\":\"SearchAction\",\"target\":{\"@type\":\"EntryPoint\",\"urlTemplate\":\"https:\/\/www.blogsoestado.com\/danielmatos\/?s={search_term_string}\"},\"query-input\":{\"@type\":\"PropertyValueSpecification\",\"valueRequired\":true,\"valueName\":\"search_term_string\"}}],\"inLanguage\":\"pt-BR\"}]}<\/script>\n<!-- \/ Yoast SEO plugin. -->","yoast_head_json":{"title":"Prefeito Josemar empossa diretores de escolas aprovados em seletivo - Daniel Matos","robots":{"index":"index","follow":"follow","max-snippet":"max-snippet:-1","max-image-preview":"max-image-preview:large","max-video-preview":"max-video-preview:-1"},"canonical":"https:\/\/www.blogsoestado.com\/danielmatos\/prefeito-josemar-empossa-diretores-de-escolas-aprovados-em-seletivo\/","og_locale":"pt_BR","og_type":"article","og_title":"Prefeito Josemar empossa diretores de escolas aprovados em seletivo - Daniel Matos","og_description":"O termo de posse foi entregue pelo prefeito professor Josemar Sobreiro (PR) em solenidade realizada no audit\u00f3rio da U.I. Ministro [&hellip;]","og_url":"https:\/\/www.blogsoestado.com\/danielmatos\/prefeito-josemar-empossa-diretores-de-escolas-aprovados-em-seletivo\/","og_site_name":"Daniel Matos","article_published_time":"2015-04-09T11:42:37+00:00","twitter_card":"summary_large_image","twitter_misc":{"Est. tempo de leitura":"2 minutos"},"schema":{"@context":"https:\/\/schema.org","@graph":[{"@type":"WebPage","@id":"https:\/\/www.blogsoestado.com\/danielmatos\/prefeito-josemar-empossa-diretores-de-escolas-aprovados-em-seletivo\/","url":"https:\/\/www.blogsoestado.com\/danielmatos\/prefeito-josemar-empossa-diretores-de-escolas-aprovados-em-seletivo\/","name":"Prefeito Josemar empossa diretores de escolas aprovados em seletivo - Daniel Matos","isPartOf":{"@id":"https:\/\/www.blogsoestado.com\/danielmatos\/#website"},"datePublished":"2015-04-09T11:42:37+00:00","author":{"@id":""},"breadcrumb":{"@id":"https:\/\/www.blogsoestado.com\/danielmatos\/prefeito-josemar-empossa-diretores-de-escolas-aprovados-em-seletivo\/#breadcrumb"},"inLanguage":"pt-BR","potentialAction":[{"@type":"ReadAction","target":["https:\/\/www.blogsoestado.com\/danielmatos\/prefeito-josemar-empossa-diretores-de-escolas-aprovados-em-seletivo\/"]}]},{"@type":"BreadcrumbList","@id":"https:\/\/www.blogsoestado.com\/danielmatos\/prefeito-josemar-empossa-diretores-de-escolas-aprovados-em-seletivo\/#breadcrumb","itemListElement":[{"@type":"ListItem","position":1,"name":"In\u00edcio","item":"https:\/\/www.blogsoestado.com\/danielmatos\/"},{"@type":"ListItem","position":2,"name":"Prefeito Josemar empossa diretores de escolas aprovados em seletivo"}]},{"@type":"WebSite","@id":"https:\/\/www.blogsoestado.com\/danielmatos\/#website","url":"https:\/\/www.blogsoestado.com\/danielmatos\/","name":"Daniel Matos","description":"","potentialAction":[{"@type":"SearchAction","target":{"@type":"EntryPoint","urlTemplate":"https:\/\/www.blogsoestado.com\/danielmatos\/?s={search_term_string}"},"query-input":{"@type":"PropertyValueSpecification","valueRequired":true,"valueName":"search_term_string"}}],"inLanguage":"pt-BR"}]}},"jetpack_featured_media_url":"","_links":{"self":[{"href":"https:\/\/www.blogsoestado.com\/danielmatos\/wp-json\/wp\/v2\/posts\/23151","targetHints":{"allow":["GET"]}}],"collection":[{"href":"https:\/\/www.blogsoestado.com\/danielmatos\/wp-json\/wp\/v2\/posts"}],"about":[{"href":"https:\/\/www.blogsoestado.com\/danielmatos\/wp-json\/wp\/v2\/types\/post"}],"replies":[{"embeddable":true,"href":"https:\/\/www.blogsoestado.com\/danielmatos\/wp-json\/wp\/v2\/comments?post=23151"}],"version-history":[{"count":0,"href":"https:\/\/www.blogsoestado.com\/danielmatos\/wp-json\/wp\/v2\/posts\/23151\/revisions"}],"wp:attachment":[{"href":"https:\/\/www.blogsoestado.com\/danielmatos\/wp-json\/wp\/v2\/media?parent=23151"}],"wp:term":[{"taxonomy":"category","embeddable":true,"href":"https:\/\/www.blogsoestado.com\/danielmatos\/wp-json\/wp\/v2\/categories?post=23151"},{"taxonomy":"post_tag","embeddable":true,"href":"https:\/\/www.blogsoestado.com\/danielmatos\/wp-json\/wp\/v2\/tags?post=23151"}],"curies":[{"name":"wp","href":"https:\/\/api.w.org\/{rel}","templated":true}]}}