{"id":23468,"date":"2015-04-22T16:10:48","date_gmt":"2015-04-22T19:10:48","guid":{"rendered":"https:\/\/www.blogsoestado.com\/danielmatos\/?p=23468"},"modified":"2015-04-22T16:10:48","modified_gmt":"2015-04-22T19:10:48","slug":"paco-do-lumiar-apresenta-tecnicas-agricolas-em-seminario-no-interior-do-estado","status":"publish","type":"post","link":"https:\/\/www.blogsoestado.com\/danielmatos\/paco-do-lumiar-apresenta-tecnicas-agricolas-em-seminario-no-interior-do-estado\/","title":{"rendered":"Pa\u00e7o do Lumiar apresenta t\u00e9cnicas agr\u00edcolas em semin\u00e1rio no interior do estado"},"content":{"rendered":"<figure id=\"attachment_23469\" aria-describedby=\"caption-attachment-23469\" style=\"width: 448px\" class=\"wp-caption alignright\"><a href=\"https:\/\/www.blogsoestado.com\/danielmatos\/files\/2015\/04\/pa\u00e7o-projeto.jpg\"><img fetchpriority=\"high\" decoding=\"async\" class=\"size-full wp-image-23469\" src=\"https:\/\/www.blogsoestado.com\/danielmatos\/files\/2015\/04\/pa\u00e7o-projeto.jpg\" alt=\"Secret\u00e1ria Rosany Aranha  conversa com produtora rural de Pa\u00e7o do Lumiar sobre experi\u00eancia agr\u00edcola\" width=\"448\" height=\"336\" \/><\/a><figcaption id=\"caption-attachment-23469\" class=\"wp-caption-text\">Secret\u00e1ria Rosany Aranha conversa com produtora rural de Pa\u00e7o do Lumiar sobre experi\u00eancia agr\u00edcola<\/figcaption><\/figure>\n<p>Pa\u00e7o do Lumiar foi convidado pela Secretaria Estadual de Agricultura Familiar (SAF)\u00a0para apresentar suas experi\u00eancias para agricultores e t\u00e9cnicos do munic\u00edpio de S\u00e3o Domingos do Maranh\u00e3o, no I Semin\u00e1rio &#8220;Novos Rumos da Agricultura Familiar\u201d, realizado na \u00faltima segunda-feira, 20.<\/p>\n<p>A secret\u00e1ria de agricultura de Pa\u00e7o do Lumiar, Rosany Aranha, explanou sobre o cultivo de hortali\u00e7as e t\u00e9cnicas inovadoras que v\u00eam fortalecendo a agricultura familiar, como o Centro de Produ\u00e7\u00e3o de Mudas do Cumbique, a produ\u00e7\u00e3o de biofertilizante e assist\u00eancia t\u00e9cnica regular aos produtores, bem como a ades\u00e3o de programas federais e estaduais de fomento \u00e0\u00a0cultura agr\u00edcola.<\/p>\n<p>\u201c\u00c9 muito gratificante para n\u00f3s, t\u00e9cnicos e para Pa\u00e7o do Lumiar, ser destaque a n\u00edvel estadual como modelo de pol\u00edtica agr\u00edcola para outros munic\u00edpios. Trouxemos aos produtores de S\u00e3o Domingos algumas de nossas atividades, que v\u00eam auxiliando nossos agricultores, na certeza que tamb\u00e9m ter\u00e3o o mesmo resultado assim que implantas\u201d, comentou Rosany.<\/p>\n<figure id=\"attachment_23470\" aria-describedby=\"caption-attachment-23470\" style=\"width: 640px\" class=\"wp-caption aligncenter\"><a href=\"https:\/\/www.blogsoestado.com\/danielmatos\/files\/2015\/04\/pa\u00e7o-projeto2.jpg\"><img decoding=\"async\" class=\"size-full wp-image-23470\" src=\"https:\/\/www.blogsoestado.com\/danielmatos\/files\/2015\/04\/pa\u00e7o-projeto2.jpg\" alt=\" I Semin\u00e1rio &quot;Novos Rumos da Agricultura Familiar\u201d reuniu autoridades e dezenas de produtores rurais\" width=\"640\" height=\"480\" \/><\/a><figcaption id=\"caption-attachment-23470\" class=\"wp-caption-text\">I Semin\u00e1rio &#8220;Novos Rumos da Agricultura Familiar\u201d reuniu autoridades e dezenas de produtores rurais<\/figcaption><\/figure>\n<p>O secret\u00e1rio de Estado de Agricultura Familiar, Adelmo Soares,\u00a0destacou a import\u00e2ncia da troca de experi\u00eancias entre os munic\u00edpios maranhenses. Refor\u00e7ou ainda os projetos desenvolvidos em Pa\u00e7o do Lumiar, sugerindo que o prefeito\u00a0de S\u00e3o Domingos do Maranh\u00e3o, Kleber Alves, implante o Servi\u00e7o de Inspe\u00e7\u00e3o Municipal (SIM), a exemplo do que fizeram o\u00a0prefeito Josemar Sobreiro e a secret\u00e1ria Rosany Aranha.<\/p>\n<p><strong>Planta\u00e7\u00e3o <\/strong><\/p>\n<p>Durante a passagem por S\u00e3o Domingos do Maranh\u00e3o, as equipes t\u00e9cnicas da Semapa e da SAF conheceram os mais de 100 hectares da planta\u00e7\u00e3o de abacaxi. Na ocasi\u00e3o, foi firmada parceria com Pa\u00e7o do Lumiar para auxiliar tamb\u00e9m a cidade de Presidente Dutra na implanta\u00e7\u00e3o do programa Feira Livre e de um Centro de Produ\u00e7\u00e3o de Mudas. Os gestores ir\u00e3o a Pa\u00e7o do Lumiar conhecer as atividades.<\/p>\n","protected":false},"excerpt":{"rendered":"<p>Pa\u00e7o do Lumiar foi convidado pela Secretaria Estadual de Agricultura Familiar (SAF)\u00a0para apresentar suas experi\u00eancias para agricultores e t\u00e9cnicos do [&hellip;]<\/p>\n","protected":false},"author":0,"featured_media":0,"comment_status":"open","ping_status":"open","sticky":false,"template":"","format":"standard","meta":{"site-sidebar-layout":"default","site-content-layout":"","ast-site-content-layout":"default","site-content-style":"default","site-sidebar-style":"default","ast-global-header-display":"","ast-banner-title-visibility":"","ast-main-header-display":"","ast-hfb-above-header-display":"","ast-hfb-below-header-display":"","ast-hfb-mobile-header-display":"","site-post-title":"","ast-breadcrumbs-content":"","ast-featured-img":"","footer-sml-layout":"","ast-disable-related-posts":"","theme-transparent-header-meta":"","adv-header-id-meta":"","stick-header-meta":"","header-above-stick-meta":"","header-main-stick-meta":"","header-below-stick-meta":"","astra-migrate-meta-layouts":"default","ast-page-background-enabled":"default","ast-page-background-meta":{"desktop":{"background-color":"var(--ast-global-color-5)","background-image":"","background-repeat":"repeat","background-position":"center center","background-size":"auto","background-attachment":"scroll","background-type":"","background-media":"","overlay-type":"","overlay-color":"","overlay-opacity":"","overlay-gradient":""},"tablet":{"background-color":"","background-image":"","background-repeat":"repeat","background-position":"center center","background-size":"auto","background-attachment":"scroll","background-type":"","background-media":"","overlay-type":"","overlay-color":"","overlay-opacity":"","overlay-gradient":""},"mobile":{"background-color":"","background-image":"","background-repeat":"repeat","background-position":"center center","background-size":"auto","background-attachment":"scroll","background-type":"","background-media":"","overlay-type":"","overlay-color":"","overlay-opacity":"","overlay-gradient":""}},"ast-content-background-meta":{"desktop":{"background-color":"var(--ast-global-color-4)","background-image":"","background-repeat":"repeat","background-position":"center center","background-size":"auto","background-attachment":"scroll","background-type":"","background-media":"","overlay-type":"","overlay-color":"","overlay-opacity":"","overlay-gradient":""},"tablet":{"background-color":"var(--ast-global-color-4)","background-image":"","background-repeat":"repeat","background-position":"center center","background-size":"auto","background-attachment":"scroll","background-type":"","background-media":"","overlay-type":"","overlay-color":"","overlay-opacity":"","overlay-gradient":""},"mobile":{"background-color":"var(--ast-global-color-4)","background-image":"","background-repeat":"repeat","background-position":"center center","background-size":"auto","background-attachment":"scroll","background-type":"","background-media":"","overlay-type":"","overlay-color":"","overlay-opacity":"","overlay-gradient":""}},"footnotes":""},"categories":[1],"tags":[],"class_list":["post-23468","post","type-post","status-publish","format-standard","hentry","category-sem-categoria"],"yoast_head":"<!-- This site is optimized with the Yoast SEO plugin v26.6 - https:\/\/yoast.com\/wordpress\/plugins\/seo\/ -->\n<title>Pa\u00e7o do Lumiar apresenta t\u00e9cnicas agr\u00edcolas em semin\u00e1rio no interior do estado - Daniel Matos<\/title>\n<meta name=\"robots\" content=\"index, follow, max-snippet:-1, max-image-preview:large, max-video-preview:-1\" \/>\n<link rel=\"canonical\" href=\"https:\/\/www.blogsoestado.com\/danielmatos\/paco-do-lumiar-apresenta-tecnicas-agricolas-em-seminario-no-interior-do-estado\/\" \/>\n<meta property=\"og:locale\" content=\"pt_BR\" \/>\n<meta property=\"og:type\" content=\"article\" \/>\n<meta property=\"og:title\" content=\"Pa\u00e7o do Lumiar apresenta t\u00e9cnicas agr\u00edcolas em semin\u00e1rio no interior do estado - Daniel Matos\" \/>\n<meta property=\"og:description\" content=\"Pa\u00e7o do Lumiar foi convidado pela Secretaria Estadual de Agricultura Familiar (SAF)\u00a0para apresentar suas experi\u00eancias para agricultores e t\u00e9cnicos do [&hellip;]\" \/>\n<meta property=\"og:url\" content=\"https:\/\/www.blogsoestado.com\/danielmatos\/paco-do-lumiar-apresenta-tecnicas-agricolas-em-seminario-no-interior-do-estado\/\" \/>\n<meta property=\"og:site_name\" content=\"Daniel Matos\" \/>\n<meta property=\"article:published_time\" content=\"2015-04-22T19:10:48+00:00\" \/>\n<meta name=\"twitter:card\" content=\"summary_large_image\" \/>\n<meta name=\"twitter:label1\" content=\"Est. tempo de leitura\" \/>\n\t<meta name=\"twitter:data1\" content=\"2 minutos\" \/>\n<script type=\"application\/ld+json\" class=\"yoast-schema-graph\">{\"@context\":\"https:\/\/schema.org\",\"@graph\":[{\"@type\":\"WebPage\",\"@id\":\"https:\/\/www.blogsoestado.com\/danielmatos\/paco-do-lumiar-apresenta-tecnicas-agricolas-em-seminario-no-interior-do-estado\/\",\"url\":\"https:\/\/www.blogsoestado.com\/danielmatos\/paco-do-lumiar-apresenta-tecnicas-agricolas-em-seminario-no-interior-do-estado\/\",\"name\":\"Pa\u00e7o do Lumiar apresenta t\u00e9cnicas agr\u00edcolas em semin\u00e1rio no interior do estado - Daniel Matos\",\"isPartOf\":{\"@id\":\"https:\/\/www.blogsoestado.com\/danielmatos\/#website\"},\"datePublished\":\"2015-04-22T19:10:48+00:00\",\"author\":{\"@id\":\"\"},\"breadcrumb\":{\"@id\":\"https:\/\/www.blogsoestado.com\/danielmatos\/paco-do-lumiar-apresenta-tecnicas-agricolas-em-seminario-no-interior-do-estado\/#breadcrumb\"},\"inLanguage\":\"pt-BR\",\"potentialAction\":[{\"@type\":\"ReadAction\",\"target\":[\"https:\/\/www.blogsoestado.com\/danielmatos\/paco-do-lumiar-apresenta-tecnicas-agricolas-em-seminario-no-interior-do-estado\/\"]}]},{\"@type\":\"BreadcrumbList\",\"@id\":\"https:\/\/www.blogsoestado.com\/danielmatos\/paco-do-lumiar-apresenta-tecnicas-agricolas-em-seminario-no-interior-do-estado\/#breadcrumb\",\"itemListElement\":[{\"@type\":\"ListItem\",\"position\":1,\"name\":\"In\u00edcio\",\"item\":\"https:\/\/www.blogsoestado.com\/danielmatos\/\"},{\"@type\":\"ListItem\",\"position\":2,\"name\":\"Pa\u00e7o do Lumiar apresenta t\u00e9cnicas agr\u00edcolas em semin\u00e1rio no interior do estado\"}]},{\"@type\":\"WebSite\",\"@id\":\"https:\/\/www.blogsoestado.com\/danielmatos\/#website\",\"url\":\"https:\/\/www.blogsoestado.com\/danielmatos\/\",\"name\":\"Daniel Matos\",\"description\":\"\",\"potentialAction\":[{\"@type\":\"SearchAction\",\"target\":{\"@type\":\"EntryPoint\",\"urlTemplate\":\"https:\/\/www.blogsoestado.com\/danielmatos\/?s={search_term_string}\"},\"query-input\":{\"@type\":\"PropertyValueSpecification\",\"valueRequired\":true,\"valueName\":\"search_term_string\"}}],\"inLanguage\":\"pt-BR\"}]}<\/script>\n<!-- \/ Yoast SEO plugin. -->","yoast_head_json":{"title":"Pa\u00e7o do Lumiar apresenta t\u00e9cnicas agr\u00edcolas em semin\u00e1rio no interior do estado - Daniel Matos","robots":{"index":"index","follow":"follow","max-snippet":"max-snippet:-1","max-image-preview":"max-image-preview:large","max-video-preview":"max-video-preview:-1"},"canonical":"https:\/\/www.blogsoestado.com\/danielmatos\/paco-do-lumiar-apresenta-tecnicas-agricolas-em-seminario-no-interior-do-estado\/","og_locale":"pt_BR","og_type":"article","og_title":"Pa\u00e7o do Lumiar apresenta t\u00e9cnicas agr\u00edcolas em semin\u00e1rio no interior do estado - Daniel Matos","og_description":"Pa\u00e7o do Lumiar foi convidado pela Secretaria Estadual de Agricultura Familiar (SAF)\u00a0para apresentar suas experi\u00eancias para agricultores e t\u00e9cnicos do [&hellip;]","og_url":"https:\/\/www.blogsoestado.com\/danielmatos\/paco-do-lumiar-apresenta-tecnicas-agricolas-em-seminario-no-interior-do-estado\/","og_site_name":"Daniel Matos","article_published_time":"2015-04-22T19:10:48+00:00","twitter_card":"summary_large_image","twitter_misc":{"Est. tempo de leitura":"2 minutos"},"schema":{"@context":"https:\/\/schema.org","@graph":[{"@type":"WebPage","@id":"https:\/\/www.blogsoestado.com\/danielmatos\/paco-do-lumiar-apresenta-tecnicas-agricolas-em-seminario-no-interior-do-estado\/","url":"https:\/\/www.blogsoestado.com\/danielmatos\/paco-do-lumiar-apresenta-tecnicas-agricolas-em-seminario-no-interior-do-estado\/","name":"Pa\u00e7o do Lumiar apresenta t\u00e9cnicas agr\u00edcolas em semin\u00e1rio no interior do estado - Daniel Matos","isPartOf":{"@id":"https:\/\/www.blogsoestado.com\/danielmatos\/#website"},"datePublished":"2015-04-22T19:10:48+00:00","author":{"@id":""},"breadcrumb":{"@id":"https:\/\/www.blogsoestado.com\/danielmatos\/paco-do-lumiar-apresenta-tecnicas-agricolas-em-seminario-no-interior-do-estado\/#breadcrumb"},"inLanguage":"pt-BR","potentialAction":[{"@type":"ReadAction","target":["https:\/\/www.blogsoestado.com\/danielmatos\/paco-do-lumiar-apresenta-tecnicas-agricolas-em-seminario-no-interior-do-estado\/"]}]},{"@type":"BreadcrumbList","@id":"https:\/\/www.blogsoestado.com\/danielmatos\/paco-do-lumiar-apresenta-tecnicas-agricolas-em-seminario-no-interior-do-estado\/#breadcrumb","itemListElement":[{"@type":"ListItem","position":1,"name":"In\u00edcio","item":"https:\/\/www.blogsoestado.com\/danielmatos\/"},{"@type":"ListItem","position":2,"name":"Pa\u00e7o do Lumiar apresenta t\u00e9cnicas agr\u00edcolas em semin\u00e1rio no interior do estado"}]},{"@type":"WebSite","@id":"https:\/\/www.blogsoestado.com\/danielmatos\/#website","url":"https:\/\/www.blogsoestado.com\/danielmatos\/","name":"Daniel Matos","description":"","potentialAction":[{"@type":"SearchAction","target":{"@type":"EntryPoint","urlTemplate":"https:\/\/www.blogsoestado.com\/danielmatos\/?s={search_term_string}"},"query-input":{"@type":"PropertyValueSpecification","valueRequired":true,"valueName":"search_term_string"}}],"inLanguage":"pt-BR"}]}},"jetpack_featured_media_url":"","_links":{"self":[{"href":"https:\/\/www.blogsoestado.com\/danielmatos\/wp-json\/wp\/v2\/posts\/23468","targetHints":{"allow":["GET"]}}],"collection":[{"href":"https:\/\/www.blogsoestado.com\/danielmatos\/wp-json\/wp\/v2\/posts"}],"about":[{"href":"https:\/\/www.blogsoestado.com\/danielmatos\/wp-json\/wp\/v2\/types\/post"}],"replies":[{"embeddable":true,"href":"https:\/\/www.blogsoestado.com\/danielmatos\/wp-json\/wp\/v2\/comments?post=23468"}],"version-history":[{"count":0,"href":"https:\/\/www.blogsoestado.com\/danielmatos\/wp-json\/wp\/v2\/posts\/23468\/revisions"}],"wp:attachment":[{"href":"https:\/\/www.blogsoestado.com\/danielmatos\/wp-json\/wp\/v2\/media?parent=23468"}],"wp:term":[{"taxonomy":"category","embeddable":true,"href":"https:\/\/www.blogsoestado.com\/danielmatos\/wp-json\/wp\/v2\/categories?post=23468"},{"taxonomy":"post_tag","embeddable":true,"href":"https:\/\/www.blogsoestado.com\/danielmatos\/wp-json\/wp\/v2\/tags?post=23468"}],"curies":[{"name":"wp","href":"https:\/\/api.w.org\/{rel}","templated":true}]}}