{"id":23484,"date":"2015-04-22T20:43:06","date_gmt":"2015-04-22T23:43:06","guid":{"rendered":"https:\/\/www.blogsoestado.com\/danielmatos\/?p=23484"},"modified":"2015-04-22T20:43:06","modified_gmt":"2015-04-22T23:43:06","slug":"undime-ma-realiza-xv-forum-estadual-nos-dias-23-e-24-de-abril","status":"publish","type":"post","link":"https:\/\/www.blogsoestado.com\/danielmatos\/undime-ma-realiza-xv-forum-estadual-nos-dias-23-e-24-de-abril\/","title":{"rendered":"Undime-MA realiza XV F\u00f3rum Estadual nos dias 23 e 24 de abril"},"content":{"rendered":"<figure id=\"attachment_23485\" aria-describedby=\"caption-attachment-23485\" style=\"width: 640px\" class=\"wp-caption aligncenter\"><a href=\"https:\/\/www.blogsoestado.com\/danielmatos\/files\/2015\/04\/geraldo-undime.jpg\"><img fetchpriority=\"high\" decoding=\"async\" class=\"size-full wp-image-23485\" src=\"https:\/\/www.blogsoestado.com\/danielmatos\/files\/2015\/04\/geraldo-undime.jpg\" alt=\"Secret\u00e1rio de Educa\u00e7\u00e3o de S\u00e3o Lu\u00eds, Geraldo Castro Sobrinho, presidente da Undime, comanda reuni\u00e3o preparat\u00f3rio para o f\u00f3rum \" width=\"640\" height=\"426\" \/><\/a><figcaption id=\"caption-attachment-23485\" class=\"wp-caption-text\">Secret\u00e1rio de Educa\u00e7\u00e3o de S\u00e3o Lu\u00eds, Geraldo Castro Sobrinho, presidente da Undime, comanda reuni\u00e3o preparat\u00f3rio para o f\u00f3rum<\/figcaption><\/figure>\n<p>A seccional maranhense da Uni\u00e3o Nacional dos Dirigentes Municipais de Educa\u00e7\u00e3o (Undime-MA) realiza nos dias 23 e 24 de abril o seu XV F\u00f3rum Estadual. O evento, que ser\u00e1 realizado no audit\u00f3rio do Pal\u00e1cio Henrique de La Roque, ter\u00e1 como tema \u201cPol\u00edticas e Pr\u00e1ticas Educativas: por uma escola digna\u201d e \u00e9 voltado para secret\u00e1rios de educa\u00e7\u00e3o dos munic\u00edpios maranhenses e tamb\u00e9m t\u00e9cnicos da \u00e1rea. Na pauta, debates e capacita\u00e7\u00f5es t\u00e9cnicas sobre temas como educa\u00e7\u00e3o integral, valoriza\u00e7\u00e3o dos profissionais do magist\u00e9rio, aplica\u00e7\u00e3o de programas oferecidos pelo governo federal e a elei\u00e7\u00e3o da nova Diretoria Executiva da entidade para o bi\u00eanio 2015-2017.<\/p>\n<p>A realiza\u00e7\u00e3o do evento foi assegurada em reuni\u00e3o da diretoria executiva da Undime-MA, realizada na \u00faltima sexta-feira, 17 de abril. Participaram do encontro o presidente da Undime-MA e secret\u00e1rio municipal de Educa\u00e7\u00e3o de S\u00e3o Lu\u00eds, Geraldo Castro Sobrinho; o o secret\u00e1rio de Finan\u00e7as da Undime-MA e secret\u00e1rio de Educa\u00e7\u00e3o de Imperatriz, Zesiel Ribeiro da Silva; o secret\u00e1rio de coordena\u00e7\u00e3o t\u00e9cnica da entidade, Jorge A\u00eddson Mendes Rabelo (Porto Rico); e os membros titulares do Conselho Nacional de Representantes Raimundo Nonato Aguiar Santos (S\u00e3o Jo\u00e3o Batista), \u00c1lida Maria Mendes Sousa (Anajatuba) e Iara Adriana Ara\u00fajo Portilho (Pio XII).<\/p>\n<p>A reuni\u00e3o aconteceu na sede da organiza\u00e7\u00e3o, localizada no pr\u00e9dio da Federa\u00e7\u00e3o dos Munic\u00edpios do Estado do Maranh\u00e3o (Famem). O presidente da Undime-MA explicou que o XV F\u00f3rum Estadual, al\u00e9m de permitir a troca de experi\u00eancias entre os dirigentes municipais de educa\u00e7\u00e3o, \u00e9 uma inst\u00e2ncia de fortalecimento da entidade e das iniciativas educacionais nos munic\u00edpios. \u201cA Undime Maranh\u00e3o tem consolidado uma pauta de trabalho junto aos munic\u00edpios maranhenses, com o objetivo de oferecer suporte a dirigentes e t\u00e9cnicos para a melhoria dos indicadores educacionais. O F\u00f3rum Estadual ser\u00e1 um momento de aprofundar estas capacita\u00e7\u00f5es e tamb\u00e9m de discuss\u00e3o interna sobre os caminhos da entidade\u201d, disse Geraldo Castro Sobrinho.<\/p>\n<p><strong>Programa\u00e7\u00e3o<\/strong><\/p>\n<p>A programa\u00e7\u00e3o do XV F\u00f3rum Estadual contar\u00e1 com representantes do Minist\u00e9rio da Educa\u00e7\u00e3o (MEC), que tratar\u00e3o de temas como Educa\u00e7\u00e3o Inclusiva, aplica\u00e7\u00e3o dos recursos do Fundeb e o Plano de Mobiliza\u00e7\u00e3o Social pela Educa\u00e7\u00e3o (PMSE). Tamb\u00e9m estar\u00e3o presentes representantes da Funda\u00e7\u00e3o Lemann, Funda\u00e7\u00e3o Ita\u00fa Social, Lego Education, Unicef e Instituto Natura. Outra presen\u00e7a confirmada \u00e9 a do vice-presidente da Undime Nacional, Al\u00e9ssio Costa Lima, que ministrar\u00e1 uma palestra intitulada \u201cO papel da Undime no fortalecimento da gest\u00e3o municipal da educa\u00e7\u00e3o\u201d.<\/p>\n<p>Outro destaque da programa\u00e7\u00e3o \u00e9 o pedagogo e escritor Hamilton Werneck. Com 26 livros publicados, alguns traduzidos para o espanhol e para o ingl\u00eas, Hamilton Wenerck j\u00e1 participou de mais de 1950 confer\u00eancias em todo o pa\u00eds, envolvendo col\u00e9gios, secretarias de educa\u00e7\u00e3o, sindicatos patronais e de classe e universidades.<\/p>\n<p>Podem participar at\u00e9 tr\u00eas pessoas por munic\u00edpio &#8211; o Dirigente Municipal de Educa\u00e7\u00e3o e dois t\u00e9cnicos da secretaria de Educa\u00e7\u00e3o. A taxa de inscri\u00e7\u00e3o \u00e9 de R$ 150,00 para munic\u00edpios adimplentes com a Undime Maranh\u00e3o em 2015 e R$ 300,00 para participantes de munic\u00edpios inadimplentes. Caso o munic\u00edpio tenha interesse em inscrever mais de 3 pessoas, ser\u00e1 cobrada uma taxa no valor de R$ 100,00.<\/p>\n","protected":false},"excerpt":{"rendered":"<p>A seccional maranhense da Uni\u00e3o Nacional dos Dirigentes Municipais de Educa\u00e7\u00e3o (Undime-MA) realiza nos dias 23 e 24 de abril [&hellip;]<\/p>\n","protected":false},"author":0,"featured_media":0,"comment_status":"open","ping_status":"open","sticky":false,"template":"","format":"standard","meta":{"site-sidebar-layout":"default","site-content-layout":"","ast-site-content-layout":"default","site-content-style":"default","site-sidebar-style":"default","ast-global-header-display":"","ast-banner-title-visibility":"","ast-main-header-display":"","ast-hfb-above-header-display":"","ast-hfb-below-header-display":"","ast-hfb-mobile-header-display":"","site-post-title":"","ast-breadcrumbs-content":"","ast-featured-img":"","footer-sml-layout":"","ast-disable-related-posts":"","theme-transparent-header-meta":"","adv-header-id-meta":"","stick-header-meta":"","header-above-stick-meta":"","header-main-stick-meta":"","header-below-stick-meta":"","astra-migrate-meta-layouts":"default","ast-page-background-enabled":"default","ast-page-background-meta":{"desktop":{"background-color":"var(--ast-global-color-5)","background-image":"","background-repeat":"repeat","background-position":"center center","background-size":"auto","background-attachment":"scroll","background-type":"","background-media":"","overlay-type":"","overlay-color":"","overlay-opacity":"","overlay-gradient":""},"tablet":{"background-color":"","background-image":"","background-repeat":"repeat","background-position":"center center","background-size":"auto","background-attachment":"scroll","background-type":"","background-media":"","overlay-type":"","overlay-color":"","overlay-opacity":"","overlay-gradient":""},"mobile":{"background-color":"","background-image":"","background-repeat":"repeat","background-position":"center center","background-size":"auto","background-attachment":"scroll","background-type":"","background-media":"","overlay-type":"","overlay-color":"","overlay-opacity":"","overlay-gradient":""}},"ast-content-background-meta":{"desktop":{"background-color":"var(--ast-global-color-4)","background-image":"","background-repeat":"repeat","background-position":"center center","background-size":"auto","background-attachment":"scroll","background-type":"","background-media":"","overlay-type":"","overlay-color":"","overlay-opacity":"","overlay-gradient":""},"tablet":{"background-color":"var(--ast-global-color-4)","background-image":"","background-repeat":"repeat","background-position":"center center","background-size":"auto","background-attachment":"scroll","background-type":"","background-media":"","overlay-type":"","overlay-color":"","overlay-opacity":"","overlay-gradient":""},"mobile":{"background-color":"var(--ast-global-color-4)","background-image":"","background-repeat":"repeat","background-position":"center center","background-size":"auto","background-attachment":"scroll","background-type":"","background-media":"","overlay-type":"","overlay-color":"","overlay-opacity":"","overlay-gradient":""}},"footnotes":""},"categories":[1],"tags":[],"class_list":["post-23484","post","type-post","status-publish","format-standard","hentry","category-sem-categoria"],"yoast_head":"<!-- This site is optimized with the Yoast SEO plugin v26.6 - https:\/\/yoast.com\/wordpress\/plugins\/seo\/ -->\n<title>Undime-MA realiza XV F\u00f3rum Estadual nos dias 23 e 24 de abril - Daniel Matos<\/title>\n<meta name=\"robots\" content=\"index, follow, max-snippet:-1, max-image-preview:large, max-video-preview:-1\" \/>\n<link rel=\"canonical\" href=\"https:\/\/www.blogsoestado.com\/danielmatos\/undime-ma-realiza-xv-forum-estadual-nos-dias-23-e-24-de-abril\/\" \/>\n<meta property=\"og:locale\" content=\"pt_BR\" \/>\n<meta property=\"og:type\" content=\"article\" \/>\n<meta property=\"og:title\" content=\"Undime-MA realiza XV F\u00f3rum Estadual nos dias 23 e 24 de abril - Daniel Matos\" \/>\n<meta property=\"og:description\" content=\"A seccional maranhense da Uni\u00e3o Nacional dos Dirigentes Municipais de Educa\u00e7\u00e3o (Undime-MA) realiza nos dias 23 e 24 de abril [&hellip;]\" \/>\n<meta property=\"og:url\" content=\"https:\/\/www.blogsoestado.com\/danielmatos\/undime-ma-realiza-xv-forum-estadual-nos-dias-23-e-24-de-abril\/\" \/>\n<meta property=\"og:site_name\" content=\"Daniel Matos\" \/>\n<meta property=\"article:published_time\" content=\"2015-04-22T23:43:06+00:00\" \/>\n<meta property=\"og:image\" content=\"https:\/\/www.blogsoestado.com\/danielmatos\/files\/2015\/04\/geraldo-undime.jpg\" \/>\n<meta name=\"twitter:card\" content=\"summary_large_image\" \/>\n<meta name=\"twitter:label1\" content=\"Est. tempo de leitura\" \/>\n\t<meta name=\"twitter:data1\" content=\"3 minutos\" \/>\n<script type=\"application\/ld+json\" class=\"yoast-schema-graph\">{\"@context\":\"https:\/\/schema.org\",\"@graph\":[{\"@type\":\"WebPage\",\"@id\":\"https:\/\/www.blogsoestado.com\/danielmatos\/undime-ma-realiza-xv-forum-estadual-nos-dias-23-e-24-de-abril\/\",\"url\":\"https:\/\/www.blogsoestado.com\/danielmatos\/undime-ma-realiza-xv-forum-estadual-nos-dias-23-e-24-de-abril\/\",\"name\":\"Undime-MA realiza XV F\u00f3rum Estadual nos dias 23 e 24 de abril - Daniel Matos\",\"isPartOf\":{\"@id\":\"https:\/\/www.blogsoestado.com\/danielmatos\/#website\"},\"primaryImageOfPage\":{\"@id\":\"https:\/\/www.blogsoestado.com\/danielmatos\/undime-ma-realiza-xv-forum-estadual-nos-dias-23-e-24-de-abril\/#primaryimage\"},\"image\":{\"@id\":\"https:\/\/www.blogsoestado.com\/danielmatos\/undime-ma-realiza-xv-forum-estadual-nos-dias-23-e-24-de-abril\/#primaryimage\"},\"thumbnailUrl\":\"https:\/\/www.blogsoestado.com\/danielmatos\/files\/2015\/04\/geraldo-undime.jpg\",\"datePublished\":\"2015-04-22T23:43:06+00:00\",\"author\":{\"@id\":\"\"},\"breadcrumb\":{\"@id\":\"https:\/\/www.blogsoestado.com\/danielmatos\/undime-ma-realiza-xv-forum-estadual-nos-dias-23-e-24-de-abril\/#breadcrumb\"},\"inLanguage\":\"pt-BR\",\"potentialAction\":[{\"@type\":\"ReadAction\",\"target\":[\"https:\/\/www.blogsoestado.com\/danielmatos\/undime-ma-realiza-xv-forum-estadual-nos-dias-23-e-24-de-abril\/\"]}]},{\"@type\":\"ImageObject\",\"inLanguage\":\"pt-BR\",\"@id\":\"https:\/\/www.blogsoestado.com\/danielmatos\/undime-ma-realiza-xv-forum-estadual-nos-dias-23-e-24-de-abril\/#primaryimage\",\"url\":\"https:\/\/www.blogsoestado.com\/danielmatos\/files\/2015\/04\/geraldo-undime.jpg\",\"contentUrl\":\"https:\/\/www.blogsoestado.com\/danielmatos\/files\/2015\/04\/geraldo-undime.jpg\"},{\"@type\":\"BreadcrumbList\",\"@id\":\"https:\/\/www.blogsoestado.com\/danielmatos\/undime-ma-realiza-xv-forum-estadual-nos-dias-23-e-24-de-abril\/#breadcrumb\",\"itemListElement\":[{\"@type\":\"ListItem\",\"position\":1,\"name\":\"In\u00edcio\",\"item\":\"https:\/\/www.blogsoestado.com\/danielmatos\/\"},{\"@type\":\"ListItem\",\"position\":2,\"name\":\"Undime-MA realiza XV F\u00f3rum Estadual nos dias 23 e 24 de abril\"}]},{\"@type\":\"WebSite\",\"@id\":\"https:\/\/www.blogsoestado.com\/danielmatos\/#website\",\"url\":\"https:\/\/www.blogsoestado.com\/danielmatos\/\",\"name\":\"Daniel Matos\",\"description\":\"\",\"potentialAction\":[{\"@type\":\"SearchAction\",\"target\":{\"@type\":\"EntryPoint\",\"urlTemplate\":\"https:\/\/www.blogsoestado.com\/danielmatos\/?s={search_term_string}\"},\"query-input\":{\"@type\":\"PropertyValueSpecification\",\"valueRequired\":true,\"valueName\":\"search_term_string\"}}],\"inLanguage\":\"pt-BR\"}]}<\/script>\n<!-- \/ Yoast SEO plugin. -->","yoast_head_json":{"title":"Undime-MA realiza XV F\u00f3rum Estadual nos dias 23 e 24 de abril - Daniel Matos","robots":{"index":"index","follow":"follow","max-snippet":"max-snippet:-1","max-image-preview":"max-image-preview:large","max-video-preview":"max-video-preview:-1"},"canonical":"https:\/\/www.blogsoestado.com\/danielmatos\/undime-ma-realiza-xv-forum-estadual-nos-dias-23-e-24-de-abril\/","og_locale":"pt_BR","og_type":"article","og_title":"Undime-MA realiza XV F\u00f3rum Estadual nos dias 23 e 24 de abril - Daniel Matos","og_description":"A seccional maranhense da Uni\u00e3o Nacional dos Dirigentes Municipais de Educa\u00e7\u00e3o (Undime-MA) realiza nos dias 23 e 24 de abril [&hellip;]","og_url":"https:\/\/www.blogsoestado.com\/danielmatos\/undime-ma-realiza-xv-forum-estadual-nos-dias-23-e-24-de-abril\/","og_site_name":"Daniel Matos","article_published_time":"2015-04-22T23:43:06+00:00","og_image":[{"url":"https:\/\/www.blogsoestado.com\/danielmatos\/files\/2015\/04\/geraldo-undime.jpg","type":"","width":"","height":""}],"twitter_card":"summary_large_image","twitter_misc":{"Est. tempo de leitura":"3 minutos"},"schema":{"@context":"https:\/\/schema.org","@graph":[{"@type":"WebPage","@id":"https:\/\/www.blogsoestado.com\/danielmatos\/undime-ma-realiza-xv-forum-estadual-nos-dias-23-e-24-de-abril\/","url":"https:\/\/www.blogsoestado.com\/danielmatos\/undime-ma-realiza-xv-forum-estadual-nos-dias-23-e-24-de-abril\/","name":"Undime-MA realiza XV F\u00f3rum Estadual nos dias 23 e 24 de abril - Daniel Matos","isPartOf":{"@id":"https:\/\/www.blogsoestado.com\/danielmatos\/#website"},"primaryImageOfPage":{"@id":"https:\/\/www.blogsoestado.com\/danielmatos\/undime-ma-realiza-xv-forum-estadual-nos-dias-23-e-24-de-abril\/#primaryimage"},"image":{"@id":"https:\/\/www.blogsoestado.com\/danielmatos\/undime-ma-realiza-xv-forum-estadual-nos-dias-23-e-24-de-abril\/#primaryimage"},"thumbnailUrl":"https:\/\/www.blogsoestado.com\/danielmatos\/files\/2015\/04\/geraldo-undime.jpg","datePublished":"2015-04-22T23:43:06+00:00","author":{"@id":""},"breadcrumb":{"@id":"https:\/\/www.blogsoestado.com\/danielmatos\/undime-ma-realiza-xv-forum-estadual-nos-dias-23-e-24-de-abril\/#breadcrumb"},"inLanguage":"pt-BR","potentialAction":[{"@type":"ReadAction","target":["https:\/\/www.blogsoestado.com\/danielmatos\/undime-ma-realiza-xv-forum-estadual-nos-dias-23-e-24-de-abril\/"]}]},{"@type":"ImageObject","inLanguage":"pt-BR","@id":"https:\/\/www.blogsoestado.com\/danielmatos\/undime-ma-realiza-xv-forum-estadual-nos-dias-23-e-24-de-abril\/#primaryimage","url":"https:\/\/www.blogsoestado.com\/danielmatos\/files\/2015\/04\/geraldo-undime.jpg","contentUrl":"https:\/\/www.blogsoestado.com\/danielmatos\/files\/2015\/04\/geraldo-undime.jpg"},{"@type":"BreadcrumbList","@id":"https:\/\/www.blogsoestado.com\/danielmatos\/undime-ma-realiza-xv-forum-estadual-nos-dias-23-e-24-de-abril\/#breadcrumb","itemListElement":[{"@type":"ListItem","position":1,"name":"In\u00edcio","item":"https:\/\/www.blogsoestado.com\/danielmatos\/"},{"@type":"ListItem","position":2,"name":"Undime-MA realiza XV F\u00f3rum Estadual nos dias 23 e 24 de abril"}]},{"@type":"WebSite","@id":"https:\/\/www.blogsoestado.com\/danielmatos\/#website","url":"https:\/\/www.blogsoestado.com\/danielmatos\/","name":"Daniel Matos","description":"","potentialAction":[{"@type":"SearchAction","target":{"@type":"EntryPoint","urlTemplate":"https:\/\/www.blogsoestado.com\/danielmatos\/?s={search_term_string}"},"query-input":{"@type":"PropertyValueSpecification","valueRequired":true,"valueName":"search_term_string"}}],"inLanguage":"pt-BR"}]}},"jetpack_featured_media_url":"","_links":{"self":[{"href":"https:\/\/www.blogsoestado.com\/danielmatos\/wp-json\/wp\/v2\/posts\/23484","targetHints":{"allow":["GET"]}}],"collection":[{"href":"https:\/\/www.blogsoestado.com\/danielmatos\/wp-json\/wp\/v2\/posts"}],"about":[{"href":"https:\/\/www.blogsoestado.com\/danielmatos\/wp-json\/wp\/v2\/types\/post"}],"replies":[{"embeddable":true,"href":"https:\/\/www.blogsoestado.com\/danielmatos\/wp-json\/wp\/v2\/comments?post=23484"}],"version-history":[{"count":0,"href":"https:\/\/www.blogsoestado.com\/danielmatos\/wp-json\/wp\/v2\/posts\/23484\/revisions"}],"wp:attachment":[{"href":"https:\/\/www.blogsoestado.com\/danielmatos\/wp-json\/wp\/v2\/media?parent=23484"}],"wp:term":[{"taxonomy":"category","embeddable":true,"href":"https:\/\/www.blogsoestado.com\/danielmatos\/wp-json\/wp\/v2\/categories?post=23484"},{"taxonomy":"post_tag","embeddable":true,"href":"https:\/\/www.blogsoestado.com\/danielmatos\/wp-json\/wp\/v2\/tags?post=23484"}],"curies":[{"name":"wp","href":"https:\/\/api.w.org\/{rel}","templated":true}]}}