{"id":23883,"date":"2015-05-11T11:38:38","date_gmt":"2015-05-11T14:38:38","guid":{"rendered":"https:\/\/www.blogsoestado.com\/danielmatos\/?p=23883"},"modified":"2015-05-11T11:38:38","modified_gmt":"2015-05-11T14:38:38","slug":"centenas-manifestam-apoio-a-nair-e-fernando-em-ato-de-campanha-pela-reitoria-da-ufma","status":"publish","type":"post","link":"https:\/\/www.blogsoestado.com\/danielmatos\/centenas-manifestam-apoio-a-nair-e-fernando-em-ato-de-campanha-pela-reitoria-da-ufma\/","title":{"rendered":"Centenas manifestam apoio a Nair e Fernando em ato de campanha pela reitoria da UFMA"},"content":{"rendered":"<figure id=\"attachment_23884\" aria-describedby=\"caption-attachment-23884\" style=\"width: 640px\" class=\"wp-caption aligncenter\"><a href=\"https:\/\/www.blogsoestado.com\/danielmatos\/files\/2015\/05\/nair-jantar2.jpg\"><img fetchpriority=\"high\" decoding=\"async\" class=\"size-full wp-image-23884\" src=\"https:\/\/www.blogsoestado.com\/danielmatos\/files\/2015\/05\/nair-jantar2.jpg\" alt=\"Nair Portela e Fernando Carvalho foram alvos de manifesta\u00e7\u00f5es de aprova\u00e7\u00e3o e reconhecimento durante jantar\" width=\"640\" height=\"373\" \/><\/a><figcaption id=\"caption-attachment-23884\" class=\"wp-caption-text\">Nair Portela e Fernando Carvalho foram alvos de manifesta\u00e7\u00f5es de aprova\u00e7\u00e3o e reconhecimento durante jantar<\/figcaption><\/figure>\n<p>Os candidatos \u00e0 reitora e a vice-reitor da Universidade Federal do Maranh\u00e3o, Nair Portela e Fernando Carvalho, receberam manifesta\u00e7\u00f5es de aprova\u00e7\u00e3o e reconhecimento em um jantar de apoio \u00e0 sua campanha, na noite de s\u00e1bado, em um buffet, no Calhau. Cerca de 300 pessoas, entre professores e t\u00e9cnicos administrativos, compareceram ao evento. Os candidatos aproveitaram para conversar com colegas, t\u00e9cnicos da universidade, alunos e tamb\u00e9m com ex-alunos, que estiveram presentes para declarar apoio aos dois professores.<\/p>\n<p>Nair Portela e Fernando Carvalho, emocionados, agradeceram a presen\u00e7a e o empenho das pessoas em colaborar com o \u00eaxito da campanha rumo \u00e0 reitoria. Os candidatos estiveram em todas as mesas e quiseram ouvir n\u00e3o s\u00f3 palavras de incentivo e confian\u00e7a, mas tamb\u00e9m as reivindica\u00e7\u00f5es dos convidados e eleitores.<\/p>\n<p>A candidata Nair Portela falou sobre a import\u00e2ncia do evento para a campanha. \u201cEste \u00e9 um jantar de congra\u00e7amento extremamente importante e oportuno num momento em que estamos em uma campanha para a elei\u00e7\u00e3o, concorrendo ao cargo de reitora da Universidade Federal do Maranh\u00e3o. Estamos entre amigos e professores, pessoas que se respeitam, que lutam e buscam o melhor para a universidade. Aproveitamos este momento para discutir ideias e partilhar nossos ideais. Estou muito feliz com a participa\u00e7\u00e3o e ades\u00e3o de muitos professores, t\u00e9cnicos e alunos que est\u00e3o aqui somando e fazendo fileiras para que nossa campanha seja vitoriosa\u201d.<\/p>\n<figure id=\"attachment_23888\" aria-describedby=\"caption-attachment-23888\" style=\"width: 640px\" class=\"wp-caption aligncenter\"><a href=\"https:\/\/www.blogsoestado.com\/danielmatos\/files\/2015\/05\/nair-jantar.jpg\"><img decoding=\"async\" class=\"size-full wp-image-23888\" src=\"https:\/\/www.blogsoestado.com\/danielmatos\/files\/2015\/05\/nair-jantar.jpg\" alt=\"Nair Portela, Fernando Carvalho, reitor Natalino Salgado e correligion\u00e1rios fazem gesto para simbolizar\" width=\"640\" height=\"428\" \/><\/a><figcaption id=\"caption-attachment-23888\" class=\"wp-caption-text\">Nair Portela, Fernando Carvalho, reitor Natalino Salgado e correligion\u00e1rios fazem gesto para simbolizar<\/figcaption><\/figure>\n<p>Muitos participantes falaram sobre sua rela\u00e7\u00e3o com os candidatos Nair e Fernando e disseram por que votam e apoiam a candidatura.<\/p>\n<p><strong>Lucylea Gon\u00e7alves, coordenadora do curso de Direito<\/strong><\/p>\n<p>\u201cApoio os professores Nair e Fernando pela trajet\u00f3ria institucional de ambos, que j\u00e1 desempenham fun\u00e7\u00f5es estrat\u00e9gicas dentro da universidade. O professor Fernando alavancou a p\u00f3s-gradua\u00e7\u00e3o e a professora Nair pelos mais de 30 anos trabalhando pela defesa da educa\u00e7\u00e3o. Temos de apoiar os melhores candidatos pelas suas experi\u00eancia profissional e capacidade de gest\u00e3o e pelas possibilidades que eles t\u00eam de seguir a trajet\u00f3ria de vit\u00f3rias e conquistas tra\u00e7adas pelos oito anos de gest\u00e3o do professor Natalino Salgado Filho\u201d.<\/p>\n<p><strong>Romildo Sampaio, professor de Engenharia Qu\u00edmica e Procurador Educador Institucional<\/strong><\/p>\n<p>Desde o in\u00edcio estou com a professora Nair e o professor Fernando por acreditar que todas as conquistas que tivemos nos \u00faltimos oito anos, como a amplia\u00e7\u00e3o da infraestrutura dedicada ao ensino, pesquisa e extens\u00e3o, o que faz qualquer institui\u00e7\u00e3o de educa\u00e7\u00e3o superior ser grande, ser\u00e1 mantida, e conseguiremos ampliar, fazendo com que a UFMA se torne uma das principais institui\u00e7\u00f5es do Nordeste e do Brasil.<\/p>\n<p><strong>Silvano Bezerra, professor do curso de Comunica\u00e7\u00e3o Social<\/strong><\/p>\n<p>Vejo a universidade como um ber\u00e7o de conhecimento e eleva\u00e7\u00e3o da consci\u00eancia cr\u00edtica. Houve um tempo que a universidade caminhava a passos lentos e avan\u00e7ava muito pouco. Com a administra\u00e7\u00e3o do professor Natalino Salgado a universidade assumiu uma outra postura, mais ousada, com crescimento e avan\u00e7os. Mostrando para que, afinal de contas, a universidade existe, que \u00e9 fazer do conhecimento o pilar da sociedade. E por esta raz\u00e3o voto em Nair e Fernando. Eles s\u00e3o professores competentes e j\u00e1 mostraram que s\u00e3o administradores que t\u00eam condi\u00e7\u00e3o de dar continuidade ao avan\u00e7o que foi conduzido na gest\u00e3o que se encerra.<\/p>\n<p><strong>Felipe Camar\u00e3o, professor do curso de Direito<\/strong><\/p>\n<p>Voto nos professores Nair e Fernando porque vivencio a universidade h\u00e1 muitos anos. Fui aluno desde o ano 2000, quando fiz gradua\u00e7\u00e3o, especializa\u00e7\u00e3o e mestrado. Fui procurador federal, sub-procurador chefe da universidade, hoje sou procurador lotado e licenciado e sou professor do curso de Direito. Posso afirmar que nesses 15 anos que vivencio a universidade nunca houve uma administra\u00e7\u00e3o como a do professor Natalino Salgado e a professora Nair e o professor Fernando fazem parte desta administra\u00e7\u00e3o. Pude vivenciar experi\u00eancias magn\u00edficas com estes dois gestores como pessoas, como professores e como gestores da universidade. Posso dar o testemunho de que eles juntos podem fazer muito mais, dar continuidade a um grande trabalho e fazer a UFMA avan\u00e7ar muito mais.<\/p>\n<p><strong>Jos\u00e9 Rinaldo Maia, procurador chefe da Procuradoria Federal, que atua junto \u00e0 UFMA<\/strong><\/p>\n<p>Apoio a professora Nair porque a conhe\u00e7o h\u00e1 mais de 30 anos. \u00c9 uma professora de conduta ilibada, que formou muitas gera\u00e7\u00f5es de enfermeiros para o estado do Maranh\u00e3o. Sempre a vi como uma pessoa s\u00e9ria, correta, que sabe avaliar e responder \u00e0s necessidades da situa\u00e7\u00e3o. Recomendo a todos que votem na professora Nair porque ela n\u00e3o vai decepcionar a comunidade universit\u00e1ria. E o professor Fernando sempre lutou para desenvolver a pesquisa na universidade e trazer cursos de p\u00f3s-gradua\u00e7\u00e3o, que era uma car\u00eancia muito grande na UFMA.<\/p>\n<p><strong>Alberto Dantas, professor do curso de Artes<\/strong><\/p>\n<p>Voto nos professores Nair e Fernando antes de tudo pelo car\u00e1ter, simplicidade e transpar\u00eancia nas atitudes deles. Tive a oportunidade de conhec\u00ea-los de perto na administra\u00e7\u00e3o do professor Natalino Salgado, que realizou uma administra\u00e7\u00e3o hist\u00f3rica, n\u00e3o s\u00f3 para o Maranh\u00e3o, mas para a vida universit\u00e1ria brasileira. Como candidatos, eles s\u00e3o promissores na continua\u00e7\u00e3o desta grande obra que estamos construindo juntos.<\/p>\n<p><strong>Joyce Lages, superintendente do Hospital Universit\u00e1rio<\/strong><\/p>\n<p>Fui aluna da professora Nair e com ela aprendi n\u00e3o s\u00f3 os conhecimentos da enfermagem, mas os princ\u00edpios da \u00e9tica e da moral para um bom profissional. E na nossa trajet\u00f3ria de Hospital Universit\u00e1rio tive a oportunidade de conviver com ela como diretora de Ensino e Pesquisa. Vi na professora Nair uma pessoa trabalhadora, dedicada, aguerrida e comprometida com a sociedade. Entendo que estas s\u00e3o caracter\u00edsticas importantes para um gestor da UFMA.<\/p>\n<p><strong>Marize Aranha, professora do curso de Letras e Pr\u00f3-Reitora de Extens\u00e3o<\/strong><\/p>\n<p>Voto nos professores Nair e Fernando porque ao longo dos anos eles provaram que t\u00eam compet\u00eancia para o cargo ao qual almejam. A professora Nair tem uma hist\u00f3ria na universidade como professora do curso de Enfermagem. N\u00f3s queremos a continuidade do trabalho realizado pelo professor Natalino Salgado ao longo desses oito anos. N\u00e3o queremos um retrocesso na nossa universidade. Tivemos muitas conquistas, mas precisamos avan\u00e7ar mais. Nair e Fernando s\u00e3o os candidatos com capacidade e compet\u00eancia para continuar o trabalho que est\u00e1 sendo realizado at\u00e9 agora.<\/p>\n<p><strong>Francisco Navarro, diretor do N\u00facleo de Esportes<\/strong><\/p>\n<p>Venho declarar o meu apoio \u00e0 doutora Nair e ao doutor Fernando por tudo que aconteceu no N\u00facleo de Esportes desde a minha chegada e por tudo o que ainda tem de ser feito com compromissos assumidos com os candidatos para a continuidade de avan\u00e7os e melhorias para o esporte na UFMA.<br \/>\nK\u00e1tia Regis, coordenadora da Licenciatura Interdisciplinar Estudos Africanos e Afro-Brasileiros<br \/>\nApoio a candidatura da professora Nair e do professor Fernando porque considero importante consolidar os avan\u00e7os alcan\u00e7ados nos \u00faltimos anos pela UFMA. Destaco, particularmente, a licenciatura em Estudos Africanos e Afro-Brasileiros, a primeira do Brasil. Neste sentido, considero fundamental apoiar esta candidatura para que possamos, com qualidade, enfrentar os desafios e contribuir com nossa fun\u00e7\u00e3o de educadores que promovemos a igualdade \u00e9tnico-racial.<\/p>\n<p><strong>Zefinha Bentivi, professora do curso de Comunica\u00e7\u00e3o Social<\/strong><\/p>\n<p>Votar nos professores Nair e Fernando \u00e9 mais do que uma escolha, \u00e9 uma obriga\u00e7\u00e3o de civilidade dos professores, t\u00e9cnicos e alunos da UFMA. \u00c9 um projeto enorme que vem dando certo e precisamos avan\u00e7ar nas conquistas do ensino, extens\u00e3o, pesquisa, infraestrutura e na inova\u00e7\u00e3o tecnol\u00f3gica. Somos Nair e Fernando. Somos consequentes com uma universidade que cresce com inova\u00e7\u00e3o e inclus\u00e3o.<\/p>\n<p><strong>Nan Sousa, presidente da Funda\u00e7\u00e3o Josu\u00e9 Montello<\/strong><\/p>\n<p>Sou presidente da Funda\u00e7\u00e3o Josu\u00e9 Montello, que apoia e \u00e9 apoiada pela Universidade e tenho convivido muito com a professora Nair, que \u00e9 presidente do Conselho Curador da Funda\u00e7\u00e3o. Entendo o quanto ela \u00e9 a pessoa preparada para este momento da universidade. A universidade precisa continuar este trabalho e din\u00e2mica iniciados h\u00e1 oito anos pelo reitor Natalino Salgado. S\u00e3o necess\u00e1rios tamb\u00e9m di\u00e1logo e compreens\u00e3o para estabelecer uma rela\u00e7\u00e3o muito mais aberta com segmentos da sociedade. E por isso estou engajado e torcendo pela elei\u00e7\u00e3o e para ver a implementa\u00e7\u00e3o das propostas, que Nair Portela e o professor Fernando Carvalho apresentam no seu programa, tanto na universidade quanto na Funda\u00e7\u00e3o Josu\u00e9 Montello.<\/p>\n","protected":false},"excerpt":{"rendered":"<p>Os candidatos \u00e0 reitora e a vice-reitor da Universidade Federal do Maranh\u00e3o, Nair Portela e Fernando Carvalho, receberam manifesta\u00e7\u00f5es de [&hellip;]<\/p>\n","protected":false},"author":0,"featured_media":0,"comment_status":"open","ping_status":"open","sticky":false,"template":"","format":"standard","meta":{"site-sidebar-layout":"default","site-content-layout":"","ast-site-content-layout":"default","site-content-style":"default","site-sidebar-style":"default","ast-global-header-display":"","ast-banner-title-visibility":"","ast-main-header-display":"","ast-hfb-above-header-display":"","ast-hfb-below-header-display":"","ast-hfb-mobile-header-display":"","site-post-title":"","ast-breadcrumbs-content":"","ast-featured-img":"","footer-sml-layout":"","ast-disable-related-posts":"","theme-transparent-header-meta":"","adv-header-id-meta":"","stick-header-meta":"","header-above-stick-meta":"","header-main-stick-meta":"","header-below-stick-meta":"","astra-migrate-meta-layouts":"default","ast-page-background-enabled":"default","ast-page-background-meta":{"desktop":{"background-color":"var(--ast-global-color-5)","background-image":"","background-repeat":"repeat","background-position":"center center","background-size":"auto","background-attachment":"scroll","background-type":"","background-media":"","overlay-type":"","overlay-color":"","overlay-opacity":"","overlay-gradient":""},"tablet":{"background-color":"","background-image":"","background-repeat":"repeat","background-position":"center center","background-size":"auto","background-attachment":"scroll","background-type":"","background-media":"","overlay-type":"","overlay-color":"","overlay-opacity":"","overlay-gradient":""},"mobile":{"background-color":"","background-image":"","background-repeat":"repeat","background-position":"center center","background-size":"auto","background-attachment":"scroll","background-type":"","background-media":"","overlay-type":"","overlay-color":"","overlay-opacity":"","overlay-gradient":""}},"ast-content-background-meta":{"desktop":{"background-color":"var(--ast-global-color-4)","background-image":"","background-repeat":"repeat","background-position":"center center","background-size":"auto","background-attachment":"scroll","background-type":"","background-media":"","overlay-type":"","overlay-color":"","overlay-opacity":"","overlay-gradient":""},"tablet":{"background-color":"var(--ast-global-color-4)","background-image":"","background-repeat":"repeat","background-position":"center center","background-size":"auto","background-attachment":"scroll","background-type":"","background-media":"","overlay-type":"","overlay-color":"","overlay-opacity":"","overlay-gradient":""},"mobile":{"background-color":"var(--ast-global-color-4)","background-image":"","background-repeat":"repeat","background-position":"center center","background-size":"auto","background-attachment":"scroll","background-type":"","background-media":"","overlay-type":"","overlay-color":"","overlay-opacity":"","overlay-gradient":""}},"footnotes":""},"categories":[1],"tags":[],"class_list":["post-23883","post","type-post","status-publish","format-standard","hentry","category-sem-categoria"],"yoast_head":"<!-- This site is optimized with the Yoast SEO plugin v26.6 - https:\/\/yoast.com\/wordpress\/plugins\/seo\/ -->\n<title>Centenas manifestam apoio a Nair e Fernando em ato de campanha pela reitoria da UFMA - Daniel Matos<\/title>\n<meta name=\"robots\" content=\"index, follow, max-snippet:-1, max-image-preview:large, max-video-preview:-1\" \/>\n<link rel=\"canonical\" href=\"https:\/\/www.blogsoestado.com\/danielmatos\/centenas-manifestam-apoio-a-nair-e-fernando-em-ato-de-campanha-pela-reitoria-da-ufma\/\" \/>\n<meta property=\"og:locale\" content=\"pt_BR\" \/>\n<meta property=\"og:type\" content=\"article\" \/>\n<meta property=\"og:title\" content=\"Centenas manifestam apoio a Nair e Fernando em ato de campanha pela reitoria da UFMA - Daniel Matos\" \/>\n<meta property=\"og:description\" content=\"Os candidatos \u00e0 reitora e a vice-reitor da Universidade Federal do Maranh\u00e3o, Nair Portela e Fernando Carvalho, receberam manifesta\u00e7\u00f5es de [&hellip;]\" \/>\n<meta property=\"og:url\" content=\"https:\/\/www.blogsoestado.com\/danielmatos\/centenas-manifestam-apoio-a-nair-e-fernando-em-ato-de-campanha-pela-reitoria-da-ufma\/\" \/>\n<meta property=\"og:site_name\" content=\"Daniel Matos\" \/>\n<meta property=\"article:published_time\" content=\"2015-05-11T14:38:38+00:00\" \/>\n<meta property=\"og:image\" content=\"https:\/\/www.blogsoestado.com\/danielmatos\/files\/2015\/05\/nair-jantar2.jpg\" \/>\n<meta name=\"twitter:card\" content=\"summary_large_image\" \/>\n<meta name=\"twitter:label1\" content=\"Est. tempo de leitura\" \/>\n\t<meta name=\"twitter:data1\" content=\"7 minutos\" \/>\n<script type=\"application\/ld+json\" class=\"yoast-schema-graph\">{\"@context\":\"https:\/\/schema.org\",\"@graph\":[{\"@type\":\"WebPage\",\"@id\":\"https:\/\/www.blogsoestado.com\/danielmatos\/centenas-manifestam-apoio-a-nair-e-fernando-em-ato-de-campanha-pela-reitoria-da-ufma\/\",\"url\":\"https:\/\/www.blogsoestado.com\/danielmatos\/centenas-manifestam-apoio-a-nair-e-fernando-em-ato-de-campanha-pela-reitoria-da-ufma\/\",\"name\":\"Centenas manifestam apoio a Nair e Fernando em ato de campanha pela reitoria da UFMA - Daniel Matos\",\"isPartOf\":{\"@id\":\"https:\/\/www.blogsoestado.com\/danielmatos\/#website\"},\"primaryImageOfPage\":{\"@id\":\"https:\/\/www.blogsoestado.com\/danielmatos\/centenas-manifestam-apoio-a-nair-e-fernando-em-ato-de-campanha-pela-reitoria-da-ufma\/#primaryimage\"},\"image\":{\"@id\":\"https:\/\/www.blogsoestado.com\/danielmatos\/centenas-manifestam-apoio-a-nair-e-fernando-em-ato-de-campanha-pela-reitoria-da-ufma\/#primaryimage\"},\"thumbnailUrl\":\"https:\/\/www.blogsoestado.com\/danielmatos\/files\/2015\/05\/nair-jantar2.jpg\",\"datePublished\":\"2015-05-11T14:38:38+00:00\",\"author\":{\"@id\":\"\"},\"breadcrumb\":{\"@id\":\"https:\/\/www.blogsoestado.com\/danielmatos\/centenas-manifestam-apoio-a-nair-e-fernando-em-ato-de-campanha-pela-reitoria-da-ufma\/#breadcrumb\"},\"inLanguage\":\"pt-BR\",\"potentialAction\":[{\"@type\":\"ReadAction\",\"target\":[\"https:\/\/www.blogsoestado.com\/danielmatos\/centenas-manifestam-apoio-a-nair-e-fernando-em-ato-de-campanha-pela-reitoria-da-ufma\/\"]}]},{\"@type\":\"ImageObject\",\"inLanguage\":\"pt-BR\",\"@id\":\"https:\/\/www.blogsoestado.com\/danielmatos\/centenas-manifestam-apoio-a-nair-e-fernando-em-ato-de-campanha-pela-reitoria-da-ufma\/#primaryimage\",\"url\":\"https:\/\/www.blogsoestado.com\/danielmatos\/files\/2015\/05\/nair-jantar2.jpg\",\"contentUrl\":\"https:\/\/www.blogsoestado.com\/danielmatos\/files\/2015\/05\/nair-jantar2.jpg\"},{\"@type\":\"BreadcrumbList\",\"@id\":\"https:\/\/www.blogsoestado.com\/danielmatos\/centenas-manifestam-apoio-a-nair-e-fernando-em-ato-de-campanha-pela-reitoria-da-ufma\/#breadcrumb\",\"itemListElement\":[{\"@type\":\"ListItem\",\"position\":1,\"name\":\"In\u00edcio\",\"item\":\"https:\/\/www.blogsoestado.com\/danielmatos\/\"},{\"@type\":\"ListItem\",\"position\":2,\"name\":\"Centenas manifestam apoio a Nair e Fernando em ato de campanha pela reitoria da UFMA\"}]},{\"@type\":\"WebSite\",\"@id\":\"https:\/\/www.blogsoestado.com\/danielmatos\/#website\",\"url\":\"https:\/\/www.blogsoestado.com\/danielmatos\/\",\"name\":\"Daniel Matos\",\"description\":\"\",\"potentialAction\":[{\"@type\":\"SearchAction\",\"target\":{\"@type\":\"EntryPoint\",\"urlTemplate\":\"https:\/\/www.blogsoestado.com\/danielmatos\/?s={search_term_string}\"},\"query-input\":{\"@type\":\"PropertyValueSpecification\",\"valueRequired\":true,\"valueName\":\"search_term_string\"}}],\"inLanguage\":\"pt-BR\"}]}<\/script>\n<!-- \/ Yoast SEO plugin. -->","yoast_head_json":{"title":"Centenas manifestam apoio a Nair e Fernando em ato de campanha pela reitoria da UFMA - Daniel Matos","robots":{"index":"index","follow":"follow","max-snippet":"max-snippet:-1","max-image-preview":"max-image-preview:large","max-video-preview":"max-video-preview:-1"},"canonical":"https:\/\/www.blogsoestado.com\/danielmatos\/centenas-manifestam-apoio-a-nair-e-fernando-em-ato-de-campanha-pela-reitoria-da-ufma\/","og_locale":"pt_BR","og_type":"article","og_title":"Centenas manifestam apoio a Nair e Fernando em ato de campanha pela reitoria da UFMA - Daniel Matos","og_description":"Os candidatos \u00e0 reitora e a vice-reitor da Universidade Federal do Maranh\u00e3o, Nair Portela e Fernando Carvalho, receberam manifesta\u00e7\u00f5es de [&hellip;]","og_url":"https:\/\/www.blogsoestado.com\/danielmatos\/centenas-manifestam-apoio-a-nair-e-fernando-em-ato-de-campanha-pela-reitoria-da-ufma\/","og_site_name":"Daniel Matos","article_published_time":"2015-05-11T14:38:38+00:00","og_image":[{"url":"https:\/\/www.blogsoestado.com\/danielmatos\/files\/2015\/05\/nair-jantar2.jpg","type":"","width":"","height":""}],"twitter_card":"summary_large_image","twitter_misc":{"Est. tempo de leitura":"7 minutos"},"schema":{"@context":"https:\/\/schema.org","@graph":[{"@type":"WebPage","@id":"https:\/\/www.blogsoestado.com\/danielmatos\/centenas-manifestam-apoio-a-nair-e-fernando-em-ato-de-campanha-pela-reitoria-da-ufma\/","url":"https:\/\/www.blogsoestado.com\/danielmatos\/centenas-manifestam-apoio-a-nair-e-fernando-em-ato-de-campanha-pela-reitoria-da-ufma\/","name":"Centenas manifestam apoio a Nair e Fernando em ato de campanha pela reitoria da UFMA - Daniel Matos","isPartOf":{"@id":"https:\/\/www.blogsoestado.com\/danielmatos\/#website"},"primaryImageOfPage":{"@id":"https:\/\/www.blogsoestado.com\/danielmatos\/centenas-manifestam-apoio-a-nair-e-fernando-em-ato-de-campanha-pela-reitoria-da-ufma\/#primaryimage"},"image":{"@id":"https:\/\/www.blogsoestado.com\/danielmatos\/centenas-manifestam-apoio-a-nair-e-fernando-em-ato-de-campanha-pela-reitoria-da-ufma\/#primaryimage"},"thumbnailUrl":"https:\/\/www.blogsoestado.com\/danielmatos\/files\/2015\/05\/nair-jantar2.jpg","datePublished":"2015-05-11T14:38:38+00:00","author":{"@id":""},"breadcrumb":{"@id":"https:\/\/www.blogsoestado.com\/danielmatos\/centenas-manifestam-apoio-a-nair-e-fernando-em-ato-de-campanha-pela-reitoria-da-ufma\/#breadcrumb"},"inLanguage":"pt-BR","potentialAction":[{"@type":"ReadAction","target":["https:\/\/www.blogsoestado.com\/danielmatos\/centenas-manifestam-apoio-a-nair-e-fernando-em-ato-de-campanha-pela-reitoria-da-ufma\/"]}]},{"@type":"ImageObject","inLanguage":"pt-BR","@id":"https:\/\/www.blogsoestado.com\/danielmatos\/centenas-manifestam-apoio-a-nair-e-fernando-em-ato-de-campanha-pela-reitoria-da-ufma\/#primaryimage","url":"https:\/\/www.blogsoestado.com\/danielmatos\/files\/2015\/05\/nair-jantar2.jpg","contentUrl":"https:\/\/www.blogsoestado.com\/danielmatos\/files\/2015\/05\/nair-jantar2.jpg"},{"@type":"BreadcrumbList","@id":"https:\/\/www.blogsoestado.com\/danielmatos\/centenas-manifestam-apoio-a-nair-e-fernando-em-ato-de-campanha-pela-reitoria-da-ufma\/#breadcrumb","itemListElement":[{"@type":"ListItem","position":1,"name":"In\u00edcio","item":"https:\/\/www.blogsoestado.com\/danielmatos\/"},{"@type":"ListItem","position":2,"name":"Centenas manifestam apoio a Nair e Fernando em ato de campanha pela reitoria da UFMA"}]},{"@type":"WebSite","@id":"https:\/\/www.blogsoestado.com\/danielmatos\/#website","url":"https:\/\/www.blogsoestado.com\/danielmatos\/","name":"Daniel Matos","description":"","potentialAction":[{"@type":"SearchAction","target":{"@type":"EntryPoint","urlTemplate":"https:\/\/www.blogsoestado.com\/danielmatos\/?s={search_term_string}"},"query-input":{"@type":"PropertyValueSpecification","valueRequired":true,"valueName":"search_term_string"}}],"inLanguage":"pt-BR"}]}},"jetpack_featured_media_url":"","_links":{"self":[{"href":"https:\/\/www.blogsoestado.com\/danielmatos\/wp-json\/wp\/v2\/posts\/23883","targetHints":{"allow":["GET"]}}],"collection":[{"href":"https:\/\/www.blogsoestado.com\/danielmatos\/wp-json\/wp\/v2\/posts"}],"about":[{"href":"https:\/\/www.blogsoestado.com\/danielmatos\/wp-json\/wp\/v2\/types\/post"}],"replies":[{"embeddable":true,"href":"https:\/\/www.blogsoestado.com\/danielmatos\/wp-json\/wp\/v2\/comments?post=23883"}],"version-history":[{"count":0,"href":"https:\/\/www.blogsoestado.com\/danielmatos\/wp-json\/wp\/v2\/posts\/23883\/revisions"}],"wp:attachment":[{"href":"https:\/\/www.blogsoestado.com\/danielmatos\/wp-json\/wp\/v2\/media?parent=23883"}],"wp:term":[{"taxonomy":"category","embeddable":true,"href":"https:\/\/www.blogsoestado.com\/danielmatos\/wp-json\/wp\/v2\/categories?post=23883"},{"taxonomy":"post_tag","embeddable":true,"href":"https:\/\/www.blogsoestado.com\/danielmatos\/wp-json\/wp\/v2\/tags?post=23883"}],"curies":[{"name":"wp","href":"https:\/\/api.w.org\/{rel}","templated":true}]}}