{"id":2397,"date":"2010-07-04T20:22:46","date_gmt":"2010-07-04T23:22:46","guid":{"rendered":"https:\/\/www.blogsoestado.com\/danielmatos\/?p=2397"},"modified":"2010-07-04T20:22:46","modified_gmt":"2010-07-04T23:22:46","slug":"prossseguem-investigacoes-sobre-tentativa-de-assassinato-do-vice-prefeito-de-bom-lugar","status":"publish","type":"post","link":"https:\/\/www.blogsoestado.com\/danielmatos\/prossseguem-investigacoes-sobre-tentativa-de-assassinato-do-vice-prefeito-de-bom-lugar\/","title":{"rendered":"Prosseguem investiga\u00e7\u00f5es sobre tentativa de assassinato do vice-prefeito de Bom Lugar"},"content":{"rendered":"<p><img fetchpriority=\"high\" decoding=\"async\" class=\"alignright size-full wp-image-2398\" src=\"https:\/\/www.blogsoestado.com\/danielmatos\/files\/2010\/07\/pistolagem.jpg\" alt=\"pistolagem\" width=\"365\" height=\"300\" \/>A partir desta segunda-feira (5), o delegado da Policia Civil de Bacabal, J\u00e1der Jos\u00e9 Silva Alves, dar\u00e1 continuidade \u00e0s investiga\u00e7\u00f5es sobre as den\u00fancias de contrata\u00e7\u00e3o de Hilgo Val\u00e9rio Ara\u00fajo dos Santos e Misael Mendes Pereira, vindos do Amap\u00e1, para matarem o vice-prefeito do munic\u00edpio de Bom Lugar, Ant\u00f4nio Marcos Bezerra Miranda.\u00a0 A maior suspeita \u00e9 que h\u00e1 outros envolvidos.<\/p>\n<p>A dupla foi detida na \u00faltima quinta-feira (1), vinda de Amap\u00e1 para Bom Lugar, no interior maranhense, para executar o crime. Foram contratados pelo valor de R$ 15 mil para realizar a a\u00e7\u00e3o. Hilgo dos Santos e Misael Mendes s\u00e3o fugitivos do Amap\u00e1. Em S\u00e3o Lu\u00eds, eles foram presos pelo crime de uso de documentos falsos.<\/p>\n<p>H\u00e1 cerca de um m\u00eas, o delegado J\u00e1der Jos\u00e9 Silva Alves foi chamado pelo juiz de Miranda do Norte, Roberto de Paula, para escoltar o vice-prefeito de Bom Lugar, Marcos Miranda, at\u00e9 a sua fazenda porque ele estava sendo amea\u00e7ado de morte por um advers\u00e1rio pol\u00edtico que havia cumprido pena, no Amap\u00e1, desde o ano passado at\u00e9 o in\u00edcio deste.<\/p>\n<p>O delegado J\u00e1der Alves recorda que o vice-prefeito, Marcos Bezerra Miranda lhe informou a presen\u00e7a de pessoas estranhas na estrada que d\u00e1 acesso sua fazenda. O delegado realizou dilig\u00eancias sem encontrar nenhum suspeito. Investiga\u00e7\u00f5es levantadas pelo delegado, Jader Alves, revelaram que na \u00faltima ter\u00e7a-feira (29), homens vindos de outro Estado, possivelmente ligados ao tr\u00e1fico de drogas, chegariam ao Maranh\u00e3o, para assinar o vice-prefeito.<\/p>\n<p>A primeira parada destas pessoas seria o munic\u00edpio de Marinha, onde receberiam metralhadoras, pistolas e at\u00e9 um fuzil, de l\u00e1 seguiriam para Bacabal. Ciente do plano, o delegado mobilizou 13 policiais da regi\u00e3o e montou uma estrat\u00e9gia para prender os contratados assim que chegasse a fazenda do vice-prefeito, Marcos Miranda. \u201cFomos at\u00e9 a fazenda para fazermos a distribui\u00e7\u00e3o dos policiais em locais exatos, evitando assim, colocarmos em risco a vida de inocentes\u201d, diz o delegado.<\/p>\n<p>O superintendente da Policia Civil no Interior (SPCI), Jair de Paiva Neto, ressalta que a investiga\u00e7\u00e3o realizada pelo delegado de Bacabal, J\u00e1der Alves, obedeceu aos preceitos profissionais. \u201cEle foi cauteloso ao apurar informa\u00e7\u00f5es sobre a dupla, e, aguardar o momento certo para uma poss\u00edvel abordagem, sem colocar em perigo a vida dos cidad\u00e3os\u201d, assegurou.<\/p>\n<p><strong>Fonte:<\/strong> Secretaria Estadual de Comunica\u00e7\u00e3o (Secom)<\/p>\n","protected":false},"excerpt":{"rendered":"<p>A partir desta segunda-feira (5), o delegado da Policia Civil de Bacabal, J\u00e1der Jos\u00e9 Silva Alves, dar\u00e1 continuidade \u00e0s investiga\u00e7\u00f5es [&hellip;]<\/p>\n","protected":false},"author":0,"featured_media":0,"comment_status":"open","ping_status":"open","sticky":false,"template":"","format":"standard","meta":{"site-sidebar-layout":"default","site-content-layout":"","ast-site-content-layout":"default","site-content-style":"default","site-sidebar-style":"default","ast-global-header-display":"","ast-banner-title-visibility":"","ast-main-header-display":"","ast-hfb-above-header-display":"","ast-hfb-below-header-display":"","ast-hfb-mobile-header-display":"","site-post-title":"","ast-breadcrumbs-content":"","ast-featured-img":"","footer-sml-layout":"","ast-disable-related-posts":"","theme-transparent-header-meta":"","adv-header-id-meta":"","stick-header-meta":"","header-above-stick-meta":"","header-main-stick-meta":"","header-below-stick-meta":"","astra-migrate-meta-layouts":"default","ast-page-background-enabled":"default","ast-page-background-meta":{"desktop":{"background-color":"var(--ast-global-color-5)","background-image":"","background-repeat":"repeat","background-position":"center center","background-size":"auto","background-attachment":"scroll","background-type":"","background-media":"","overlay-type":"","overlay-color":"","overlay-opacity":"","overlay-gradient":""},"tablet":{"background-color":"","background-image":"","background-repeat":"repeat","background-position":"center center","background-size":"auto","background-attachment":"scroll","background-type":"","background-media":"","overlay-type":"","overlay-color":"","overlay-opacity":"","overlay-gradient":""},"mobile":{"background-color":"","background-image":"","background-repeat":"repeat","background-position":"center center","background-size":"auto","background-attachment":"scroll","background-type":"","background-media":"","overlay-type":"","overlay-color":"","overlay-opacity":"","overlay-gradient":""}},"ast-content-background-meta":{"desktop":{"background-color":"var(--ast-global-color-4)","background-image":"","background-repeat":"repeat","background-position":"center center","background-size":"auto","background-attachment":"scroll","background-type":"","background-media":"","overlay-type":"","overlay-color":"","overlay-opacity":"","overlay-gradient":""},"tablet":{"background-color":"var(--ast-global-color-4)","background-image":"","background-repeat":"repeat","background-position":"center center","background-size":"auto","background-attachment":"scroll","background-type":"","background-media":"","overlay-type":"","overlay-color":"","overlay-opacity":"","overlay-gradient":""},"mobile":{"background-color":"var(--ast-global-color-4)","background-image":"","background-repeat":"repeat","background-position":"center center","background-size":"auto","background-attachment":"scroll","background-type":"","background-media":"","overlay-type":"","overlay-color":"","overlay-opacity":"","overlay-gradient":""}},"footnotes":""},"categories":[1],"tags":[],"class_list":["post-2397","post","type-post","status-publish","format-standard","hentry","category-sem-categoria"],"yoast_head":"<!-- This site is optimized with the Yoast SEO plugin v26.6 - https:\/\/yoast.com\/wordpress\/plugins\/seo\/ -->\n<title>Prosseguem investiga\u00e7\u00f5es sobre tentativa de assassinato do vice-prefeito de Bom Lugar - Daniel Matos<\/title>\n<meta name=\"robots\" content=\"index, follow, max-snippet:-1, max-image-preview:large, max-video-preview:-1\" \/>\n<link rel=\"canonical\" href=\"https:\/\/www.blogsoestado.com\/danielmatos\/prossseguem-investigacoes-sobre-tentativa-de-assassinato-do-vice-prefeito-de-bom-lugar\/\" \/>\n<meta property=\"og:locale\" content=\"pt_BR\" \/>\n<meta property=\"og:type\" content=\"article\" \/>\n<meta property=\"og:title\" content=\"Prosseguem investiga\u00e7\u00f5es sobre tentativa de assassinato do vice-prefeito de Bom Lugar - Daniel Matos\" \/>\n<meta property=\"og:description\" content=\"A partir desta segunda-feira (5), o delegado da Policia Civil de Bacabal, J\u00e1der Jos\u00e9 Silva Alves, dar\u00e1 continuidade \u00e0s investiga\u00e7\u00f5es [&hellip;]\" \/>\n<meta property=\"og:url\" content=\"https:\/\/www.blogsoestado.com\/danielmatos\/prossseguem-investigacoes-sobre-tentativa-de-assassinato-do-vice-prefeito-de-bom-lugar\/\" \/>\n<meta property=\"og:site_name\" content=\"Daniel Matos\" \/>\n<meta property=\"article:published_time\" content=\"2010-07-04T23:22:46+00:00\" \/>\n<meta property=\"og:image\" content=\"https:\/\/www.blogsoestado.com\/danielmatos\/files\/2010\/07\/pistolagem.jpg\" \/>\n<meta name=\"twitter:card\" content=\"summary_large_image\" \/>\n<meta name=\"twitter:label1\" content=\"Est. tempo de leitura\" \/>\n\t<meta name=\"twitter:data1\" content=\"2 minutos\" \/>\n<script type=\"application\/ld+json\" class=\"yoast-schema-graph\">{\"@context\":\"https:\/\/schema.org\",\"@graph\":[{\"@type\":\"WebPage\",\"@id\":\"https:\/\/www.blogsoestado.com\/danielmatos\/prossseguem-investigacoes-sobre-tentativa-de-assassinato-do-vice-prefeito-de-bom-lugar\/\",\"url\":\"https:\/\/www.blogsoestado.com\/danielmatos\/prossseguem-investigacoes-sobre-tentativa-de-assassinato-do-vice-prefeito-de-bom-lugar\/\",\"name\":\"Prosseguem investiga\u00e7\u00f5es sobre tentativa de assassinato do vice-prefeito de Bom Lugar - Daniel Matos\",\"isPartOf\":{\"@id\":\"https:\/\/www.blogsoestado.com\/danielmatos\/#website\"},\"primaryImageOfPage\":{\"@id\":\"https:\/\/www.blogsoestado.com\/danielmatos\/prossseguem-investigacoes-sobre-tentativa-de-assassinato-do-vice-prefeito-de-bom-lugar\/#primaryimage\"},\"image\":{\"@id\":\"https:\/\/www.blogsoestado.com\/danielmatos\/prossseguem-investigacoes-sobre-tentativa-de-assassinato-do-vice-prefeito-de-bom-lugar\/#primaryimage\"},\"thumbnailUrl\":\"https:\/\/www.blogsoestado.com\/danielmatos\/files\/2010\/07\/pistolagem.jpg\",\"datePublished\":\"2010-07-04T23:22:46+00:00\",\"author\":{\"@id\":\"\"},\"breadcrumb\":{\"@id\":\"https:\/\/www.blogsoestado.com\/danielmatos\/prossseguem-investigacoes-sobre-tentativa-de-assassinato-do-vice-prefeito-de-bom-lugar\/#breadcrumb\"},\"inLanguage\":\"pt-BR\",\"potentialAction\":[{\"@type\":\"ReadAction\",\"target\":[\"https:\/\/www.blogsoestado.com\/danielmatos\/prossseguem-investigacoes-sobre-tentativa-de-assassinato-do-vice-prefeito-de-bom-lugar\/\"]}]},{\"@type\":\"ImageObject\",\"inLanguage\":\"pt-BR\",\"@id\":\"https:\/\/www.blogsoestado.com\/danielmatos\/prossseguem-investigacoes-sobre-tentativa-de-assassinato-do-vice-prefeito-de-bom-lugar\/#primaryimage\",\"url\":\"https:\/\/www.blogsoestado.com\/danielmatos\/files\/2010\/07\/pistolagem.jpg\",\"contentUrl\":\"https:\/\/www.blogsoestado.com\/danielmatos\/files\/2010\/07\/pistolagem.jpg\"},{\"@type\":\"BreadcrumbList\",\"@id\":\"https:\/\/www.blogsoestado.com\/danielmatos\/prossseguem-investigacoes-sobre-tentativa-de-assassinato-do-vice-prefeito-de-bom-lugar\/#breadcrumb\",\"itemListElement\":[{\"@type\":\"ListItem\",\"position\":1,\"name\":\"In\u00edcio\",\"item\":\"https:\/\/www.blogsoestado.com\/danielmatos\/\"},{\"@type\":\"ListItem\",\"position\":2,\"name\":\"Prosseguem investiga\u00e7\u00f5es sobre tentativa de assassinato do vice-prefeito de Bom Lugar\"}]},{\"@type\":\"WebSite\",\"@id\":\"https:\/\/www.blogsoestado.com\/danielmatos\/#website\",\"url\":\"https:\/\/www.blogsoestado.com\/danielmatos\/\",\"name\":\"Daniel Matos\",\"description\":\"\",\"potentialAction\":[{\"@type\":\"SearchAction\",\"target\":{\"@type\":\"EntryPoint\",\"urlTemplate\":\"https:\/\/www.blogsoestado.com\/danielmatos\/?s={search_term_string}\"},\"query-input\":{\"@type\":\"PropertyValueSpecification\",\"valueRequired\":true,\"valueName\":\"search_term_string\"}}],\"inLanguage\":\"pt-BR\"}]}<\/script>\n<!-- \/ Yoast SEO plugin. -->","yoast_head_json":{"title":"Prosseguem investiga\u00e7\u00f5es sobre tentativa de assassinato do vice-prefeito de Bom Lugar - Daniel Matos","robots":{"index":"index","follow":"follow","max-snippet":"max-snippet:-1","max-image-preview":"max-image-preview:large","max-video-preview":"max-video-preview:-1"},"canonical":"https:\/\/www.blogsoestado.com\/danielmatos\/prossseguem-investigacoes-sobre-tentativa-de-assassinato-do-vice-prefeito-de-bom-lugar\/","og_locale":"pt_BR","og_type":"article","og_title":"Prosseguem investiga\u00e7\u00f5es sobre tentativa de assassinato do vice-prefeito de Bom Lugar - Daniel Matos","og_description":"A partir desta segunda-feira (5), o delegado da Policia Civil de Bacabal, J\u00e1der Jos\u00e9 Silva Alves, dar\u00e1 continuidade \u00e0s investiga\u00e7\u00f5es [&hellip;]","og_url":"https:\/\/www.blogsoestado.com\/danielmatos\/prossseguem-investigacoes-sobre-tentativa-de-assassinato-do-vice-prefeito-de-bom-lugar\/","og_site_name":"Daniel Matos","article_published_time":"2010-07-04T23:22:46+00:00","og_image":[{"url":"https:\/\/www.blogsoestado.com\/danielmatos\/files\/2010\/07\/pistolagem.jpg","type":"","width":"","height":""}],"twitter_card":"summary_large_image","twitter_misc":{"Est. tempo de leitura":"2 minutos"},"schema":{"@context":"https:\/\/schema.org","@graph":[{"@type":"WebPage","@id":"https:\/\/www.blogsoestado.com\/danielmatos\/prossseguem-investigacoes-sobre-tentativa-de-assassinato-do-vice-prefeito-de-bom-lugar\/","url":"https:\/\/www.blogsoestado.com\/danielmatos\/prossseguem-investigacoes-sobre-tentativa-de-assassinato-do-vice-prefeito-de-bom-lugar\/","name":"Prosseguem investiga\u00e7\u00f5es sobre tentativa de assassinato do vice-prefeito de Bom Lugar - Daniel Matos","isPartOf":{"@id":"https:\/\/www.blogsoestado.com\/danielmatos\/#website"},"primaryImageOfPage":{"@id":"https:\/\/www.blogsoestado.com\/danielmatos\/prossseguem-investigacoes-sobre-tentativa-de-assassinato-do-vice-prefeito-de-bom-lugar\/#primaryimage"},"image":{"@id":"https:\/\/www.blogsoestado.com\/danielmatos\/prossseguem-investigacoes-sobre-tentativa-de-assassinato-do-vice-prefeito-de-bom-lugar\/#primaryimage"},"thumbnailUrl":"https:\/\/www.blogsoestado.com\/danielmatos\/files\/2010\/07\/pistolagem.jpg","datePublished":"2010-07-04T23:22:46+00:00","author":{"@id":""},"breadcrumb":{"@id":"https:\/\/www.blogsoestado.com\/danielmatos\/prossseguem-investigacoes-sobre-tentativa-de-assassinato-do-vice-prefeito-de-bom-lugar\/#breadcrumb"},"inLanguage":"pt-BR","potentialAction":[{"@type":"ReadAction","target":["https:\/\/www.blogsoestado.com\/danielmatos\/prossseguem-investigacoes-sobre-tentativa-de-assassinato-do-vice-prefeito-de-bom-lugar\/"]}]},{"@type":"ImageObject","inLanguage":"pt-BR","@id":"https:\/\/www.blogsoestado.com\/danielmatos\/prossseguem-investigacoes-sobre-tentativa-de-assassinato-do-vice-prefeito-de-bom-lugar\/#primaryimage","url":"https:\/\/www.blogsoestado.com\/danielmatos\/files\/2010\/07\/pistolagem.jpg","contentUrl":"https:\/\/www.blogsoestado.com\/danielmatos\/files\/2010\/07\/pistolagem.jpg"},{"@type":"BreadcrumbList","@id":"https:\/\/www.blogsoestado.com\/danielmatos\/prossseguem-investigacoes-sobre-tentativa-de-assassinato-do-vice-prefeito-de-bom-lugar\/#breadcrumb","itemListElement":[{"@type":"ListItem","position":1,"name":"In\u00edcio","item":"https:\/\/www.blogsoestado.com\/danielmatos\/"},{"@type":"ListItem","position":2,"name":"Prosseguem investiga\u00e7\u00f5es sobre tentativa de assassinato do vice-prefeito de Bom Lugar"}]},{"@type":"WebSite","@id":"https:\/\/www.blogsoestado.com\/danielmatos\/#website","url":"https:\/\/www.blogsoestado.com\/danielmatos\/","name":"Daniel Matos","description":"","potentialAction":[{"@type":"SearchAction","target":{"@type":"EntryPoint","urlTemplate":"https:\/\/www.blogsoestado.com\/danielmatos\/?s={search_term_string}"},"query-input":{"@type":"PropertyValueSpecification","valueRequired":true,"valueName":"search_term_string"}}],"inLanguage":"pt-BR"}]}},"jetpack_featured_media_url":"","_links":{"self":[{"href":"https:\/\/www.blogsoestado.com\/danielmatos\/wp-json\/wp\/v2\/posts\/2397","targetHints":{"allow":["GET"]}}],"collection":[{"href":"https:\/\/www.blogsoestado.com\/danielmatos\/wp-json\/wp\/v2\/posts"}],"about":[{"href":"https:\/\/www.blogsoestado.com\/danielmatos\/wp-json\/wp\/v2\/types\/post"}],"replies":[{"embeddable":true,"href":"https:\/\/www.blogsoestado.com\/danielmatos\/wp-json\/wp\/v2\/comments?post=2397"}],"version-history":[{"count":0,"href":"https:\/\/www.blogsoestado.com\/danielmatos\/wp-json\/wp\/v2\/posts\/2397\/revisions"}],"wp:attachment":[{"href":"https:\/\/www.blogsoestado.com\/danielmatos\/wp-json\/wp\/v2\/media?parent=2397"}],"wp:term":[{"taxonomy":"category","embeddable":true,"href":"https:\/\/www.blogsoestado.com\/danielmatos\/wp-json\/wp\/v2\/categories?post=2397"},{"taxonomy":"post_tag","embeddable":true,"href":"https:\/\/www.blogsoestado.com\/danielmatos\/wp-json\/wp\/v2\/tags?post=2397"}],"curies":[{"name":"wp","href":"https:\/\/api.w.org\/{rel}","templated":true}]}}