{"id":2402,"date":"2010-07-06T09:47:43","date_gmt":"2010-07-06T12:47:43","guid":{"rendered":"https:\/\/www.blogsoestado.com\/danielmatos\/?p=2402"},"modified":"2010-07-06T09:47:43","modified_gmt":"2010-07-06T12:47:43","slug":"apos-denuncia-semus-denuncia-reposicao-do-estoque-de-comida-do-socorrao-ii","status":"publish","type":"post","link":"https:\/\/www.blogsoestado.com\/danielmatos\/apos-denuncia-semus-denuncia-reposicao-do-estoque-de-comida-do-socorrao-ii\/","title":{"rendered":"Ap\u00f3s den\u00fancia, Semus manda repor estoque de comida do Socorr\u00e3o II"},"content":{"rendered":"<p>Ap\u00f3s den\u00fancia veiculada por este blog e pelo jornal <strong>O Estado do Maranh\u00e3o<\/strong>, em sua edi\u00e7\u00e3o de hoje (veja <a href=\"http:\/\/imirante.globo.com\/oestadoma\/online\/06072010\/\">aqui<\/a>), sobre o racionamento de comida no Hospital Municipal Clementino Moura, o Socorr\u00e3o II, a Secretaria Municipal de Sa\u00fade (Semus) divulgou nota informando sobre a regulariza\u00e7\u00e3o do estoque de alimentos naquela casa de sa\u00fade. Segundo o \u00f3rg\u00e3o, o problema foi resolvido ontem mesmo. Ainda de acordo com a secretaria, diariamente, s\u00e3o servidas cerca de 1.300 refei\u00e7\u00f5es a pacientes, acompanhantes e funcion\u00e1rios no Socorr\u00e3o II. Segue a nota, em tamanho reduzido,\u00a0e mais abaixo o texto do documento em fonte normal:<\/p>\n<p><img fetchpriority=\"high\" decoding=\"async\" class=\"aligncenter size-full wp-image-2404\" src=\"https:\/\/www.blogsoestado.com\/danielmatos\/files\/2010\/07\/nota-socorr\u00e3o1.png\" alt=\"nota socorr\u00e3o\" width=\"380\" height=\"538\" \/><\/p>\n<p>A Secretaria Municipal de Sa\u00fade (Semus) informa que j\u00e1 foi regularizada a entrega da alimenta\u00e7\u00e3o por parte dos fornecedores e que a distribui\u00e7\u00e3o das refei\u00e7\u00f5es foi normalizada no mesmo dia, com lanches e jantar. No total, o Socorr\u00e3o II serve, todos os dias, 1.300 refei\u00e7\u00f5es para pacientes, acompanhantes e funcion\u00e1rios.<\/p>\n","protected":false},"excerpt":{"rendered":"<p>Ap\u00f3s den\u00fancia veiculada por este blog e pelo jornal O Estado do Maranh\u00e3o, em sua edi\u00e7\u00e3o de hoje (veja aqui), [&hellip;]<\/p>\n","protected":false},"author":0,"featured_media":0,"comment_status":"open","ping_status":"open","sticky":false,"template":"","format":"standard","meta":{"site-sidebar-layout":"default","site-content-layout":"","ast-site-content-layout":"default","site-content-style":"default","site-sidebar-style":"default","ast-global-header-display":"","ast-banner-title-visibility":"","ast-main-header-display":"","ast-hfb-above-header-display":"","ast-hfb-below-header-display":"","ast-hfb-mobile-header-display":"","site-post-title":"","ast-breadcrumbs-content":"","ast-featured-img":"","footer-sml-layout":"","ast-disable-related-posts":"","theme-transparent-header-meta":"","adv-header-id-meta":"","stick-header-meta":"","header-above-stick-meta":"","header-main-stick-meta":"","header-below-stick-meta":"","astra-migrate-meta-layouts":"default","ast-page-background-enabled":"default","ast-page-background-meta":{"desktop":{"background-color":"var(--ast-global-color-5)","background-image":"","background-repeat":"repeat","background-position":"center center","background-size":"auto","background-attachment":"scroll","background-type":"","background-media":"","overlay-type":"","overlay-color":"","overlay-opacity":"","overlay-gradient":""},"tablet":{"background-color":"","background-image":"","background-repeat":"repeat","background-position":"center center","background-size":"auto","background-attachment":"scroll","background-type":"","background-media":"","overlay-type":"","overlay-color":"","overlay-opacity":"","overlay-gradient":""},"mobile":{"background-color":"","background-image":"","background-repeat":"repeat","background-position":"center center","background-size":"auto","background-attachment":"scroll","background-type":"","background-media":"","overlay-type":"","overlay-color":"","overlay-opacity":"","overlay-gradient":""}},"ast-content-background-meta":{"desktop":{"background-color":"var(--ast-global-color-4)","background-image":"","background-repeat":"repeat","background-position":"center center","background-size":"auto","background-attachment":"scroll","background-type":"","background-media":"","overlay-type":"","overlay-color":"","overlay-opacity":"","overlay-gradient":""},"tablet":{"background-color":"var(--ast-global-color-4)","background-image":"","background-repeat":"repeat","background-position":"center center","background-size":"auto","background-attachment":"scroll","background-type":"","background-media":"","overlay-type":"","overlay-color":"","overlay-opacity":"","overlay-gradient":""},"mobile":{"background-color":"var(--ast-global-color-4)","background-image":"","background-repeat":"repeat","background-position":"center center","background-size":"auto","background-attachment":"scroll","background-type":"","background-media":"","overlay-type":"","overlay-color":"","overlay-opacity":"","overlay-gradient":""}},"footnotes":""},"categories":[1],"tags":[],"class_list":["post-2402","post","type-post","status-publish","format-standard","hentry","category-sem-categoria"],"yoast_head":"<!-- This site is optimized with the Yoast SEO plugin v26.6 - https:\/\/yoast.com\/wordpress\/plugins\/seo\/ -->\n<title>Ap\u00f3s den\u00fancia, Semus manda repor estoque de comida do Socorr\u00e3o II - Daniel Matos<\/title>\n<meta name=\"robots\" content=\"index, follow, max-snippet:-1, max-image-preview:large, max-video-preview:-1\" \/>\n<link rel=\"canonical\" href=\"https:\/\/www.blogsoestado.com\/danielmatos\/apos-denuncia-semus-denuncia-reposicao-do-estoque-de-comida-do-socorrao-ii\/\" \/>\n<meta property=\"og:locale\" content=\"pt_BR\" \/>\n<meta property=\"og:type\" content=\"article\" \/>\n<meta property=\"og:title\" content=\"Ap\u00f3s den\u00fancia, Semus manda repor estoque de comida do Socorr\u00e3o II - Daniel Matos\" \/>\n<meta property=\"og:description\" content=\"Ap\u00f3s den\u00fancia veiculada por este blog e pelo jornal O Estado do Maranh\u00e3o, em sua edi\u00e7\u00e3o de hoje (veja aqui), [&hellip;]\" \/>\n<meta property=\"og:url\" content=\"https:\/\/www.blogsoestado.com\/danielmatos\/apos-denuncia-semus-denuncia-reposicao-do-estoque-de-comida-do-socorrao-ii\/\" \/>\n<meta property=\"og:site_name\" content=\"Daniel Matos\" \/>\n<meta property=\"article:published_time\" content=\"2010-07-06T12:47:43+00:00\" \/>\n<meta name=\"twitter:card\" content=\"summary_large_image\" \/>\n<meta name=\"twitter:label1\" content=\"Est. tempo de leitura\" \/>\n\t<meta name=\"twitter:data1\" content=\"1 minuto\" \/>\n<script type=\"application\/ld+json\" class=\"yoast-schema-graph\">{\"@context\":\"https:\/\/schema.org\",\"@graph\":[{\"@type\":\"WebPage\",\"@id\":\"https:\/\/www.blogsoestado.com\/danielmatos\/apos-denuncia-semus-denuncia-reposicao-do-estoque-de-comida-do-socorrao-ii\/\",\"url\":\"https:\/\/www.blogsoestado.com\/danielmatos\/apos-denuncia-semus-denuncia-reposicao-do-estoque-de-comida-do-socorrao-ii\/\",\"name\":\"Ap\u00f3s den\u00fancia, Semus manda repor estoque de comida do Socorr\u00e3o II - Daniel Matos\",\"isPartOf\":{\"@id\":\"https:\/\/www.blogsoestado.com\/danielmatos\/#website\"},\"datePublished\":\"2010-07-06T12:47:43+00:00\",\"author\":{\"@id\":\"\"},\"breadcrumb\":{\"@id\":\"https:\/\/www.blogsoestado.com\/danielmatos\/apos-denuncia-semus-denuncia-reposicao-do-estoque-de-comida-do-socorrao-ii\/#breadcrumb\"},\"inLanguage\":\"pt-BR\",\"potentialAction\":[{\"@type\":\"ReadAction\",\"target\":[\"https:\/\/www.blogsoestado.com\/danielmatos\/apos-denuncia-semus-denuncia-reposicao-do-estoque-de-comida-do-socorrao-ii\/\"]}]},{\"@type\":\"BreadcrumbList\",\"@id\":\"https:\/\/www.blogsoestado.com\/danielmatos\/apos-denuncia-semus-denuncia-reposicao-do-estoque-de-comida-do-socorrao-ii\/#breadcrumb\",\"itemListElement\":[{\"@type\":\"ListItem\",\"position\":1,\"name\":\"In\u00edcio\",\"item\":\"https:\/\/www.blogsoestado.com\/danielmatos\/\"},{\"@type\":\"ListItem\",\"position\":2,\"name\":\"Ap\u00f3s den\u00fancia, Semus manda repor estoque de comida do Socorr\u00e3o II\"}]},{\"@type\":\"WebSite\",\"@id\":\"https:\/\/www.blogsoestado.com\/danielmatos\/#website\",\"url\":\"https:\/\/www.blogsoestado.com\/danielmatos\/\",\"name\":\"Daniel Matos\",\"description\":\"\",\"potentialAction\":[{\"@type\":\"SearchAction\",\"target\":{\"@type\":\"EntryPoint\",\"urlTemplate\":\"https:\/\/www.blogsoestado.com\/danielmatos\/?s={search_term_string}\"},\"query-input\":{\"@type\":\"PropertyValueSpecification\",\"valueRequired\":true,\"valueName\":\"search_term_string\"}}],\"inLanguage\":\"pt-BR\"}]}<\/script>\n<!-- \/ Yoast SEO plugin. -->","yoast_head_json":{"title":"Ap\u00f3s den\u00fancia, Semus manda repor estoque de comida do Socorr\u00e3o II - Daniel Matos","robots":{"index":"index","follow":"follow","max-snippet":"max-snippet:-1","max-image-preview":"max-image-preview:large","max-video-preview":"max-video-preview:-1"},"canonical":"https:\/\/www.blogsoestado.com\/danielmatos\/apos-denuncia-semus-denuncia-reposicao-do-estoque-de-comida-do-socorrao-ii\/","og_locale":"pt_BR","og_type":"article","og_title":"Ap\u00f3s den\u00fancia, Semus manda repor estoque de comida do Socorr\u00e3o II - Daniel Matos","og_description":"Ap\u00f3s den\u00fancia veiculada por este blog e pelo jornal O Estado do Maranh\u00e3o, em sua edi\u00e7\u00e3o de hoje (veja aqui), [&hellip;]","og_url":"https:\/\/www.blogsoestado.com\/danielmatos\/apos-denuncia-semus-denuncia-reposicao-do-estoque-de-comida-do-socorrao-ii\/","og_site_name":"Daniel Matos","article_published_time":"2010-07-06T12:47:43+00:00","twitter_card":"summary_large_image","twitter_misc":{"Est. tempo de leitura":"1 minuto"},"schema":{"@context":"https:\/\/schema.org","@graph":[{"@type":"WebPage","@id":"https:\/\/www.blogsoestado.com\/danielmatos\/apos-denuncia-semus-denuncia-reposicao-do-estoque-de-comida-do-socorrao-ii\/","url":"https:\/\/www.blogsoestado.com\/danielmatos\/apos-denuncia-semus-denuncia-reposicao-do-estoque-de-comida-do-socorrao-ii\/","name":"Ap\u00f3s den\u00fancia, Semus manda repor estoque de comida do Socorr\u00e3o II - Daniel Matos","isPartOf":{"@id":"https:\/\/www.blogsoestado.com\/danielmatos\/#website"},"datePublished":"2010-07-06T12:47:43+00:00","author":{"@id":""},"breadcrumb":{"@id":"https:\/\/www.blogsoestado.com\/danielmatos\/apos-denuncia-semus-denuncia-reposicao-do-estoque-de-comida-do-socorrao-ii\/#breadcrumb"},"inLanguage":"pt-BR","potentialAction":[{"@type":"ReadAction","target":["https:\/\/www.blogsoestado.com\/danielmatos\/apos-denuncia-semus-denuncia-reposicao-do-estoque-de-comida-do-socorrao-ii\/"]}]},{"@type":"BreadcrumbList","@id":"https:\/\/www.blogsoestado.com\/danielmatos\/apos-denuncia-semus-denuncia-reposicao-do-estoque-de-comida-do-socorrao-ii\/#breadcrumb","itemListElement":[{"@type":"ListItem","position":1,"name":"In\u00edcio","item":"https:\/\/www.blogsoestado.com\/danielmatos\/"},{"@type":"ListItem","position":2,"name":"Ap\u00f3s den\u00fancia, Semus manda repor estoque de comida do Socorr\u00e3o II"}]},{"@type":"WebSite","@id":"https:\/\/www.blogsoestado.com\/danielmatos\/#website","url":"https:\/\/www.blogsoestado.com\/danielmatos\/","name":"Daniel Matos","description":"","potentialAction":[{"@type":"SearchAction","target":{"@type":"EntryPoint","urlTemplate":"https:\/\/www.blogsoestado.com\/danielmatos\/?s={search_term_string}"},"query-input":{"@type":"PropertyValueSpecification","valueRequired":true,"valueName":"search_term_string"}}],"inLanguage":"pt-BR"}]}},"jetpack_featured_media_url":"","_links":{"self":[{"href":"https:\/\/www.blogsoestado.com\/danielmatos\/wp-json\/wp\/v2\/posts\/2402","targetHints":{"allow":["GET"]}}],"collection":[{"href":"https:\/\/www.blogsoestado.com\/danielmatos\/wp-json\/wp\/v2\/posts"}],"about":[{"href":"https:\/\/www.blogsoestado.com\/danielmatos\/wp-json\/wp\/v2\/types\/post"}],"replies":[{"embeddable":true,"href":"https:\/\/www.blogsoestado.com\/danielmatos\/wp-json\/wp\/v2\/comments?post=2402"}],"version-history":[{"count":0,"href":"https:\/\/www.blogsoestado.com\/danielmatos\/wp-json\/wp\/v2\/posts\/2402\/revisions"}],"wp:attachment":[{"href":"https:\/\/www.blogsoestado.com\/danielmatos\/wp-json\/wp\/v2\/media?parent=2402"}],"wp:term":[{"taxonomy":"category","embeddable":true,"href":"https:\/\/www.blogsoestado.com\/danielmatos\/wp-json\/wp\/v2\/categories?post=2402"},{"taxonomy":"post_tag","embeddable":true,"href":"https:\/\/www.blogsoestado.com\/danielmatos\/wp-json\/wp\/v2\/tags?post=2402"}],"curies":[{"name":"wp","href":"https:\/\/api.w.org\/{rel}","templated":true}]}}