{"id":24035,"date":"2015-05-17T08:34:46","date_gmt":"2015-05-17T11:34:46","guid":{"rendered":"https:\/\/www.blogsoestado.com\/danielmatos\/?p=24035"},"modified":"2015-05-17T08:34:46","modified_gmt":"2015-05-17T11:34:46","slug":"odebrecht-ambiental-apresenta-balanco-de-100-dias-de-operacao-em-paco-do-lumiar-e-ribamar","status":"publish","type":"post","link":"https:\/\/www.blogsoestado.com\/danielmatos\/odebrecht-ambiental-apresenta-balanco-de-100-dias-de-operacao-em-paco-do-lumiar-e-ribamar\/","title":{"rendered":"Odebrecht Ambiental apresenta balan\u00e7o de 100 dias de opera\u00e7\u00e3o em Pa\u00e7o do Lumiar e Ribamar"},"content":{"rendered":"<figure id=\"attachment_24036\" aria-describedby=\"caption-attachment-24036\" style=\"width: 640px\" class=\"wp-caption aligncenter\"><a href=\"https:\/\/www.blogsoestado.com\/danielmatos\/files\/2015\/05\/pa\u00e7o-odebrecht.jpg\"><img fetchpriority=\"high\" decoding=\"async\" class=\"size-full wp-image-24036\" src=\"https:\/\/www.blogsoestado.com\/danielmatos\/files\/2015\/05\/pa\u00e7o-odebrecht.jpg\" alt=\"Prefeitos Josemar Sobreiro (Pa\u00e7o do Lumiar) e Gil Cutrim (S\u00e3o Jos\u00e9 de Ribamar)  assistiram \u00e0 apresenta\u00e7\u00e3o do balan\u00e7o\" width=\"640\" height=\"427\" \/><\/a><figcaption id=\"caption-attachment-24036\" class=\"wp-caption-text\">Prefeitos Josemar Sobreiro (Pa\u00e7o do Lumiar) e Gil Cutrim (S\u00e3o Jos\u00e9 de Ribamar) assistiram \u00e0 apresenta\u00e7\u00e3o do balan\u00e7o<\/figcaption><\/figure>\n<p>Cerca de 160 mil pessoas j\u00e1 foram beneficiadas com as primeiras melhorias. Na \u00faltima quinta-feira (14), a Odebrecht Ambiental, empresa respons\u00e1vel pelos servi\u00e7os de \u00e1gua e esgoto de Pa\u00e7o do Lumiar e S\u00e3o Jos\u00e9 de Ribamar apresentou o balan\u00e7o integrado dos 100 dias de opera\u00e7\u00e3o em uma reuni\u00e3o que contou com a participa\u00e7\u00e3o dos prefeitos dos munic\u00edpios, Josemar Sobreiro e Gil Cutrim, al\u00e9m de suas equipes de secret\u00e1rios e vereadores. Na oportunidade eles puderam conhecer de perto todas as interven\u00e7\u00f5es e melhorias realizadas neste curto per\u00edodo.<\/p>\n<p>Com o trabalho da Odebrecht Ambiental a situa\u00e7\u00e3o do saneamento b\u00e1sico nas duas cidades j\u00e1 come\u00e7ou a mudar. S\u00e3o quatro novos po\u00e7os que est\u00e3o em fase de conclus\u00e3o, situados nos bairros do Maiob\u00e3o, Parque Vit\u00f3ria, Sede de S\u00e3o Jos\u00e9 de Ribamar e Parque Jair, al\u00e9m de dois po\u00e7os em in\u00edcio de perfura\u00e7\u00e3o no Turi\u00faba e Morop\u00f3ia.<\/p>\n<p>\u201cCom estas novas fontes de capta\u00e7\u00e3o a perspectiva \u00e9 melhorar de forma sens\u00edvel o abastecimento de \u00e1gua nas comunidades pr\u00f3ximas, a exemplo do Parque Vit\u00f3ria, onde conseguimos perfurar um po\u00e7o com 180 metros de profundidade e 130 m\u00b3\/h de vaz\u00e3o\u201d adianta Helder Dantas, diretor da Odebrecht Ambiental no Maranh\u00e3o.<\/p>\n<p>Cerca de 150 po\u00e7os j\u00e1 existentes tamb\u00e9m receberam uma aten\u00e7\u00e3o especial atrav\u00e9s de servi\u00e7os de manuten\u00e7\u00e3o, automa\u00e7\u00e3o e otimiza\u00e7\u00e3o. Foram realizadas filmagens dos perfis dos po\u00e7os, trocas de bombas e outros equipamentos, testes de vaz\u00e3o e qualidade da \u00e1gua, bem como a adequa\u00e7\u00e3o de pain\u00e9is el\u00e9tricos.<\/p>\n<p>No Maiob\u00e3o est\u00e3o sendo finalizados os trabalhos de setoriza\u00e7\u00e3o de rede, que tem como objetivo melhorar o abastecimento na regi\u00e3o. Enquanto que no bairro de Pir\u00e2mide foram constru\u00eddos mais de 2 mil metros de redes de abastecimento de \u00e1gua.<\/p>\n<p>De acordo com o prefeito Josemar Sobreiro (PR), a concess\u00e3o do servi\u00e7o de abastecimento de \u00e1gua e esgoto foi uma interven\u00e7\u00e3o justa, que est\u00e1 gradativamente mudando a realidade dos moradores de Pa\u00e7o do Lumiar. \u201c\u00c1gua tratada e nas torneiras hoje \u00e9 uma realidade nos lares. Um investimento desta gest\u00e3o em prol da popula\u00e7\u00e3o que sofreu por mais de trinta anos por inefici\u00eancia na presta\u00e7\u00e3o do servi\u00e7o\u201d, lembrou.<\/p>\n<p>A Odebrecht Ambiental tamb\u00e9m implantou softwares especiais voltados para o monitoramento, cadastro e modelagem das redes de \u00e1gua j\u00e1 existentes. Estes programas proporcionam a gera\u00e7\u00e3o de informa\u00e7\u00f5es e dados essenciais para o planejamento e execu\u00e7\u00e3o de projetos e melhorias nos sistemas.<\/p>\n<p>Desde o in\u00edcio de sua opera\u00e7\u00e3o, a Odebrecht Ambiental executou cerca de 16 mil ordens de servi\u00e7o, com solicita\u00e7\u00f5es de novas liga\u00e7\u00f5es, desobstru\u00e7\u00e3o de rede de esgoto, conserto de vazamentos, entre outros. Os usu\u00e1rios dos servi\u00e7os contam com uma rede de atendimento que inclui o contato direto com a Odebrecht Ambiental atrav\u00e9s do 0800 771 0001, servi\u00e7o gratuito para liga\u00e7\u00f5es de telefones fixos e m\u00f3veis, dispon\u00edvel 24h. O atendimento tamb\u00e9m pode ser realizado de forma presencial em uma das lojas, de segunda a sexta, das 8h \u00e0s 17h, nos seguintes endere\u00e7os: Pa\u00e7o do Lumiar \u2013 Av. 9, quadra 76, n\u00ba 15, Maiob\u00e3o, e S\u00e3o Jos\u00e9 de Ribamar &#8211; Av. Gon\u00e7alves Dias, n\u00ba 847, Centro.<br \/>\nA concess\u00e3o dos servi\u00e7os de \u00e1gua e esgoto<\/p>\n<p>Pelos pr\u00f3ximos 35 anos, a Odebrecht Ambiental \u00e9 a concession\u00e1ria respons\u00e1vel pelos servi\u00e7os de \u00e1gua e esgoto de S\u00e3o Jos\u00e9 de Ribamar e Pa\u00e7o do Lumiar. Pelo acordo contratual firmado com os dois munic\u00edpios, a empresa investir\u00e1 mais de R$ 450 milh\u00f5es, o que elevar\u00e1 os \u00edndices de abastecimento de \u00e1gua tratada e coleta e tratamento de esgoto das duas cidades.<\/p>\n<p>S\u00e3o Jos\u00e9 de Ribamar e Pa\u00e7o do Lumiar estabeleceram um cons\u00f3rcio para viabilizar a concep\u00e7\u00e3o do projeto, que tem como objetivo desenvolver a infraestrutura e garantir os avan\u00e7os necess\u00e1rios no saneamento b\u00e1sico. A estrat\u00e9gia de uma associa\u00e7\u00e3o entre os dois munic\u00edpios para solucionar o d\u00e9ficit do saneamento \u00e9 um mecanismo de racionaliza\u00e7\u00e3o das a\u00e7\u00f5es, criando um sistema integrado que potencializa os investimentos e permite alcan\u00e7ar, em curto prazo, as metas estabelecidas nos Planos Municipais de Saneamento B\u00e1sico de cada cidade, tendo em vista que elas formam uma \u00e1rea urbana cont\u00ednua.<\/p>\n<p>O contrato de concess\u00e3o prev\u00ea metas de avan\u00e7os nos servi\u00e7os, que servir\u00e3o de guia para o desenvolvimento dos projetos. A atua\u00e7\u00e3o da Odebrecht Ambiental ser\u00e1 supervisionada pela C\u00e2mara de Regula\u00e7\u00e3o do Cons\u00f3rcio Intermunicipal de Saneamento B\u00e1sico.<\/p>\n<p>A realidade do saneamento b\u00e1sico no Maranh\u00e3o \u00e9 preocupante. Segundo dados do Minist\u00e9rio das Cidades, apenas 10,5% dos 6,6 milh\u00f5es de habitantes t\u00eam acesso ao esgotamento sanit\u00e1rio, enquanto 50,4% recebem \u00e1gua tratada em suas resid\u00eancias.<\/p>\n<p><strong>Sobre a Odebrecht Ambiental<\/strong><\/p>\n<p>A Odebrecht Ambiental \u00e9 a empresa da Organiza\u00e7\u00e3o Odebrecht dedicada a operar e desenvolver projetos que contribuam com a qualidade de vida das pessoas e com a preserva\u00e7\u00e3o do meio ambiente. Atua em tr\u00eas segmentos, com uma equipe de mais de 6.500 integrantes. A \u00e1rea de \u00c1gua e Esgoto \u00e9 respons\u00e1vel pela capta\u00e7\u00e3o, tratamento e distribui\u00e7\u00e3o de \u00e1gua, e coleta e tratamento de esgoto nos munic\u00edpios. Atende mais de 16,1 milh\u00f5es de pessoas em 180 cidades brasileiras.<\/p>\n<p>A \u00e1rea de Utilities promove a gest\u00e3o ambiental de empresas, al\u00e9m de atuar no monitoramento do ar e dos recursos h\u00eddricos, no tratamento e re\u00faso de \u00e1gua, e na promo\u00e7\u00e3o de solu\u00e7\u00f5es energ\u00e9ticas. O segmento de Res\u00edduos realiza servi\u00e7os mar\u00edtimos, diagn\u00f3stico e remedia\u00e7\u00e3o de \u00e1reas contaminadas e o gerenciamento, tratamento e destina\u00e7\u00e3o final de res\u00edduos industriais, s\u00f3lidos urbanos e de constru\u00e7\u00e3o civil.<\/p>\n","protected":false},"excerpt":{"rendered":"<p>Cerca de 160 mil pessoas j\u00e1 foram beneficiadas com as primeiras melhorias. Na \u00faltima quinta-feira (14), a Odebrecht Ambiental, empresa [&hellip;]<\/p>\n","protected":false},"author":0,"featured_media":0,"comment_status":"open","ping_status":"open","sticky":false,"template":"","format":"standard","meta":{"site-sidebar-layout":"default","site-content-layout":"","ast-site-content-layout":"default","site-content-style":"default","site-sidebar-style":"default","ast-global-header-display":"","ast-banner-title-visibility":"","ast-main-header-display":"","ast-hfb-above-header-display":"","ast-hfb-below-header-display":"","ast-hfb-mobile-header-display":"","site-post-title":"","ast-breadcrumbs-content":"","ast-featured-img":"","footer-sml-layout":"","ast-disable-related-posts":"","theme-transparent-header-meta":"","adv-header-id-meta":"","stick-header-meta":"","header-above-stick-meta":"","header-main-stick-meta":"","header-below-stick-meta":"","astra-migrate-meta-layouts":"default","ast-page-background-enabled":"default","ast-page-background-meta":{"desktop":{"background-color":"var(--ast-global-color-5)","background-image":"","background-repeat":"repeat","background-position":"center center","background-size":"auto","background-attachment":"scroll","background-type":"","background-media":"","overlay-type":"","overlay-color":"","overlay-opacity":"","overlay-gradient":""},"tablet":{"background-color":"","background-image":"","background-repeat":"repeat","background-position":"center center","background-size":"auto","background-attachment":"scroll","background-type":"","background-media":"","overlay-type":"","overlay-color":"","overlay-opacity":"","overlay-gradient":""},"mobile":{"background-color":"","background-image":"","background-repeat":"repeat","background-position":"center center","background-size":"auto","background-attachment":"scroll","background-type":"","background-media":"","overlay-type":"","overlay-color":"","overlay-opacity":"","overlay-gradient":""}},"ast-content-background-meta":{"desktop":{"background-color":"var(--ast-global-color-4)","background-image":"","background-repeat":"repeat","background-position":"center center","background-size":"auto","background-attachment":"scroll","background-type":"","background-media":"","overlay-type":"","overlay-color":"","overlay-opacity":"","overlay-gradient":""},"tablet":{"background-color":"var(--ast-global-color-4)","background-image":"","background-repeat":"repeat","background-position":"center center","background-size":"auto","background-attachment":"scroll","background-type":"","background-media":"","overlay-type":"","overlay-color":"","overlay-opacity":"","overlay-gradient":""},"mobile":{"background-color":"var(--ast-global-color-4)","background-image":"","background-repeat":"repeat","background-position":"center center","background-size":"auto","background-attachment":"scroll","background-type":"","background-media":"","overlay-type":"","overlay-color":"","overlay-opacity":"","overlay-gradient":""}},"footnotes":""},"categories":[1],"tags":[],"class_list":["post-24035","post","type-post","status-publish","format-standard","hentry","category-sem-categoria"],"yoast_head":"<!-- This site is optimized with the Yoast SEO plugin v26.6 - https:\/\/yoast.com\/wordpress\/plugins\/seo\/ -->\n<title>Odebrecht Ambiental apresenta balan\u00e7o de 100 dias de opera\u00e7\u00e3o em Pa\u00e7o do Lumiar e Ribamar - Daniel Matos<\/title>\n<meta name=\"robots\" content=\"index, follow, max-snippet:-1, max-image-preview:large, max-video-preview:-1\" \/>\n<link rel=\"canonical\" href=\"https:\/\/www.blogsoestado.com\/danielmatos\/odebrecht-ambiental-apresenta-balanco-de-100-dias-de-operacao-em-paco-do-lumiar-e-ribamar\/\" \/>\n<meta property=\"og:locale\" content=\"pt_BR\" \/>\n<meta property=\"og:type\" content=\"article\" \/>\n<meta property=\"og:title\" content=\"Odebrecht Ambiental apresenta balan\u00e7o de 100 dias de opera\u00e7\u00e3o em Pa\u00e7o do Lumiar e Ribamar - Daniel Matos\" \/>\n<meta property=\"og:description\" content=\"Cerca de 160 mil pessoas j\u00e1 foram beneficiadas com as primeiras melhorias. Na \u00faltima quinta-feira (14), a Odebrecht Ambiental, empresa [&hellip;]\" \/>\n<meta property=\"og:url\" content=\"https:\/\/www.blogsoestado.com\/danielmatos\/odebrecht-ambiental-apresenta-balanco-de-100-dias-de-operacao-em-paco-do-lumiar-e-ribamar\/\" \/>\n<meta property=\"og:site_name\" content=\"Daniel Matos\" \/>\n<meta property=\"article:published_time\" content=\"2015-05-17T11:34:46+00:00\" \/>\n<meta name=\"twitter:card\" content=\"summary_large_image\" \/>\n<meta name=\"twitter:label1\" content=\"Est. tempo de leitura\" \/>\n\t<meta name=\"twitter:data1\" content=\"5 minutos\" \/>\n<script type=\"application\/ld+json\" class=\"yoast-schema-graph\">{\"@context\":\"https:\/\/schema.org\",\"@graph\":[{\"@type\":\"WebPage\",\"@id\":\"https:\/\/www.blogsoestado.com\/danielmatos\/odebrecht-ambiental-apresenta-balanco-de-100-dias-de-operacao-em-paco-do-lumiar-e-ribamar\/\",\"url\":\"https:\/\/www.blogsoestado.com\/danielmatos\/odebrecht-ambiental-apresenta-balanco-de-100-dias-de-operacao-em-paco-do-lumiar-e-ribamar\/\",\"name\":\"Odebrecht Ambiental apresenta balan\u00e7o de 100 dias de opera\u00e7\u00e3o em Pa\u00e7o do Lumiar e Ribamar - Daniel Matos\",\"isPartOf\":{\"@id\":\"https:\/\/www.blogsoestado.com\/danielmatos\/#website\"},\"datePublished\":\"2015-05-17T11:34:46+00:00\",\"author\":{\"@id\":\"\"},\"breadcrumb\":{\"@id\":\"https:\/\/www.blogsoestado.com\/danielmatos\/odebrecht-ambiental-apresenta-balanco-de-100-dias-de-operacao-em-paco-do-lumiar-e-ribamar\/#breadcrumb\"},\"inLanguage\":\"pt-BR\",\"potentialAction\":[{\"@type\":\"ReadAction\",\"target\":[\"https:\/\/www.blogsoestado.com\/danielmatos\/odebrecht-ambiental-apresenta-balanco-de-100-dias-de-operacao-em-paco-do-lumiar-e-ribamar\/\"]}]},{\"@type\":\"BreadcrumbList\",\"@id\":\"https:\/\/www.blogsoestado.com\/danielmatos\/odebrecht-ambiental-apresenta-balanco-de-100-dias-de-operacao-em-paco-do-lumiar-e-ribamar\/#breadcrumb\",\"itemListElement\":[{\"@type\":\"ListItem\",\"position\":1,\"name\":\"In\u00edcio\",\"item\":\"https:\/\/www.blogsoestado.com\/danielmatos\/\"},{\"@type\":\"ListItem\",\"position\":2,\"name\":\"Odebrecht Ambiental apresenta balan\u00e7o de 100 dias de opera\u00e7\u00e3o em Pa\u00e7o do Lumiar e Ribamar\"}]},{\"@type\":\"WebSite\",\"@id\":\"https:\/\/www.blogsoestado.com\/danielmatos\/#website\",\"url\":\"https:\/\/www.blogsoestado.com\/danielmatos\/\",\"name\":\"Daniel Matos\",\"description\":\"\",\"potentialAction\":[{\"@type\":\"SearchAction\",\"target\":{\"@type\":\"EntryPoint\",\"urlTemplate\":\"https:\/\/www.blogsoestado.com\/danielmatos\/?s={search_term_string}\"},\"query-input\":{\"@type\":\"PropertyValueSpecification\",\"valueRequired\":true,\"valueName\":\"search_term_string\"}}],\"inLanguage\":\"pt-BR\"}]}<\/script>\n<!-- \/ Yoast SEO plugin. -->","yoast_head_json":{"title":"Odebrecht Ambiental apresenta balan\u00e7o de 100 dias de opera\u00e7\u00e3o em Pa\u00e7o do Lumiar e Ribamar - Daniel Matos","robots":{"index":"index","follow":"follow","max-snippet":"max-snippet:-1","max-image-preview":"max-image-preview:large","max-video-preview":"max-video-preview:-1"},"canonical":"https:\/\/www.blogsoestado.com\/danielmatos\/odebrecht-ambiental-apresenta-balanco-de-100-dias-de-operacao-em-paco-do-lumiar-e-ribamar\/","og_locale":"pt_BR","og_type":"article","og_title":"Odebrecht Ambiental apresenta balan\u00e7o de 100 dias de opera\u00e7\u00e3o em Pa\u00e7o do Lumiar e Ribamar - Daniel Matos","og_description":"Cerca de 160 mil pessoas j\u00e1 foram beneficiadas com as primeiras melhorias. Na \u00faltima quinta-feira (14), a Odebrecht Ambiental, empresa [&hellip;]","og_url":"https:\/\/www.blogsoestado.com\/danielmatos\/odebrecht-ambiental-apresenta-balanco-de-100-dias-de-operacao-em-paco-do-lumiar-e-ribamar\/","og_site_name":"Daniel Matos","article_published_time":"2015-05-17T11:34:46+00:00","twitter_card":"summary_large_image","twitter_misc":{"Est. tempo de leitura":"5 minutos"},"schema":{"@context":"https:\/\/schema.org","@graph":[{"@type":"WebPage","@id":"https:\/\/www.blogsoestado.com\/danielmatos\/odebrecht-ambiental-apresenta-balanco-de-100-dias-de-operacao-em-paco-do-lumiar-e-ribamar\/","url":"https:\/\/www.blogsoestado.com\/danielmatos\/odebrecht-ambiental-apresenta-balanco-de-100-dias-de-operacao-em-paco-do-lumiar-e-ribamar\/","name":"Odebrecht Ambiental apresenta balan\u00e7o de 100 dias de opera\u00e7\u00e3o em Pa\u00e7o do Lumiar e Ribamar - Daniel Matos","isPartOf":{"@id":"https:\/\/www.blogsoestado.com\/danielmatos\/#website"},"datePublished":"2015-05-17T11:34:46+00:00","author":{"@id":""},"breadcrumb":{"@id":"https:\/\/www.blogsoestado.com\/danielmatos\/odebrecht-ambiental-apresenta-balanco-de-100-dias-de-operacao-em-paco-do-lumiar-e-ribamar\/#breadcrumb"},"inLanguage":"pt-BR","potentialAction":[{"@type":"ReadAction","target":["https:\/\/www.blogsoestado.com\/danielmatos\/odebrecht-ambiental-apresenta-balanco-de-100-dias-de-operacao-em-paco-do-lumiar-e-ribamar\/"]}]},{"@type":"BreadcrumbList","@id":"https:\/\/www.blogsoestado.com\/danielmatos\/odebrecht-ambiental-apresenta-balanco-de-100-dias-de-operacao-em-paco-do-lumiar-e-ribamar\/#breadcrumb","itemListElement":[{"@type":"ListItem","position":1,"name":"In\u00edcio","item":"https:\/\/www.blogsoestado.com\/danielmatos\/"},{"@type":"ListItem","position":2,"name":"Odebrecht Ambiental apresenta balan\u00e7o de 100 dias de opera\u00e7\u00e3o em Pa\u00e7o do Lumiar e Ribamar"}]},{"@type":"WebSite","@id":"https:\/\/www.blogsoestado.com\/danielmatos\/#website","url":"https:\/\/www.blogsoestado.com\/danielmatos\/","name":"Daniel Matos","description":"","potentialAction":[{"@type":"SearchAction","target":{"@type":"EntryPoint","urlTemplate":"https:\/\/www.blogsoestado.com\/danielmatos\/?s={search_term_string}"},"query-input":{"@type":"PropertyValueSpecification","valueRequired":true,"valueName":"search_term_string"}}],"inLanguage":"pt-BR"}]}},"jetpack_featured_media_url":"","_links":{"self":[{"href":"https:\/\/www.blogsoestado.com\/danielmatos\/wp-json\/wp\/v2\/posts\/24035","targetHints":{"allow":["GET"]}}],"collection":[{"href":"https:\/\/www.blogsoestado.com\/danielmatos\/wp-json\/wp\/v2\/posts"}],"about":[{"href":"https:\/\/www.blogsoestado.com\/danielmatos\/wp-json\/wp\/v2\/types\/post"}],"replies":[{"embeddable":true,"href":"https:\/\/www.blogsoestado.com\/danielmatos\/wp-json\/wp\/v2\/comments?post=24035"}],"version-history":[{"count":0,"href":"https:\/\/www.blogsoestado.com\/danielmatos\/wp-json\/wp\/v2\/posts\/24035\/revisions"}],"wp:attachment":[{"href":"https:\/\/www.blogsoestado.com\/danielmatos\/wp-json\/wp\/v2\/media?parent=24035"}],"wp:term":[{"taxonomy":"category","embeddable":true,"href":"https:\/\/www.blogsoestado.com\/danielmatos\/wp-json\/wp\/v2\/categories?post=24035"},{"taxonomy":"post_tag","embeddable":true,"href":"https:\/\/www.blogsoestado.com\/danielmatos\/wp-json\/wp\/v2\/tags?post=24035"}],"curies":[{"name":"wp","href":"https:\/\/api.w.org\/{rel}","templated":true}]}}