{"id":24149,"date":"2015-05-20T12:24:56","date_gmt":"2015-05-20T15:24:56","guid":{"rendered":"https:\/\/www.blogsoestado.com\/danielmatos\/?p=24149"},"modified":"2015-05-20T12:24:56","modified_gmt":"2015-05-20T15:24:56","slug":"camara-em-pauta-15","status":"publish","type":"post","link":"https:\/\/www.blogsoestado.com\/danielmatos\/camara-em-pauta-15\/","title":{"rendered":"C\u00e2mara em pauta"},"content":{"rendered":"<p><strong>Jovens empres\u00e1rios<\/strong><\/p>\n<figure id=\"attachment_24150\" aria-describedby=\"caption-attachment-24150\" style=\"width: 448px\" class=\"wp-caption alignleft\"><a href=\"https:\/\/www.blogsoestado.com\/danielmatos\/files\/2015\/05\/jovens-empres\u00e1rios.jpg\"><img fetchpriority=\"high\" decoding=\"async\" class=\"size-full wp-image-24150\" src=\"https:\/\/www.blogsoestado.com\/danielmatos\/files\/2015\/05\/jovens-empres\u00e1rios.jpg\" alt=\"Jovens empres\u00e1rios foram homenageados pela C\u00e2mara Municipal\" width=\"448\" height=\"297\" \/><\/a><figcaption id=\"caption-attachment-24150\" class=\"wp-caption-text\">Jovens empres\u00e1rios foram homenageados pela C\u00e2mara Municipal<\/figcaption><\/figure>\n<p>Em uma iniciativa do vereador Jos\u00e9 Joaquim Guimar\u00e3es (PSDB), em comemora\u00e7\u00e3o a Semana Municipal dos Jovens Empres\u00e1rios, evento que foi institu\u00eddo por uma lei de sua iniciativa, a Associa\u00e7\u00e3o dos Jovens Empres\u00e1rios do Maranh\u00e3o (AJE) recebeu homenagem pelos 11 anos de atividades no Estado, em uma sess\u00e3o solene realizada pela C\u00e2mara Municipal de S\u00e3o Lu\u00eds, na \u00faltima ter\u00e7a-feira, 19.<br \/>\nNa ocasi\u00e3o o vereador entregou ao presidente da AJE, Claudio Gomes, uma placa alusiva ao anivers\u00e1rio da entidade. A solenidade marcou tamb\u00e9m a abertura da programa\u00e7\u00e3o da semana em que se acontece o Dia Nacional de Respeito ao Contribuinte e Liberdade de Impostos \u2013 DLI.\u00a0Durante a solenidade, o presidente da AJE destacou dois grandes projetos da entidade: \u201cEmpreendedores do Futuro\u201d e o \u201cMinha Primeira Empresa\u201d. Claudio Gomes lan\u00e7ou um desafio aos parlamentares para que seja institu\u00edda em pelo menos uma turma de uma s\u00e9rie do ensino p\u00fablico a aplica\u00e7\u00e3o da disciplina de empreendedorismo.<\/p>\n<p><strong>Jovens empres\u00e1rios<\/strong><\/p>\n<p>O projeto \u201cEmpreendedores do Futuro\u201d \u00e9 desenvolvido em parceria com a OPEE (Orienta\u00e7\u00e3o Profissional Empregabilidade e Empreendedorismo), que j\u00e1 atua em diversas escolas de todo o Brasil. O projeto tem como objetivo disseminar a cultura empreendedora nas institui\u00e7\u00f5es de ensino p\u00fablico e privado, desde o ensino fundamental at\u00e9 o ensino m\u00e9dio, preparando jovens para a escolha do seu futuro com vis\u00e3o empreendedora.\u00a0O vereador Jos\u00e9 Joaquim entregou \u00e0 associa\u00e7\u00e3o a c\u00f3pia da lei n\u00ba 5.220, de 7 de janeiro de 2010, que institui a aula de empreendedorismo no conte\u00fado curricular das disciplinas de Ci\u00eancias Humanas das escolas da rede municipal de ensino, cujo requerimento foi criado por ele.<\/p>\n<p><strong>Rede de\u00a0esgoto<\/strong><\/p>\n<p>A C\u00e2mara Municipal de S\u00e3o Lu\u00eds, atendendo solicita\u00e7\u00e3o do vereador do vereador Francisco Carvalho (PSL), vai encaminhar of\u00edcio \u00e0 Secretaria de Nacional de Saneamento Ambiental, \u00f3rg\u00e3o ligado ao Minist\u00e9rio das Cidades, com c\u00f3pia para o deputado federal Cleber Verde (PRB), solicitando a implanta\u00e7\u00e3o do sistema de esgotamento sanit\u00e1rio do bairro Santa.\u00a0Segundo o autor da proposi\u00e7\u00e3o, a rede coletora, esta\u00e7\u00f5es elevat\u00f3rias, emiss\u00e1rio e esta\u00e7\u00e3o de tratamento de esgotos v\u00e3o garantir o incremento dos servi\u00e7os p\u00fablicos de drenagem e esgotamento sanit\u00e1rio para a popula\u00e7\u00e3o desassistida da regi\u00e3o.\u00a0Para Chico Carvalho, \u00e9 absolutamente relevante e necess\u00e1rio o desenvolvimento destas obras na regi\u00e3o, com \u00eanfase na recomposi\u00e7\u00e3o das condi\u00e7\u00f5es de vida da popula\u00e7\u00e3o residente na recupera\u00e7\u00e3o de danos ambientais historicamente estabelecidos.<\/p>\n<p><strong>Cadeira de\u00a0rodas<\/strong><\/p>\n<figure id=\"attachment_24151\" aria-describedby=\"caption-attachment-24151\" style=\"width: 448px\" class=\"wp-caption alignright\"><a href=\"https:\/\/www.blogsoestado.com\/danielmatos\/files\/2015\/05\/josu\u00e9-pinheiro.jpg\"><img decoding=\"async\" class=\"size-full wp-image-24151\" src=\"https:\/\/www.blogsoestado.com\/danielmatos\/files\/2015\/05\/josu\u00e9-pinheiro.jpg\" alt=\"Josu\u00e9 quer cadeiras de rodas em ag\u00eancias banc\u00e1rias, shoppings , aeroportos, esta\u00e7\u00f5es rodovi\u00e1rias, supermercados e similares\" width=\"448\" height=\"299\" \/><\/a><figcaption id=\"caption-attachment-24151\" class=\"wp-caption-text\">Josu\u00e9 quer cadeiras de rodas em ag\u00eancias banc\u00e1rias, shoppings , aeroportos, esta\u00e7\u00f5es rodovi\u00e1rias, supermercados e similares<\/figcaption><\/figure>\n<p>O vereador Josu\u00e9 Pinheiro (PSDC), apresentou um projeto de lei, na C\u00e2mara Municipal de S\u00e3o Lu\u00eds, que institui a obrigatoriedade de disponibilizar cadeiras de rodas nas ag\u00eancias banc\u00e1rias, shopping centers, aeroportos, esta\u00e7\u00e3o rodovi\u00e1rias, supermercados e estabelecimentos similares, para facilitar a locomo\u00e7\u00e3o dos idosos e usu\u00e1rios com mobilidade reduzida, no munic\u00edpio de S\u00e3o Lu\u00eds.\u00a0De acordo com a proposta &#8211; o projeto de lei assegura o direito de ir e vir de todos os idosos e pessoas com mobilidade reduzida, no munic\u00edpio de S\u00e3o Lu\u00eds. A Constitui\u00e7\u00e3o Federal de 1988, no art. 5\u00ba, j\u00e1 consagrou a efetividade deste direito. Segundo o vereador, essa acessibilidade proporcionar\u00e1 a igualdade de oportunidades, fazendo da sociedade um todo. Isso gerar\u00e1 autonomia, ainda de acordo com Josu\u00e9 Pinheiro, liberdade e individualidade as pessoas que necessitam da cadeira de rodas para se locomover.\u00a0O parlamentar lembrou que as pessoas idosas e com mobilidade reduzida para exercerem seus direitos e fortalecerem sua participa\u00e7\u00e3o como cidad\u00e3o, necess\u00e1ria se faz o respaldo legal em leis que buscam a efetiva\u00e7\u00e3o de medidas tendentes a garantir a acessibilidade plena.<\/p>\n","protected":false},"excerpt":{"rendered":"<p>Jovens empres\u00e1rios Em uma iniciativa do vereador Jos\u00e9 Joaquim Guimar\u00e3es (PSDB), em comemora\u00e7\u00e3o a Semana Municipal dos Jovens Empres\u00e1rios, evento [&hellip;]<\/p>\n","protected":false},"author":0,"featured_media":0,"comment_status":"open","ping_status":"open","sticky":false,"template":"","format":"standard","meta":{"site-sidebar-layout":"default","site-content-layout":"","ast-site-content-layout":"default","site-content-style":"default","site-sidebar-style":"default","ast-global-header-display":"","ast-banner-title-visibility":"","ast-main-header-display":"","ast-hfb-above-header-display":"","ast-hfb-below-header-display":"","ast-hfb-mobile-header-display":"","site-post-title":"","ast-breadcrumbs-content":"","ast-featured-img":"","footer-sml-layout":"","ast-disable-related-posts":"","theme-transparent-header-meta":"","adv-header-id-meta":"","stick-header-meta":"","header-above-stick-meta":"","header-main-stick-meta":"","header-below-stick-meta":"","astra-migrate-meta-layouts":"default","ast-page-background-enabled":"default","ast-page-background-meta":{"desktop":{"background-color":"var(--ast-global-color-5)","background-image":"","background-repeat":"repeat","background-position":"center center","background-size":"auto","background-attachment":"scroll","background-type":"","background-media":"","overlay-type":"","overlay-color":"","overlay-opacity":"","overlay-gradient":""},"tablet":{"background-color":"","background-image":"","background-repeat":"repeat","background-position":"center center","background-size":"auto","background-attachment":"scroll","background-type":"","background-media":"","overlay-type":"","overlay-color":"","overlay-opacity":"","overlay-gradient":""},"mobile":{"background-color":"","background-image":"","background-repeat":"repeat","background-position":"center center","background-size":"auto","background-attachment":"scroll","background-type":"","background-media":"","overlay-type":"","overlay-color":"","overlay-opacity":"","overlay-gradient":""}},"ast-content-background-meta":{"desktop":{"background-color":"var(--ast-global-color-4)","background-image":"","background-repeat":"repeat","background-position":"center center","background-size":"auto","background-attachment":"scroll","background-type":"","background-media":"","overlay-type":"","overlay-color":"","overlay-opacity":"","overlay-gradient":""},"tablet":{"background-color":"var(--ast-global-color-4)","background-image":"","background-repeat":"repeat","background-position":"center center","background-size":"auto","background-attachment":"scroll","background-type":"","background-media":"","overlay-type":"","overlay-color":"","overlay-opacity":"","overlay-gradient":""},"mobile":{"background-color":"var(--ast-global-color-4)","background-image":"","background-repeat":"repeat","background-position":"center center","background-size":"auto","background-attachment":"scroll","background-type":"","background-media":"","overlay-type":"","overlay-color":"","overlay-opacity":"","overlay-gradient":""}},"footnotes":""},"categories":[1],"tags":[],"class_list":["post-24149","post","type-post","status-publish","format-standard","hentry","category-sem-categoria"],"yoast_head":"<!-- This site is optimized with the Yoast SEO plugin v26.6 - https:\/\/yoast.com\/wordpress\/plugins\/seo\/ -->\n<title>C\u00e2mara em pauta - Daniel Matos<\/title>\n<meta name=\"robots\" content=\"index, follow, max-snippet:-1, max-image-preview:large, max-video-preview:-1\" \/>\n<link rel=\"canonical\" href=\"https:\/\/www.blogsoestado.com\/danielmatos\/camara-em-pauta-15\/\" \/>\n<meta property=\"og:locale\" content=\"pt_BR\" \/>\n<meta property=\"og:type\" content=\"article\" \/>\n<meta property=\"og:title\" content=\"C\u00e2mara em pauta - Daniel Matos\" \/>\n<meta property=\"og:description\" content=\"Jovens empres\u00e1rios Em uma iniciativa do vereador Jos\u00e9 Joaquim Guimar\u00e3es (PSDB), em comemora\u00e7\u00e3o a Semana Municipal dos Jovens Empres\u00e1rios, evento [&hellip;]\" \/>\n<meta property=\"og:url\" content=\"https:\/\/www.blogsoestado.com\/danielmatos\/camara-em-pauta-15\/\" \/>\n<meta property=\"og:site_name\" content=\"Daniel Matos\" \/>\n<meta property=\"article:published_time\" content=\"2015-05-20T15:24:56+00:00\" \/>\n<meta name=\"twitter:card\" content=\"summary_large_image\" \/>\n<meta name=\"twitter:label1\" content=\"Est. tempo de leitura\" \/>\n\t<meta name=\"twitter:data1\" content=\"3 minutos\" \/>\n<script type=\"application\/ld+json\" class=\"yoast-schema-graph\">{\"@context\":\"https:\/\/schema.org\",\"@graph\":[{\"@type\":\"WebPage\",\"@id\":\"https:\/\/www.blogsoestado.com\/danielmatos\/camara-em-pauta-15\/\",\"url\":\"https:\/\/www.blogsoestado.com\/danielmatos\/camara-em-pauta-15\/\",\"name\":\"C\u00e2mara em pauta - Daniel Matos\",\"isPartOf\":{\"@id\":\"https:\/\/www.blogsoestado.com\/danielmatos\/#website\"},\"datePublished\":\"2015-05-20T15:24:56+00:00\",\"author\":{\"@id\":\"\"},\"breadcrumb\":{\"@id\":\"https:\/\/www.blogsoestado.com\/danielmatos\/camara-em-pauta-15\/#breadcrumb\"},\"inLanguage\":\"pt-BR\",\"potentialAction\":[{\"@type\":\"ReadAction\",\"target\":[\"https:\/\/www.blogsoestado.com\/danielmatos\/camara-em-pauta-15\/\"]}]},{\"@type\":\"BreadcrumbList\",\"@id\":\"https:\/\/www.blogsoestado.com\/danielmatos\/camara-em-pauta-15\/#breadcrumb\",\"itemListElement\":[{\"@type\":\"ListItem\",\"position\":1,\"name\":\"In\u00edcio\",\"item\":\"https:\/\/www.blogsoestado.com\/danielmatos\/\"},{\"@type\":\"ListItem\",\"position\":2,\"name\":\"C\u00e2mara em pauta\"}]},{\"@type\":\"WebSite\",\"@id\":\"https:\/\/www.blogsoestado.com\/danielmatos\/#website\",\"url\":\"https:\/\/www.blogsoestado.com\/danielmatos\/\",\"name\":\"Daniel Matos\",\"description\":\"\",\"potentialAction\":[{\"@type\":\"SearchAction\",\"target\":{\"@type\":\"EntryPoint\",\"urlTemplate\":\"https:\/\/www.blogsoestado.com\/danielmatos\/?s={search_term_string}\"},\"query-input\":{\"@type\":\"PropertyValueSpecification\",\"valueRequired\":true,\"valueName\":\"search_term_string\"}}],\"inLanguage\":\"pt-BR\"}]}<\/script>\n<!-- \/ Yoast SEO plugin. -->","yoast_head_json":{"title":"C\u00e2mara em pauta - Daniel Matos","robots":{"index":"index","follow":"follow","max-snippet":"max-snippet:-1","max-image-preview":"max-image-preview:large","max-video-preview":"max-video-preview:-1"},"canonical":"https:\/\/www.blogsoestado.com\/danielmatos\/camara-em-pauta-15\/","og_locale":"pt_BR","og_type":"article","og_title":"C\u00e2mara em pauta - Daniel Matos","og_description":"Jovens empres\u00e1rios Em uma iniciativa do vereador Jos\u00e9 Joaquim Guimar\u00e3es (PSDB), em comemora\u00e7\u00e3o a Semana Municipal dos Jovens Empres\u00e1rios, evento [&hellip;]","og_url":"https:\/\/www.blogsoestado.com\/danielmatos\/camara-em-pauta-15\/","og_site_name":"Daniel Matos","article_published_time":"2015-05-20T15:24:56+00:00","twitter_card":"summary_large_image","twitter_misc":{"Est. tempo de leitura":"3 minutos"},"schema":{"@context":"https:\/\/schema.org","@graph":[{"@type":"WebPage","@id":"https:\/\/www.blogsoestado.com\/danielmatos\/camara-em-pauta-15\/","url":"https:\/\/www.blogsoestado.com\/danielmatos\/camara-em-pauta-15\/","name":"C\u00e2mara em pauta - Daniel Matos","isPartOf":{"@id":"https:\/\/www.blogsoestado.com\/danielmatos\/#website"},"datePublished":"2015-05-20T15:24:56+00:00","author":{"@id":""},"breadcrumb":{"@id":"https:\/\/www.blogsoestado.com\/danielmatos\/camara-em-pauta-15\/#breadcrumb"},"inLanguage":"pt-BR","potentialAction":[{"@type":"ReadAction","target":["https:\/\/www.blogsoestado.com\/danielmatos\/camara-em-pauta-15\/"]}]},{"@type":"BreadcrumbList","@id":"https:\/\/www.blogsoestado.com\/danielmatos\/camara-em-pauta-15\/#breadcrumb","itemListElement":[{"@type":"ListItem","position":1,"name":"In\u00edcio","item":"https:\/\/www.blogsoestado.com\/danielmatos\/"},{"@type":"ListItem","position":2,"name":"C\u00e2mara em pauta"}]},{"@type":"WebSite","@id":"https:\/\/www.blogsoestado.com\/danielmatos\/#website","url":"https:\/\/www.blogsoestado.com\/danielmatos\/","name":"Daniel Matos","description":"","potentialAction":[{"@type":"SearchAction","target":{"@type":"EntryPoint","urlTemplate":"https:\/\/www.blogsoestado.com\/danielmatos\/?s={search_term_string}"},"query-input":{"@type":"PropertyValueSpecification","valueRequired":true,"valueName":"search_term_string"}}],"inLanguage":"pt-BR"}]}},"jetpack_featured_media_url":"","_links":{"self":[{"href":"https:\/\/www.blogsoestado.com\/danielmatos\/wp-json\/wp\/v2\/posts\/24149","targetHints":{"allow":["GET"]}}],"collection":[{"href":"https:\/\/www.blogsoestado.com\/danielmatos\/wp-json\/wp\/v2\/posts"}],"about":[{"href":"https:\/\/www.blogsoestado.com\/danielmatos\/wp-json\/wp\/v2\/types\/post"}],"replies":[{"embeddable":true,"href":"https:\/\/www.blogsoestado.com\/danielmatos\/wp-json\/wp\/v2\/comments?post=24149"}],"version-history":[{"count":0,"href":"https:\/\/www.blogsoestado.com\/danielmatos\/wp-json\/wp\/v2\/posts\/24149\/revisions"}],"wp:attachment":[{"href":"https:\/\/www.blogsoestado.com\/danielmatos\/wp-json\/wp\/v2\/media?parent=24149"}],"wp:term":[{"taxonomy":"category","embeddable":true,"href":"https:\/\/www.blogsoestado.com\/danielmatos\/wp-json\/wp\/v2\/categories?post=24149"},{"taxonomy":"post_tag","embeddable":true,"href":"https:\/\/www.blogsoestado.com\/danielmatos\/wp-json\/wp\/v2\/tags?post=24149"}],"curies":[{"name":"wp","href":"https:\/\/api.w.org\/{rel}","templated":true}]}}