{"id":2445,"date":"2011-08-23T15:09:13","date_gmt":"2011-08-23T18:09:13","guid":{"rendered":"https:\/\/www.blogsoestado.com\/danielmatos\/?p=2445"},"modified":"2011-08-23T15:09:13","modified_gmt":"2011-08-23T18:09:13","slug":"tj-nega-habeas-corpus-a-advogado-acusado-de-pedofilia","status":"publish","type":"post","link":"https:\/\/www.blogsoestado.com\/danielmatos\/tj-nega-habeas-corpus-a-advogado-acusado-de-pedofilia\/","title":{"rendered":"TJ nega habeas corpus a advogado acusado de pedofilia"},"content":{"rendered":"<p>A 1\u00aa C\u00e2mara Criminal do Tribunal de Justi\u00e7a negou habeas corpus ao advogado Airton Jos\u00e9 de Sousa, acusado de ter abusado sexualmente de um sobrinho. O habeas corpus foi ajuizado no TJMA contra a decis\u00e3o da ju\u00edza da 11\u00aa Vara Criminal da Comarca de S\u00e3o Lu\u00eds, Ros\u00e1ria de F\u00e1tima Almeida Duarte, que, a pedido da Policia Civil e com concord\u00e2ncia do Minist\u00e9rio P\u00fablico Estadual (MPE), determinou a pris\u00e3o do r\u00e9u.<\/p>\n<p>No pedido, a defesa alegou que Sousa estaria sofrendo constrangimento ilegal por parte da Justi\u00e7a de 1\u00ba Grau, alegando n\u00e3o existir requisitos para mant\u00ea-lo preso, em raz\u00e3o de ser r\u00e9u prim\u00e1rio, ter resid\u00eancia e emprego fixo. Se o habeas corpus fosse aceito, ele poderia permanecer em liberdade at\u00e9 o julgamento da a\u00e7\u00e3o penal.<\/p>\n<p>Durante a sess\u00e3o realizada nesta ter\u00e7a-feira,23, o desembargador Raimundo Melo, relator, entendeu que h\u00e1 necessidade da manuten\u00e7\u00e3o da pris\u00e3o, em raz\u00e3o da garantia da ordem p\u00fablica, por conveni\u00eancia da instru\u00e7\u00e3o criminal e para assegurar a aplica\u00e7\u00e3o da lei penal, vez que se o paciente for solto representar\u00e1 um perigo para a v\u00edtima e seus familiares, podendo voltar a delinq\u00fcir contra a pr\u00f3pria v\u00edtima, j\u00e1 que n\u00e3o foi a primeira vez que o fato ocorreu.<\/p>\n<p>Melo acrescentou, ainda, que acusado e v\u00edtima possuem parentesco e o ambiente familiar torna-se prejudicial \u00e0 busca da verdade real do processo penal.<\/p>\n<p>Ao final do julgamento, acompanhando parecer da Procuradoria Geral de Justi\u00e7a, Melo votou pela denega\u00e7\u00e3o da ordem, e por manter o advogado Airton preso at\u00e9 o julgamento da a\u00e7\u00e3o de 1\u00ba Grau, sendo acompanhado do Desembargador Raimundo Nonato de Sousa. Contrariando este entendimento o Desembargador Lourival Serejo, votou no sentido de por em liberdade o advogado Airton.<\/p>\n<p><strong>Fonte:<\/strong> Tribunal de Justi\u00e7a do Maranh\u00e3o<\/p>\n","protected":false},"excerpt":{"rendered":"<p>A 1\u00aa C\u00e2mara Criminal do Tribunal de Justi\u00e7a negou habeas corpus ao advogado Airton Jos\u00e9 de Sousa, acusado de ter [&hellip;]<\/p>\n","protected":false},"author":0,"featured_media":0,"comment_status":"open","ping_status":"open","sticky":false,"template":"","format":"standard","meta":{"site-sidebar-layout":"default","site-content-layout":"","ast-site-content-layout":"default","site-content-style":"default","site-sidebar-style":"default","ast-global-header-display":"","ast-banner-title-visibility":"","ast-main-header-display":"","ast-hfb-above-header-display":"","ast-hfb-below-header-display":"","ast-hfb-mobile-header-display":"","site-post-title":"","ast-breadcrumbs-content":"","ast-featured-img":"","footer-sml-layout":"","ast-disable-related-posts":"","theme-transparent-header-meta":"","adv-header-id-meta":"","stick-header-meta":"","header-above-stick-meta":"","header-main-stick-meta":"","header-below-stick-meta":"","astra-migrate-meta-layouts":"default","ast-page-background-enabled":"default","ast-page-background-meta":{"desktop":{"background-color":"var(--ast-global-color-5)","background-image":"","background-repeat":"repeat","background-position":"center center","background-size":"auto","background-attachment":"scroll","background-type":"","background-media":"","overlay-type":"","overlay-color":"","overlay-opacity":"","overlay-gradient":""},"tablet":{"background-color":"","background-image":"","background-repeat":"repeat","background-position":"center center","background-size":"auto","background-attachment":"scroll","background-type":"","background-media":"","overlay-type":"","overlay-color":"","overlay-opacity":"","overlay-gradient":""},"mobile":{"background-color":"","background-image":"","background-repeat":"repeat","background-position":"center center","background-size":"auto","background-attachment":"scroll","background-type":"","background-media":"","overlay-type":"","overlay-color":"","overlay-opacity":"","overlay-gradient":""}},"ast-content-background-meta":{"desktop":{"background-color":"var(--ast-global-color-4)","background-image":"","background-repeat":"repeat","background-position":"center center","background-size":"auto","background-attachment":"scroll","background-type":"","background-media":"","overlay-type":"","overlay-color":"","overlay-opacity":"","overlay-gradient":""},"tablet":{"background-color":"var(--ast-global-color-4)","background-image":"","background-repeat":"repeat","background-position":"center center","background-size":"auto","background-attachment":"scroll","background-type":"","background-media":"","overlay-type":"","overlay-color":"","overlay-opacity":"","overlay-gradient":""},"mobile":{"background-color":"var(--ast-global-color-4)","background-image":"","background-repeat":"repeat","background-position":"center center","background-size":"auto","background-attachment":"scroll","background-type":"","background-media":"","overlay-type":"","overlay-color":"","overlay-opacity":"","overlay-gradient":""}},"footnotes":""},"categories":[1],"tags":[],"class_list":["post-2445","post","type-post","status-publish","format-standard","hentry","category-sem-categoria"],"yoast_head":"<!-- This site is optimized with the Yoast SEO plugin v26.6 - https:\/\/yoast.com\/wordpress\/plugins\/seo\/ -->\n<title>TJ nega habeas corpus a advogado acusado de pedofilia - Daniel Matos<\/title>\n<meta name=\"robots\" content=\"index, follow, max-snippet:-1, max-image-preview:large, max-video-preview:-1\" \/>\n<link rel=\"canonical\" href=\"https:\/\/www.blogsoestado.com\/danielmatos\/tj-nega-habeas-corpus-a-advogado-acusado-de-pedofilia\/\" \/>\n<meta property=\"og:locale\" content=\"pt_BR\" \/>\n<meta property=\"og:type\" content=\"article\" \/>\n<meta property=\"og:title\" content=\"TJ nega habeas corpus a advogado acusado de pedofilia - Daniel Matos\" \/>\n<meta property=\"og:description\" content=\"A 1\u00aa C\u00e2mara Criminal do Tribunal de Justi\u00e7a negou habeas corpus ao advogado Airton Jos\u00e9 de Sousa, acusado de ter [&hellip;]\" \/>\n<meta property=\"og:url\" content=\"https:\/\/www.blogsoestado.com\/danielmatos\/tj-nega-habeas-corpus-a-advogado-acusado-de-pedofilia\/\" \/>\n<meta property=\"og:site_name\" content=\"Daniel Matos\" \/>\n<meta property=\"article:published_time\" content=\"2011-08-23T18:09:13+00:00\" \/>\n<meta name=\"twitter:card\" content=\"summary_large_image\" \/>\n<meta name=\"twitter:label1\" content=\"Est. tempo de leitura\" \/>\n\t<meta name=\"twitter:data1\" content=\"2 minutos\" \/>\n<script type=\"application\/ld+json\" class=\"yoast-schema-graph\">{\"@context\":\"https:\/\/schema.org\",\"@graph\":[{\"@type\":\"WebPage\",\"@id\":\"https:\/\/www.blogsoestado.com\/danielmatos\/tj-nega-habeas-corpus-a-advogado-acusado-de-pedofilia\/\",\"url\":\"https:\/\/www.blogsoestado.com\/danielmatos\/tj-nega-habeas-corpus-a-advogado-acusado-de-pedofilia\/\",\"name\":\"TJ nega habeas corpus a advogado acusado de pedofilia - Daniel Matos\",\"isPartOf\":{\"@id\":\"https:\/\/www.blogsoestado.com\/danielmatos\/#website\"},\"datePublished\":\"2011-08-23T18:09:13+00:00\",\"author\":{\"@id\":\"\"},\"breadcrumb\":{\"@id\":\"https:\/\/www.blogsoestado.com\/danielmatos\/tj-nega-habeas-corpus-a-advogado-acusado-de-pedofilia\/#breadcrumb\"},\"inLanguage\":\"pt-BR\",\"potentialAction\":[{\"@type\":\"ReadAction\",\"target\":[\"https:\/\/www.blogsoestado.com\/danielmatos\/tj-nega-habeas-corpus-a-advogado-acusado-de-pedofilia\/\"]}]},{\"@type\":\"BreadcrumbList\",\"@id\":\"https:\/\/www.blogsoestado.com\/danielmatos\/tj-nega-habeas-corpus-a-advogado-acusado-de-pedofilia\/#breadcrumb\",\"itemListElement\":[{\"@type\":\"ListItem\",\"position\":1,\"name\":\"In\u00edcio\",\"item\":\"https:\/\/www.blogsoestado.com\/danielmatos\/\"},{\"@type\":\"ListItem\",\"position\":2,\"name\":\"TJ nega habeas corpus a advogado acusado de pedofilia\"}]},{\"@type\":\"WebSite\",\"@id\":\"https:\/\/www.blogsoestado.com\/danielmatos\/#website\",\"url\":\"https:\/\/www.blogsoestado.com\/danielmatos\/\",\"name\":\"Daniel Matos\",\"description\":\"\",\"potentialAction\":[{\"@type\":\"SearchAction\",\"target\":{\"@type\":\"EntryPoint\",\"urlTemplate\":\"https:\/\/www.blogsoestado.com\/danielmatos\/?s={search_term_string}\"},\"query-input\":{\"@type\":\"PropertyValueSpecification\",\"valueRequired\":true,\"valueName\":\"search_term_string\"}}],\"inLanguage\":\"pt-BR\"}]}<\/script>\n<!-- \/ Yoast SEO plugin. -->","yoast_head_json":{"title":"TJ nega habeas corpus a advogado acusado de pedofilia - Daniel Matos","robots":{"index":"index","follow":"follow","max-snippet":"max-snippet:-1","max-image-preview":"max-image-preview:large","max-video-preview":"max-video-preview:-1"},"canonical":"https:\/\/www.blogsoestado.com\/danielmatos\/tj-nega-habeas-corpus-a-advogado-acusado-de-pedofilia\/","og_locale":"pt_BR","og_type":"article","og_title":"TJ nega habeas corpus a advogado acusado de pedofilia - Daniel Matos","og_description":"A 1\u00aa C\u00e2mara Criminal do Tribunal de Justi\u00e7a negou habeas corpus ao advogado Airton Jos\u00e9 de Sousa, acusado de ter [&hellip;]","og_url":"https:\/\/www.blogsoestado.com\/danielmatos\/tj-nega-habeas-corpus-a-advogado-acusado-de-pedofilia\/","og_site_name":"Daniel Matos","article_published_time":"2011-08-23T18:09:13+00:00","twitter_card":"summary_large_image","twitter_misc":{"Est. tempo de leitura":"2 minutos"},"schema":{"@context":"https:\/\/schema.org","@graph":[{"@type":"WebPage","@id":"https:\/\/www.blogsoestado.com\/danielmatos\/tj-nega-habeas-corpus-a-advogado-acusado-de-pedofilia\/","url":"https:\/\/www.blogsoestado.com\/danielmatos\/tj-nega-habeas-corpus-a-advogado-acusado-de-pedofilia\/","name":"TJ nega habeas corpus a advogado acusado de pedofilia - Daniel Matos","isPartOf":{"@id":"https:\/\/www.blogsoestado.com\/danielmatos\/#website"},"datePublished":"2011-08-23T18:09:13+00:00","author":{"@id":""},"breadcrumb":{"@id":"https:\/\/www.blogsoestado.com\/danielmatos\/tj-nega-habeas-corpus-a-advogado-acusado-de-pedofilia\/#breadcrumb"},"inLanguage":"pt-BR","potentialAction":[{"@type":"ReadAction","target":["https:\/\/www.blogsoestado.com\/danielmatos\/tj-nega-habeas-corpus-a-advogado-acusado-de-pedofilia\/"]}]},{"@type":"BreadcrumbList","@id":"https:\/\/www.blogsoestado.com\/danielmatos\/tj-nega-habeas-corpus-a-advogado-acusado-de-pedofilia\/#breadcrumb","itemListElement":[{"@type":"ListItem","position":1,"name":"In\u00edcio","item":"https:\/\/www.blogsoestado.com\/danielmatos\/"},{"@type":"ListItem","position":2,"name":"TJ nega habeas corpus a advogado acusado de pedofilia"}]},{"@type":"WebSite","@id":"https:\/\/www.blogsoestado.com\/danielmatos\/#website","url":"https:\/\/www.blogsoestado.com\/danielmatos\/","name":"Daniel Matos","description":"","potentialAction":[{"@type":"SearchAction","target":{"@type":"EntryPoint","urlTemplate":"https:\/\/www.blogsoestado.com\/danielmatos\/?s={search_term_string}"},"query-input":{"@type":"PropertyValueSpecification","valueRequired":true,"valueName":"search_term_string"}}],"inLanguage":"pt-BR"}]}},"jetpack_featured_media_url":"","_links":{"self":[{"href":"https:\/\/www.blogsoestado.com\/danielmatos\/wp-json\/wp\/v2\/posts\/2445","targetHints":{"allow":["GET"]}}],"collection":[{"href":"https:\/\/www.blogsoestado.com\/danielmatos\/wp-json\/wp\/v2\/posts"}],"about":[{"href":"https:\/\/www.blogsoestado.com\/danielmatos\/wp-json\/wp\/v2\/types\/post"}],"replies":[{"embeddable":true,"href":"https:\/\/www.blogsoestado.com\/danielmatos\/wp-json\/wp\/v2\/comments?post=2445"}],"version-history":[{"count":0,"href":"https:\/\/www.blogsoestado.com\/danielmatos\/wp-json\/wp\/v2\/posts\/2445\/revisions"}],"wp:attachment":[{"href":"https:\/\/www.blogsoestado.com\/danielmatos\/wp-json\/wp\/v2\/media?parent=2445"}],"wp:term":[{"taxonomy":"category","embeddable":true,"href":"https:\/\/www.blogsoestado.com\/danielmatos\/wp-json\/wp\/v2\/categories?post=2445"},{"taxonomy":"post_tag","embeddable":true,"href":"https:\/\/www.blogsoestado.com\/danielmatos\/wp-json\/wp\/v2\/tags?post=2445"}],"curies":[{"name":"wp","href":"https:\/\/api.w.org\/{rel}","templated":true}]}}