{"id":24450,"date":"2015-05-31T09:09:47","date_gmt":"2015-05-31T12:09:47","guid":{"rendered":"https:\/\/www.blogsoestado.com\/danielmatos\/?p=24450"},"modified":"2015-05-31T09:09:47","modified_gmt":"2015-05-31T12:09:47","slug":"saude-nas-feiras","status":"publish","type":"post","link":"https:\/\/www.blogsoestado.com\/danielmatos\/saude-nas-feiras\/","title":{"rendered":"Sa\u00fade nas Feiras"},"content":{"rendered":"<figure id=\"attachment_24451\" aria-describedby=\"caption-attachment-24451\" style=\"width: 562px\" class=\"wp-caption aligncenter\"><a href=\"https:\/\/www.blogsoestado.com\/danielmatos\/files\/2015\/05\/saude-nas-feiras.jpg\"><img fetchpriority=\"high\" decoding=\"async\" class=\"size-full wp-image-24451\" src=\"https:\/\/www.blogsoestado.com\/danielmatos\/files\/2015\/05\/saude-nas-feiras.jpg\" alt=\"Feirantes e a comunidade em geral receberam atendimentos com aferi\u00e7\u00e3o de press\u00e3o arterial e vaciona\u00e7\u00e3o\" width=\"562\" height=\"480\" \/><\/a><figcaption id=\"caption-attachment-24451\" class=\"wp-caption-text\">Aferi\u00e7\u00e3o de press\u00e3o, teste de glicemia e vacina\u00e7\u00e3o foram alguns servi\u00e7os ofertados aos feirantes<\/figcaption><\/figure>\n<p>A Prefeitura de S\u00e3o Lu\u00eds, por meio\u00a0da Secretaria Municipal de Agricultura Pesca e Abastecimento (Semapa), e em parceria com\u00a0o Sindicato dos Feirantes, Secretaria Municipal de Sa\u00fade (Semus) e Servi\u00e7o Social do Com\u00e9rcio (Sesc), e ainda com o apoio do Posto de Sa\u00fade da Vila Embratel, realizou, na manh\u00e3 desta \u00faltima sexta- feira (29), na Vila Embratel, mais uma edi\u00e7\u00e3o do Sa\u00fade nas Feiras, que ofereceu atendimento de sa\u00fade a mais de 500 pessoas, entre feirantes e a popula\u00e7\u00e3o em geral.<\/p>\n<p>O projeto\u00a0leva aos bairros servi\u00e7os como aferi\u00e7\u00e3o de press\u00e3o arterial, glicemia, orienta\u00e7\u00e3o odontol\u00f3gica, vacina\u00e7\u00e3o contra a gripe, dois m\u00e9dicos cl\u00ednicos geral, distribui\u00e7\u00e3o de preservativo entre outros.\u00a0Nesta edi\u00e7\u00e3o, o Sa\u00fade nas Feiras contou com dois m\u00e9dicos, sendo cl\u00ednicos gerais, e uma equipe de alunos do curso de medicina da Universidade Federal do Maranh\u00e3o (UFMA).<\/p>\n<p>&#8221; A sa\u00fade das pessoas que trabalham nas feiras \u00e9 uma das principais preocupa\u00e7\u00f5es do Sindicatos dos Feirantes, junto com a Semapa. O projeto\u00a0Sa\u00fade nas Feiras tem como objetivo principal levar a esses trabalhadores o acesso r\u00e1pido a esses exames, para que assim, eles possam cuidar melhor da sa\u00fade&#8221;, destacou a presidente do Sindicato dos Feirantes,\u00a0Ivanilde Sampaio.<\/p>\n<p><strong>27 anos de feira livre<\/strong><\/p>\n<p>A Prefeitura de S\u00e3o Lu\u00eds, por meio da Secretaria de Agricultura Pesca e Abastecimento (Semapa), promoveu durante toda semana nas feiras do Vinhais, Cohab e Praia Grande, diversas atividades em comemora\u00e7\u00e3o aos 27 anos de Feira Livre.<\/p>\n<p>Foram ofertados aos feirantes e moradores locais exames para diagnostico do diabetes, aferi\u00e7\u00e3o da press\u00e3o, entre outros. Houve tamb\u00e9m distribui\u00e7\u00e3o de sementes de feij\u00e3o e de cestas com variedades de frutas.<\/p>\n<p>O evento contou tamb\u00e9m com a parceria da Universidade Ceuma, Prohort, Sindicato dos Ambulantes, dos Pescados, e Feirantes Locais.<\/p>\n","protected":false},"excerpt":{"rendered":"<p>A Prefeitura de S\u00e3o Lu\u00eds, por meio\u00a0da Secretaria Municipal de Agricultura Pesca e Abastecimento (Semapa), e em parceria com\u00a0o Sindicato [&hellip;]<\/p>\n","protected":false},"author":0,"featured_media":0,"comment_status":"open","ping_status":"open","sticky":false,"template":"","format":"standard","meta":{"site-sidebar-layout":"default","site-content-layout":"","ast-site-content-layout":"default","site-content-style":"default","site-sidebar-style":"default","ast-global-header-display":"","ast-banner-title-visibility":"","ast-main-header-display":"","ast-hfb-above-header-display":"","ast-hfb-below-header-display":"","ast-hfb-mobile-header-display":"","site-post-title":"","ast-breadcrumbs-content":"","ast-featured-img":"","footer-sml-layout":"","ast-disable-related-posts":"","theme-transparent-header-meta":"","adv-header-id-meta":"","stick-header-meta":"","header-above-stick-meta":"","header-main-stick-meta":"","header-below-stick-meta":"","astra-migrate-meta-layouts":"default","ast-page-background-enabled":"default","ast-page-background-meta":{"desktop":{"background-color":"var(--ast-global-color-5)","background-image":"","background-repeat":"repeat","background-position":"center center","background-size":"auto","background-attachment":"scroll","background-type":"","background-media":"","overlay-type":"","overlay-color":"","overlay-opacity":"","overlay-gradient":""},"tablet":{"background-color":"","background-image":"","background-repeat":"repeat","background-position":"center center","background-size":"auto","background-attachment":"scroll","background-type":"","background-media":"","overlay-type":"","overlay-color":"","overlay-opacity":"","overlay-gradient":""},"mobile":{"background-color":"","background-image":"","background-repeat":"repeat","background-position":"center center","background-size":"auto","background-attachment":"scroll","background-type":"","background-media":"","overlay-type":"","overlay-color":"","overlay-opacity":"","overlay-gradient":""}},"ast-content-background-meta":{"desktop":{"background-color":"var(--ast-global-color-4)","background-image":"","background-repeat":"repeat","background-position":"center center","background-size":"auto","background-attachment":"scroll","background-type":"","background-media":"","overlay-type":"","overlay-color":"","overlay-opacity":"","overlay-gradient":""},"tablet":{"background-color":"var(--ast-global-color-4)","background-image":"","background-repeat":"repeat","background-position":"center center","background-size":"auto","background-attachment":"scroll","background-type":"","background-media":"","overlay-type":"","overlay-color":"","overlay-opacity":"","overlay-gradient":""},"mobile":{"background-color":"var(--ast-global-color-4)","background-image":"","background-repeat":"repeat","background-position":"center center","background-size":"auto","background-attachment":"scroll","background-type":"","background-media":"","overlay-type":"","overlay-color":"","overlay-opacity":"","overlay-gradient":""}},"footnotes":""},"categories":[1],"tags":[],"class_list":["post-24450","post","type-post","status-publish","format-standard","hentry","category-sem-categoria"],"yoast_head":"<!-- This site is optimized with the Yoast SEO plugin v26.6 - https:\/\/yoast.com\/wordpress\/plugins\/seo\/ -->\n<title>Sa\u00fade nas Feiras - Daniel Matos<\/title>\n<meta name=\"robots\" content=\"index, follow, max-snippet:-1, max-image-preview:large, max-video-preview:-1\" \/>\n<link rel=\"canonical\" href=\"https:\/\/www.blogsoestado.com\/danielmatos\/saude-nas-feiras\/\" \/>\n<meta property=\"og:locale\" content=\"pt_BR\" \/>\n<meta property=\"og:type\" content=\"article\" \/>\n<meta property=\"og:title\" content=\"Sa\u00fade nas Feiras - Daniel Matos\" \/>\n<meta property=\"og:description\" content=\"A Prefeitura de S\u00e3o Lu\u00eds, por meio\u00a0da Secretaria Municipal de Agricultura Pesca e Abastecimento (Semapa), e em parceria com\u00a0o Sindicato [&hellip;]\" \/>\n<meta property=\"og:url\" content=\"https:\/\/www.blogsoestado.com\/danielmatos\/saude-nas-feiras\/\" \/>\n<meta property=\"og:site_name\" content=\"Daniel Matos\" \/>\n<meta property=\"article:published_time\" content=\"2015-05-31T12:09:47+00:00\" \/>\n<meta property=\"og:image\" content=\"https:\/\/www.blogsoestado.com\/danielmatos\/files\/2015\/05\/saude-nas-feiras.jpg\" \/>\n<meta name=\"twitter:card\" content=\"summary_large_image\" \/>\n<meta name=\"twitter:label1\" content=\"Est. tempo de leitura\" \/>\n\t<meta name=\"twitter:data1\" content=\"2 minutos\" \/>\n<script type=\"application\/ld+json\" class=\"yoast-schema-graph\">{\"@context\":\"https:\/\/schema.org\",\"@graph\":[{\"@type\":\"WebPage\",\"@id\":\"https:\/\/www.blogsoestado.com\/danielmatos\/saude-nas-feiras\/\",\"url\":\"https:\/\/www.blogsoestado.com\/danielmatos\/saude-nas-feiras\/\",\"name\":\"Sa\u00fade nas Feiras - Daniel Matos\",\"isPartOf\":{\"@id\":\"https:\/\/www.blogsoestado.com\/danielmatos\/#website\"},\"primaryImageOfPage\":{\"@id\":\"https:\/\/www.blogsoestado.com\/danielmatos\/saude-nas-feiras\/#primaryimage\"},\"image\":{\"@id\":\"https:\/\/www.blogsoestado.com\/danielmatos\/saude-nas-feiras\/#primaryimage\"},\"thumbnailUrl\":\"https:\/\/www.blogsoestado.com\/danielmatos\/files\/2015\/05\/saude-nas-feiras.jpg\",\"datePublished\":\"2015-05-31T12:09:47+00:00\",\"author\":{\"@id\":\"\"},\"breadcrumb\":{\"@id\":\"https:\/\/www.blogsoestado.com\/danielmatos\/saude-nas-feiras\/#breadcrumb\"},\"inLanguage\":\"pt-BR\",\"potentialAction\":[{\"@type\":\"ReadAction\",\"target\":[\"https:\/\/www.blogsoestado.com\/danielmatos\/saude-nas-feiras\/\"]}]},{\"@type\":\"ImageObject\",\"inLanguage\":\"pt-BR\",\"@id\":\"https:\/\/www.blogsoestado.com\/danielmatos\/saude-nas-feiras\/#primaryimage\",\"url\":\"https:\/\/www.blogsoestado.com\/danielmatos\/files\/2015\/05\/saude-nas-feiras.jpg\",\"contentUrl\":\"https:\/\/www.blogsoestado.com\/danielmatos\/files\/2015\/05\/saude-nas-feiras.jpg\"},{\"@type\":\"BreadcrumbList\",\"@id\":\"https:\/\/www.blogsoestado.com\/danielmatos\/saude-nas-feiras\/#breadcrumb\",\"itemListElement\":[{\"@type\":\"ListItem\",\"position\":1,\"name\":\"In\u00edcio\",\"item\":\"https:\/\/www.blogsoestado.com\/danielmatos\/\"},{\"@type\":\"ListItem\",\"position\":2,\"name\":\"Sa\u00fade nas Feiras\"}]},{\"@type\":\"WebSite\",\"@id\":\"https:\/\/www.blogsoestado.com\/danielmatos\/#website\",\"url\":\"https:\/\/www.blogsoestado.com\/danielmatos\/\",\"name\":\"Daniel Matos\",\"description\":\"\",\"potentialAction\":[{\"@type\":\"SearchAction\",\"target\":{\"@type\":\"EntryPoint\",\"urlTemplate\":\"https:\/\/www.blogsoestado.com\/danielmatos\/?s={search_term_string}\"},\"query-input\":{\"@type\":\"PropertyValueSpecification\",\"valueRequired\":true,\"valueName\":\"search_term_string\"}}],\"inLanguage\":\"pt-BR\"}]}<\/script>\n<!-- \/ Yoast SEO plugin. -->","yoast_head_json":{"title":"Sa\u00fade nas Feiras - Daniel Matos","robots":{"index":"index","follow":"follow","max-snippet":"max-snippet:-1","max-image-preview":"max-image-preview:large","max-video-preview":"max-video-preview:-1"},"canonical":"https:\/\/www.blogsoestado.com\/danielmatos\/saude-nas-feiras\/","og_locale":"pt_BR","og_type":"article","og_title":"Sa\u00fade nas Feiras - Daniel Matos","og_description":"A Prefeitura de S\u00e3o Lu\u00eds, por meio\u00a0da Secretaria Municipal de Agricultura Pesca e Abastecimento (Semapa), e em parceria com\u00a0o Sindicato [&hellip;]","og_url":"https:\/\/www.blogsoestado.com\/danielmatos\/saude-nas-feiras\/","og_site_name":"Daniel Matos","article_published_time":"2015-05-31T12:09:47+00:00","og_image":[{"url":"https:\/\/www.blogsoestado.com\/danielmatos\/files\/2015\/05\/saude-nas-feiras.jpg","type":"","width":"","height":""}],"twitter_card":"summary_large_image","twitter_misc":{"Est. tempo de leitura":"2 minutos"},"schema":{"@context":"https:\/\/schema.org","@graph":[{"@type":"WebPage","@id":"https:\/\/www.blogsoestado.com\/danielmatos\/saude-nas-feiras\/","url":"https:\/\/www.blogsoestado.com\/danielmatos\/saude-nas-feiras\/","name":"Sa\u00fade nas Feiras - Daniel Matos","isPartOf":{"@id":"https:\/\/www.blogsoestado.com\/danielmatos\/#website"},"primaryImageOfPage":{"@id":"https:\/\/www.blogsoestado.com\/danielmatos\/saude-nas-feiras\/#primaryimage"},"image":{"@id":"https:\/\/www.blogsoestado.com\/danielmatos\/saude-nas-feiras\/#primaryimage"},"thumbnailUrl":"https:\/\/www.blogsoestado.com\/danielmatos\/files\/2015\/05\/saude-nas-feiras.jpg","datePublished":"2015-05-31T12:09:47+00:00","author":{"@id":""},"breadcrumb":{"@id":"https:\/\/www.blogsoestado.com\/danielmatos\/saude-nas-feiras\/#breadcrumb"},"inLanguage":"pt-BR","potentialAction":[{"@type":"ReadAction","target":["https:\/\/www.blogsoestado.com\/danielmatos\/saude-nas-feiras\/"]}]},{"@type":"ImageObject","inLanguage":"pt-BR","@id":"https:\/\/www.blogsoestado.com\/danielmatos\/saude-nas-feiras\/#primaryimage","url":"https:\/\/www.blogsoestado.com\/danielmatos\/files\/2015\/05\/saude-nas-feiras.jpg","contentUrl":"https:\/\/www.blogsoestado.com\/danielmatos\/files\/2015\/05\/saude-nas-feiras.jpg"},{"@type":"BreadcrumbList","@id":"https:\/\/www.blogsoestado.com\/danielmatos\/saude-nas-feiras\/#breadcrumb","itemListElement":[{"@type":"ListItem","position":1,"name":"In\u00edcio","item":"https:\/\/www.blogsoestado.com\/danielmatos\/"},{"@type":"ListItem","position":2,"name":"Sa\u00fade nas Feiras"}]},{"@type":"WebSite","@id":"https:\/\/www.blogsoestado.com\/danielmatos\/#website","url":"https:\/\/www.blogsoestado.com\/danielmatos\/","name":"Daniel Matos","description":"","potentialAction":[{"@type":"SearchAction","target":{"@type":"EntryPoint","urlTemplate":"https:\/\/www.blogsoestado.com\/danielmatos\/?s={search_term_string}"},"query-input":{"@type":"PropertyValueSpecification","valueRequired":true,"valueName":"search_term_string"}}],"inLanguage":"pt-BR"}]}},"jetpack_featured_media_url":"","_links":{"self":[{"href":"https:\/\/www.blogsoestado.com\/danielmatos\/wp-json\/wp\/v2\/posts\/24450","targetHints":{"allow":["GET"]}}],"collection":[{"href":"https:\/\/www.blogsoestado.com\/danielmatos\/wp-json\/wp\/v2\/posts"}],"about":[{"href":"https:\/\/www.blogsoestado.com\/danielmatos\/wp-json\/wp\/v2\/types\/post"}],"replies":[{"embeddable":true,"href":"https:\/\/www.blogsoestado.com\/danielmatos\/wp-json\/wp\/v2\/comments?post=24450"}],"version-history":[{"count":0,"href":"https:\/\/www.blogsoestado.com\/danielmatos\/wp-json\/wp\/v2\/posts\/24450\/revisions"}],"wp:attachment":[{"href":"https:\/\/www.blogsoestado.com\/danielmatos\/wp-json\/wp\/v2\/media?parent=24450"}],"wp:term":[{"taxonomy":"category","embeddable":true,"href":"https:\/\/www.blogsoestado.com\/danielmatos\/wp-json\/wp\/v2\/categories?post=24450"},{"taxonomy":"post_tag","embeddable":true,"href":"https:\/\/www.blogsoestado.com\/danielmatos\/wp-json\/wp\/v2\/tags?post=24450"}],"curies":[{"name":"wp","href":"https:\/\/api.w.org\/{rel}","templated":true}]}}