{"id":2483,"date":"2011-09-05T15:32:50","date_gmt":"2011-09-05T18:32:50","guid":{"rendered":"https:\/\/www.blogsoestado.com\/danielmatos\/?p=2483"},"modified":"2011-09-05T15:32:50","modified_gmt":"2011-09-05T18:32:50","slug":"clovis-fecury-assumira-dia-12-vaga-de-joao-alberto-no-senado","status":"publish","type":"post","link":"https:\/\/www.blogsoestado.com\/danielmatos\/clovis-fecury-assumira-dia-12-vaga-de-joao-alberto-no-senado\/","title":{"rendered":"Cl\u00f3vis Fecury assumir\u00e1 dia 12 vaga de Jo\u00e3o Alberto no Senado"},"content":{"rendered":"<figure id=\"attachment_2484\" aria-describedby=\"caption-attachment-2484\" style=\"width: 300px\" class=\"wp-caption alignleft\"><a rel=\"attachment wp-att-2484\" href=\"https:\/\/www.blogsoestado.com\/danielmatos\/2011\/09\/05\/clovis-fecury-assumira-dia-12-vaga-de-joao-alberto-no-senado\/joao-alberto-clovis\/\"><img fetchpriority=\"high\" decoding=\"async\" class=\"size-medium wp-image-2484\" src=\"https:\/\/www.blogsoestado.com\/danielmatos\/files\/2011\/09\/joao-alberto-clovis-300x200.jpg\" alt=\"\" width=\"300\" height=\"200\" \/><\/a><figcaption id=\"caption-attachment-2484\" class=\"wp-caption-text\">Jo\u00e3o Alberto ceder\u00e1 vaga no Senado a Cl\u00f3vis Fecury<\/figcaption><\/figure>\n<p><strong>Em primeira m\u00e3o, \u00e0s 15h30:<\/strong>\u00a0o primeiro suplente Cl\u00f3vis Fecury assumir\u00e1 no pr\u00f3ximo dia 12 a vaga do senador Jo\u00e3o Alberto (PMDB ). A data foi acertada\u00a0em reuni\u00e3o realizada na \u00faltima sexta-feira,\u00a0no Pal\u00e1cio dos Le\u00f5es,\u00a0em uma articula\u00e7\u00e3o conduzida\u00a0pela governadora Roseana Sarney. Com a decis\u00e3o, o DEM, que no Maranh\u00e3o \u00e9 presidido por Fecury\u00a0e vinha sendo assediado pelo prefeito de S\u00e3o Lu\u00eds, Jo\u00e3o Castelo (PSDB), permanece firme na base de sustenta\u00e7\u00e3o ao governo.<\/p>\n<p>Ao assumir a\u00a0cadeira do peemedebista Jo\u00e3o Alberto no Senado, Fecury volta a\u00a0ganhar for\u00e7a\u00a0junto\u00a0\u00e0 Executiva Nacional do partido, ap\u00f3s o embara\u00e7o\u00a0provocado pela\u00a0decis\u00e3o da deputada federal Nice Lob\u00e3o e dos deputados estaduais Max Barros, Raimundo Cutrim e Tat\u00e1 Milhomem de transferir-se para o PSD, sigla fundada pelo prefeito de S\u00e3o Paulo, Gilberto Kassab.<\/p>\n<p>Jo\u00e3o Alberto ser\u00e1 nomeado secret\u00e1rio de Estado Extraordin\u00e1rio de Projetos Especiais e, segundo o que se comenta nos bastidores do governo,\u00a0ser\u00e1 uma esp\u00e9cie de super secret\u00e1rio, com forte influ\u00eancia sobre o restante da equipe de Roseana.<\/p>\n","protected":false},"excerpt":{"rendered":"<p>Em primeira m\u00e3o, \u00e0s 15h30:\u00a0o primeiro suplente Cl\u00f3vis Fecury assumir\u00e1 no pr\u00f3ximo dia 12 a vaga do senador Jo\u00e3o Alberto [&hellip;]<\/p>\n","protected":false},"author":0,"featured_media":0,"comment_status":"open","ping_status":"open","sticky":false,"template":"","format":"standard","meta":{"site-sidebar-layout":"default","site-content-layout":"","ast-site-content-layout":"default","site-content-style":"default","site-sidebar-style":"default","ast-global-header-display":"","ast-banner-title-visibility":"","ast-main-header-display":"","ast-hfb-above-header-display":"","ast-hfb-below-header-display":"","ast-hfb-mobile-header-display":"","site-post-title":"","ast-breadcrumbs-content":"","ast-featured-img":"","footer-sml-layout":"","ast-disable-related-posts":"","theme-transparent-header-meta":"","adv-header-id-meta":"","stick-header-meta":"","header-above-stick-meta":"","header-main-stick-meta":"","header-below-stick-meta":"","astra-migrate-meta-layouts":"default","ast-page-background-enabled":"default","ast-page-background-meta":{"desktop":{"background-color":"var(--ast-global-color-5)","background-image":"","background-repeat":"repeat","background-position":"center center","background-size":"auto","background-attachment":"scroll","background-type":"","background-media":"","overlay-type":"","overlay-color":"","overlay-opacity":"","overlay-gradient":""},"tablet":{"background-color":"","background-image":"","background-repeat":"repeat","background-position":"center center","background-size":"auto","background-attachment":"scroll","background-type":"","background-media":"","overlay-type":"","overlay-color":"","overlay-opacity":"","overlay-gradient":""},"mobile":{"background-color":"","background-image":"","background-repeat":"repeat","background-position":"center center","background-size":"auto","background-attachment":"scroll","background-type":"","background-media":"","overlay-type":"","overlay-color":"","overlay-opacity":"","overlay-gradient":""}},"ast-content-background-meta":{"desktop":{"background-color":"var(--ast-global-color-4)","background-image":"","background-repeat":"repeat","background-position":"center center","background-size":"auto","background-attachment":"scroll","background-type":"","background-media":"","overlay-type":"","overlay-color":"","overlay-opacity":"","overlay-gradient":""},"tablet":{"background-color":"var(--ast-global-color-4)","background-image":"","background-repeat":"repeat","background-position":"center center","background-size":"auto","background-attachment":"scroll","background-type":"","background-media":"","overlay-type":"","overlay-color":"","overlay-opacity":"","overlay-gradient":""},"mobile":{"background-color":"var(--ast-global-color-4)","background-image":"","background-repeat":"repeat","background-position":"center center","background-size":"auto","background-attachment":"scroll","background-type":"","background-media":"","overlay-type":"","overlay-color":"","overlay-opacity":"","overlay-gradient":""}},"footnotes":""},"categories":[1],"tags":[],"class_list":["post-2483","post","type-post","status-publish","format-standard","hentry","category-sem-categoria"],"yoast_head":"<!-- This site is optimized with the Yoast SEO plugin v26.6 - https:\/\/yoast.com\/wordpress\/plugins\/seo\/ -->\n<title>Cl\u00f3vis Fecury assumir\u00e1 dia 12 vaga de Jo\u00e3o Alberto no Senado - Daniel Matos<\/title>\n<meta name=\"robots\" content=\"index, follow, max-snippet:-1, max-image-preview:large, max-video-preview:-1\" \/>\n<link rel=\"canonical\" href=\"https:\/\/www.blogsoestado.com\/danielmatos\/clovis-fecury-assumira-dia-12-vaga-de-joao-alberto-no-senado\/\" \/>\n<meta property=\"og:locale\" content=\"pt_BR\" \/>\n<meta property=\"og:type\" content=\"article\" \/>\n<meta property=\"og:title\" content=\"Cl\u00f3vis Fecury assumir\u00e1 dia 12 vaga de Jo\u00e3o Alberto no Senado - Daniel Matos\" \/>\n<meta property=\"og:description\" content=\"Em primeira m\u00e3o, \u00e0s 15h30:\u00a0o primeiro suplente Cl\u00f3vis Fecury assumir\u00e1 no pr\u00f3ximo dia 12 a vaga do senador Jo\u00e3o Alberto [&hellip;]\" \/>\n<meta property=\"og:url\" content=\"https:\/\/www.blogsoestado.com\/danielmatos\/clovis-fecury-assumira-dia-12-vaga-de-joao-alberto-no-senado\/\" \/>\n<meta property=\"og:site_name\" content=\"Daniel Matos\" \/>\n<meta property=\"article:published_time\" content=\"2011-09-05T18:32:50+00:00\" \/>\n<meta property=\"og:image\" content=\"https:\/\/www.blogsoestado.com\/danielmatos\/files\/2011\/09\/joao-alberto-clovis-300x200.jpg\" \/>\n<meta name=\"twitter:card\" content=\"summary_large_image\" \/>\n<meta name=\"twitter:label1\" content=\"Est. tempo de leitura\" \/>\n\t<meta name=\"twitter:data1\" content=\"1 minuto\" \/>\n<script type=\"application\/ld+json\" class=\"yoast-schema-graph\">{\"@context\":\"https:\/\/schema.org\",\"@graph\":[{\"@type\":\"WebPage\",\"@id\":\"https:\/\/www.blogsoestado.com\/danielmatos\/clovis-fecury-assumira-dia-12-vaga-de-joao-alberto-no-senado\/\",\"url\":\"https:\/\/www.blogsoestado.com\/danielmatos\/clovis-fecury-assumira-dia-12-vaga-de-joao-alberto-no-senado\/\",\"name\":\"Cl\u00f3vis Fecury assumir\u00e1 dia 12 vaga de Jo\u00e3o Alberto no Senado - Daniel Matos\",\"isPartOf\":{\"@id\":\"https:\/\/www.blogsoestado.com\/danielmatos\/#website\"},\"primaryImageOfPage\":{\"@id\":\"https:\/\/www.blogsoestado.com\/danielmatos\/clovis-fecury-assumira-dia-12-vaga-de-joao-alberto-no-senado\/#primaryimage\"},\"image\":{\"@id\":\"https:\/\/www.blogsoestado.com\/danielmatos\/clovis-fecury-assumira-dia-12-vaga-de-joao-alberto-no-senado\/#primaryimage\"},\"thumbnailUrl\":\"https:\/\/www.blogsoestado.com\/danielmatos\/files\/2011\/09\/joao-alberto-clovis-300x200.jpg\",\"datePublished\":\"2011-09-05T18:32:50+00:00\",\"author\":{\"@id\":\"\"},\"breadcrumb\":{\"@id\":\"https:\/\/www.blogsoestado.com\/danielmatos\/clovis-fecury-assumira-dia-12-vaga-de-joao-alberto-no-senado\/#breadcrumb\"},\"inLanguage\":\"pt-BR\",\"potentialAction\":[{\"@type\":\"ReadAction\",\"target\":[\"https:\/\/www.blogsoestado.com\/danielmatos\/clovis-fecury-assumira-dia-12-vaga-de-joao-alberto-no-senado\/\"]}]},{\"@type\":\"ImageObject\",\"inLanguage\":\"pt-BR\",\"@id\":\"https:\/\/www.blogsoestado.com\/danielmatos\/clovis-fecury-assumira-dia-12-vaga-de-joao-alberto-no-senado\/#primaryimage\",\"url\":\"https:\/\/www.blogsoestado.com\/danielmatos\/files\/2011\/09\/joao-alberto-clovis-300x200.jpg\",\"contentUrl\":\"https:\/\/www.blogsoestado.com\/danielmatos\/files\/2011\/09\/joao-alberto-clovis-300x200.jpg\"},{\"@type\":\"BreadcrumbList\",\"@id\":\"https:\/\/www.blogsoestado.com\/danielmatos\/clovis-fecury-assumira-dia-12-vaga-de-joao-alberto-no-senado\/#breadcrumb\",\"itemListElement\":[{\"@type\":\"ListItem\",\"position\":1,\"name\":\"In\u00edcio\",\"item\":\"https:\/\/www.blogsoestado.com\/danielmatos\/\"},{\"@type\":\"ListItem\",\"position\":2,\"name\":\"Cl\u00f3vis Fecury assumir\u00e1 dia 12 vaga de Jo\u00e3o Alberto no Senado\"}]},{\"@type\":\"WebSite\",\"@id\":\"https:\/\/www.blogsoestado.com\/danielmatos\/#website\",\"url\":\"https:\/\/www.blogsoestado.com\/danielmatos\/\",\"name\":\"Daniel Matos\",\"description\":\"\",\"potentialAction\":[{\"@type\":\"SearchAction\",\"target\":{\"@type\":\"EntryPoint\",\"urlTemplate\":\"https:\/\/www.blogsoestado.com\/danielmatos\/?s={search_term_string}\"},\"query-input\":{\"@type\":\"PropertyValueSpecification\",\"valueRequired\":true,\"valueName\":\"search_term_string\"}}],\"inLanguage\":\"pt-BR\"}]}<\/script>\n<!-- \/ Yoast SEO plugin. -->","yoast_head_json":{"title":"Cl\u00f3vis Fecury assumir\u00e1 dia 12 vaga de Jo\u00e3o Alberto no Senado - Daniel Matos","robots":{"index":"index","follow":"follow","max-snippet":"max-snippet:-1","max-image-preview":"max-image-preview:large","max-video-preview":"max-video-preview:-1"},"canonical":"https:\/\/www.blogsoestado.com\/danielmatos\/clovis-fecury-assumira-dia-12-vaga-de-joao-alberto-no-senado\/","og_locale":"pt_BR","og_type":"article","og_title":"Cl\u00f3vis Fecury assumir\u00e1 dia 12 vaga de Jo\u00e3o Alberto no Senado - Daniel Matos","og_description":"Em primeira m\u00e3o, \u00e0s 15h30:\u00a0o primeiro suplente Cl\u00f3vis Fecury assumir\u00e1 no pr\u00f3ximo dia 12 a vaga do senador Jo\u00e3o Alberto [&hellip;]","og_url":"https:\/\/www.blogsoestado.com\/danielmatos\/clovis-fecury-assumira-dia-12-vaga-de-joao-alberto-no-senado\/","og_site_name":"Daniel Matos","article_published_time":"2011-09-05T18:32:50+00:00","og_image":[{"url":"https:\/\/www.blogsoestado.com\/danielmatos\/files\/2011\/09\/joao-alberto-clovis-300x200.jpg","type":"","width":"","height":""}],"twitter_card":"summary_large_image","twitter_misc":{"Est. tempo de leitura":"1 minuto"},"schema":{"@context":"https:\/\/schema.org","@graph":[{"@type":"WebPage","@id":"https:\/\/www.blogsoestado.com\/danielmatos\/clovis-fecury-assumira-dia-12-vaga-de-joao-alberto-no-senado\/","url":"https:\/\/www.blogsoestado.com\/danielmatos\/clovis-fecury-assumira-dia-12-vaga-de-joao-alberto-no-senado\/","name":"Cl\u00f3vis Fecury assumir\u00e1 dia 12 vaga de Jo\u00e3o Alberto no Senado - Daniel Matos","isPartOf":{"@id":"https:\/\/www.blogsoestado.com\/danielmatos\/#website"},"primaryImageOfPage":{"@id":"https:\/\/www.blogsoestado.com\/danielmatos\/clovis-fecury-assumira-dia-12-vaga-de-joao-alberto-no-senado\/#primaryimage"},"image":{"@id":"https:\/\/www.blogsoestado.com\/danielmatos\/clovis-fecury-assumira-dia-12-vaga-de-joao-alberto-no-senado\/#primaryimage"},"thumbnailUrl":"https:\/\/www.blogsoestado.com\/danielmatos\/files\/2011\/09\/joao-alberto-clovis-300x200.jpg","datePublished":"2011-09-05T18:32:50+00:00","author":{"@id":""},"breadcrumb":{"@id":"https:\/\/www.blogsoestado.com\/danielmatos\/clovis-fecury-assumira-dia-12-vaga-de-joao-alberto-no-senado\/#breadcrumb"},"inLanguage":"pt-BR","potentialAction":[{"@type":"ReadAction","target":["https:\/\/www.blogsoestado.com\/danielmatos\/clovis-fecury-assumira-dia-12-vaga-de-joao-alberto-no-senado\/"]}]},{"@type":"ImageObject","inLanguage":"pt-BR","@id":"https:\/\/www.blogsoestado.com\/danielmatos\/clovis-fecury-assumira-dia-12-vaga-de-joao-alberto-no-senado\/#primaryimage","url":"https:\/\/www.blogsoestado.com\/danielmatos\/files\/2011\/09\/joao-alberto-clovis-300x200.jpg","contentUrl":"https:\/\/www.blogsoestado.com\/danielmatos\/files\/2011\/09\/joao-alberto-clovis-300x200.jpg"},{"@type":"BreadcrumbList","@id":"https:\/\/www.blogsoestado.com\/danielmatos\/clovis-fecury-assumira-dia-12-vaga-de-joao-alberto-no-senado\/#breadcrumb","itemListElement":[{"@type":"ListItem","position":1,"name":"In\u00edcio","item":"https:\/\/www.blogsoestado.com\/danielmatos\/"},{"@type":"ListItem","position":2,"name":"Cl\u00f3vis Fecury assumir\u00e1 dia 12 vaga de Jo\u00e3o Alberto no Senado"}]},{"@type":"WebSite","@id":"https:\/\/www.blogsoestado.com\/danielmatos\/#website","url":"https:\/\/www.blogsoestado.com\/danielmatos\/","name":"Daniel Matos","description":"","potentialAction":[{"@type":"SearchAction","target":{"@type":"EntryPoint","urlTemplate":"https:\/\/www.blogsoestado.com\/danielmatos\/?s={search_term_string}"},"query-input":{"@type":"PropertyValueSpecification","valueRequired":true,"valueName":"search_term_string"}}],"inLanguage":"pt-BR"}]}},"jetpack_featured_media_url":"","_links":{"self":[{"href":"https:\/\/www.blogsoestado.com\/danielmatos\/wp-json\/wp\/v2\/posts\/2483","targetHints":{"allow":["GET"]}}],"collection":[{"href":"https:\/\/www.blogsoestado.com\/danielmatos\/wp-json\/wp\/v2\/posts"}],"about":[{"href":"https:\/\/www.blogsoestado.com\/danielmatos\/wp-json\/wp\/v2\/types\/post"}],"replies":[{"embeddable":true,"href":"https:\/\/www.blogsoestado.com\/danielmatos\/wp-json\/wp\/v2\/comments?post=2483"}],"version-history":[{"count":0,"href":"https:\/\/www.blogsoestado.com\/danielmatos\/wp-json\/wp\/v2\/posts\/2483\/revisions"}],"wp:attachment":[{"href":"https:\/\/www.blogsoestado.com\/danielmatos\/wp-json\/wp\/v2\/media?parent=2483"}],"wp:term":[{"taxonomy":"category","embeddable":true,"href":"https:\/\/www.blogsoestado.com\/danielmatos\/wp-json\/wp\/v2\/categories?post=2483"},{"taxonomy":"post_tag","embeddable":true,"href":"https:\/\/www.blogsoestado.com\/danielmatos\/wp-json\/wp\/v2\/tags?post=2483"}],"curies":[{"name":"wp","href":"https:\/\/api.w.org\/{rel}","templated":true}]}}