{"id":2605,"date":"2011-09-22T10:44:19","date_gmt":"2011-09-22T13:44:19","guid":{"rendered":"https:\/\/www.blogsoestado.com\/danielmatos\/?p=2605"},"modified":"2011-09-22T10:44:19","modified_gmt":"2011-09-22T13:44:19","slug":"2605","status":"publish","type":"post","link":"https:\/\/www.blogsoestado.com\/danielmatos\/2605\/","title":{"rendered":"Inc\u00eandio destr\u00f3i F\u00f3rum de Po\u00e7\u00e3o de Pedras"},"content":{"rendered":"<p>Um inc\u00eandio de origem ainda desconhecida destruiu completamente, na madrugada desta quinta-feira (21) o f\u00f3rum da comarca de Po\u00e7\u00e3o de Pedras, localizado na Rua Israel s\/n, no Centro da cidade, conforme informa\u00e7\u00e3o da ju\u00edza titular Teresa Cristina Franco Palhares.<br \/>\n\u00a0<br \/>\nLogo ap\u00f3s ser informada sobre o sinistro, a magistrada entrou em contato com o presidente do Tribunal de Justi\u00e7a, desembargador Jamil Gedeon, com o corregedor-geral, desembargador Guerreiro J\u00fanior e com o desembargador Marcelo Carvalho, que estava no plant\u00e3o.<br \/>\n\u00a0<br \/>\n\u201cS\u00e3o grandes e graves os preju\u00edzos para a Justi\u00e7a e a sociedade, o resultado desse inc\u00eandio, uma vez que, de um acervo de algo em torno de 1900 processos, pouco mais de 100 foram salvos, exatamente aquelas pe\u00e7as que estavam a cargo de advogados e do Minist\u00e9rio P\u00fablico\u201d, revelou a ju\u00edza.<br \/>\n\u00a0<br \/>\nEla destacou que o problema \u00e9 de graves propor\u00e7\u00f5es, enfatizando que todos temiam que houvesse explos\u00e3o, o que poderia resultar em v\u00edtimas. Ela acionou os destacamentos policiais de Po\u00e7\u00e3o de Pedras e Esperantin\u00f3polis, que nada puderam fazer, em raz\u00e3o do pr\u00e9dio ter sido consumido pelas labaredas em pouco tempo, causando o desabamento da estrutura f\u00edsica.<br \/>\n\u00a0<br \/>\n\u201cS\u00f3 nos resta esperar agora o resultado da per\u00edcia. H\u00e1 um sentimento de desola\u00e7\u00e3o, em decorr\u00eancia desse grave problema, que afeta a Justi\u00e7a e a sociedade, principalmente as pessoas arroladas nas centenas de processos que foram destru\u00eddos\u201d, revelou a magistrada.<br \/>\n\u00a0<br \/>\nO corregedor-geral de justi\u00e7a, Guerreiro J\u00fanior afirmou que j\u00e1 manteve contato com o sistema de seguran\u00e7a do Estado, para que o epis\u00f3dio seja apurado dentro do menor espa\u00e7o de tempo poss\u00edvel. Ele disse que n\u00e3o pode fazer ju\u00edzo de valor e que prefere aguardar o resultado da per\u00edcia, para se manifestar com mais profundidade sobre o problema.<\/p>\n<p>Assista ao v\u00eddeo com imagens do inc\u00eandio:<\/p>\n<p>[youtube uogUYxNVU54]<\/p>\n<p><strong>Fonte:<\/strong> Corregedoria Geral de Justi\u00e7a<\/p>\n","protected":false},"excerpt":{"rendered":"<p>Um inc\u00eandio de origem ainda desconhecida destruiu completamente, na madrugada desta quinta-feira (21) o f\u00f3rum da comarca de Po\u00e7\u00e3o de [&hellip;]<\/p>\n","protected":false},"author":0,"featured_media":0,"comment_status":"open","ping_status":"open","sticky":false,"template":"","format":"standard","meta":{"site-sidebar-layout":"default","site-content-layout":"","ast-site-content-layout":"default","site-content-style":"default","site-sidebar-style":"default","ast-global-header-display":"","ast-banner-title-visibility":"","ast-main-header-display":"","ast-hfb-above-header-display":"","ast-hfb-below-header-display":"","ast-hfb-mobile-header-display":"","site-post-title":"","ast-breadcrumbs-content":"","ast-featured-img":"","footer-sml-layout":"","ast-disable-related-posts":"","theme-transparent-header-meta":"","adv-header-id-meta":"","stick-header-meta":"","header-above-stick-meta":"","header-main-stick-meta":"","header-below-stick-meta":"","astra-migrate-meta-layouts":"default","ast-page-background-enabled":"default","ast-page-background-meta":{"desktop":{"background-color":"var(--ast-global-color-5)","background-image":"","background-repeat":"repeat","background-position":"center center","background-size":"auto","background-attachment":"scroll","background-type":"","background-media":"","overlay-type":"","overlay-color":"","overlay-opacity":"","overlay-gradient":""},"tablet":{"background-color":"","background-image":"","background-repeat":"repeat","background-position":"center center","background-size":"auto","background-attachment":"scroll","background-type":"","background-media":"","overlay-type":"","overlay-color":"","overlay-opacity":"","overlay-gradient":""},"mobile":{"background-color":"","background-image":"","background-repeat":"repeat","background-position":"center center","background-size":"auto","background-attachment":"scroll","background-type":"","background-media":"","overlay-type":"","overlay-color":"","overlay-opacity":"","overlay-gradient":""}},"ast-content-background-meta":{"desktop":{"background-color":"var(--ast-global-color-4)","background-image":"","background-repeat":"repeat","background-position":"center center","background-size":"auto","background-attachment":"scroll","background-type":"","background-media":"","overlay-type":"","overlay-color":"","overlay-opacity":"","overlay-gradient":""},"tablet":{"background-color":"var(--ast-global-color-4)","background-image":"","background-repeat":"repeat","background-position":"center center","background-size":"auto","background-attachment":"scroll","background-type":"","background-media":"","overlay-type":"","overlay-color":"","overlay-opacity":"","overlay-gradient":""},"mobile":{"background-color":"var(--ast-global-color-4)","background-image":"","background-repeat":"repeat","background-position":"center center","background-size":"auto","background-attachment":"scroll","background-type":"","background-media":"","overlay-type":"","overlay-color":"","overlay-opacity":"","overlay-gradient":""}},"footnotes":""},"categories":[1],"tags":[],"class_list":["post-2605","post","type-post","status-publish","format-standard","hentry","category-sem-categoria"],"yoast_head":"<!-- This site is optimized with the Yoast SEO plugin v26.6 - https:\/\/yoast.com\/wordpress\/plugins\/seo\/ -->\n<title>Inc\u00eandio destr\u00f3i F\u00f3rum de Po\u00e7\u00e3o de Pedras - Daniel Matos<\/title>\n<meta name=\"robots\" content=\"index, follow, max-snippet:-1, max-image-preview:large, max-video-preview:-1\" \/>\n<link rel=\"canonical\" href=\"https:\/\/www.blogsoestado.com\/danielmatos\/2605\/\" \/>\n<meta property=\"og:locale\" content=\"pt_BR\" \/>\n<meta property=\"og:type\" content=\"article\" \/>\n<meta property=\"og:title\" content=\"Inc\u00eandio destr\u00f3i F\u00f3rum de Po\u00e7\u00e3o de Pedras - Daniel Matos\" \/>\n<meta property=\"og:description\" content=\"Um inc\u00eandio de origem ainda desconhecida destruiu completamente, na madrugada desta quinta-feira (21) o f\u00f3rum da comarca de Po\u00e7\u00e3o de [&hellip;]\" \/>\n<meta property=\"og:url\" content=\"https:\/\/www.blogsoestado.com\/danielmatos\/2605\/\" \/>\n<meta property=\"og:site_name\" content=\"Daniel Matos\" \/>\n<meta property=\"article:published_time\" content=\"2011-09-22T13:44:19+00:00\" \/>\n<meta name=\"twitter:card\" content=\"summary_large_image\" \/>\n<meta name=\"twitter:label1\" content=\"Est. tempo de leitura\" \/>\n\t<meta name=\"twitter:data1\" content=\"2 minutos\" \/>\n<script type=\"application\/ld+json\" class=\"yoast-schema-graph\">{\"@context\":\"https:\/\/schema.org\",\"@graph\":[{\"@type\":\"WebPage\",\"@id\":\"https:\/\/www.blogsoestado.com\/danielmatos\/2605\/\",\"url\":\"https:\/\/www.blogsoestado.com\/danielmatos\/2605\/\",\"name\":\"Inc\u00eandio destr\u00f3i F\u00f3rum de Po\u00e7\u00e3o de Pedras - Daniel Matos\",\"isPartOf\":{\"@id\":\"https:\/\/www.blogsoestado.com\/danielmatos\/#website\"},\"datePublished\":\"2011-09-22T13:44:19+00:00\",\"author\":{\"@id\":\"\"},\"breadcrumb\":{\"@id\":\"https:\/\/www.blogsoestado.com\/danielmatos\/2605\/#breadcrumb\"},\"inLanguage\":\"pt-BR\",\"potentialAction\":[{\"@type\":\"ReadAction\",\"target\":[\"https:\/\/www.blogsoestado.com\/danielmatos\/2605\/\"]}]},{\"@type\":\"BreadcrumbList\",\"@id\":\"https:\/\/www.blogsoestado.com\/danielmatos\/2605\/#breadcrumb\",\"itemListElement\":[{\"@type\":\"ListItem\",\"position\":1,\"name\":\"In\u00edcio\",\"item\":\"https:\/\/www.blogsoestado.com\/danielmatos\/\"},{\"@type\":\"ListItem\",\"position\":2,\"name\":\"Inc\u00eandio destr\u00f3i F\u00f3rum de Po\u00e7\u00e3o de Pedras\"}]},{\"@type\":\"WebSite\",\"@id\":\"https:\/\/www.blogsoestado.com\/danielmatos\/#website\",\"url\":\"https:\/\/www.blogsoestado.com\/danielmatos\/\",\"name\":\"Daniel Matos\",\"description\":\"\",\"potentialAction\":[{\"@type\":\"SearchAction\",\"target\":{\"@type\":\"EntryPoint\",\"urlTemplate\":\"https:\/\/www.blogsoestado.com\/danielmatos\/?s={search_term_string}\"},\"query-input\":{\"@type\":\"PropertyValueSpecification\",\"valueRequired\":true,\"valueName\":\"search_term_string\"}}],\"inLanguage\":\"pt-BR\"}]}<\/script>\n<!-- \/ Yoast SEO plugin. -->","yoast_head_json":{"title":"Inc\u00eandio destr\u00f3i F\u00f3rum de Po\u00e7\u00e3o de Pedras - Daniel Matos","robots":{"index":"index","follow":"follow","max-snippet":"max-snippet:-1","max-image-preview":"max-image-preview:large","max-video-preview":"max-video-preview:-1"},"canonical":"https:\/\/www.blogsoestado.com\/danielmatos\/2605\/","og_locale":"pt_BR","og_type":"article","og_title":"Inc\u00eandio destr\u00f3i F\u00f3rum de Po\u00e7\u00e3o de Pedras - Daniel Matos","og_description":"Um inc\u00eandio de origem ainda desconhecida destruiu completamente, na madrugada desta quinta-feira (21) o f\u00f3rum da comarca de Po\u00e7\u00e3o de [&hellip;]","og_url":"https:\/\/www.blogsoestado.com\/danielmatos\/2605\/","og_site_name":"Daniel Matos","article_published_time":"2011-09-22T13:44:19+00:00","twitter_card":"summary_large_image","twitter_misc":{"Est. tempo de leitura":"2 minutos"},"schema":{"@context":"https:\/\/schema.org","@graph":[{"@type":"WebPage","@id":"https:\/\/www.blogsoestado.com\/danielmatos\/2605\/","url":"https:\/\/www.blogsoestado.com\/danielmatos\/2605\/","name":"Inc\u00eandio destr\u00f3i F\u00f3rum de Po\u00e7\u00e3o de Pedras - Daniel Matos","isPartOf":{"@id":"https:\/\/www.blogsoestado.com\/danielmatos\/#website"},"datePublished":"2011-09-22T13:44:19+00:00","author":{"@id":""},"breadcrumb":{"@id":"https:\/\/www.blogsoestado.com\/danielmatos\/2605\/#breadcrumb"},"inLanguage":"pt-BR","potentialAction":[{"@type":"ReadAction","target":["https:\/\/www.blogsoestado.com\/danielmatos\/2605\/"]}]},{"@type":"BreadcrumbList","@id":"https:\/\/www.blogsoestado.com\/danielmatos\/2605\/#breadcrumb","itemListElement":[{"@type":"ListItem","position":1,"name":"In\u00edcio","item":"https:\/\/www.blogsoestado.com\/danielmatos\/"},{"@type":"ListItem","position":2,"name":"Inc\u00eandio destr\u00f3i F\u00f3rum de Po\u00e7\u00e3o de Pedras"}]},{"@type":"WebSite","@id":"https:\/\/www.blogsoestado.com\/danielmatos\/#website","url":"https:\/\/www.blogsoestado.com\/danielmatos\/","name":"Daniel Matos","description":"","potentialAction":[{"@type":"SearchAction","target":{"@type":"EntryPoint","urlTemplate":"https:\/\/www.blogsoestado.com\/danielmatos\/?s={search_term_string}"},"query-input":{"@type":"PropertyValueSpecification","valueRequired":true,"valueName":"search_term_string"}}],"inLanguage":"pt-BR"}]}},"jetpack_featured_media_url":"","_links":{"self":[{"href":"https:\/\/www.blogsoestado.com\/danielmatos\/wp-json\/wp\/v2\/posts\/2605","targetHints":{"allow":["GET"]}}],"collection":[{"href":"https:\/\/www.blogsoestado.com\/danielmatos\/wp-json\/wp\/v2\/posts"}],"about":[{"href":"https:\/\/www.blogsoestado.com\/danielmatos\/wp-json\/wp\/v2\/types\/post"}],"replies":[{"embeddable":true,"href":"https:\/\/www.blogsoestado.com\/danielmatos\/wp-json\/wp\/v2\/comments?post=2605"}],"version-history":[{"count":0,"href":"https:\/\/www.blogsoestado.com\/danielmatos\/wp-json\/wp\/v2\/posts\/2605\/revisions"}],"wp:attachment":[{"href":"https:\/\/www.blogsoestado.com\/danielmatos\/wp-json\/wp\/v2\/media?parent=2605"}],"wp:term":[{"taxonomy":"category","embeddable":true,"href":"https:\/\/www.blogsoestado.com\/danielmatos\/wp-json\/wp\/v2\/categories?post=2605"},{"taxonomy":"post_tag","embeddable":true,"href":"https:\/\/www.blogsoestado.com\/danielmatos\/wp-json\/wp\/v2\/tags?post=2605"}],"curies":[{"name":"wp","href":"https:\/\/api.w.org\/{rel}","templated":true}]}}