{"id":2606,"date":"2011-09-22T15:15:43","date_gmt":"2011-09-22T18:15:43","guid":{"rendered":"https:\/\/www.blogsoestado.com\/danielmatos\/?p=2606"},"modified":"2011-09-22T15:15:43","modified_gmt":"2011-09-22T18:15:43","slug":"adiado-julgamento-do-pedido-de-cassacao-da-prefeita-de-paco-do-lumiar","status":"publish","type":"post","link":"https:\/\/www.blogsoestado.com\/danielmatos\/adiado-julgamento-do-pedido-de-cassacao-da-prefeita-de-paco-do-lumiar\/","title":{"rendered":"Adiado julgamento do pedido de cassa\u00e7\u00e3o da prefeita de Pa\u00e7o do Lumiar"},"content":{"rendered":"<figure id=\"attachment_2607\" aria-describedby=\"caption-attachment-2607\" style=\"width: 300px\" class=\"wp-caption alignleft\"><a rel=\"attachment wp-att-2607\" href=\"https:\/\/www.blogsoestado.com\/danielmatos\/2011\/09\/22\/adiado-julgamento-do-pedido-de-cassacao-da-prefeita-de-paco-do-lumiar\/desembargador-marcelo\/\"><img fetchpriority=\"high\" decoding=\"async\" class=\"size-medium wp-image-2607\" src=\"https:\/\/www.blogsoestado.com\/danielmatos\/files\/2011\/09\/desembargador-marcelo-300x200.jpg\" alt=\"\" width=\"300\" height=\"200\" \/><\/a><figcaption id=\"caption-attachment-2607\" class=\"wp-caption-text\">Desembargador Marcelo Carvalho pediu vistas do processo<\/figcaption><\/figure>\n<p>Em sess\u00e3o nesta quinta-feira, 22, a 1\u00aa C\u00e2mara C\u00edvel do Tribunal de Justi\u00e7a iniciou e interrompeu julgamento de recurso da prefeita de Pa\u00e7o do Lumiar, Bia Ven\u00e2ncio, em virtude do pedido de vista do desembargador Marcelo Carvalho Silva.<\/p>\n<p>Bia Ven\u00e2ncio recorreu ao TJMA contra decis\u00e3o da 1\u00aa Vara de Pa\u00e7o do Lumiar, em a\u00e7\u00e3o civil p\u00fablica ajuizada pelo Minist\u00e9rio P\u00fablico Estadual (MPE), para afast\u00e1-la do cargo. Em seu recurso, a prefeita pediu a reforma da decis\u00e3o, alegando que a mesma teria apreciado e considerado quest\u00f5es diversas daquelas efetivamente requeridas no processo.<\/p>\n<p>A a\u00e7\u00e3o civil p\u00fablica trata de irregularidades e ilegalidades que teriam sido cometidas pela prefeita na administra\u00e7\u00e3o municipal, como falsifica\u00e7\u00e3o de documentos na presta\u00e7\u00e3o de contas referentes ao exerc\u00edcio financeiro de 2009, fraudes de licita\u00e7\u00e3o, entre outras.<\/p>\n<p>A relatora do recurso, desembargadora Raimunda Bezerra, indeferiu pedido de adiamento do julgamento ajuizado pelo procurador-geral do Munic\u00edpio, proferindo seu voto no sentido de manter a prefeita no cargo, entendendo que os ind\u00edcios de que a prefeita estaria frustrando o andamento da instru\u00e7\u00e3o processual na a\u00e7\u00e3o civil p\u00fablica n\u00e3o foram demonstrados.<\/p>\n<p>Segundo a magistrada, o afastamento \u00e9 medida excepcional que precisa estar embasada em provas inequ\u00edvocas de preju\u00edzo \u00e0 instru\u00e7\u00e3o, n\u00e3o sendo suficiente a alega\u00e7\u00e3o da exist\u00eancia de riscos ao processo causados pela perman\u00eancia do gestor no cargo.<\/p>\n<p>Ap\u00f3s o voto da relatora, o desembargador Marcelo Carvalho pediu vistas do processo e sugeriu que fossem juntadas ao processo certid\u00f5es com informa\u00e7\u00f5es sobre todos os casos judiciais por improbidade administrativa a que responde a prefeita, e a fase em que se encontram, para que possa embasar seu voto.<\/p>\n<p>A desembargadora Raimunda Bezerra e o desembargador Raimundo Cutrim acataram a sugest\u00e3o, decidindo adiar o julgamento at\u00e9 o cumprimento das diligencias.<\/p>\n<p><strong>Fonte:<\/strong> Tribunal de Justi\u00e7a do Maranh\u00e3o<\/p>\n","protected":false},"excerpt":{"rendered":"<p>Em sess\u00e3o nesta quinta-feira, 22, a 1\u00aa C\u00e2mara C\u00edvel do Tribunal de Justi\u00e7a iniciou e interrompeu julgamento de recurso da [&hellip;]<\/p>\n","protected":false},"author":0,"featured_media":0,"comment_status":"open","ping_status":"open","sticky":false,"template":"","format":"standard","meta":{"site-sidebar-layout":"default","site-content-layout":"","ast-site-content-layout":"default","site-content-style":"default","site-sidebar-style":"default","ast-global-header-display":"","ast-banner-title-visibility":"","ast-main-header-display":"","ast-hfb-above-header-display":"","ast-hfb-below-header-display":"","ast-hfb-mobile-header-display":"","site-post-title":"","ast-breadcrumbs-content":"","ast-featured-img":"","footer-sml-layout":"","ast-disable-related-posts":"","theme-transparent-header-meta":"","adv-header-id-meta":"","stick-header-meta":"","header-above-stick-meta":"","header-main-stick-meta":"","header-below-stick-meta":"","astra-migrate-meta-layouts":"default","ast-page-background-enabled":"default","ast-page-background-meta":{"desktop":{"background-color":"var(--ast-global-color-5)","background-image":"","background-repeat":"repeat","background-position":"center center","background-size":"auto","background-attachment":"scroll","background-type":"","background-media":"","overlay-type":"","overlay-color":"","overlay-opacity":"","overlay-gradient":""},"tablet":{"background-color":"","background-image":"","background-repeat":"repeat","background-position":"center center","background-size":"auto","background-attachment":"scroll","background-type":"","background-media":"","overlay-type":"","overlay-color":"","overlay-opacity":"","overlay-gradient":""},"mobile":{"background-color":"","background-image":"","background-repeat":"repeat","background-position":"center center","background-size":"auto","background-attachment":"scroll","background-type":"","background-media":"","overlay-type":"","overlay-color":"","overlay-opacity":"","overlay-gradient":""}},"ast-content-background-meta":{"desktop":{"background-color":"var(--ast-global-color-4)","background-image":"","background-repeat":"repeat","background-position":"center center","background-size":"auto","background-attachment":"scroll","background-type":"","background-media":"","overlay-type":"","overlay-color":"","overlay-opacity":"","overlay-gradient":""},"tablet":{"background-color":"var(--ast-global-color-4)","background-image":"","background-repeat":"repeat","background-position":"center center","background-size":"auto","background-attachment":"scroll","background-type":"","background-media":"","overlay-type":"","overlay-color":"","overlay-opacity":"","overlay-gradient":""},"mobile":{"background-color":"var(--ast-global-color-4)","background-image":"","background-repeat":"repeat","background-position":"center center","background-size":"auto","background-attachment":"scroll","background-type":"","background-media":"","overlay-type":"","overlay-color":"","overlay-opacity":"","overlay-gradient":""}},"footnotes":""},"categories":[1],"tags":[],"class_list":["post-2606","post","type-post","status-publish","format-standard","hentry","category-sem-categoria"],"yoast_head":"<!-- This site is optimized with the Yoast SEO plugin v26.6 - https:\/\/yoast.com\/wordpress\/plugins\/seo\/ -->\n<title>Adiado julgamento do pedido de cassa\u00e7\u00e3o da prefeita de Pa\u00e7o do Lumiar - Daniel Matos<\/title>\n<meta name=\"robots\" content=\"index, follow, max-snippet:-1, max-image-preview:large, max-video-preview:-1\" \/>\n<link rel=\"canonical\" href=\"https:\/\/www.blogsoestado.com\/danielmatos\/adiado-julgamento-do-pedido-de-cassacao-da-prefeita-de-paco-do-lumiar\/\" \/>\n<meta property=\"og:locale\" content=\"pt_BR\" \/>\n<meta property=\"og:type\" content=\"article\" \/>\n<meta property=\"og:title\" content=\"Adiado julgamento do pedido de cassa\u00e7\u00e3o da prefeita de Pa\u00e7o do Lumiar - Daniel Matos\" \/>\n<meta property=\"og:description\" content=\"Em sess\u00e3o nesta quinta-feira, 22, a 1\u00aa C\u00e2mara C\u00edvel do Tribunal de Justi\u00e7a iniciou e interrompeu julgamento de recurso da [&hellip;]\" \/>\n<meta property=\"og:url\" content=\"https:\/\/www.blogsoestado.com\/danielmatos\/adiado-julgamento-do-pedido-de-cassacao-da-prefeita-de-paco-do-lumiar\/\" \/>\n<meta property=\"og:site_name\" content=\"Daniel Matos\" \/>\n<meta property=\"article:published_time\" content=\"2011-09-22T18:15:43+00:00\" \/>\n<meta property=\"og:image\" content=\"https:\/\/www.blogsoestado.com\/danielmatos\/files\/2011\/09\/desembargador-marcelo-300x200.jpg\" \/>\n<meta name=\"twitter:card\" content=\"summary_large_image\" \/>\n<meta name=\"twitter:label1\" content=\"Est. tempo de leitura\" \/>\n\t<meta name=\"twitter:data1\" content=\"2 minutos\" \/>\n<script type=\"application\/ld+json\" class=\"yoast-schema-graph\">{\"@context\":\"https:\/\/schema.org\",\"@graph\":[{\"@type\":\"WebPage\",\"@id\":\"https:\/\/www.blogsoestado.com\/danielmatos\/adiado-julgamento-do-pedido-de-cassacao-da-prefeita-de-paco-do-lumiar\/\",\"url\":\"https:\/\/www.blogsoestado.com\/danielmatos\/adiado-julgamento-do-pedido-de-cassacao-da-prefeita-de-paco-do-lumiar\/\",\"name\":\"Adiado julgamento do pedido de cassa\u00e7\u00e3o da prefeita de Pa\u00e7o do Lumiar - Daniel Matos\",\"isPartOf\":{\"@id\":\"https:\/\/www.blogsoestado.com\/danielmatos\/#website\"},\"primaryImageOfPage\":{\"@id\":\"https:\/\/www.blogsoestado.com\/danielmatos\/adiado-julgamento-do-pedido-de-cassacao-da-prefeita-de-paco-do-lumiar\/#primaryimage\"},\"image\":{\"@id\":\"https:\/\/www.blogsoestado.com\/danielmatos\/adiado-julgamento-do-pedido-de-cassacao-da-prefeita-de-paco-do-lumiar\/#primaryimage\"},\"thumbnailUrl\":\"https:\/\/www.blogsoestado.com\/danielmatos\/files\/2011\/09\/desembargador-marcelo-300x200.jpg\",\"datePublished\":\"2011-09-22T18:15:43+00:00\",\"author\":{\"@id\":\"\"},\"breadcrumb\":{\"@id\":\"https:\/\/www.blogsoestado.com\/danielmatos\/adiado-julgamento-do-pedido-de-cassacao-da-prefeita-de-paco-do-lumiar\/#breadcrumb\"},\"inLanguage\":\"pt-BR\",\"potentialAction\":[{\"@type\":\"ReadAction\",\"target\":[\"https:\/\/www.blogsoestado.com\/danielmatos\/adiado-julgamento-do-pedido-de-cassacao-da-prefeita-de-paco-do-lumiar\/\"]}]},{\"@type\":\"ImageObject\",\"inLanguage\":\"pt-BR\",\"@id\":\"https:\/\/www.blogsoestado.com\/danielmatos\/adiado-julgamento-do-pedido-de-cassacao-da-prefeita-de-paco-do-lumiar\/#primaryimage\",\"url\":\"https:\/\/www.blogsoestado.com\/danielmatos\/files\/2011\/09\/desembargador-marcelo-300x200.jpg\",\"contentUrl\":\"https:\/\/www.blogsoestado.com\/danielmatos\/files\/2011\/09\/desembargador-marcelo-300x200.jpg\"},{\"@type\":\"BreadcrumbList\",\"@id\":\"https:\/\/www.blogsoestado.com\/danielmatos\/adiado-julgamento-do-pedido-de-cassacao-da-prefeita-de-paco-do-lumiar\/#breadcrumb\",\"itemListElement\":[{\"@type\":\"ListItem\",\"position\":1,\"name\":\"In\u00edcio\",\"item\":\"https:\/\/www.blogsoestado.com\/danielmatos\/\"},{\"@type\":\"ListItem\",\"position\":2,\"name\":\"Adiado julgamento do pedido de cassa\u00e7\u00e3o da prefeita de Pa\u00e7o do Lumiar\"}]},{\"@type\":\"WebSite\",\"@id\":\"https:\/\/www.blogsoestado.com\/danielmatos\/#website\",\"url\":\"https:\/\/www.blogsoestado.com\/danielmatos\/\",\"name\":\"Daniel Matos\",\"description\":\"\",\"potentialAction\":[{\"@type\":\"SearchAction\",\"target\":{\"@type\":\"EntryPoint\",\"urlTemplate\":\"https:\/\/www.blogsoestado.com\/danielmatos\/?s={search_term_string}\"},\"query-input\":{\"@type\":\"PropertyValueSpecification\",\"valueRequired\":true,\"valueName\":\"search_term_string\"}}],\"inLanguage\":\"pt-BR\"}]}<\/script>\n<!-- \/ Yoast SEO plugin. -->","yoast_head_json":{"title":"Adiado julgamento do pedido de cassa\u00e7\u00e3o da prefeita de Pa\u00e7o do Lumiar - Daniel Matos","robots":{"index":"index","follow":"follow","max-snippet":"max-snippet:-1","max-image-preview":"max-image-preview:large","max-video-preview":"max-video-preview:-1"},"canonical":"https:\/\/www.blogsoestado.com\/danielmatos\/adiado-julgamento-do-pedido-de-cassacao-da-prefeita-de-paco-do-lumiar\/","og_locale":"pt_BR","og_type":"article","og_title":"Adiado julgamento do pedido de cassa\u00e7\u00e3o da prefeita de Pa\u00e7o do Lumiar - Daniel Matos","og_description":"Em sess\u00e3o nesta quinta-feira, 22, a 1\u00aa C\u00e2mara C\u00edvel do Tribunal de Justi\u00e7a iniciou e interrompeu julgamento de recurso da [&hellip;]","og_url":"https:\/\/www.blogsoestado.com\/danielmatos\/adiado-julgamento-do-pedido-de-cassacao-da-prefeita-de-paco-do-lumiar\/","og_site_name":"Daniel Matos","article_published_time":"2011-09-22T18:15:43+00:00","og_image":[{"url":"https:\/\/www.blogsoestado.com\/danielmatos\/files\/2011\/09\/desembargador-marcelo-300x200.jpg","type":"","width":"","height":""}],"twitter_card":"summary_large_image","twitter_misc":{"Est. tempo de leitura":"2 minutos"},"schema":{"@context":"https:\/\/schema.org","@graph":[{"@type":"WebPage","@id":"https:\/\/www.blogsoestado.com\/danielmatos\/adiado-julgamento-do-pedido-de-cassacao-da-prefeita-de-paco-do-lumiar\/","url":"https:\/\/www.blogsoestado.com\/danielmatos\/adiado-julgamento-do-pedido-de-cassacao-da-prefeita-de-paco-do-lumiar\/","name":"Adiado julgamento do pedido de cassa\u00e7\u00e3o da prefeita de Pa\u00e7o do Lumiar - Daniel Matos","isPartOf":{"@id":"https:\/\/www.blogsoestado.com\/danielmatos\/#website"},"primaryImageOfPage":{"@id":"https:\/\/www.blogsoestado.com\/danielmatos\/adiado-julgamento-do-pedido-de-cassacao-da-prefeita-de-paco-do-lumiar\/#primaryimage"},"image":{"@id":"https:\/\/www.blogsoestado.com\/danielmatos\/adiado-julgamento-do-pedido-de-cassacao-da-prefeita-de-paco-do-lumiar\/#primaryimage"},"thumbnailUrl":"https:\/\/www.blogsoestado.com\/danielmatos\/files\/2011\/09\/desembargador-marcelo-300x200.jpg","datePublished":"2011-09-22T18:15:43+00:00","author":{"@id":""},"breadcrumb":{"@id":"https:\/\/www.blogsoestado.com\/danielmatos\/adiado-julgamento-do-pedido-de-cassacao-da-prefeita-de-paco-do-lumiar\/#breadcrumb"},"inLanguage":"pt-BR","potentialAction":[{"@type":"ReadAction","target":["https:\/\/www.blogsoestado.com\/danielmatos\/adiado-julgamento-do-pedido-de-cassacao-da-prefeita-de-paco-do-lumiar\/"]}]},{"@type":"ImageObject","inLanguage":"pt-BR","@id":"https:\/\/www.blogsoestado.com\/danielmatos\/adiado-julgamento-do-pedido-de-cassacao-da-prefeita-de-paco-do-lumiar\/#primaryimage","url":"https:\/\/www.blogsoestado.com\/danielmatos\/files\/2011\/09\/desembargador-marcelo-300x200.jpg","contentUrl":"https:\/\/www.blogsoestado.com\/danielmatos\/files\/2011\/09\/desembargador-marcelo-300x200.jpg"},{"@type":"BreadcrumbList","@id":"https:\/\/www.blogsoestado.com\/danielmatos\/adiado-julgamento-do-pedido-de-cassacao-da-prefeita-de-paco-do-lumiar\/#breadcrumb","itemListElement":[{"@type":"ListItem","position":1,"name":"In\u00edcio","item":"https:\/\/www.blogsoestado.com\/danielmatos\/"},{"@type":"ListItem","position":2,"name":"Adiado julgamento do pedido de cassa\u00e7\u00e3o da prefeita de Pa\u00e7o do Lumiar"}]},{"@type":"WebSite","@id":"https:\/\/www.blogsoestado.com\/danielmatos\/#website","url":"https:\/\/www.blogsoestado.com\/danielmatos\/","name":"Daniel Matos","description":"","potentialAction":[{"@type":"SearchAction","target":{"@type":"EntryPoint","urlTemplate":"https:\/\/www.blogsoestado.com\/danielmatos\/?s={search_term_string}"},"query-input":{"@type":"PropertyValueSpecification","valueRequired":true,"valueName":"search_term_string"}}],"inLanguage":"pt-BR"}]}},"jetpack_featured_media_url":"","_links":{"self":[{"href":"https:\/\/www.blogsoestado.com\/danielmatos\/wp-json\/wp\/v2\/posts\/2606","targetHints":{"allow":["GET"]}}],"collection":[{"href":"https:\/\/www.blogsoestado.com\/danielmatos\/wp-json\/wp\/v2\/posts"}],"about":[{"href":"https:\/\/www.blogsoestado.com\/danielmatos\/wp-json\/wp\/v2\/types\/post"}],"replies":[{"embeddable":true,"href":"https:\/\/www.blogsoestado.com\/danielmatos\/wp-json\/wp\/v2\/comments?post=2606"}],"version-history":[{"count":0,"href":"https:\/\/www.blogsoestado.com\/danielmatos\/wp-json\/wp\/v2\/posts\/2606\/revisions"}],"wp:attachment":[{"href":"https:\/\/www.blogsoestado.com\/danielmatos\/wp-json\/wp\/v2\/media?parent=2606"}],"wp:term":[{"taxonomy":"category","embeddable":true,"href":"https:\/\/www.blogsoestado.com\/danielmatos\/wp-json\/wp\/v2\/categories?post=2606"},{"taxonomy":"post_tag","embeddable":true,"href":"https:\/\/www.blogsoestado.com\/danielmatos\/wp-json\/wp\/v2\/tags?post=2606"}],"curies":[{"name":"wp","href":"https:\/\/api.w.org\/{rel}","templated":true}]}}