{"id":2612,"date":"2011-09-23T09:40:52","date_gmt":"2011-09-23T12:40:52","guid":{"rendered":"https:\/\/www.blogsoestado.com\/danielmatos\/?p=2612"},"modified":"2011-09-23T09:40:52","modified_gmt":"2011-09-23T12:40:52","slug":"mp-denuncia-vereador-de-olinda-nova-por-trafico-de-drogas","status":"publish","type":"post","link":"https:\/\/www.blogsoestado.com\/danielmatos\/mp-denuncia-vereador-de-olinda-nova-por-trafico-de-drogas\/","title":{"rendered":"MP denuncia vereador de Olinda Nova por tr\u00e1fico de drogas"},"content":{"rendered":"<figure id=\"attachment_2613\" aria-describedby=\"caption-attachment-2613\" style=\"width: 300px\" class=\"wp-caption alignleft\"><a rel=\"attachment wp-att-2613\" href=\"https:\/\/www.blogsoestado.com\/danielmatos\/2011\/09\/23\/mp-denuncia-vereador-de-olinda-nova-por-trafico-de-drogas\/vereador-droga\/\"><img fetchpriority=\"high\" decoding=\"async\" class=\"size-medium wp-image-2613\" src=\"https:\/\/www.blogsoestado.com\/danielmatos\/files\/2011\/09\/vereador-droga-300x200.jpg\" alt=\"\" width=\"300\" height=\"200\" \/><\/a><figcaption id=\"caption-attachment-2613\" class=\"wp-caption-text\">Vereador Josivaldo Freitas: denunciado por tr\u00e1fico<\/figcaption><\/figure>\n<p>O vereador de Olinda Nova do Maranh\u00e3o (a 256km de S\u00e3o Lu\u00eds) Josivaldo Freitas, tamb\u00e9m conhecido como Nego Ba\u00e9, foi denunciado por tr\u00e1fico de drogas, pelo Minist\u00e9rio P\u00fablico do Maranh\u00e3o. Al\u00e9m dele, foi denunciado Dorivan Froz Diniz, o &#8220;Doro&#8221;. A Den\u00fancia foi formulada pelo promotor de Justi\u00e7a Lu\u00eds Eduardo Souza e Silva, da Comarca de Itapecuru-Mirim, em 19 de setembro. Olinda Nova do Maranh\u00e3o \u00e9 termo judici\u00e1rio de Itapecuru-Mirim.<\/p>\n<p>O MPMA pediu a condena\u00e7\u00e3o dos r\u00e9us, de acordo com os artigos 33, 35 e 40 da Lei 11.343\/2006, caracterizando, respectivamente, transporte de entorpecentes, associa\u00e7\u00e3o de duas ou mais pessoas para tal prop\u00f3sito e tr\u00e1fico entre Estados da Federa\u00e7\u00e3o. Tamb\u00e9m foi inclu\u00eddo o art. 60 do C\u00f3digo Penal.<\/p>\n<p><strong>Flagrante<\/strong><\/p>\n<p>Na noite do dia 17 de agosto, Josivaldo Freitas e Dorivan Froz Diniz foram flagrados pela Pol\u00edcia Rodovi\u00e1ria Federal (PRF), transportando, aproximadamente, 2kg de coca\u00edna, no interior de um Corsa Classic, placa NNE &#8211; 1166. A abordagem ocorreu no Posto S\u00e3o Francisco da PRF, localizado no Km 90, da BR-135.<br \/>\nNo momento da intercepta\u00e7\u00e3o, os denunciados ficaram muito nervosos, despertando a desconfian\u00e7a dos policiais.<br \/>\nJosivaldo Freitas confessou ser o propriet\u00e1rio da droga apreendida. Ele teria adquirido o produto em S\u00e3o Lu\u00eds, no bairro do S\u00e3o Crist\u00f3v\u00e3o, pelo valor de R$ 12 mil. A coca\u00edna foi vendida por uma pessoa de Bel\u00e9m, conhecida como L\u00e9o, que vem \u00e0 capital do Maranh\u00e3o eventualmente.<\/p>\n<p>O tamb\u00e9m denunciado Dorivan Froz Diniz foi contratado por Josivaldo para o transporte de entorpecentes.<\/p>\n<p><strong>Fonte:<\/strong> Minstist\u00e9rio P\u00fablico do Maranh\u00e3o<\/p>\n","protected":false},"excerpt":{"rendered":"<p>O vereador de Olinda Nova do Maranh\u00e3o (a 256km de S\u00e3o Lu\u00eds) Josivaldo Freitas, tamb\u00e9m conhecido como Nego Ba\u00e9, foi [&hellip;]<\/p>\n","protected":false},"author":0,"featured_media":0,"comment_status":"open","ping_status":"open","sticky":false,"template":"","format":"standard","meta":{"site-sidebar-layout":"default","site-content-layout":"","ast-site-content-layout":"default","site-content-style":"default","site-sidebar-style":"default","ast-global-header-display":"","ast-banner-title-visibility":"","ast-main-header-display":"","ast-hfb-above-header-display":"","ast-hfb-below-header-display":"","ast-hfb-mobile-header-display":"","site-post-title":"","ast-breadcrumbs-content":"","ast-featured-img":"","footer-sml-layout":"","ast-disable-related-posts":"","theme-transparent-header-meta":"","adv-header-id-meta":"","stick-header-meta":"","header-above-stick-meta":"","header-main-stick-meta":"","header-below-stick-meta":"","astra-migrate-meta-layouts":"default","ast-page-background-enabled":"default","ast-page-background-meta":{"desktop":{"background-color":"var(--ast-global-color-5)","background-image":"","background-repeat":"repeat","background-position":"center center","background-size":"auto","background-attachment":"scroll","background-type":"","background-media":"","overlay-type":"","overlay-color":"","overlay-opacity":"","overlay-gradient":""},"tablet":{"background-color":"","background-image":"","background-repeat":"repeat","background-position":"center center","background-size":"auto","background-attachment":"scroll","background-type":"","background-media":"","overlay-type":"","overlay-color":"","overlay-opacity":"","overlay-gradient":""},"mobile":{"background-color":"","background-image":"","background-repeat":"repeat","background-position":"center center","background-size":"auto","background-attachment":"scroll","background-type":"","background-media":"","overlay-type":"","overlay-color":"","overlay-opacity":"","overlay-gradient":""}},"ast-content-background-meta":{"desktop":{"background-color":"var(--ast-global-color-4)","background-image":"","background-repeat":"repeat","background-position":"center center","background-size":"auto","background-attachment":"scroll","background-type":"","background-media":"","overlay-type":"","overlay-color":"","overlay-opacity":"","overlay-gradient":""},"tablet":{"background-color":"var(--ast-global-color-4)","background-image":"","background-repeat":"repeat","background-position":"center center","background-size":"auto","background-attachment":"scroll","background-type":"","background-media":"","overlay-type":"","overlay-color":"","overlay-opacity":"","overlay-gradient":""},"mobile":{"background-color":"var(--ast-global-color-4)","background-image":"","background-repeat":"repeat","background-position":"center center","background-size":"auto","background-attachment":"scroll","background-type":"","background-media":"","overlay-type":"","overlay-color":"","overlay-opacity":"","overlay-gradient":""}},"footnotes":""},"categories":[1],"tags":[],"class_list":["post-2612","post","type-post","status-publish","format-standard","hentry","category-sem-categoria"],"yoast_head":"<!-- This site is optimized with the Yoast SEO plugin v26.6 - https:\/\/yoast.com\/wordpress\/plugins\/seo\/ -->\n<title>MP denuncia vereador de Olinda Nova por tr\u00e1fico de drogas - Daniel Matos<\/title>\n<meta name=\"robots\" content=\"index, follow, max-snippet:-1, max-image-preview:large, max-video-preview:-1\" \/>\n<link rel=\"canonical\" href=\"https:\/\/www.blogsoestado.com\/danielmatos\/mp-denuncia-vereador-de-olinda-nova-por-trafico-de-drogas\/\" \/>\n<meta property=\"og:locale\" content=\"pt_BR\" \/>\n<meta property=\"og:type\" content=\"article\" \/>\n<meta property=\"og:title\" content=\"MP denuncia vereador de Olinda Nova por tr\u00e1fico de drogas - Daniel Matos\" \/>\n<meta property=\"og:description\" content=\"O vereador de Olinda Nova do Maranh\u00e3o (a 256km de S\u00e3o Lu\u00eds) Josivaldo Freitas, tamb\u00e9m conhecido como Nego Ba\u00e9, foi [&hellip;]\" \/>\n<meta property=\"og:url\" content=\"https:\/\/www.blogsoestado.com\/danielmatos\/mp-denuncia-vereador-de-olinda-nova-por-trafico-de-drogas\/\" \/>\n<meta property=\"og:site_name\" content=\"Daniel Matos\" \/>\n<meta property=\"article:published_time\" content=\"2011-09-23T12:40:52+00:00\" \/>\n<meta property=\"og:image\" content=\"https:\/\/www.blogsoestado.com\/danielmatos\/files\/2011\/09\/vereador-droga-300x200.jpg\" \/>\n<meta name=\"twitter:card\" content=\"summary_large_image\" \/>\n<meta name=\"twitter:label1\" content=\"Est. tempo de leitura\" \/>\n\t<meta name=\"twitter:data1\" content=\"1 minuto\" \/>\n<script type=\"application\/ld+json\" class=\"yoast-schema-graph\">{\"@context\":\"https:\/\/schema.org\",\"@graph\":[{\"@type\":\"WebPage\",\"@id\":\"https:\/\/www.blogsoestado.com\/danielmatos\/mp-denuncia-vereador-de-olinda-nova-por-trafico-de-drogas\/\",\"url\":\"https:\/\/www.blogsoestado.com\/danielmatos\/mp-denuncia-vereador-de-olinda-nova-por-trafico-de-drogas\/\",\"name\":\"MP denuncia vereador de Olinda Nova por tr\u00e1fico de drogas - Daniel Matos\",\"isPartOf\":{\"@id\":\"https:\/\/www.blogsoestado.com\/danielmatos\/#website\"},\"primaryImageOfPage\":{\"@id\":\"https:\/\/www.blogsoestado.com\/danielmatos\/mp-denuncia-vereador-de-olinda-nova-por-trafico-de-drogas\/#primaryimage\"},\"image\":{\"@id\":\"https:\/\/www.blogsoestado.com\/danielmatos\/mp-denuncia-vereador-de-olinda-nova-por-trafico-de-drogas\/#primaryimage\"},\"thumbnailUrl\":\"https:\/\/www.blogsoestado.com\/danielmatos\/files\/2011\/09\/vereador-droga-300x200.jpg\",\"datePublished\":\"2011-09-23T12:40:52+00:00\",\"author\":{\"@id\":\"\"},\"breadcrumb\":{\"@id\":\"https:\/\/www.blogsoestado.com\/danielmatos\/mp-denuncia-vereador-de-olinda-nova-por-trafico-de-drogas\/#breadcrumb\"},\"inLanguage\":\"pt-BR\",\"potentialAction\":[{\"@type\":\"ReadAction\",\"target\":[\"https:\/\/www.blogsoestado.com\/danielmatos\/mp-denuncia-vereador-de-olinda-nova-por-trafico-de-drogas\/\"]}]},{\"@type\":\"ImageObject\",\"inLanguage\":\"pt-BR\",\"@id\":\"https:\/\/www.blogsoestado.com\/danielmatos\/mp-denuncia-vereador-de-olinda-nova-por-trafico-de-drogas\/#primaryimage\",\"url\":\"https:\/\/www.blogsoestado.com\/danielmatos\/files\/2011\/09\/vereador-droga-300x200.jpg\",\"contentUrl\":\"https:\/\/www.blogsoestado.com\/danielmatos\/files\/2011\/09\/vereador-droga-300x200.jpg\"},{\"@type\":\"BreadcrumbList\",\"@id\":\"https:\/\/www.blogsoestado.com\/danielmatos\/mp-denuncia-vereador-de-olinda-nova-por-trafico-de-drogas\/#breadcrumb\",\"itemListElement\":[{\"@type\":\"ListItem\",\"position\":1,\"name\":\"In\u00edcio\",\"item\":\"https:\/\/www.blogsoestado.com\/danielmatos\/\"},{\"@type\":\"ListItem\",\"position\":2,\"name\":\"MP denuncia vereador de Olinda Nova por tr\u00e1fico de drogas\"}]},{\"@type\":\"WebSite\",\"@id\":\"https:\/\/www.blogsoestado.com\/danielmatos\/#website\",\"url\":\"https:\/\/www.blogsoestado.com\/danielmatos\/\",\"name\":\"Daniel Matos\",\"description\":\"\",\"potentialAction\":[{\"@type\":\"SearchAction\",\"target\":{\"@type\":\"EntryPoint\",\"urlTemplate\":\"https:\/\/www.blogsoestado.com\/danielmatos\/?s={search_term_string}\"},\"query-input\":{\"@type\":\"PropertyValueSpecification\",\"valueRequired\":true,\"valueName\":\"search_term_string\"}}],\"inLanguage\":\"pt-BR\"}]}<\/script>\n<!-- \/ Yoast SEO plugin. -->","yoast_head_json":{"title":"MP denuncia vereador de Olinda Nova por tr\u00e1fico de drogas - Daniel Matos","robots":{"index":"index","follow":"follow","max-snippet":"max-snippet:-1","max-image-preview":"max-image-preview:large","max-video-preview":"max-video-preview:-1"},"canonical":"https:\/\/www.blogsoestado.com\/danielmatos\/mp-denuncia-vereador-de-olinda-nova-por-trafico-de-drogas\/","og_locale":"pt_BR","og_type":"article","og_title":"MP denuncia vereador de Olinda Nova por tr\u00e1fico de drogas - Daniel Matos","og_description":"O vereador de Olinda Nova do Maranh\u00e3o (a 256km de S\u00e3o Lu\u00eds) Josivaldo Freitas, tamb\u00e9m conhecido como Nego Ba\u00e9, foi [&hellip;]","og_url":"https:\/\/www.blogsoestado.com\/danielmatos\/mp-denuncia-vereador-de-olinda-nova-por-trafico-de-drogas\/","og_site_name":"Daniel Matos","article_published_time":"2011-09-23T12:40:52+00:00","og_image":[{"url":"https:\/\/www.blogsoestado.com\/danielmatos\/files\/2011\/09\/vereador-droga-300x200.jpg","type":"","width":"","height":""}],"twitter_card":"summary_large_image","twitter_misc":{"Est. tempo de leitura":"1 minuto"},"schema":{"@context":"https:\/\/schema.org","@graph":[{"@type":"WebPage","@id":"https:\/\/www.blogsoestado.com\/danielmatos\/mp-denuncia-vereador-de-olinda-nova-por-trafico-de-drogas\/","url":"https:\/\/www.blogsoestado.com\/danielmatos\/mp-denuncia-vereador-de-olinda-nova-por-trafico-de-drogas\/","name":"MP denuncia vereador de Olinda Nova por tr\u00e1fico de drogas - Daniel Matos","isPartOf":{"@id":"https:\/\/www.blogsoestado.com\/danielmatos\/#website"},"primaryImageOfPage":{"@id":"https:\/\/www.blogsoestado.com\/danielmatos\/mp-denuncia-vereador-de-olinda-nova-por-trafico-de-drogas\/#primaryimage"},"image":{"@id":"https:\/\/www.blogsoestado.com\/danielmatos\/mp-denuncia-vereador-de-olinda-nova-por-trafico-de-drogas\/#primaryimage"},"thumbnailUrl":"https:\/\/www.blogsoestado.com\/danielmatos\/files\/2011\/09\/vereador-droga-300x200.jpg","datePublished":"2011-09-23T12:40:52+00:00","author":{"@id":""},"breadcrumb":{"@id":"https:\/\/www.blogsoestado.com\/danielmatos\/mp-denuncia-vereador-de-olinda-nova-por-trafico-de-drogas\/#breadcrumb"},"inLanguage":"pt-BR","potentialAction":[{"@type":"ReadAction","target":["https:\/\/www.blogsoestado.com\/danielmatos\/mp-denuncia-vereador-de-olinda-nova-por-trafico-de-drogas\/"]}]},{"@type":"ImageObject","inLanguage":"pt-BR","@id":"https:\/\/www.blogsoestado.com\/danielmatos\/mp-denuncia-vereador-de-olinda-nova-por-trafico-de-drogas\/#primaryimage","url":"https:\/\/www.blogsoestado.com\/danielmatos\/files\/2011\/09\/vereador-droga-300x200.jpg","contentUrl":"https:\/\/www.blogsoestado.com\/danielmatos\/files\/2011\/09\/vereador-droga-300x200.jpg"},{"@type":"BreadcrumbList","@id":"https:\/\/www.blogsoestado.com\/danielmatos\/mp-denuncia-vereador-de-olinda-nova-por-trafico-de-drogas\/#breadcrumb","itemListElement":[{"@type":"ListItem","position":1,"name":"In\u00edcio","item":"https:\/\/www.blogsoestado.com\/danielmatos\/"},{"@type":"ListItem","position":2,"name":"MP denuncia vereador de Olinda Nova por tr\u00e1fico de drogas"}]},{"@type":"WebSite","@id":"https:\/\/www.blogsoestado.com\/danielmatos\/#website","url":"https:\/\/www.blogsoestado.com\/danielmatos\/","name":"Daniel Matos","description":"","potentialAction":[{"@type":"SearchAction","target":{"@type":"EntryPoint","urlTemplate":"https:\/\/www.blogsoestado.com\/danielmatos\/?s={search_term_string}"},"query-input":{"@type":"PropertyValueSpecification","valueRequired":true,"valueName":"search_term_string"}}],"inLanguage":"pt-BR"}]}},"jetpack_featured_media_url":"","_links":{"self":[{"href":"https:\/\/www.blogsoestado.com\/danielmatos\/wp-json\/wp\/v2\/posts\/2612","targetHints":{"allow":["GET"]}}],"collection":[{"href":"https:\/\/www.blogsoestado.com\/danielmatos\/wp-json\/wp\/v2\/posts"}],"about":[{"href":"https:\/\/www.blogsoestado.com\/danielmatos\/wp-json\/wp\/v2\/types\/post"}],"replies":[{"embeddable":true,"href":"https:\/\/www.blogsoestado.com\/danielmatos\/wp-json\/wp\/v2\/comments?post=2612"}],"version-history":[{"count":0,"href":"https:\/\/www.blogsoestado.com\/danielmatos\/wp-json\/wp\/v2\/posts\/2612\/revisions"}],"wp:attachment":[{"href":"https:\/\/www.blogsoestado.com\/danielmatos\/wp-json\/wp\/v2\/media?parent=2612"}],"wp:term":[{"taxonomy":"category","embeddable":true,"href":"https:\/\/www.blogsoestado.com\/danielmatos\/wp-json\/wp\/v2\/categories?post=2612"},{"taxonomy":"post_tag","embeddable":true,"href":"https:\/\/www.blogsoestado.com\/danielmatos\/wp-json\/wp\/v2\/tags?post=2612"}],"curies":[{"name":"wp","href":"https:\/\/api.w.org\/{rel}","templated":true}]}}