{"id":2614,"date":"2011-09-23T11:29:20","date_gmt":"2011-09-23T14:29:20","guid":{"rendered":"https:\/\/www.blogsoestado.com\/danielmatos\/?p=2614"},"modified":"2011-09-23T11:29:20","modified_gmt":"2011-09-23T14:29:20","slug":"gastao-garante-ao-tcu-transparencia-em-contas-do-ministerio-do-turismo","status":"publish","type":"post","link":"https:\/\/www.blogsoestado.com\/danielmatos\/gastao-garante-ao-tcu-transparencia-em-contas-do-ministerio-do-turismo\/","title":{"rendered":"Gast\u00e3o garante ao TCU transpar\u00eancia em contas do Minist\u00e9rio do Turismo"},"content":{"rendered":"<div>\n<figure id=\"attachment_2616\" aria-describedby=\"caption-attachment-2616\" style=\"width: 288px\" class=\"wp-caption alignright\"><a rel=\"attachment wp-att-2616\" href=\"https:\/\/www.blogsoestado.com\/danielmatos\/2011\/09\/23\/gastao-garante-ao-tcu-transparencia-em-contas-do-ministerio-do-turismo\/gastao-tcu-2\/\"><img fetchpriority=\"high\" decoding=\"async\" class=\"size-full wp-image-2616\" src=\"https:\/\/www.blogsoestado.com\/danielmatos\/files\/2011\/09\/gastao-tcu1.jpg\" alt=\"\" width=\"288\" height=\"212\" \/><\/a><figcaption id=\"caption-attachment-2616\" class=\"wp-caption-text\">Gast\u00e3o Vieira quer ampliar di\u00e1logo com TCU <\/figcaption><\/figure>\n<p>O ministro do Turismo, Gast\u00e3o Vieira, se reuniu nesta quinta-feira (22) com o vice-presidente do Tribunal de Contas da Uni\u00e3o, ministro Augusto Nardes. Vieira firmou compromisso de atender a todos os questionamentos do TCU com agilidade e clareza. Ele se comprometeu a integrar as \u00e1reas de fiscaliza\u00e7\u00e3o, an\u00e1lise de presta\u00e7\u00e3o de contas, Consultoria Jur\u00eddica e Assessoria Especial de Controle Interno para ampliar o di\u00e1logo com o TCU e garantir maior transpar\u00eancia nos processos da pasta.<br \/>\n\u00a0<br \/>\nGast\u00e3o Vieira adiantou a Nardes que pretende transferir para o Sistema S o programa de qualifica\u00e7\u00e3o do Minist\u00e9rio do Turismo. \u201cN\u00e3o haver\u00e1 mais emenda para qualifica\u00e7\u00e3o\u201d, garantiu. Para ampliar os mecanismos de controle do Turismo, Vieira quer que os conv\u00eanios para eventos passem pelo crivo da Caixa Econ\u00f4mica Federal, assim como acontece com as obras.\u00a0<br \/>\n\u00a0<br \/>\nNardes elogiou a ideia de reformula\u00e7\u00e3o do programa de qualifica\u00e7\u00e3o. \u201cA provid\u00eancia de promover os cursos pelo Sistema S j\u00e1 \u00e9 um grande avan\u00e7o\u201d, comentou. O secret\u00e1rio-geral de Controle Externo do TCU, Guilherme Henrique de La Rocque Almeida, prometeu ajudar na capacita\u00e7\u00e3o dos t\u00e9cnicos do MTur por meio do Instituto Serzedello Corr\u00eaa, unidade de apoio estrat\u00e9gico do tribunal para a realiza\u00e7\u00e3o de cursos.\u00a0\u00a0\u00a0<br \/>\n\u00a0<br \/>\nParticiparam do encontro o chefe de gabinete da Vice-Presid\u00eancia do TCU, Alden Mangueira de Oliveira, o secret\u00e1rio-geral de Controle Interno do TCU, Guilherme Henrique de La Rocque Almeida, a consultora Jur\u00eddica do MTur, Manoelina Pereira Medrado, o chefe de gabinete do ministro do Turismo, Bento Afonso dos Santos, e assessor de Controle Interno do MTur, Ricardo Cardoso do Santos.<\/p><\/div>\n<div><strong><strong>Fonte:<\/strong> Minist\u00e9rio do Turismo<\/strong><\/div>\n<div><strong>\u00a0<\/strong><\/div>\n<div><strong>\u00a0<\/strong><\/div>\n<p><strong>\u00a0<\/p>\n<p><\/strong><\/p>\n","protected":false},"excerpt":{"rendered":"<p>O ministro do Turismo, Gast\u00e3o Vieira, se reuniu nesta quinta-feira (22) com o vice-presidente do Tribunal de Contas da Uni\u00e3o, [&hellip;]<\/p>\n","protected":false},"author":0,"featured_media":0,"comment_status":"open","ping_status":"open","sticky":false,"template":"","format":"standard","meta":{"site-sidebar-layout":"default","site-content-layout":"","ast-site-content-layout":"default","site-content-style":"default","site-sidebar-style":"default","ast-global-header-display":"","ast-banner-title-visibility":"","ast-main-header-display":"","ast-hfb-above-header-display":"","ast-hfb-below-header-display":"","ast-hfb-mobile-header-display":"","site-post-title":"","ast-breadcrumbs-content":"","ast-featured-img":"","footer-sml-layout":"","ast-disable-related-posts":"","theme-transparent-header-meta":"","adv-header-id-meta":"","stick-header-meta":"","header-above-stick-meta":"","header-main-stick-meta":"","header-below-stick-meta":"","astra-migrate-meta-layouts":"default","ast-page-background-enabled":"default","ast-page-background-meta":{"desktop":{"background-color":"var(--ast-global-color-5)","background-image":"","background-repeat":"repeat","background-position":"center center","background-size":"auto","background-attachment":"scroll","background-type":"","background-media":"","overlay-type":"","overlay-color":"","overlay-opacity":"","overlay-gradient":""},"tablet":{"background-color":"","background-image":"","background-repeat":"repeat","background-position":"center center","background-size":"auto","background-attachment":"scroll","background-type":"","background-media":"","overlay-type":"","overlay-color":"","overlay-opacity":"","overlay-gradient":""},"mobile":{"background-color":"","background-image":"","background-repeat":"repeat","background-position":"center center","background-size":"auto","background-attachment":"scroll","background-type":"","background-media":"","overlay-type":"","overlay-color":"","overlay-opacity":"","overlay-gradient":""}},"ast-content-background-meta":{"desktop":{"background-color":"var(--ast-global-color-4)","background-image":"","background-repeat":"repeat","background-position":"center center","background-size":"auto","background-attachment":"scroll","background-type":"","background-media":"","overlay-type":"","overlay-color":"","overlay-opacity":"","overlay-gradient":""},"tablet":{"background-color":"var(--ast-global-color-4)","background-image":"","background-repeat":"repeat","background-position":"center center","background-size":"auto","background-attachment":"scroll","background-type":"","background-media":"","overlay-type":"","overlay-color":"","overlay-opacity":"","overlay-gradient":""},"mobile":{"background-color":"var(--ast-global-color-4)","background-image":"","background-repeat":"repeat","background-position":"center center","background-size":"auto","background-attachment":"scroll","background-type":"","background-media":"","overlay-type":"","overlay-color":"","overlay-opacity":"","overlay-gradient":""}},"footnotes":""},"categories":[1],"tags":[],"class_list":["post-2614","post","type-post","status-publish","format-standard","hentry","category-sem-categoria"],"yoast_head":"<!-- This site is optimized with the Yoast SEO plugin v26.6 - https:\/\/yoast.com\/wordpress\/plugins\/seo\/ -->\n<title>Gast\u00e3o garante ao TCU transpar\u00eancia em contas do Minist\u00e9rio do Turismo - Daniel Matos<\/title>\n<meta name=\"robots\" content=\"index, follow, max-snippet:-1, max-image-preview:large, max-video-preview:-1\" \/>\n<link rel=\"canonical\" href=\"https:\/\/www.blogsoestado.com\/danielmatos\/gastao-garante-ao-tcu-transparencia-em-contas-do-ministerio-do-turismo\/\" \/>\n<meta property=\"og:locale\" content=\"pt_BR\" \/>\n<meta property=\"og:type\" content=\"article\" \/>\n<meta property=\"og:title\" content=\"Gast\u00e3o garante ao TCU transpar\u00eancia em contas do Minist\u00e9rio do Turismo - Daniel Matos\" \/>\n<meta property=\"og:description\" content=\"O ministro do Turismo, Gast\u00e3o Vieira, se reuniu nesta quinta-feira (22) com o vice-presidente do Tribunal de Contas da Uni\u00e3o, [&hellip;]\" \/>\n<meta property=\"og:url\" content=\"https:\/\/www.blogsoestado.com\/danielmatos\/gastao-garante-ao-tcu-transparencia-em-contas-do-ministerio-do-turismo\/\" \/>\n<meta property=\"og:site_name\" content=\"Daniel Matos\" \/>\n<meta property=\"article:published_time\" content=\"2011-09-23T14:29:20+00:00\" \/>\n<meta property=\"og:image\" content=\"https:\/\/www.blogsoestado.com\/danielmatos\/files\/2011\/09\/gastao-tcu1.jpg\" \/>\n<meta name=\"twitter:card\" content=\"summary_large_image\" \/>\n<meta name=\"twitter:label1\" content=\"Est. tempo de leitura\" \/>\n\t<meta name=\"twitter:data1\" content=\"2 minutos\" \/>\n<script type=\"application\/ld+json\" class=\"yoast-schema-graph\">{\"@context\":\"https:\/\/schema.org\",\"@graph\":[{\"@type\":\"WebPage\",\"@id\":\"https:\/\/www.blogsoestado.com\/danielmatos\/gastao-garante-ao-tcu-transparencia-em-contas-do-ministerio-do-turismo\/\",\"url\":\"https:\/\/www.blogsoestado.com\/danielmatos\/gastao-garante-ao-tcu-transparencia-em-contas-do-ministerio-do-turismo\/\",\"name\":\"Gast\u00e3o garante ao TCU transpar\u00eancia em contas do Minist\u00e9rio do Turismo - Daniel Matos\",\"isPartOf\":{\"@id\":\"https:\/\/www.blogsoestado.com\/danielmatos\/#website\"},\"primaryImageOfPage\":{\"@id\":\"https:\/\/www.blogsoestado.com\/danielmatos\/gastao-garante-ao-tcu-transparencia-em-contas-do-ministerio-do-turismo\/#primaryimage\"},\"image\":{\"@id\":\"https:\/\/www.blogsoestado.com\/danielmatos\/gastao-garante-ao-tcu-transparencia-em-contas-do-ministerio-do-turismo\/#primaryimage\"},\"thumbnailUrl\":\"https:\/\/www.blogsoestado.com\/danielmatos\/files\/2011\/09\/gastao-tcu1.jpg\",\"datePublished\":\"2011-09-23T14:29:20+00:00\",\"author\":{\"@id\":\"\"},\"breadcrumb\":{\"@id\":\"https:\/\/www.blogsoestado.com\/danielmatos\/gastao-garante-ao-tcu-transparencia-em-contas-do-ministerio-do-turismo\/#breadcrumb\"},\"inLanguage\":\"pt-BR\",\"potentialAction\":[{\"@type\":\"ReadAction\",\"target\":[\"https:\/\/www.blogsoestado.com\/danielmatos\/gastao-garante-ao-tcu-transparencia-em-contas-do-ministerio-do-turismo\/\"]}]},{\"@type\":\"ImageObject\",\"inLanguage\":\"pt-BR\",\"@id\":\"https:\/\/www.blogsoestado.com\/danielmatos\/gastao-garante-ao-tcu-transparencia-em-contas-do-ministerio-do-turismo\/#primaryimage\",\"url\":\"https:\/\/www.blogsoestado.com\/danielmatos\/files\/2011\/09\/gastao-tcu1.jpg\",\"contentUrl\":\"https:\/\/www.blogsoestado.com\/danielmatos\/files\/2011\/09\/gastao-tcu1.jpg\"},{\"@type\":\"BreadcrumbList\",\"@id\":\"https:\/\/www.blogsoestado.com\/danielmatos\/gastao-garante-ao-tcu-transparencia-em-contas-do-ministerio-do-turismo\/#breadcrumb\",\"itemListElement\":[{\"@type\":\"ListItem\",\"position\":1,\"name\":\"In\u00edcio\",\"item\":\"https:\/\/www.blogsoestado.com\/danielmatos\/\"},{\"@type\":\"ListItem\",\"position\":2,\"name\":\"Gast\u00e3o garante ao TCU transpar\u00eancia em contas do Minist\u00e9rio do Turismo\"}]},{\"@type\":\"WebSite\",\"@id\":\"https:\/\/www.blogsoestado.com\/danielmatos\/#website\",\"url\":\"https:\/\/www.blogsoestado.com\/danielmatos\/\",\"name\":\"Daniel Matos\",\"description\":\"\",\"potentialAction\":[{\"@type\":\"SearchAction\",\"target\":{\"@type\":\"EntryPoint\",\"urlTemplate\":\"https:\/\/www.blogsoestado.com\/danielmatos\/?s={search_term_string}\"},\"query-input\":{\"@type\":\"PropertyValueSpecification\",\"valueRequired\":true,\"valueName\":\"search_term_string\"}}],\"inLanguage\":\"pt-BR\"}]}<\/script>\n<!-- \/ Yoast SEO plugin. -->","yoast_head_json":{"title":"Gast\u00e3o garante ao TCU transpar\u00eancia em contas do Minist\u00e9rio do Turismo - Daniel Matos","robots":{"index":"index","follow":"follow","max-snippet":"max-snippet:-1","max-image-preview":"max-image-preview:large","max-video-preview":"max-video-preview:-1"},"canonical":"https:\/\/www.blogsoestado.com\/danielmatos\/gastao-garante-ao-tcu-transparencia-em-contas-do-ministerio-do-turismo\/","og_locale":"pt_BR","og_type":"article","og_title":"Gast\u00e3o garante ao TCU transpar\u00eancia em contas do Minist\u00e9rio do Turismo - Daniel Matos","og_description":"O ministro do Turismo, Gast\u00e3o Vieira, se reuniu nesta quinta-feira (22) com o vice-presidente do Tribunal de Contas da Uni\u00e3o, [&hellip;]","og_url":"https:\/\/www.blogsoestado.com\/danielmatos\/gastao-garante-ao-tcu-transparencia-em-contas-do-ministerio-do-turismo\/","og_site_name":"Daniel Matos","article_published_time":"2011-09-23T14:29:20+00:00","og_image":[{"url":"https:\/\/www.blogsoestado.com\/danielmatos\/files\/2011\/09\/gastao-tcu1.jpg","type":"","width":"","height":""}],"twitter_card":"summary_large_image","twitter_misc":{"Est. tempo de leitura":"2 minutos"},"schema":{"@context":"https:\/\/schema.org","@graph":[{"@type":"WebPage","@id":"https:\/\/www.blogsoestado.com\/danielmatos\/gastao-garante-ao-tcu-transparencia-em-contas-do-ministerio-do-turismo\/","url":"https:\/\/www.blogsoestado.com\/danielmatos\/gastao-garante-ao-tcu-transparencia-em-contas-do-ministerio-do-turismo\/","name":"Gast\u00e3o garante ao TCU transpar\u00eancia em contas do Minist\u00e9rio do Turismo - Daniel Matos","isPartOf":{"@id":"https:\/\/www.blogsoestado.com\/danielmatos\/#website"},"primaryImageOfPage":{"@id":"https:\/\/www.blogsoestado.com\/danielmatos\/gastao-garante-ao-tcu-transparencia-em-contas-do-ministerio-do-turismo\/#primaryimage"},"image":{"@id":"https:\/\/www.blogsoestado.com\/danielmatos\/gastao-garante-ao-tcu-transparencia-em-contas-do-ministerio-do-turismo\/#primaryimage"},"thumbnailUrl":"https:\/\/www.blogsoestado.com\/danielmatos\/files\/2011\/09\/gastao-tcu1.jpg","datePublished":"2011-09-23T14:29:20+00:00","author":{"@id":""},"breadcrumb":{"@id":"https:\/\/www.blogsoestado.com\/danielmatos\/gastao-garante-ao-tcu-transparencia-em-contas-do-ministerio-do-turismo\/#breadcrumb"},"inLanguage":"pt-BR","potentialAction":[{"@type":"ReadAction","target":["https:\/\/www.blogsoestado.com\/danielmatos\/gastao-garante-ao-tcu-transparencia-em-contas-do-ministerio-do-turismo\/"]}]},{"@type":"ImageObject","inLanguage":"pt-BR","@id":"https:\/\/www.blogsoestado.com\/danielmatos\/gastao-garante-ao-tcu-transparencia-em-contas-do-ministerio-do-turismo\/#primaryimage","url":"https:\/\/www.blogsoestado.com\/danielmatos\/files\/2011\/09\/gastao-tcu1.jpg","contentUrl":"https:\/\/www.blogsoestado.com\/danielmatos\/files\/2011\/09\/gastao-tcu1.jpg"},{"@type":"BreadcrumbList","@id":"https:\/\/www.blogsoestado.com\/danielmatos\/gastao-garante-ao-tcu-transparencia-em-contas-do-ministerio-do-turismo\/#breadcrumb","itemListElement":[{"@type":"ListItem","position":1,"name":"In\u00edcio","item":"https:\/\/www.blogsoestado.com\/danielmatos\/"},{"@type":"ListItem","position":2,"name":"Gast\u00e3o garante ao TCU transpar\u00eancia em contas do Minist\u00e9rio do Turismo"}]},{"@type":"WebSite","@id":"https:\/\/www.blogsoestado.com\/danielmatos\/#website","url":"https:\/\/www.blogsoestado.com\/danielmatos\/","name":"Daniel Matos","description":"","potentialAction":[{"@type":"SearchAction","target":{"@type":"EntryPoint","urlTemplate":"https:\/\/www.blogsoestado.com\/danielmatos\/?s={search_term_string}"},"query-input":{"@type":"PropertyValueSpecification","valueRequired":true,"valueName":"search_term_string"}}],"inLanguage":"pt-BR"}]}},"jetpack_featured_media_url":"","_links":{"self":[{"href":"https:\/\/www.blogsoestado.com\/danielmatos\/wp-json\/wp\/v2\/posts\/2614","targetHints":{"allow":["GET"]}}],"collection":[{"href":"https:\/\/www.blogsoestado.com\/danielmatos\/wp-json\/wp\/v2\/posts"}],"about":[{"href":"https:\/\/www.blogsoestado.com\/danielmatos\/wp-json\/wp\/v2\/types\/post"}],"replies":[{"embeddable":true,"href":"https:\/\/www.blogsoestado.com\/danielmatos\/wp-json\/wp\/v2\/comments?post=2614"}],"version-history":[{"count":0,"href":"https:\/\/www.blogsoestado.com\/danielmatos\/wp-json\/wp\/v2\/posts\/2614\/revisions"}],"wp:attachment":[{"href":"https:\/\/www.blogsoestado.com\/danielmatos\/wp-json\/wp\/v2\/media?parent=2614"}],"wp:term":[{"taxonomy":"category","embeddable":true,"href":"https:\/\/www.blogsoestado.com\/danielmatos\/wp-json\/wp\/v2\/categories?post=2614"},{"taxonomy":"post_tag","embeddable":true,"href":"https:\/\/www.blogsoestado.com\/danielmatos\/wp-json\/wp\/v2\/tags?post=2614"}],"curies":[{"name":"wp","href":"https:\/\/api.w.org\/{rel}","templated":true}]}}