{"id":2617,"date":"2011-09-23T12:37:09","date_gmt":"2011-09-23T15:37:09","guid":{"rendered":"https:\/\/www.blogsoestado.com\/danielmatos\/?p=2617"},"modified":"2011-09-23T12:37:09","modified_gmt":"2011-09-23T15:37:09","slug":"fotos-de-olhao-bandido-que-assassinou-vigilante-no-cohatrac-morto-em-confronto-com-a-policia","status":"publish","type":"post","link":"https:\/\/www.blogsoestado.com\/danielmatos\/fotos-de-olhao-bandido-que-assassinou-vigilante-no-cohatrac-morto-em-confronto-com-a-policia\/","title":{"rendered":"Em primeira m\u00e3o: foto de Olh\u00e3o, bandido morto em confronto com a pol\u00edcia, um dia ap\u00f3s assassinar vigilante no Cohatrac"},"content":{"rendered":"<figure id=\"attachment_2618\" aria-describedby=\"caption-attachment-2618\" style=\"width: 300px\" class=\"wp-caption alignleft\"><a rel=\"attachment wp-att-2618\" href=\"https:\/\/www.blogsoestado.com\/danielmatos\/2011\/09\/23\/fotos-de-olhao-bandido-que-assassinou-vigilante-no-cohatrac-morto-em-confronto-com-a-policia\/olhao-morto\/\"><img fetchpriority=\"high\" decoding=\"async\" class=\"size-medium wp-image-2618\" src=\"https:\/\/www.blogsoestado.com\/danielmatos\/files\/2011\/09\/olhao-morto-300x224.jpg\" alt=\"\" width=\"300\" height=\"224\" \/><\/a><figcaption id=\"caption-attachment-2618\" class=\"wp-caption-text\">Olh\u00e3o levou quatro tiros no t\u00f3rax e um no bra\u00e7o direito <\/figcaption><\/figure>\n<p>O blog publica em primeira m\u00e3o foto do corpo do\u00a0assaltante Valdene Rodrigues Oliveira, 28 anos, o <em>Olh\u00e3o<\/em>, morto ontem \u00e0 noite em confronto com homens do Servi\u00e7o de Intelig\u00eancia da Pol\u00edcia Militar, na BR-135, nas imedia\u00e7\u00f5es do Maracan\u00e3.<\/p>\n<p><em>Olh\u00e3o<\/em> integrava o bando que, na \u00faltima quarta-feira,\u00a0assassinou, com um tiro na cabe\u00e7a,\u00a0o vigilante do Supermercado Maciel do Cohatrac Adenilson da Concei\u00e7\u00e3o Lima. As imagens do circuito interno de TV do estabelecimento mostram que foi ele o autor do disparo que matou o seguran\u00e7a.\u00a0\u00a0O bandido\u00a0era acusado ainda de ter participado da morte do comerciante Reinaldo Nunes Lima,\u00a0executado\u00a0semana passada, no interior da Panificadora P\u00e3o J\u00e1, tamb\u00e9m no Cohatrac, e de ter\u00a0assassinado um policial na rua da Matan\u00e7a, no Anil, h\u00e1 cerca de seis meses.\u00a0<\/p>\n<p>No caso de bandidos de alt\u00edssima periculosidade, a exemplo de <em>Olh\u00e3o<\/em>,\u00a0a a\u00e7\u00e3o\u00a0implac\u00e1vel da pol\u00edcia \u00e9 necess\u00e1ria.\u00a0Criminosos como\u00a0ele representam enorme risco\u00a0\u00e0 sociedade e devem ser contidos a qualquer custo. Resta agora\u00a0\u00e0s for\u00e7as de seguran\u00e7a capturar o restante do bando e, se preciso for, agir com\u00a0a mesma energia.<\/p>\n<p><strong>Foto:<\/strong> Disque Den\u00fancia<\/p>\n","protected":false},"excerpt":{"rendered":"<p>O blog publica em primeira m\u00e3o foto do corpo do\u00a0assaltante Valdene Rodrigues Oliveira, 28 anos, o Olh\u00e3o, morto ontem \u00e0 [&hellip;]<\/p>\n","protected":false},"author":0,"featured_media":0,"comment_status":"open","ping_status":"open","sticky":false,"template":"","format":"standard","meta":{"site-sidebar-layout":"default","site-content-layout":"","ast-site-content-layout":"default","site-content-style":"default","site-sidebar-style":"default","ast-global-header-display":"","ast-banner-title-visibility":"","ast-main-header-display":"","ast-hfb-above-header-display":"","ast-hfb-below-header-display":"","ast-hfb-mobile-header-display":"","site-post-title":"","ast-breadcrumbs-content":"","ast-featured-img":"","footer-sml-layout":"","ast-disable-related-posts":"","theme-transparent-header-meta":"","adv-header-id-meta":"","stick-header-meta":"","header-above-stick-meta":"","header-main-stick-meta":"","header-below-stick-meta":"","astra-migrate-meta-layouts":"default","ast-page-background-enabled":"default","ast-page-background-meta":{"desktop":{"background-color":"var(--ast-global-color-5)","background-image":"","background-repeat":"repeat","background-position":"center center","background-size":"auto","background-attachment":"scroll","background-type":"","background-media":"","overlay-type":"","overlay-color":"","overlay-opacity":"","overlay-gradient":""},"tablet":{"background-color":"","background-image":"","background-repeat":"repeat","background-position":"center center","background-size":"auto","background-attachment":"scroll","background-type":"","background-media":"","overlay-type":"","overlay-color":"","overlay-opacity":"","overlay-gradient":""},"mobile":{"background-color":"","background-image":"","background-repeat":"repeat","background-position":"center center","background-size":"auto","background-attachment":"scroll","background-type":"","background-media":"","overlay-type":"","overlay-color":"","overlay-opacity":"","overlay-gradient":""}},"ast-content-background-meta":{"desktop":{"background-color":"var(--ast-global-color-4)","background-image":"","background-repeat":"repeat","background-position":"center center","background-size":"auto","background-attachment":"scroll","background-type":"","background-media":"","overlay-type":"","overlay-color":"","overlay-opacity":"","overlay-gradient":""},"tablet":{"background-color":"var(--ast-global-color-4)","background-image":"","background-repeat":"repeat","background-position":"center center","background-size":"auto","background-attachment":"scroll","background-type":"","background-media":"","overlay-type":"","overlay-color":"","overlay-opacity":"","overlay-gradient":""},"mobile":{"background-color":"var(--ast-global-color-4)","background-image":"","background-repeat":"repeat","background-position":"center center","background-size":"auto","background-attachment":"scroll","background-type":"","background-media":"","overlay-type":"","overlay-color":"","overlay-opacity":"","overlay-gradient":""}},"footnotes":""},"categories":[1],"tags":[],"class_list":["post-2617","post","type-post","status-publish","format-standard","hentry","category-sem-categoria"],"yoast_head":"<!-- This site is optimized with the Yoast SEO plugin v26.6 - https:\/\/yoast.com\/wordpress\/plugins\/seo\/ -->\n<title>Em primeira m\u00e3o: foto de Olh\u00e3o, bandido morto em confronto com a pol\u00edcia, um dia ap\u00f3s assassinar vigilante no Cohatrac - Daniel Matos<\/title>\n<meta name=\"robots\" content=\"index, follow, max-snippet:-1, max-image-preview:large, max-video-preview:-1\" \/>\n<link rel=\"canonical\" href=\"https:\/\/www.blogsoestado.com\/danielmatos\/fotos-de-olhao-bandido-que-assassinou-vigilante-no-cohatrac-morto-em-confronto-com-a-policia\/\" \/>\n<meta property=\"og:locale\" content=\"pt_BR\" \/>\n<meta property=\"og:type\" content=\"article\" \/>\n<meta property=\"og:title\" content=\"Em primeira m\u00e3o: foto de Olh\u00e3o, bandido morto em confronto com a pol\u00edcia, um dia ap\u00f3s assassinar vigilante no Cohatrac - Daniel Matos\" \/>\n<meta property=\"og:description\" content=\"O blog publica em primeira m\u00e3o foto do corpo do\u00a0assaltante Valdene Rodrigues Oliveira, 28 anos, o Olh\u00e3o, morto ontem \u00e0 [&hellip;]\" \/>\n<meta property=\"og:url\" content=\"https:\/\/www.blogsoestado.com\/danielmatos\/fotos-de-olhao-bandido-que-assassinou-vigilante-no-cohatrac-morto-em-confronto-com-a-policia\/\" \/>\n<meta property=\"og:site_name\" content=\"Daniel Matos\" \/>\n<meta property=\"article:published_time\" content=\"2011-09-23T15:37:09+00:00\" \/>\n<meta property=\"og:image\" content=\"https:\/\/www.blogsoestado.com\/danielmatos\/files\/2011\/09\/olhao-morto-300x224.jpg\" \/>\n<meta name=\"twitter:card\" content=\"summary_large_image\" \/>\n<meta name=\"twitter:label1\" content=\"Est. tempo de leitura\" \/>\n\t<meta name=\"twitter:data1\" content=\"1 minuto\" \/>\n<script type=\"application\/ld+json\" class=\"yoast-schema-graph\">{\"@context\":\"https:\/\/schema.org\",\"@graph\":[{\"@type\":\"WebPage\",\"@id\":\"https:\/\/www.blogsoestado.com\/danielmatos\/fotos-de-olhao-bandido-que-assassinou-vigilante-no-cohatrac-morto-em-confronto-com-a-policia\/\",\"url\":\"https:\/\/www.blogsoestado.com\/danielmatos\/fotos-de-olhao-bandido-que-assassinou-vigilante-no-cohatrac-morto-em-confronto-com-a-policia\/\",\"name\":\"Em primeira m\u00e3o: foto de Olh\u00e3o, bandido morto em confronto com a pol\u00edcia, um dia ap\u00f3s assassinar vigilante no Cohatrac - Daniel Matos\",\"isPartOf\":{\"@id\":\"https:\/\/www.blogsoestado.com\/danielmatos\/#website\"},\"primaryImageOfPage\":{\"@id\":\"https:\/\/www.blogsoestado.com\/danielmatos\/fotos-de-olhao-bandido-que-assassinou-vigilante-no-cohatrac-morto-em-confronto-com-a-policia\/#primaryimage\"},\"image\":{\"@id\":\"https:\/\/www.blogsoestado.com\/danielmatos\/fotos-de-olhao-bandido-que-assassinou-vigilante-no-cohatrac-morto-em-confronto-com-a-policia\/#primaryimage\"},\"thumbnailUrl\":\"https:\/\/www.blogsoestado.com\/danielmatos\/files\/2011\/09\/olhao-morto-300x224.jpg\",\"datePublished\":\"2011-09-23T15:37:09+00:00\",\"author\":{\"@id\":\"\"},\"breadcrumb\":{\"@id\":\"https:\/\/www.blogsoestado.com\/danielmatos\/fotos-de-olhao-bandido-que-assassinou-vigilante-no-cohatrac-morto-em-confronto-com-a-policia\/#breadcrumb\"},\"inLanguage\":\"pt-BR\",\"potentialAction\":[{\"@type\":\"ReadAction\",\"target\":[\"https:\/\/www.blogsoestado.com\/danielmatos\/fotos-de-olhao-bandido-que-assassinou-vigilante-no-cohatrac-morto-em-confronto-com-a-policia\/\"]}]},{\"@type\":\"ImageObject\",\"inLanguage\":\"pt-BR\",\"@id\":\"https:\/\/www.blogsoestado.com\/danielmatos\/fotos-de-olhao-bandido-que-assassinou-vigilante-no-cohatrac-morto-em-confronto-com-a-policia\/#primaryimage\",\"url\":\"https:\/\/www.blogsoestado.com\/danielmatos\/files\/2011\/09\/olhao-morto-300x224.jpg\",\"contentUrl\":\"https:\/\/www.blogsoestado.com\/danielmatos\/files\/2011\/09\/olhao-morto-300x224.jpg\"},{\"@type\":\"BreadcrumbList\",\"@id\":\"https:\/\/www.blogsoestado.com\/danielmatos\/fotos-de-olhao-bandido-que-assassinou-vigilante-no-cohatrac-morto-em-confronto-com-a-policia\/#breadcrumb\",\"itemListElement\":[{\"@type\":\"ListItem\",\"position\":1,\"name\":\"In\u00edcio\",\"item\":\"https:\/\/www.blogsoestado.com\/danielmatos\/\"},{\"@type\":\"ListItem\",\"position\":2,\"name\":\"Em primeira m\u00e3o: foto de Olh\u00e3o, bandido morto em confronto com a pol\u00edcia, um dia ap\u00f3s assassinar vigilante no Cohatrac\"}]},{\"@type\":\"WebSite\",\"@id\":\"https:\/\/www.blogsoestado.com\/danielmatos\/#website\",\"url\":\"https:\/\/www.blogsoestado.com\/danielmatos\/\",\"name\":\"Daniel Matos\",\"description\":\"\",\"potentialAction\":[{\"@type\":\"SearchAction\",\"target\":{\"@type\":\"EntryPoint\",\"urlTemplate\":\"https:\/\/www.blogsoestado.com\/danielmatos\/?s={search_term_string}\"},\"query-input\":{\"@type\":\"PropertyValueSpecification\",\"valueRequired\":true,\"valueName\":\"search_term_string\"}}],\"inLanguage\":\"pt-BR\"}]}<\/script>\n<!-- \/ Yoast SEO plugin. -->","yoast_head_json":{"title":"Em primeira m\u00e3o: foto de Olh\u00e3o, bandido morto em confronto com a pol\u00edcia, um dia ap\u00f3s assassinar vigilante no Cohatrac - Daniel Matos","robots":{"index":"index","follow":"follow","max-snippet":"max-snippet:-1","max-image-preview":"max-image-preview:large","max-video-preview":"max-video-preview:-1"},"canonical":"https:\/\/www.blogsoestado.com\/danielmatos\/fotos-de-olhao-bandido-que-assassinou-vigilante-no-cohatrac-morto-em-confronto-com-a-policia\/","og_locale":"pt_BR","og_type":"article","og_title":"Em primeira m\u00e3o: foto de Olh\u00e3o, bandido morto em confronto com a pol\u00edcia, um dia ap\u00f3s assassinar vigilante no Cohatrac - Daniel Matos","og_description":"O blog publica em primeira m\u00e3o foto do corpo do\u00a0assaltante Valdene Rodrigues Oliveira, 28 anos, o Olh\u00e3o, morto ontem \u00e0 [&hellip;]","og_url":"https:\/\/www.blogsoestado.com\/danielmatos\/fotos-de-olhao-bandido-que-assassinou-vigilante-no-cohatrac-morto-em-confronto-com-a-policia\/","og_site_name":"Daniel Matos","article_published_time":"2011-09-23T15:37:09+00:00","og_image":[{"url":"https:\/\/www.blogsoestado.com\/danielmatos\/files\/2011\/09\/olhao-morto-300x224.jpg","type":"","width":"","height":""}],"twitter_card":"summary_large_image","twitter_misc":{"Est. tempo de leitura":"1 minuto"},"schema":{"@context":"https:\/\/schema.org","@graph":[{"@type":"WebPage","@id":"https:\/\/www.blogsoestado.com\/danielmatos\/fotos-de-olhao-bandido-que-assassinou-vigilante-no-cohatrac-morto-em-confronto-com-a-policia\/","url":"https:\/\/www.blogsoestado.com\/danielmatos\/fotos-de-olhao-bandido-que-assassinou-vigilante-no-cohatrac-morto-em-confronto-com-a-policia\/","name":"Em primeira m\u00e3o: foto de Olh\u00e3o, bandido morto em confronto com a pol\u00edcia, um dia ap\u00f3s assassinar vigilante no Cohatrac - Daniel Matos","isPartOf":{"@id":"https:\/\/www.blogsoestado.com\/danielmatos\/#website"},"primaryImageOfPage":{"@id":"https:\/\/www.blogsoestado.com\/danielmatos\/fotos-de-olhao-bandido-que-assassinou-vigilante-no-cohatrac-morto-em-confronto-com-a-policia\/#primaryimage"},"image":{"@id":"https:\/\/www.blogsoestado.com\/danielmatos\/fotos-de-olhao-bandido-que-assassinou-vigilante-no-cohatrac-morto-em-confronto-com-a-policia\/#primaryimage"},"thumbnailUrl":"https:\/\/www.blogsoestado.com\/danielmatos\/files\/2011\/09\/olhao-morto-300x224.jpg","datePublished":"2011-09-23T15:37:09+00:00","author":{"@id":""},"breadcrumb":{"@id":"https:\/\/www.blogsoestado.com\/danielmatos\/fotos-de-olhao-bandido-que-assassinou-vigilante-no-cohatrac-morto-em-confronto-com-a-policia\/#breadcrumb"},"inLanguage":"pt-BR","potentialAction":[{"@type":"ReadAction","target":["https:\/\/www.blogsoestado.com\/danielmatos\/fotos-de-olhao-bandido-que-assassinou-vigilante-no-cohatrac-morto-em-confronto-com-a-policia\/"]}]},{"@type":"ImageObject","inLanguage":"pt-BR","@id":"https:\/\/www.blogsoestado.com\/danielmatos\/fotos-de-olhao-bandido-que-assassinou-vigilante-no-cohatrac-morto-em-confronto-com-a-policia\/#primaryimage","url":"https:\/\/www.blogsoestado.com\/danielmatos\/files\/2011\/09\/olhao-morto-300x224.jpg","contentUrl":"https:\/\/www.blogsoestado.com\/danielmatos\/files\/2011\/09\/olhao-morto-300x224.jpg"},{"@type":"BreadcrumbList","@id":"https:\/\/www.blogsoestado.com\/danielmatos\/fotos-de-olhao-bandido-que-assassinou-vigilante-no-cohatrac-morto-em-confronto-com-a-policia\/#breadcrumb","itemListElement":[{"@type":"ListItem","position":1,"name":"In\u00edcio","item":"https:\/\/www.blogsoestado.com\/danielmatos\/"},{"@type":"ListItem","position":2,"name":"Em primeira m\u00e3o: foto de Olh\u00e3o, bandido morto em confronto com a pol\u00edcia, um dia ap\u00f3s assassinar vigilante no Cohatrac"}]},{"@type":"WebSite","@id":"https:\/\/www.blogsoestado.com\/danielmatos\/#website","url":"https:\/\/www.blogsoestado.com\/danielmatos\/","name":"Daniel Matos","description":"","potentialAction":[{"@type":"SearchAction","target":{"@type":"EntryPoint","urlTemplate":"https:\/\/www.blogsoestado.com\/danielmatos\/?s={search_term_string}"},"query-input":{"@type":"PropertyValueSpecification","valueRequired":true,"valueName":"search_term_string"}}],"inLanguage":"pt-BR"}]}},"jetpack_featured_media_url":"","_links":{"self":[{"href":"https:\/\/www.blogsoestado.com\/danielmatos\/wp-json\/wp\/v2\/posts\/2617","targetHints":{"allow":["GET"]}}],"collection":[{"href":"https:\/\/www.blogsoestado.com\/danielmatos\/wp-json\/wp\/v2\/posts"}],"about":[{"href":"https:\/\/www.blogsoestado.com\/danielmatos\/wp-json\/wp\/v2\/types\/post"}],"replies":[{"embeddable":true,"href":"https:\/\/www.blogsoestado.com\/danielmatos\/wp-json\/wp\/v2\/comments?post=2617"}],"version-history":[{"count":0,"href":"https:\/\/www.blogsoestado.com\/danielmatos\/wp-json\/wp\/v2\/posts\/2617\/revisions"}],"wp:attachment":[{"href":"https:\/\/www.blogsoestado.com\/danielmatos\/wp-json\/wp\/v2\/media?parent=2617"}],"wp:term":[{"taxonomy":"category","embeddable":true,"href":"https:\/\/www.blogsoestado.com\/danielmatos\/wp-json\/wp\/v2\/categories?post=2617"},{"taxonomy":"post_tag","embeddable":true,"href":"https:\/\/www.blogsoestado.com\/danielmatos\/wp-json\/wp\/v2\/tags?post=2617"}],"curies":[{"name":"wp","href":"https:\/\/api.w.org\/{rel}","templated":true}]}}