{"id":2620,"date":"2011-09-23T18:24:27","date_gmt":"2011-09-23T21:24:27","guid":{"rendered":"https:\/\/www.blogsoestado.com\/danielmatos\/?p=2620"},"modified":"2011-09-23T18:24:27","modified_gmt":"2011-09-23T21:24:27","slug":"mp-aciona-prefeito-de-arame-por-promocao-pessoal-e-propaganda-oficial","status":"publish","type":"post","link":"https:\/\/www.blogsoestado.com\/danielmatos\/mp-aciona-prefeito-de-arame-por-promocao-pessoal-e-propaganda-oficial\/","title":{"rendered":"MP aciona prefeito de Arame por promo\u00e7\u00e3o pessoal em propaganda oficial"},"content":{"rendered":"<figure id=\"attachment_2621\" aria-describedby=\"caption-attachment-2621\" style=\"width: 161px\" class=\"wp-caption alignright\"><a rel=\"attachment wp-att-2621\" href=\"https:\/\/www.blogsoestado.com\/danielmatos\/2011\/09\/23\/mp-aciona-prefeito-de-arame-por-promocao-pessoal-e-propaganda-oficial\/joao-menezes\/\"><img decoding=\"async\" class=\"size-full wp-image-2621\" src=\"https:\/\/www.blogsoestado.com\/danielmatos\/files\/2011\/09\/joao-menezes.jpg\" alt=\"\" width=\"161\" height=\"225\" \/><\/a><figcaption id=\"caption-attachment-2621\" class=\"wp-caption-text\">Prefeito de Arame, Jo\u00e3o Menezes<\/figcaption><\/figure>\n<p>O descumprimento de uma Recomenda\u00e7\u00e3o do Minist\u00e9rio P\u00fablico do Maranh\u00e3o (MPMA), que tratava de remo\u00e7\u00e3o de publicidade oficial ilegal nos bens p\u00fablicos municipais, motivou a A\u00e7\u00e3o Civil P\u00fablica ajuizada no dia 17 de agosto contra o Munic\u00edpio de Arame (438km de S\u00e3o Lu\u00eds) e seu prefeito, Jo\u00e3o Menezes de Souza.<\/p>\n<p>A A\u00e7\u00e3o, subscrita pelo promotor de Justi\u00e7a de Arame, F\u00e1bio Murilo da Silva Portela, \u00e9 baseada no artigo 37 da Constitui\u00e7\u00e3o Federal, que versa sobre os princ\u00edpios de legalidade, impessoalidade, moralidade, publicidade e efici\u00eancia da Administra\u00e7\u00e3o P\u00fablica.<\/p>\n<p>A manifesta\u00e7\u00e3o do MPMA \u00e9 resultado de den\u00fancias sobre o descumprimento da Recomenda\u00e7\u00e3o n\u00ba 004\/2010, emitida pelo \u00f3rg\u00e3o, em 3 de novembro de 2010, solicitando que Souza removesse, em 45 dias, dos bens p\u00fablicos municipais, quaisquer imagens ou refer\u00eancias j\u00e1 utilizadas por ele em campanhas eleitorais.<\/p>\n<p>Segundo relata o promotor de Justi\u00e7a na A\u00e7\u00e3o, durante a campanha eleitoral de 2004, Souza foi identificado pelo gesto de bater as duas m\u00e3os, que passou a ser feito publicamente pelo prefeito e seus correligion\u00e1rios nos com\u00edcios, atos p\u00fablicos, caminhadas e passeatas.<\/p>\n<p>\u201cAp\u00f3s assumir o cargo, o prefeito passou a utilizar refer\u00eancias a esse s\u00edmbolo de campanha nos bens p\u00fablicos municipais, vinculando, assim, a atua\u00e7\u00e3o do ente federativo \u00e0 sua pr\u00f3pria imagem\u201d, explica F\u00e1bio Portela. Ele acrescenta que essa vincula\u00e7\u00e3o fere diretamente o princ\u00edpio da impessoalidade da Administra\u00e7\u00e3o P\u00fablica.<\/p>\n<p>Na A\u00e7\u00e3o, o MPMA requer que seja estipulada multa di\u00e1ria por descumprimento no valor de R$ 200 mil, tanto para o prefeito Jo\u00e3o Menezes de Souza como para o Munic\u00edpio de Arame.<\/p>\n<p><strong>Fonte:<\/strong> Minist\u00e9rio P\u00fablico do Maranh\u00e3o<\/p>\n","protected":false},"excerpt":{"rendered":"<p>O descumprimento de uma Recomenda\u00e7\u00e3o do Minist\u00e9rio P\u00fablico do Maranh\u00e3o (MPMA), que tratava de remo\u00e7\u00e3o de publicidade oficial ilegal nos [&hellip;]<\/p>\n","protected":false},"author":0,"featured_media":0,"comment_status":"open","ping_status":"open","sticky":false,"template":"","format":"standard","meta":{"site-sidebar-layout":"default","site-content-layout":"","ast-site-content-layout":"default","site-content-style":"default","site-sidebar-style":"default","ast-global-header-display":"","ast-banner-title-visibility":"","ast-main-header-display":"","ast-hfb-above-header-display":"","ast-hfb-below-header-display":"","ast-hfb-mobile-header-display":"","site-post-title":"","ast-breadcrumbs-content":"","ast-featured-img":"","footer-sml-layout":"","ast-disable-related-posts":"","theme-transparent-header-meta":"","adv-header-id-meta":"","stick-header-meta":"","header-above-stick-meta":"","header-main-stick-meta":"","header-below-stick-meta":"","astra-migrate-meta-layouts":"default","ast-page-background-enabled":"default","ast-page-background-meta":{"desktop":{"background-color":"var(--ast-global-color-5)","background-image":"","background-repeat":"repeat","background-position":"center center","background-size":"auto","background-attachment":"scroll","background-type":"","background-media":"","overlay-type":"","overlay-color":"","overlay-opacity":"","overlay-gradient":""},"tablet":{"background-color":"","background-image":"","background-repeat":"repeat","background-position":"center center","background-size":"auto","background-attachment":"scroll","background-type":"","background-media":"","overlay-type":"","overlay-color":"","overlay-opacity":"","overlay-gradient":""},"mobile":{"background-color":"","background-image":"","background-repeat":"repeat","background-position":"center center","background-size":"auto","background-attachment":"scroll","background-type":"","background-media":"","overlay-type":"","overlay-color":"","overlay-opacity":"","overlay-gradient":""}},"ast-content-background-meta":{"desktop":{"background-color":"var(--ast-global-color-4)","background-image":"","background-repeat":"repeat","background-position":"center center","background-size":"auto","background-attachment":"scroll","background-type":"","background-media":"","overlay-type":"","overlay-color":"","overlay-opacity":"","overlay-gradient":""},"tablet":{"background-color":"var(--ast-global-color-4)","background-image":"","background-repeat":"repeat","background-position":"center center","background-size":"auto","background-attachment":"scroll","background-type":"","background-media":"","overlay-type":"","overlay-color":"","overlay-opacity":"","overlay-gradient":""},"mobile":{"background-color":"var(--ast-global-color-4)","background-image":"","background-repeat":"repeat","background-position":"center center","background-size":"auto","background-attachment":"scroll","background-type":"","background-media":"","overlay-type":"","overlay-color":"","overlay-opacity":"","overlay-gradient":""}},"footnotes":""},"categories":[1],"tags":[],"class_list":["post-2620","post","type-post","status-publish","format-standard","hentry","category-sem-categoria"],"yoast_head":"<!-- This site is optimized with the Yoast SEO plugin v26.6 - https:\/\/yoast.com\/wordpress\/plugins\/seo\/ -->\n<title>MP aciona prefeito de Arame por promo\u00e7\u00e3o pessoal em propaganda oficial - Daniel Matos<\/title>\n<meta name=\"robots\" content=\"index, follow, max-snippet:-1, max-image-preview:large, max-video-preview:-1\" \/>\n<link rel=\"canonical\" href=\"https:\/\/www.blogsoestado.com\/danielmatos\/mp-aciona-prefeito-de-arame-por-promocao-pessoal-e-propaganda-oficial\/\" \/>\n<meta property=\"og:locale\" content=\"pt_BR\" \/>\n<meta property=\"og:type\" content=\"article\" \/>\n<meta property=\"og:title\" content=\"MP aciona prefeito de Arame por promo\u00e7\u00e3o pessoal em propaganda oficial - Daniel Matos\" \/>\n<meta property=\"og:description\" content=\"O descumprimento de uma Recomenda\u00e7\u00e3o do Minist\u00e9rio P\u00fablico do Maranh\u00e3o (MPMA), que tratava de remo\u00e7\u00e3o de publicidade oficial ilegal nos [&hellip;]\" \/>\n<meta property=\"og:url\" content=\"https:\/\/www.blogsoestado.com\/danielmatos\/mp-aciona-prefeito-de-arame-por-promocao-pessoal-e-propaganda-oficial\/\" \/>\n<meta property=\"og:site_name\" content=\"Daniel Matos\" \/>\n<meta property=\"article:published_time\" content=\"2011-09-23T21:24:27+00:00\" \/>\n<meta property=\"og:image\" content=\"https:\/\/www.blogsoestado.com\/danielmatos\/files\/2011\/09\/joao-menezes.jpg\" \/>\n<meta name=\"twitter:card\" content=\"summary_large_image\" \/>\n<meta name=\"twitter:label1\" content=\"Est. tempo de leitura\" \/>\n\t<meta name=\"twitter:data1\" content=\"2 minutos\" \/>\n<script type=\"application\/ld+json\" class=\"yoast-schema-graph\">{\"@context\":\"https:\/\/schema.org\",\"@graph\":[{\"@type\":\"WebPage\",\"@id\":\"https:\/\/www.blogsoestado.com\/danielmatos\/mp-aciona-prefeito-de-arame-por-promocao-pessoal-e-propaganda-oficial\/\",\"url\":\"https:\/\/www.blogsoestado.com\/danielmatos\/mp-aciona-prefeito-de-arame-por-promocao-pessoal-e-propaganda-oficial\/\",\"name\":\"MP aciona prefeito de Arame por promo\u00e7\u00e3o pessoal em propaganda oficial - Daniel Matos\",\"isPartOf\":{\"@id\":\"https:\/\/www.blogsoestado.com\/danielmatos\/#website\"},\"primaryImageOfPage\":{\"@id\":\"https:\/\/www.blogsoestado.com\/danielmatos\/mp-aciona-prefeito-de-arame-por-promocao-pessoal-e-propaganda-oficial\/#primaryimage\"},\"image\":{\"@id\":\"https:\/\/www.blogsoestado.com\/danielmatos\/mp-aciona-prefeito-de-arame-por-promocao-pessoal-e-propaganda-oficial\/#primaryimage\"},\"thumbnailUrl\":\"https:\/\/www.blogsoestado.com\/danielmatos\/files\/2011\/09\/joao-menezes.jpg\",\"datePublished\":\"2011-09-23T21:24:27+00:00\",\"author\":{\"@id\":\"\"},\"breadcrumb\":{\"@id\":\"https:\/\/www.blogsoestado.com\/danielmatos\/mp-aciona-prefeito-de-arame-por-promocao-pessoal-e-propaganda-oficial\/#breadcrumb\"},\"inLanguage\":\"pt-BR\",\"potentialAction\":[{\"@type\":\"ReadAction\",\"target\":[\"https:\/\/www.blogsoestado.com\/danielmatos\/mp-aciona-prefeito-de-arame-por-promocao-pessoal-e-propaganda-oficial\/\"]}]},{\"@type\":\"ImageObject\",\"inLanguage\":\"pt-BR\",\"@id\":\"https:\/\/www.blogsoestado.com\/danielmatos\/mp-aciona-prefeito-de-arame-por-promocao-pessoal-e-propaganda-oficial\/#primaryimage\",\"url\":\"https:\/\/www.blogsoestado.com\/danielmatos\/files\/2011\/09\/joao-menezes.jpg\",\"contentUrl\":\"https:\/\/www.blogsoestado.com\/danielmatos\/files\/2011\/09\/joao-menezes.jpg\"},{\"@type\":\"BreadcrumbList\",\"@id\":\"https:\/\/www.blogsoestado.com\/danielmatos\/mp-aciona-prefeito-de-arame-por-promocao-pessoal-e-propaganda-oficial\/#breadcrumb\",\"itemListElement\":[{\"@type\":\"ListItem\",\"position\":1,\"name\":\"In\u00edcio\",\"item\":\"https:\/\/www.blogsoestado.com\/danielmatos\/\"},{\"@type\":\"ListItem\",\"position\":2,\"name\":\"MP aciona prefeito de Arame por promo\u00e7\u00e3o pessoal em propaganda oficial\"}]},{\"@type\":\"WebSite\",\"@id\":\"https:\/\/www.blogsoestado.com\/danielmatos\/#website\",\"url\":\"https:\/\/www.blogsoestado.com\/danielmatos\/\",\"name\":\"Daniel Matos\",\"description\":\"\",\"potentialAction\":[{\"@type\":\"SearchAction\",\"target\":{\"@type\":\"EntryPoint\",\"urlTemplate\":\"https:\/\/www.blogsoestado.com\/danielmatos\/?s={search_term_string}\"},\"query-input\":{\"@type\":\"PropertyValueSpecification\",\"valueRequired\":true,\"valueName\":\"search_term_string\"}}],\"inLanguage\":\"pt-BR\"}]}<\/script>\n<!-- \/ Yoast SEO plugin. -->","yoast_head_json":{"title":"MP aciona prefeito de Arame por promo\u00e7\u00e3o pessoal em propaganda oficial - Daniel Matos","robots":{"index":"index","follow":"follow","max-snippet":"max-snippet:-1","max-image-preview":"max-image-preview:large","max-video-preview":"max-video-preview:-1"},"canonical":"https:\/\/www.blogsoestado.com\/danielmatos\/mp-aciona-prefeito-de-arame-por-promocao-pessoal-e-propaganda-oficial\/","og_locale":"pt_BR","og_type":"article","og_title":"MP aciona prefeito de Arame por promo\u00e7\u00e3o pessoal em propaganda oficial - Daniel Matos","og_description":"O descumprimento de uma Recomenda\u00e7\u00e3o do Minist\u00e9rio P\u00fablico do Maranh\u00e3o (MPMA), que tratava de remo\u00e7\u00e3o de publicidade oficial ilegal nos [&hellip;]","og_url":"https:\/\/www.blogsoestado.com\/danielmatos\/mp-aciona-prefeito-de-arame-por-promocao-pessoal-e-propaganda-oficial\/","og_site_name":"Daniel Matos","article_published_time":"2011-09-23T21:24:27+00:00","og_image":[{"url":"https:\/\/www.blogsoestado.com\/danielmatos\/files\/2011\/09\/joao-menezes.jpg","type":"","width":"","height":""}],"twitter_card":"summary_large_image","twitter_misc":{"Est. tempo de leitura":"2 minutos"},"schema":{"@context":"https:\/\/schema.org","@graph":[{"@type":"WebPage","@id":"https:\/\/www.blogsoestado.com\/danielmatos\/mp-aciona-prefeito-de-arame-por-promocao-pessoal-e-propaganda-oficial\/","url":"https:\/\/www.blogsoestado.com\/danielmatos\/mp-aciona-prefeito-de-arame-por-promocao-pessoal-e-propaganda-oficial\/","name":"MP aciona prefeito de Arame por promo\u00e7\u00e3o pessoal em propaganda oficial - Daniel Matos","isPartOf":{"@id":"https:\/\/www.blogsoestado.com\/danielmatos\/#website"},"primaryImageOfPage":{"@id":"https:\/\/www.blogsoestado.com\/danielmatos\/mp-aciona-prefeito-de-arame-por-promocao-pessoal-e-propaganda-oficial\/#primaryimage"},"image":{"@id":"https:\/\/www.blogsoestado.com\/danielmatos\/mp-aciona-prefeito-de-arame-por-promocao-pessoal-e-propaganda-oficial\/#primaryimage"},"thumbnailUrl":"https:\/\/www.blogsoestado.com\/danielmatos\/files\/2011\/09\/joao-menezes.jpg","datePublished":"2011-09-23T21:24:27+00:00","author":{"@id":""},"breadcrumb":{"@id":"https:\/\/www.blogsoestado.com\/danielmatos\/mp-aciona-prefeito-de-arame-por-promocao-pessoal-e-propaganda-oficial\/#breadcrumb"},"inLanguage":"pt-BR","potentialAction":[{"@type":"ReadAction","target":["https:\/\/www.blogsoestado.com\/danielmatos\/mp-aciona-prefeito-de-arame-por-promocao-pessoal-e-propaganda-oficial\/"]}]},{"@type":"ImageObject","inLanguage":"pt-BR","@id":"https:\/\/www.blogsoestado.com\/danielmatos\/mp-aciona-prefeito-de-arame-por-promocao-pessoal-e-propaganda-oficial\/#primaryimage","url":"https:\/\/www.blogsoestado.com\/danielmatos\/files\/2011\/09\/joao-menezes.jpg","contentUrl":"https:\/\/www.blogsoestado.com\/danielmatos\/files\/2011\/09\/joao-menezes.jpg"},{"@type":"BreadcrumbList","@id":"https:\/\/www.blogsoestado.com\/danielmatos\/mp-aciona-prefeito-de-arame-por-promocao-pessoal-e-propaganda-oficial\/#breadcrumb","itemListElement":[{"@type":"ListItem","position":1,"name":"In\u00edcio","item":"https:\/\/www.blogsoestado.com\/danielmatos\/"},{"@type":"ListItem","position":2,"name":"MP aciona prefeito de Arame por promo\u00e7\u00e3o pessoal em propaganda oficial"}]},{"@type":"WebSite","@id":"https:\/\/www.blogsoestado.com\/danielmatos\/#website","url":"https:\/\/www.blogsoestado.com\/danielmatos\/","name":"Daniel Matos","description":"","potentialAction":[{"@type":"SearchAction","target":{"@type":"EntryPoint","urlTemplate":"https:\/\/www.blogsoestado.com\/danielmatos\/?s={search_term_string}"},"query-input":{"@type":"PropertyValueSpecification","valueRequired":true,"valueName":"search_term_string"}}],"inLanguage":"pt-BR"}]}},"jetpack_featured_media_url":"","_links":{"self":[{"href":"https:\/\/www.blogsoestado.com\/danielmatos\/wp-json\/wp\/v2\/posts\/2620","targetHints":{"allow":["GET"]}}],"collection":[{"href":"https:\/\/www.blogsoestado.com\/danielmatos\/wp-json\/wp\/v2\/posts"}],"about":[{"href":"https:\/\/www.blogsoestado.com\/danielmatos\/wp-json\/wp\/v2\/types\/post"}],"replies":[{"embeddable":true,"href":"https:\/\/www.blogsoestado.com\/danielmatos\/wp-json\/wp\/v2\/comments?post=2620"}],"version-history":[{"count":0,"href":"https:\/\/www.blogsoestado.com\/danielmatos\/wp-json\/wp\/v2\/posts\/2620\/revisions"}],"wp:attachment":[{"href":"https:\/\/www.blogsoestado.com\/danielmatos\/wp-json\/wp\/v2\/media?parent=2620"}],"wp:term":[{"taxonomy":"category","embeddable":true,"href":"https:\/\/www.blogsoestado.com\/danielmatos\/wp-json\/wp\/v2\/categories?post=2620"},{"taxonomy":"post_tag","embeddable":true,"href":"https:\/\/www.blogsoestado.com\/danielmatos\/wp-json\/wp\/v2\/tags?post=2620"}],"curies":[{"name":"wp","href":"https:\/\/api.w.org\/{rel}","templated":true}]}}