{"id":2705,"date":"2011-10-04T15:08:33","date_gmt":"2011-10-04T18:08:33","guid":{"rendered":"https:\/\/www.blogsoestado.com\/danielmatos\/?p=2705"},"modified":"2011-10-04T15:08:33","modified_gmt":"2011-10-04T18:08:33","slug":"justica-afasta-prefeito-de-cururupu","status":"publish","type":"post","link":"https:\/\/www.blogsoestado.com\/danielmatos\/justica-afasta-prefeito-de-cururupu\/","title":{"rendered":"Justi\u00e7a afasta prefeito de Cururupu"},"content":{"rendered":"<figure id=\"attachment_2706\" aria-describedby=\"caption-attachment-2706\" style=\"width: 133px\" class=\"wp-caption alignleft\"><a rel=\"attachment wp-att-2706\" href=\"https:\/\/www.blogsoestado.com\/danielmatos\/2011\/10\/04\/justica-afasta-prefeito-de-cururupu\/pestana\/\"><img decoding=\"async\" class=\"size-full wp-image-2706\" src=\"https:\/\/www.blogsoestado.com\/danielmatos\/files\/2011\/10\/pestana.jpg\" alt=\"\" width=\"133\" height=\"200\" \/><\/a><figcaption id=\"caption-attachment-2706\" class=\"wp-caption-text\">Prefeito Francisco Pestana<\/figcaption><\/figure>\n<p>A ju\u00edza L\u00facia de F\u00e1tima Silva Quadros, titular de Cururupu, acatou pedido do Minist\u00e9rio P\u00fablico estadual e condenou o prefeito Jos\u00e9 Francisco Pestana por improbidade administrativa, resultando na perda do cargo. O motivo da a\u00e7\u00e3o foi a falta de apresenta\u00e7\u00e3o em prazo legal da presta\u00e7\u00e3o de contas do munic\u00edpio, relativa ao exerc\u00edcio 2008.<br \/>\n\u00a0<br \/>\nDe acordo com a senten\u00e7a, a justi\u00e7a j\u00e1 havia emitido decis\u00e3o em outubro de 2009 para que o prefeito apresentasse as contas na C\u00e2mara Municipal. Pestana n\u00e3o se manifestou no prazo fixado na ordem judicial \u2013 cinco dias. O presidente da C\u00e2mara declarou que o prefeito apresentou as contas somente em 14 de julho de 2010.<br \/>\n\u00a0<br \/>\nA ju\u00edza cita que o ato de improbidade administrativa \u00e9 aquele praticado por agente p\u00fablico, contr\u00e1rio \u00e0s normas da moral, \u00e0 lei e aos bons costumes, ou seja, aquele ato que indica falta de honradez e de retid\u00e3o de conduta no modo de proceder perante a administra\u00e7\u00e3o p\u00fablica direta, indireta ou fundacional, nas tr\u00eas esferas pol\u00edticas.<br \/>\n\u00a0<br \/>\n\u201cNo que tange ao Executivo, incumbe-lhe a tarefa de, preponderantemente, executar as leis e administrar os neg\u00f3cios p\u00fablicos, isto \u00e9, governar\u201d, continua a magistrada, recorrendo aos princ\u00edpios constitucionais da publicidade e da legalidade. \u201cDeixar de prestar contas quando se \u00e9 obrigado a faz\u00ea-lo constitui-se, de fato, em improbidade administrativa\u201d, enfatiza. A Lei de Responsabilidade Fiscal (LRF) tamb\u00e9m \u00e9 referenciada.<br \/>\n\u00a0<br \/>\nDiante dos preceitos legais, L\u00facia de F\u00e1tima frisa que o descumprimento das regras de transpar\u00eancia de gest\u00e3o fiscal \u2013 omitida, de m\u00e1-f\u00e9, sua divulga\u00e7\u00e3o nos moldes previstos na LRF \u2013 configura ato de improbidade administrativa atentat\u00f3rio ao princ\u00edpio da publicidade.<br \/>\n\u00a0<br \/>\nAl\u00e9m de condenado \u00e0 perda do cargo de prefeito, Francisco Pestana ter\u00e1 que pagar multa civil equivalente a doze vezes seu sal\u00e1rio e teve direitos pol\u00edticos suspensos por tr\u00eas anos.<br \/>\n\u00a0<br \/>\nPestana est\u00e1 proibido de contratar com o Poder P\u00fablico ou receber benef\u00edcios ou incentivos fiscais ou credit\u00edcios, direta ou indiretamente, ainda que por interm\u00e9dio de pessoa jur\u00eddica da qual seja s\u00f3cio majorit\u00e1rio, tamb\u00e9m por tr\u00eas anos.<\/p>\n<p><strong>Fonte:<\/strong> Corregedoria Geral de Justi\u00e7a<\/p>\n","protected":false},"excerpt":{"rendered":"<p>A ju\u00edza L\u00facia de F\u00e1tima Silva Quadros, titular de Cururupu, acatou pedido do Minist\u00e9rio P\u00fablico estadual e condenou o prefeito [&hellip;]<\/p>\n","protected":false},"author":0,"featured_media":0,"comment_status":"open","ping_status":"open","sticky":false,"template":"","format":"standard","meta":{"site-sidebar-layout":"default","site-content-layout":"","ast-site-content-layout":"default","site-content-style":"default","site-sidebar-style":"default","ast-global-header-display":"","ast-banner-title-visibility":"","ast-main-header-display":"","ast-hfb-above-header-display":"","ast-hfb-below-header-display":"","ast-hfb-mobile-header-display":"","site-post-title":"","ast-breadcrumbs-content":"","ast-featured-img":"","footer-sml-layout":"","ast-disable-related-posts":"","theme-transparent-header-meta":"","adv-header-id-meta":"","stick-header-meta":"","header-above-stick-meta":"","header-main-stick-meta":"","header-below-stick-meta":"","astra-migrate-meta-layouts":"default","ast-page-background-enabled":"default","ast-page-background-meta":{"desktop":{"background-color":"var(--ast-global-color-5)","background-image":"","background-repeat":"repeat","background-position":"center center","background-size":"auto","background-attachment":"scroll","background-type":"","background-media":"","overlay-type":"","overlay-color":"","overlay-opacity":"","overlay-gradient":""},"tablet":{"background-color":"","background-image":"","background-repeat":"repeat","background-position":"center center","background-size":"auto","background-attachment":"scroll","background-type":"","background-media":"","overlay-type":"","overlay-color":"","overlay-opacity":"","overlay-gradient":""},"mobile":{"background-color":"","background-image":"","background-repeat":"repeat","background-position":"center center","background-size":"auto","background-attachment":"scroll","background-type":"","background-media":"","overlay-type":"","overlay-color":"","overlay-opacity":"","overlay-gradient":""}},"ast-content-background-meta":{"desktop":{"background-color":"var(--ast-global-color-4)","background-image":"","background-repeat":"repeat","background-position":"center center","background-size":"auto","background-attachment":"scroll","background-type":"","background-media":"","overlay-type":"","overlay-color":"","overlay-opacity":"","overlay-gradient":""},"tablet":{"background-color":"var(--ast-global-color-4)","background-image":"","background-repeat":"repeat","background-position":"center center","background-size":"auto","background-attachment":"scroll","background-type":"","background-media":"","overlay-type":"","overlay-color":"","overlay-opacity":"","overlay-gradient":""},"mobile":{"background-color":"var(--ast-global-color-4)","background-image":"","background-repeat":"repeat","background-position":"center center","background-size":"auto","background-attachment":"scroll","background-type":"","background-media":"","overlay-type":"","overlay-color":"","overlay-opacity":"","overlay-gradient":""}},"footnotes":""},"categories":[1],"tags":[],"class_list":["post-2705","post","type-post","status-publish","format-standard","hentry","category-sem-categoria"],"yoast_head":"<!-- This site is optimized with the Yoast SEO plugin v26.6 - https:\/\/yoast.com\/wordpress\/plugins\/seo\/ -->\n<title>Justi\u00e7a afasta prefeito de Cururupu - Daniel Matos<\/title>\n<meta name=\"robots\" content=\"index, follow, max-snippet:-1, max-image-preview:large, max-video-preview:-1\" \/>\n<link rel=\"canonical\" href=\"https:\/\/www.blogsoestado.com\/danielmatos\/justica-afasta-prefeito-de-cururupu\/\" \/>\n<meta property=\"og:locale\" content=\"pt_BR\" \/>\n<meta property=\"og:type\" content=\"article\" \/>\n<meta property=\"og:title\" content=\"Justi\u00e7a afasta prefeito de Cururupu - Daniel Matos\" \/>\n<meta property=\"og:description\" content=\"A ju\u00edza L\u00facia de F\u00e1tima Silva Quadros, titular de Cururupu, acatou pedido do Minist\u00e9rio P\u00fablico estadual e condenou o prefeito [&hellip;]\" \/>\n<meta property=\"og:url\" content=\"https:\/\/www.blogsoestado.com\/danielmatos\/justica-afasta-prefeito-de-cururupu\/\" \/>\n<meta property=\"og:site_name\" content=\"Daniel Matos\" \/>\n<meta property=\"article:published_time\" content=\"2011-10-04T18:08:33+00:00\" \/>\n<meta property=\"og:image\" content=\"https:\/\/www.blogsoestado.com\/danielmatos\/files\/2011\/10\/pestana.jpg\" \/>\n<meta name=\"twitter:card\" content=\"summary_large_image\" \/>\n<meta name=\"twitter:label1\" content=\"Est. tempo de leitura\" \/>\n\t<meta name=\"twitter:data1\" content=\"2 minutos\" \/>\n<script type=\"application\/ld+json\" class=\"yoast-schema-graph\">{\"@context\":\"https:\/\/schema.org\",\"@graph\":[{\"@type\":\"WebPage\",\"@id\":\"https:\/\/www.blogsoestado.com\/danielmatos\/justica-afasta-prefeito-de-cururupu\/\",\"url\":\"https:\/\/www.blogsoestado.com\/danielmatos\/justica-afasta-prefeito-de-cururupu\/\",\"name\":\"Justi\u00e7a afasta prefeito de Cururupu - Daniel Matos\",\"isPartOf\":{\"@id\":\"https:\/\/www.blogsoestado.com\/danielmatos\/#website\"},\"primaryImageOfPage\":{\"@id\":\"https:\/\/www.blogsoestado.com\/danielmatos\/justica-afasta-prefeito-de-cururupu\/#primaryimage\"},\"image\":{\"@id\":\"https:\/\/www.blogsoestado.com\/danielmatos\/justica-afasta-prefeito-de-cururupu\/#primaryimage\"},\"thumbnailUrl\":\"https:\/\/www.blogsoestado.com\/danielmatos\/files\/2011\/10\/pestana.jpg\",\"datePublished\":\"2011-10-04T18:08:33+00:00\",\"author\":{\"@id\":\"\"},\"breadcrumb\":{\"@id\":\"https:\/\/www.blogsoestado.com\/danielmatos\/justica-afasta-prefeito-de-cururupu\/#breadcrumb\"},\"inLanguage\":\"pt-BR\",\"potentialAction\":[{\"@type\":\"ReadAction\",\"target\":[\"https:\/\/www.blogsoestado.com\/danielmatos\/justica-afasta-prefeito-de-cururupu\/\"]}]},{\"@type\":\"ImageObject\",\"inLanguage\":\"pt-BR\",\"@id\":\"https:\/\/www.blogsoestado.com\/danielmatos\/justica-afasta-prefeito-de-cururupu\/#primaryimage\",\"url\":\"https:\/\/www.blogsoestado.com\/danielmatos\/files\/2011\/10\/pestana.jpg\",\"contentUrl\":\"https:\/\/www.blogsoestado.com\/danielmatos\/files\/2011\/10\/pestana.jpg\"},{\"@type\":\"BreadcrumbList\",\"@id\":\"https:\/\/www.blogsoestado.com\/danielmatos\/justica-afasta-prefeito-de-cururupu\/#breadcrumb\",\"itemListElement\":[{\"@type\":\"ListItem\",\"position\":1,\"name\":\"In\u00edcio\",\"item\":\"https:\/\/www.blogsoestado.com\/danielmatos\/\"},{\"@type\":\"ListItem\",\"position\":2,\"name\":\"Justi\u00e7a afasta prefeito de Cururupu\"}]},{\"@type\":\"WebSite\",\"@id\":\"https:\/\/www.blogsoestado.com\/danielmatos\/#website\",\"url\":\"https:\/\/www.blogsoestado.com\/danielmatos\/\",\"name\":\"Daniel Matos\",\"description\":\"\",\"potentialAction\":[{\"@type\":\"SearchAction\",\"target\":{\"@type\":\"EntryPoint\",\"urlTemplate\":\"https:\/\/www.blogsoestado.com\/danielmatos\/?s={search_term_string}\"},\"query-input\":{\"@type\":\"PropertyValueSpecification\",\"valueRequired\":true,\"valueName\":\"search_term_string\"}}],\"inLanguage\":\"pt-BR\"}]}<\/script>\n<!-- \/ Yoast SEO plugin. -->","yoast_head_json":{"title":"Justi\u00e7a afasta prefeito de Cururupu - Daniel Matos","robots":{"index":"index","follow":"follow","max-snippet":"max-snippet:-1","max-image-preview":"max-image-preview:large","max-video-preview":"max-video-preview:-1"},"canonical":"https:\/\/www.blogsoestado.com\/danielmatos\/justica-afasta-prefeito-de-cururupu\/","og_locale":"pt_BR","og_type":"article","og_title":"Justi\u00e7a afasta prefeito de Cururupu - Daniel Matos","og_description":"A ju\u00edza L\u00facia de F\u00e1tima Silva Quadros, titular de Cururupu, acatou pedido do Minist\u00e9rio P\u00fablico estadual e condenou o prefeito [&hellip;]","og_url":"https:\/\/www.blogsoestado.com\/danielmatos\/justica-afasta-prefeito-de-cururupu\/","og_site_name":"Daniel Matos","article_published_time":"2011-10-04T18:08:33+00:00","og_image":[{"url":"https:\/\/www.blogsoestado.com\/danielmatos\/files\/2011\/10\/pestana.jpg","type":"","width":"","height":""}],"twitter_card":"summary_large_image","twitter_misc":{"Est. tempo de leitura":"2 minutos"},"schema":{"@context":"https:\/\/schema.org","@graph":[{"@type":"WebPage","@id":"https:\/\/www.blogsoestado.com\/danielmatos\/justica-afasta-prefeito-de-cururupu\/","url":"https:\/\/www.blogsoestado.com\/danielmatos\/justica-afasta-prefeito-de-cururupu\/","name":"Justi\u00e7a afasta prefeito de Cururupu - Daniel Matos","isPartOf":{"@id":"https:\/\/www.blogsoestado.com\/danielmatos\/#website"},"primaryImageOfPage":{"@id":"https:\/\/www.blogsoestado.com\/danielmatos\/justica-afasta-prefeito-de-cururupu\/#primaryimage"},"image":{"@id":"https:\/\/www.blogsoestado.com\/danielmatos\/justica-afasta-prefeito-de-cururupu\/#primaryimage"},"thumbnailUrl":"https:\/\/www.blogsoestado.com\/danielmatos\/files\/2011\/10\/pestana.jpg","datePublished":"2011-10-04T18:08:33+00:00","author":{"@id":""},"breadcrumb":{"@id":"https:\/\/www.blogsoestado.com\/danielmatos\/justica-afasta-prefeito-de-cururupu\/#breadcrumb"},"inLanguage":"pt-BR","potentialAction":[{"@type":"ReadAction","target":["https:\/\/www.blogsoestado.com\/danielmatos\/justica-afasta-prefeito-de-cururupu\/"]}]},{"@type":"ImageObject","inLanguage":"pt-BR","@id":"https:\/\/www.blogsoestado.com\/danielmatos\/justica-afasta-prefeito-de-cururupu\/#primaryimage","url":"https:\/\/www.blogsoestado.com\/danielmatos\/files\/2011\/10\/pestana.jpg","contentUrl":"https:\/\/www.blogsoestado.com\/danielmatos\/files\/2011\/10\/pestana.jpg"},{"@type":"BreadcrumbList","@id":"https:\/\/www.blogsoestado.com\/danielmatos\/justica-afasta-prefeito-de-cururupu\/#breadcrumb","itemListElement":[{"@type":"ListItem","position":1,"name":"In\u00edcio","item":"https:\/\/www.blogsoestado.com\/danielmatos\/"},{"@type":"ListItem","position":2,"name":"Justi\u00e7a afasta prefeito de Cururupu"}]},{"@type":"WebSite","@id":"https:\/\/www.blogsoestado.com\/danielmatos\/#website","url":"https:\/\/www.blogsoestado.com\/danielmatos\/","name":"Daniel Matos","description":"","potentialAction":[{"@type":"SearchAction","target":{"@type":"EntryPoint","urlTemplate":"https:\/\/www.blogsoestado.com\/danielmatos\/?s={search_term_string}"},"query-input":{"@type":"PropertyValueSpecification","valueRequired":true,"valueName":"search_term_string"}}],"inLanguage":"pt-BR"}]}},"jetpack_featured_media_url":"","_links":{"self":[{"href":"https:\/\/www.blogsoestado.com\/danielmatos\/wp-json\/wp\/v2\/posts\/2705","targetHints":{"allow":["GET"]}}],"collection":[{"href":"https:\/\/www.blogsoestado.com\/danielmatos\/wp-json\/wp\/v2\/posts"}],"about":[{"href":"https:\/\/www.blogsoestado.com\/danielmatos\/wp-json\/wp\/v2\/types\/post"}],"replies":[{"embeddable":true,"href":"https:\/\/www.blogsoestado.com\/danielmatos\/wp-json\/wp\/v2\/comments?post=2705"}],"version-history":[{"count":0,"href":"https:\/\/www.blogsoestado.com\/danielmatos\/wp-json\/wp\/v2\/posts\/2705\/revisions"}],"wp:attachment":[{"href":"https:\/\/www.blogsoestado.com\/danielmatos\/wp-json\/wp\/v2\/media?parent=2705"}],"wp:term":[{"taxonomy":"category","embeddable":true,"href":"https:\/\/www.blogsoestado.com\/danielmatos\/wp-json\/wp\/v2\/categories?post=2705"},{"taxonomy":"post_tag","embeddable":true,"href":"https:\/\/www.blogsoestado.com\/danielmatos\/wp-json\/wp\/v2\/tags?post=2705"}],"curies":[{"name":"wp","href":"https:\/\/api.w.org\/{rel}","templated":true}]}}