{"id":2711,"date":"2011-10-05T08:43:13","date_gmt":"2011-10-05T11:43:13","guid":{"rendered":"https:\/\/www.blogsoestado.com\/danielmatos\/?p=2711"},"modified":"2011-10-05T08:43:13","modified_gmt":"2011-10-05T11:43:13","slug":"brandao-diz-que-abertura-de-vaga-a-weverton-rocha-fortalece-alianca-psdbpdt","status":"publish","type":"post","link":"https:\/\/www.blogsoestado.com\/danielmatos\/brandao-diz-que-abertura-de-vaga-a-weverton-rocha-fortalece-alianca-psdbpdt\/","title":{"rendered":"Brand\u00e3o diz que abertura de vaga a Weverton Rocha fortalece alian\u00e7a PSDB\/PDT"},"content":{"rendered":"<figure id=\"attachment_2712\" aria-describedby=\"caption-attachment-2712\" style=\"width: 300px\" class=\"wp-caption alignright\"><a rel=\"attachment wp-att-2712\" href=\"https:\/\/www.blogsoestado.com\/danielmatos\/2011\/10\/05\/brandao-diz-que-abertura-de-vaga-a-weverton-rocha-fortalece-alianca-psdbpdt\/brandao-2\/\"><img fetchpriority=\"high\" decoding=\"async\" class=\"size-medium wp-image-2712\" src=\"https:\/\/www.blogsoestado.com\/danielmatos\/files\/2011\/10\/brand\u00e3o-300x200.jpg\" alt=\"\" width=\"300\" height=\"200\" \/><\/a><figcaption id=\"caption-attachment-2712\" class=\"wp-caption-text\">Brand\u00e3o: dedica\u00e7\u00e3o exclusiva ao PSDB em licen\u00e7a<\/figcaption><\/figure>\n<p>O deputado federal Carlos Brand\u00e3o (PSDB-MA) estar\u00e1 licenciado das atividades parlamentares durante os pr\u00f3ximos 120 dias. A decis\u00e3o foi oficializada nesta ter\u00e7a-feira (4) e teve como justificativa motivos particulares. Em nota, Brand\u00e3o justificou o afastamento alegando a necessidade de dedicar-se ao fortalecimento do PSDB no Maranh\u00e3o, j\u00e1 que assumiu recentemente a presid\u00eancia regional do partido.<br \/>\n\u00a0<br \/>\nA vaga de Brand\u00e3o foi preenchida pelo pedetista Weverton Rocha, atual assessor especial no Minist\u00e9rio do Trabalho e ex-presidente da Uni\u00e3o Municipal de Estudantes de S\u00e3o Lu\u00eds (UMES). O suplente tomou posse em plen\u00e1rio j\u00e1 na tarde desta ter\u00e7a-feira e teve sua presen\u00e7a registrada no painel da Casa.<br \/>\n\u00a0<br \/>\nConforme not\u00edcias veiculadas na imprensa do estado, Carlos Brand\u00e3o estaria licenciando-se para assumir a coordena\u00e7\u00e3o de campanha pela reelei\u00e7\u00e3o do prefeito de S\u00e3o Lu\u00eds, Jo\u00e3o Castelo. Entretanto, Brand\u00e3o negou a informa\u00e7\u00e3o. \u201cTenho um compromisso assumido e estarei empenhado nos pr\u00f3ximos meses em fortalecer meu partido. N\u00e3o h\u00e1 decis\u00f5es pontuais da forma como esse trabalho ser\u00e1 feito\u201d, afirmou.<br \/>\n\u00a0<br \/>\nSobre a rela\u00e7\u00e3o entre PSDB e PDT, Carlos Brand\u00e3o foi enf\u00e1tico ao destacar que o mandato tempor\u00e1rio assumido por Weverton Rocha fortalece a alian\u00e7a entre as legendas. Segundo ele, a parceria sempre esteve em crescimento na pol\u00edtica do Maranh\u00e3o. \u201cA decis\u00e3o do meu licenciamento tamb\u00e9m pode ser encarada como um gesto cordial ao PDT. Afinal, pol\u00edtica se faz com parceria. E nada mais justo do que esse gesto partir da presid\u00eancia do PSDB no estado\u201d, destacou o tucano.<br \/>\n\u00a0<br \/>\nAo contr\u00e1rio do que foi noticiado, Brand\u00e3o tamb\u00e9m n\u00e3o dever\u00e1 assumir cargo de secretaria na prefeitura de S\u00e3o Lu\u00eds. Parlamentar dever\u00e1 se dedicar apenas, e exclusivamente, no crescimento do partido para a disputa das elei\u00e7\u00f5es municipais que acontecem no pr\u00f3ximo ano.<\/p>\n","protected":false},"excerpt":{"rendered":"<p>O deputado federal Carlos Brand\u00e3o (PSDB-MA) estar\u00e1 licenciado das atividades parlamentares durante os pr\u00f3ximos 120 dias. A decis\u00e3o foi oficializada [&hellip;]<\/p>\n","protected":false},"author":0,"featured_media":0,"comment_status":"open","ping_status":"open","sticky":false,"template":"","format":"standard","meta":{"site-sidebar-layout":"default","site-content-layout":"","ast-site-content-layout":"default","site-content-style":"default","site-sidebar-style":"default","ast-global-header-display":"","ast-banner-title-visibility":"","ast-main-header-display":"","ast-hfb-above-header-display":"","ast-hfb-below-header-display":"","ast-hfb-mobile-header-display":"","site-post-title":"","ast-breadcrumbs-content":"","ast-featured-img":"","footer-sml-layout":"","ast-disable-related-posts":"","theme-transparent-header-meta":"","adv-header-id-meta":"","stick-header-meta":"","header-above-stick-meta":"","header-main-stick-meta":"","header-below-stick-meta":"","astra-migrate-meta-layouts":"default","ast-page-background-enabled":"default","ast-page-background-meta":{"desktop":{"background-color":"var(--ast-global-color-5)","background-image":"","background-repeat":"repeat","background-position":"center center","background-size":"auto","background-attachment":"scroll","background-type":"","background-media":"","overlay-type":"","overlay-color":"","overlay-opacity":"","overlay-gradient":""},"tablet":{"background-color":"","background-image":"","background-repeat":"repeat","background-position":"center center","background-size":"auto","background-attachment":"scroll","background-type":"","background-media":"","overlay-type":"","overlay-color":"","overlay-opacity":"","overlay-gradient":""},"mobile":{"background-color":"","background-image":"","background-repeat":"repeat","background-position":"center center","background-size":"auto","background-attachment":"scroll","background-type":"","background-media":"","overlay-type":"","overlay-color":"","overlay-opacity":"","overlay-gradient":""}},"ast-content-background-meta":{"desktop":{"background-color":"var(--ast-global-color-4)","background-image":"","background-repeat":"repeat","background-position":"center center","background-size":"auto","background-attachment":"scroll","background-type":"","background-media":"","overlay-type":"","overlay-color":"","overlay-opacity":"","overlay-gradient":""},"tablet":{"background-color":"var(--ast-global-color-4)","background-image":"","background-repeat":"repeat","background-position":"center center","background-size":"auto","background-attachment":"scroll","background-type":"","background-media":"","overlay-type":"","overlay-color":"","overlay-opacity":"","overlay-gradient":""},"mobile":{"background-color":"var(--ast-global-color-4)","background-image":"","background-repeat":"repeat","background-position":"center center","background-size":"auto","background-attachment":"scroll","background-type":"","background-media":"","overlay-type":"","overlay-color":"","overlay-opacity":"","overlay-gradient":""}},"footnotes":""},"categories":[1],"tags":[],"class_list":["post-2711","post","type-post","status-publish","format-standard","hentry","category-sem-categoria"],"yoast_head":"<!-- This site is optimized with the Yoast SEO plugin v26.6 - https:\/\/yoast.com\/wordpress\/plugins\/seo\/ -->\n<title>Brand\u00e3o diz que abertura de vaga a Weverton Rocha fortalece alian\u00e7a PSDB\/PDT - Daniel Matos<\/title>\n<meta name=\"robots\" content=\"index, follow, max-snippet:-1, max-image-preview:large, max-video-preview:-1\" \/>\n<link rel=\"canonical\" href=\"https:\/\/www.blogsoestado.com\/danielmatos\/brandao-diz-que-abertura-de-vaga-a-weverton-rocha-fortalece-alianca-psdbpdt\/\" \/>\n<meta property=\"og:locale\" content=\"pt_BR\" \/>\n<meta property=\"og:type\" content=\"article\" \/>\n<meta property=\"og:title\" content=\"Brand\u00e3o diz que abertura de vaga a Weverton Rocha fortalece alian\u00e7a PSDB\/PDT - Daniel Matos\" \/>\n<meta property=\"og:description\" content=\"O deputado federal Carlos Brand\u00e3o (PSDB-MA) estar\u00e1 licenciado das atividades parlamentares durante os pr\u00f3ximos 120 dias. A decis\u00e3o foi oficializada [&hellip;]\" \/>\n<meta property=\"og:url\" content=\"https:\/\/www.blogsoestado.com\/danielmatos\/brandao-diz-que-abertura-de-vaga-a-weverton-rocha-fortalece-alianca-psdbpdt\/\" \/>\n<meta property=\"og:site_name\" content=\"Daniel Matos\" \/>\n<meta property=\"article:published_time\" content=\"2011-10-05T11:43:13+00:00\" \/>\n<meta name=\"twitter:card\" content=\"summary_large_image\" \/>\n<meta name=\"twitter:label1\" content=\"Est. tempo de leitura\" \/>\n\t<meta name=\"twitter:data1\" content=\"2 minutos\" \/>\n<script type=\"application\/ld+json\" class=\"yoast-schema-graph\">{\"@context\":\"https:\/\/schema.org\",\"@graph\":[{\"@type\":\"WebPage\",\"@id\":\"https:\/\/www.blogsoestado.com\/danielmatos\/brandao-diz-que-abertura-de-vaga-a-weverton-rocha-fortalece-alianca-psdbpdt\/\",\"url\":\"https:\/\/www.blogsoestado.com\/danielmatos\/brandao-diz-que-abertura-de-vaga-a-weverton-rocha-fortalece-alianca-psdbpdt\/\",\"name\":\"Brand\u00e3o diz que abertura de vaga a Weverton Rocha fortalece alian\u00e7a PSDB\/PDT - Daniel Matos\",\"isPartOf\":{\"@id\":\"https:\/\/www.blogsoestado.com\/danielmatos\/#website\"},\"datePublished\":\"2011-10-05T11:43:13+00:00\",\"author\":{\"@id\":\"\"},\"breadcrumb\":{\"@id\":\"https:\/\/www.blogsoestado.com\/danielmatos\/brandao-diz-que-abertura-de-vaga-a-weverton-rocha-fortalece-alianca-psdbpdt\/#breadcrumb\"},\"inLanguage\":\"pt-BR\",\"potentialAction\":[{\"@type\":\"ReadAction\",\"target\":[\"https:\/\/www.blogsoestado.com\/danielmatos\/brandao-diz-que-abertura-de-vaga-a-weverton-rocha-fortalece-alianca-psdbpdt\/\"]}]},{\"@type\":\"BreadcrumbList\",\"@id\":\"https:\/\/www.blogsoestado.com\/danielmatos\/brandao-diz-que-abertura-de-vaga-a-weverton-rocha-fortalece-alianca-psdbpdt\/#breadcrumb\",\"itemListElement\":[{\"@type\":\"ListItem\",\"position\":1,\"name\":\"In\u00edcio\",\"item\":\"https:\/\/www.blogsoestado.com\/danielmatos\/\"},{\"@type\":\"ListItem\",\"position\":2,\"name\":\"Brand\u00e3o diz que abertura de vaga a Weverton Rocha fortalece alian\u00e7a PSDB\/PDT\"}]},{\"@type\":\"WebSite\",\"@id\":\"https:\/\/www.blogsoestado.com\/danielmatos\/#website\",\"url\":\"https:\/\/www.blogsoestado.com\/danielmatos\/\",\"name\":\"Daniel Matos\",\"description\":\"\",\"potentialAction\":[{\"@type\":\"SearchAction\",\"target\":{\"@type\":\"EntryPoint\",\"urlTemplate\":\"https:\/\/www.blogsoestado.com\/danielmatos\/?s={search_term_string}\"},\"query-input\":{\"@type\":\"PropertyValueSpecification\",\"valueRequired\":true,\"valueName\":\"search_term_string\"}}],\"inLanguage\":\"pt-BR\"}]}<\/script>\n<!-- \/ Yoast SEO plugin. -->","yoast_head_json":{"title":"Brand\u00e3o diz que abertura de vaga a Weverton Rocha fortalece alian\u00e7a PSDB\/PDT - Daniel Matos","robots":{"index":"index","follow":"follow","max-snippet":"max-snippet:-1","max-image-preview":"max-image-preview:large","max-video-preview":"max-video-preview:-1"},"canonical":"https:\/\/www.blogsoestado.com\/danielmatos\/brandao-diz-que-abertura-de-vaga-a-weverton-rocha-fortalece-alianca-psdbpdt\/","og_locale":"pt_BR","og_type":"article","og_title":"Brand\u00e3o diz que abertura de vaga a Weverton Rocha fortalece alian\u00e7a PSDB\/PDT - Daniel Matos","og_description":"O deputado federal Carlos Brand\u00e3o (PSDB-MA) estar\u00e1 licenciado das atividades parlamentares durante os pr\u00f3ximos 120 dias. A decis\u00e3o foi oficializada [&hellip;]","og_url":"https:\/\/www.blogsoestado.com\/danielmatos\/brandao-diz-que-abertura-de-vaga-a-weverton-rocha-fortalece-alianca-psdbpdt\/","og_site_name":"Daniel Matos","article_published_time":"2011-10-05T11:43:13+00:00","twitter_card":"summary_large_image","twitter_misc":{"Est. tempo de leitura":"2 minutos"},"schema":{"@context":"https:\/\/schema.org","@graph":[{"@type":"WebPage","@id":"https:\/\/www.blogsoestado.com\/danielmatos\/brandao-diz-que-abertura-de-vaga-a-weverton-rocha-fortalece-alianca-psdbpdt\/","url":"https:\/\/www.blogsoestado.com\/danielmatos\/brandao-diz-que-abertura-de-vaga-a-weverton-rocha-fortalece-alianca-psdbpdt\/","name":"Brand\u00e3o diz que abertura de vaga a Weverton Rocha fortalece alian\u00e7a PSDB\/PDT - Daniel Matos","isPartOf":{"@id":"https:\/\/www.blogsoestado.com\/danielmatos\/#website"},"datePublished":"2011-10-05T11:43:13+00:00","author":{"@id":""},"breadcrumb":{"@id":"https:\/\/www.blogsoestado.com\/danielmatos\/brandao-diz-que-abertura-de-vaga-a-weverton-rocha-fortalece-alianca-psdbpdt\/#breadcrumb"},"inLanguage":"pt-BR","potentialAction":[{"@type":"ReadAction","target":["https:\/\/www.blogsoestado.com\/danielmatos\/brandao-diz-que-abertura-de-vaga-a-weverton-rocha-fortalece-alianca-psdbpdt\/"]}]},{"@type":"BreadcrumbList","@id":"https:\/\/www.blogsoestado.com\/danielmatos\/brandao-diz-que-abertura-de-vaga-a-weverton-rocha-fortalece-alianca-psdbpdt\/#breadcrumb","itemListElement":[{"@type":"ListItem","position":1,"name":"In\u00edcio","item":"https:\/\/www.blogsoestado.com\/danielmatos\/"},{"@type":"ListItem","position":2,"name":"Brand\u00e3o diz que abertura de vaga a Weverton Rocha fortalece alian\u00e7a PSDB\/PDT"}]},{"@type":"WebSite","@id":"https:\/\/www.blogsoestado.com\/danielmatos\/#website","url":"https:\/\/www.blogsoestado.com\/danielmatos\/","name":"Daniel Matos","description":"","potentialAction":[{"@type":"SearchAction","target":{"@type":"EntryPoint","urlTemplate":"https:\/\/www.blogsoestado.com\/danielmatos\/?s={search_term_string}"},"query-input":{"@type":"PropertyValueSpecification","valueRequired":true,"valueName":"search_term_string"}}],"inLanguage":"pt-BR"}]}},"jetpack_featured_media_url":"","_links":{"self":[{"href":"https:\/\/www.blogsoestado.com\/danielmatos\/wp-json\/wp\/v2\/posts\/2711","targetHints":{"allow":["GET"]}}],"collection":[{"href":"https:\/\/www.blogsoestado.com\/danielmatos\/wp-json\/wp\/v2\/posts"}],"about":[{"href":"https:\/\/www.blogsoestado.com\/danielmatos\/wp-json\/wp\/v2\/types\/post"}],"replies":[{"embeddable":true,"href":"https:\/\/www.blogsoestado.com\/danielmatos\/wp-json\/wp\/v2\/comments?post=2711"}],"version-history":[{"count":0,"href":"https:\/\/www.blogsoestado.com\/danielmatos\/wp-json\/wp\/v2\/posts\/2711\/revisions"}],"wp:attachment":[{"href":"https:\/\/www.blogsoestado.com\/danielmatos\/wp-json\/wp\/v2\/media?parent=2711"}],"wp:term":[{"taxonomy":"category","embeddable":true,"href":"https:\/\/www.blogsoestado.com\/danielmatos\/wp-json\/wp\/v2\/categories?post=2711"},{"taxonomy":"post_tag","embeddable":true,"href":"https:\/\/www.blogsoestado.com\/danielmatos\/wp-json\/wp\/v2\/tags?post=2711"}],"curies":[{"name":"wp","href":"https:\/\/api.w.org\/{rel}","templated":true}]}}