{"id":2719,"date":"2011-10-05T16:30:09","date_gmt":"2011-10-05T19:30:09","guid":{"rendered":"https:\/\/www.blogsoestado.com\/danielmatos\/?p=2719"},"modified":"2011-10-05T16:30:09","modified_gmt":"2011-10-05T19:30:09","slug":"natalino-salgado-sera-empossado-dia-11-para-novo-mandato-de-reitor-da-ufma","status":"publish","type":"post","link":"https:\/\/www.blogsoestado.com\/danielmatos\/natalino-salgado-sera-empossado-dia-11-para-novo-mandato-de-reitor-da-ufma\/","title":{"rendered":"Natalino Salgado ser\u00e1 empossado dia 11, em Bras\u00edlia, para novo mandato de reitor da UFMA"},"content":{"rendered":"<figure id=\"attachment_2720\" aria-describedby=\"caption-attachment-2720\" style=\"width: 200px\" class=\"wp-caption alignleft\"><a rel=\"attachment wp-att-2720\" href=\"https:\/\/www.blogsoestado.com\/danielmatos\/2011\/10\/05\/natalino-salgado-sera-empossado-dia-11-para-novo-mandato-de-reitor-da-ufma\/natalino\/\"><img fetchpriority=\"high\" decoding=\"async\" class=\"size-medium wp-image-2720\" src=\"https:\/\/www.blogsoestado.com\/danielmatos\/files\/2011\/10\/natalino-200x300.jpg\" alt=\"\" width=\"200\" height=\"300\" \/><\/a><figcaption id=\"caption-attachment-2720\" class=\"wp-caption-text\">Natalino faz sinal positivo ao ter vit\u00f3ria confirmada<\/figcaption><\/figure>\n<p>Foi publicado hoje no Di\u00e1rio Oficial da Uni\u00e3o o ato de nomea\u00e7\u00e3o do professor-doutor Natalino Salgado Filho para exercer o segundo mandato de reitor da Universidade Federal do Maranh\u00e3o (UFMA). Salgado ser\u00e1 empossado no pr\u00f3ximo dia 11,\u00a0\u00e0s 14h30,\u00a0em Bras\u00edlia, pelo ministro da Educa\u00e7\u00e3o, Fernando Haddad. Dia 14, o reitor participa de nova solenidade de posse, dessa vez no audit\u00f3rio central da UFMA, no Campus do Bacanga.\u00a0<\/p>\n<p>Candidato\u00a0mais votado pela\u00a0comunidade acad\u00eamica na consulta pr\u00e9via realizada em 31 de\u00a0maio \u00faltimo, com 76,9%, Natalino obteve a maior diferen\u00e7a em vota\u00e7\u00f5es\u00a0para escolha de reitor\u00a0da hist\u00f3ria da UFMA.\u00a0<\/p>\n<p>Na\u00a0posse a ser realizada em S\u00e3o Lu\u00eds, o reitor far\u00e1 uma retrospectiva de sua primeira gest\u00e3o e anunciar\u00e1\u00a0a\u00e7\u00f5es que pretende colocar em pr\u00e1tica durante os quatro anos do novo mandato. Segundo apurou o blog,\u00a0Natalino promover\u00e1 mudan\u00e7as radicais, tanto na equipe quanto nas pr\u00e1ticas administrativas.\u00a0\u00a0<\/p>\n<p>Veja o ato de\u00a0nomea\u00e7\u00e3o de Natalino Salgado para novo mandato de reitor:<\/p>\n<p><a rel=\"attachment wp-att-2721\" href=\"https:\/\/www.blogsoestado.com\/danielmatos\/2011\/10\/05\/natalino-salgado-sera-empossado-dia-11-para-novo-mandato-de-reitor-da-ufma\/natalino-posse\/\"><img decoding=\"async\" class=\"aligncenter size-medium wp-image-2721\" src=\"https:\/\/www.blogsoestado.com\/danielmatos\/files\/2011\/10\/natalino-posse-300x257.jpg\" alt=\"\" width=\"300\" height=\"257\" \/><\/a><\/p>\n<p><strong>Foto:<\/strong> De Jesus\/<strong>O Estado do Maranh\u00e3o<\/strong><\/p>\n","protected":false},"excerpt":{"rendered":"<p>Foi publicado hoje no Di\u00e1rio Oficial da Uni\u00e3o o ato de nomea\u00e7\u00e3o do professor-doutor Natalino Salgado Filho para exercer o [&hellip;]<\/p>\n","protected":false},"author":0,"featured_media":0,"comment_status":"open","ping_status":"open","sticky":false,"template":"","format":"standard","meta":{"site-sidebar-layout":"default","site-content-layout":"","ast-site-content-layout":"default","site-content-style":"default","site-sidebar-style":"default","ast-global-header-display":"","ast-banner-title-visibility":"","ast-main-header-display":"","ast-hfb-above-header-display":"","ast-hfb-below-header-display":"","ast-hfb-mobile-header-display":"","site-post-title":"","ast-breadcrumbs-content":"","ast-featured-img":"","footer-sml-layout":"","ast-disable-related-posts":"","theme-transparent-header-meta":"","adv-header-id-meta":"","stick-header-meta":"","header-above-stick-meta":"","header-main-stick-meta":"","header-below-stick-meta":"","astra-migrate-meta-layouts":"default","ast-page-background-enabled":"default","ast-page-background-meta":{"desktop":{"background-color":"var(--ast-global-color-5)","background-image":"","background-repeat":"repeat","background-position":"center center","background-size":"auto","background-attachment":"scroll","background-type":"","background-media":"","overlay-type":"","overlay-color":"","overlay-opacity":"","overlay-gradient":""},"tablet":{"background-color":"","background-image":"","background-repeat":"repeat","background-position":"center center","background-size":"auto","background-attachment":"scroll","background-type":"","background-media":"","overlay-type":"","overlay-color":"","overlay-opacity":"","overlay-gradient":""},"mobile":{"background-color":"","background-image":"","background-repeat":"repeat","background-position":"center center","background-size":"auto","background-attachment":"scroll","background-type":"","background-media":"","overlay-type":"","overlay-color":"","overlay-opacity":"","overlay-gradient":""}},"ast-content-background-meta":{"desktop":{"background-color":"var(--ast-global-color-4)","background-image":"","background-repeat":"repeat","background-position":"center center","background-size":"auto","background-attachment":"scroll","background-type":"","background-media":"","overlay-type":"","overlay-color":"","overlay-opacity":"","overlay-gradient":""},"tablet":{"background-color":"var(--ast-global-color-4)","background-image":"","background-repeat":"repeat","background-position":"center center","background-size":"auto","background-attachment":"scroll","background-type":"","background-media":"","overlay-type":"","overlay-color":"","overlay-opacity":"","overlay-gradient":""},"mobile":{"background-color":"var(--ast-global-color-4)","background-image":"","background-repeat":"repeat","background-position":"center center","background-size":"auto","background-attachment":"scroll","background-type":"","background-media":"","overlay-type":"","overlay-color":"","overlay-opacity":"","overlay-gradient":""}},"footnotes":""},"categories":[1],"tags":[],"class_list":["post-2719","post","type-post","status-publish","format-standard","hentry","category-sem-categoria"],"yoast_head":"<!-- This site is optimized with the Yoast SEO plugin v26.6 - https:\/\/yoast.com\/wordpress\/plugins\/seo\/ -->\n<title>Natalino Salgado ser\u00e1 empossado dia 11, em Bras\u00edlia, para novo mandato de reitor da UFMA - Daniel Matos<\/title>\n<meta name=\"robots\" content=\"index, follow, max-snippet:-1, max-image-preview:large, max-video-preview:-1\" \/>\n<link rel=\"canonical\" href=\"https:\/\/www.blogsoestado.com\/danielmatos\/natalino-salgado-sera-empossado-dia-11-para-novo-mandato-de-reitor-da-ufma\/\" \/>\n<meta property=\"og:locale\" content=\"pt_BR\" \/>\n<meta property=\"og:type\" content=\"article\" \/>\n<meta property=\"og:title\" content=\"Natalino Salgado ser\u00e1 empossado dia 11, em Bras\u00edlia, para novo mandato de reitor da UFMA - Daniel Matos\" \/>\n<meta property=\"og:description\" content=\"Foi publicado hoje no Di\u00e1rio Oficial da Uni\u00e3o o ato de nomea\u00e7\u00e3o do professor-doutor Natalino Salgado Filho para exercer o [&hellip;]\" \/>\n<meta property=\"og:url\" content=\"https:\/\/www.blogsoestado.com\/danielmatos\/natalino-salgado-sera-empossado-dia-11-para-novo-mandato-de-reitor-da-ufma\/\" \/>\n<meta property=\"og:site_name\" content=\"Daniel Matos\" \/>\n<meta property=\"article:published_time\" content=\"2011-10-05T19:30:09+00:00\" \/>\n<meta property=\"og:image\" content=\"https:\/\/www.blogsoestado.com\/danielmatos\/files\/2011\/10\/natalino-200x300.jpg\" \/>\n<meta name=\"twitter:card\" content=\"summary_large_image\" \/>\n<meta name=\"twitter:label1\" content=\"Est. tempo de leitura\" \/>\n\t<meta name=\"twitter:data1\" content=\"1 minuto\" \/>\n<script type=\"application\/ld+json\" class=\"yoast-schema-graph\">{\"@context\":\"https:\/\/schema.org\",\"@graph\":[{\"@type\":\"WebPage\",\"@id\":\"https:\/\/www.blogsoestado.com\/danielmatos\/natalino-salgado-sera-empossado-dia-11-para-novo-mandato-de-reitor-da-ufma\/\",\"url\":\"https:\/\/www.blogsoestado.com\/danielmatos\/natalino-salgado-sera-empossado-dia-11-para-novo-mandato-de-reitor-da-ufma\/\",\"name\":\"Natalino Salgado ser\u00e1 empossado dia 11, em Bras\u00edlia, para novo mandato de reitor da UFMA - Daniel Matos\",\"isPartOf\":{\"@id\":\"https:\/\/www.blogsoestado.com\/danielmatos\/#website\"},\"primaryImageOfPage\":{\"@id\":\"https:\/\/www.blogsoestado.com\/danielmatos\/natalino-salgado-sera-empossado-dia-11-para-novo-mandato-de-reitor-da-ufma\/#primaryimage\"},\"image\":{\"@id\":\"https:\/\/www.blogsoestado.com\/danielmatos\/natalino-salgado-sera-empossado-dia-11-para-novo-mandato-de-reitor-da-ufma\/#primaryimage\"},\"thumbnailUrl\":\"https:\/\/www.blogsoestado.com\/danielmatos\/files\/2011\/10\/natalino-200x300.jpg\",\"datePublished\":\"2011-10-05T19:30:09+00:00\",\"author\":{\"@id\":\"\"},\"breadcrumb\":{\"@id\":\"https:\/\/www.blogsoestado.com\/danielmatos\/natalino-salgado-sera-empossado-dia-11-para-novo-mandato-de-reitor-da-ufma\/#breadcrumb\"},\"inLanguage\":\"pt-BR\",\"potentialAction\":[{\"@type\":\"ReadAction\",\"target\":[\"https:\/\/www.blogsoestado.com\/danielmatos\/natalino-salgado-sera-empossado-dia-11-para-novo-mandato-de-reitor-da-ufma\/\"]}]},{\"@type\":\"ImageObject\",\"inLanguage\":\"pt-BR\",\"@id\":\"https:\/\/www.blogsoestado.com\/danielmatos\/natalino-salgado-sera-empossado-dia-11-para-novo-mandato-de-reitor-da-ufma\/#primaryimage\",\"url\":\"https:\/\/www.blogsoestado.com\/danielmatos\/files\/2011\/10\/natalino-200x300.jpg\",\"contentUrl\":\"https:\/\/www.blogsoestado.com\/danielmatos\/files\/2011\/10\/natalino-200x300.jpg\"},{\"@type\":\"BreadcrumbList\",\"@id\":\"https:\/\/www.blogsoestado.com\/danielmatos\/natalino-salgado-sera-empossado-dia-11-para-novo-mandato-de-reitor-da-ufma\/#breadcrumb\",\"itemListElement\":[{\"@type\":\"ListItem\",\"position\":1,\"name\":\"In\u00edcio\",\"item\":\"https:\/\/www.blogsoestado.com\/danielmatos\/\"},{\"@type\":\"ListItem\",\"position\":2,\"name\":\"Natalino Salgado ser\u00e1 empossado dia 11, em Bras\u00edlia, para novo mandato de reitor da UFMA\"}]},{\"@type\":\"WebSite\",\"@id\":\"https:\/\/www.blogsoestado.com\/danielmatos\/#website\",\"url\":\"https:\/\/www.blogsoestado.com\/danielmatos\/\",\"name\":\"Daniel Matos\",\"description\":\"\",\"potentialAction\":[{\"@type\":\"SearchAction\",\"target\":{\"@type\":\"EntryPoint\",\"urlTemplate\":\"https:\/\/www.blogsoestado.com\/danielmatos\/?s={search_term_string}\"},\"query-input\":{\"@type\":\"PropertyValueSpecification\",\"valueRequired\":true,\"valueName\":\"search_term_string\"}}],\"inLanguage\":\"pt-BR\"}]}<\/script>\n<!-- \/ Yoast SEO plugin. -->","yoast_head_json":{"title":"Natalino Salgado ser\u00e1 empossado dia 11, em Bras\u00edlia, para novo mandato de reitor da UFMA - Daniel Matos","robots":{"index":"index","follow":"follow","max-snippet":"max-snippet:-1","max-image-preview":"max-image-preview:large","max-video-preview":"max-video-preview:-1"},"canonical":"https:\/\/www.blogsoestado.com\/danielmatos\/natalino-salgado-sera-empossado-dia-11-para-novo-mandato-de-reitor-da-ufma\/","og_locale":"pt_BR","og_type":"article","og_title":"Natalino Salgado ser\u00e1 empossado dia 11, em Bras\u00edlia, para novo mandato de reitor da UFMA - Daniel Matos","og_description":"Foi publicado hoje no Di\u00e1rio Oficial da Uni\u00e3o o ato de nomea\u00e7\u00e3o do professor-doutor Natalino Salgado Filho para exercer o [&hellip;]","og_url":"https:\/\/www.blogsoestado.com\/danielmatos\/natalino-salgado-sera-empossado-dia-11-para-novo-mandato-de-reitor-da-ufma\/","og_site_name":"Daniel Matos","article_published_time":"2011-10-05T19:30:09+00:00","og_image":[{"url":"https:\/\/www.blogsoestado.com\/danielmatos\/files\/2011\/10\/natalino-200x300.jpg","type":"","width":"","height":""}],"twitter_card":"summary_large_image","twitter_misc":{"Est. tempo de leitura":"1 minuto"},"schema":{"@context":"https:\/\/schema.org","@graph":[{"@type":"WebPage","@id":"https:\/\/www.blogsoestado.com\/danielmatos\/natalino-salgado-sera-empossado-dia-11-para-novo-mandato-de-reitor-da-ufma\/","url":"https:\/\/www.blogsoestado.com\/danielmatos\/natalino-salgado-sera-empossado-dia-11-para-novo-mandato-de-reitor-da-ufma\/","name":"Natalino Salgado ser\u00e1 empossado dia 11, em Bras\u00edlia, para novo mandato de reitor da UFMA - Daniel Matos","isPartOf":{"@id":"https:\/\/www.blogsoestado.com\/danielmatos\/#website"},"primaryImageOfPage":{"@id":"https:\/\/www.blogsoestado.com\/danielmatos\/natalino-salgado-sera-empossado-dia-11-para-novo-mandato-de-reitor-da-ufma\/#primaryimage"},"image":{"@id":"https:\/\/www.blogsoestado.com\/danielmatos\/natalino-salgado-sera-empossado-dia-11-para-novo-mandato-de-reitor-da-ufma\/#primaryimage"},"thumbnailUrl":"https:\/\/www.blogsoestado.com\/danielmatos\/files\/2011\/10\/natalino-200x300.jpg","datePublished":"2011-10-05T19:30:09+00:00","author":{"@id":""},"breadcrumb":{"@id":"https:\/\/www.blogsoestado.com\/danielmatos\/natalino-salgado-sera-empossado-dia-11-para-novo-mandato-de-reitor-da-ufma\/#breadcrumb"},"inLanguage":"pt-BR","potentialAction":[{"@type":"ReadAction","target":["https:\/\/www.blogsoestado.com\/danielmatos\/natalino-salgado-sera-empossado-dia-11-para-novo-mandato-de-reitor-da-ufma\/"]}]},{"@type":"ImageObject","inLanguage":"pt-BR","@id":"https:\/\/www.blogsoestado.com\/danielmatos\/natalino-salgado-sera-empossado-dia-11-para-novo-mandato-de-reitor-da-ufma\/#primaryimage","url":"https:\/\/www.blogsoestado.com\/danielmatos\/files\/2011\/10\/natalino-200x300.jpg","contentUrl":"https:\/\/www.blogsoestado.com\/danielmatos\/files\/2011\/10\/natalino-200x300.jpg"},{"@type":"BreadcrumbList","@id":"https:\/\/www.blogsoestado.com\/danielmatos\/natalino-salgado-sera-empossado-dia-11-para-novo-mandato-de-reitor-da-ufma\/#breadcrumb","itemListElement":[{"@type":"ListItem","position":1,"name":"In\u00edcio","item":"https:\/\/www.blogsoestado.com\/danielmatos\/"},{"@type":"ListItem","position":2,"name":"Natalino Salgado ser\u00e1 empossado dia 11, em Bras\u00edlia, para novo mandato de reitor da UFMA"}]},{"@type":"WebSite","@id":"https:\/\/www.blogsoestado.com\/danielmatos\/#website","url":"https:\/\/www.blogsoestado.com\/danielmatos\/","name":"Daniel Matos","description":"","potentialAction":[{"@type":"SearchAction","target":{"@type":"EntryPoint","urlTemplate":"https:\/\/www.blogsoestado.com\/danielmatos\/?s={search_term_string}"},"query-input":{"@type":"PropertyValueSpecification","valueRequired":true,"valueName":"search_term_string"}}],"inLanguage":"pt-BR"}]}},"jetpack_featured_media_url":"","_links":{"self":[{"href":"https:\/\/www.blogsoestado.com\/danielmatos\/wp-json\/wp\/v2\/posts\/2719","targetHints":{"allow":["GET"]}}],"collection":[{"href":"https:\/\/www.blogsoestado.com\/danielmatos\/wp-json\/wp\/v2\/posts"}],"about":[{"href":"https:\/\/www.blogsoestado.com\/danielmatos\/wp-json\/wp\/v2\/types\/post"}],"replies":[{"embeddable":true,"href":"https:\/\/www.blogsoestado.com\/danielmatos\/wp-json\/wp\/v2\/comments?post=2719"}],"version-history":[{"count":0,"href":"https:\/\/www.blogsoestado.com\/danielmatos\/wp-json\/wp\/v2\/posts\/2719\/revisions"}],"wp:attachment":[{"href":"https:\/\/www.blogsoestado.com\/danielmatos\/wp-json\/wp\/v2\/media?parent=2719"}],"wp:term":[{"taxonomy":"category","embeddable":true,"href":"https:\/\/www.blogsoestado.com\/danielmatos\/wp-json\/wp\/v2\/categories?post=2719"},{"taxonomy":"post_tag","embeddable":true,"href":"https:\/\/www.blogsoestado.com\/danielmatos\/wp-json\/wp\/v2\/tags?post=2719"}],"curies":[{"name":"wp","href":"https:\/\/api.w.org\/{rel}","templated":true}]}}