{"id":335,"date":"2008-06-13T09:58:53","date_gmt":"2008-06-13T12:58:53","guid":{"rendered":"https:\/\/www.blogsoestado.com\/danielmatos\/2008\/06\/13\/procuradoria-eleitoral-quer-que-pf-apure-denuncia-de-crime-eleitoral-cometido-por-prefeito-de-turiacu\/"},"modified":"2008-06-13T09:58:53","modified_gmt":"2008-06-13T12:58:53","slug":"procuradoria-eleitoral-quer-que-pf-apure-denuncia-de-crime-eleitoral-cometido-por-prefeito-de-turiacu","status":"publish","type":"post","link":"https:\/\/www.blogsoestado.com\/danielmatos\/procuradoria-eleitoral-quer-que-pf-apure-denuncia-de-crime-eleitoral-cometido-por-prefeito-de-turiacu\/","title":{"rendered":"MP quer que PF apure den\u00fancia de crime eleitoral cometido por prefeito de Turia\u00e7u"},"content":{"rendered":"<p><a href=\"https:\/\/www.blogsoestado.com\/danielmatos\/files\/2008\/06\/umbelino.jpg\" title=\"umbelino.jpg\"><\/a><a href=\"https:\/\/www.blogsoestado.com\/danielmatos\/files\/2008\/06\/umbelino1.jpg\" title=\"umbelino1.jpg\"><\/a><\/p>\n<p align=\"left\"><img decoding=\"async\" align=\"left\" src=\"https:\/\/www.blogsoestado.com\/danielmatos\/files\/2008\/06\/umbelino-1.thumbnail.jpg\" alt=\"umbelino-1.jpg\" \/>O Minist\u00e9rio P\u00fablico Eleitoral no Maranh\u00e3o (MPE\/MA), por meio da Procuradoria Regional Eleitoral, pediu a Pol\u00edcia Federal que instaure inqu\u00e9rito policial para apurar poss\u00edveis crimes eleitorais que teriam sido cometidos pelo prefeito de Turia\u00e7\u00fa (MA), Joaquim Umbelino Ribeiro (foto).<\/p>\n<p>No dia 4 de junho de 2008, o prefeito foi flagrado distribuindo combust\u00edvel na cidade. O fato foi motivo de representa\u00e7\u00e3o promovida pelo promotor eleitoral da 39\u00aa Zona (Turia\u00e7u) Emmanuel Jos\u00e9 Peres Netto Guterres Soares.<\/p>\n<p>Com o objetivo de impedir a distribui\u00e7\u00e3o de combust\u00edveis pelo prefeito e comprovar os fatos, al\u00e9m de apreender as notas de abastecimento, o juiz eleitoral Luiz Carlos Licar Pereira tomou medidas de pol\u00edcia administrativa.<\/p>\n<p>Segundo o promotor, em repres\u00e1lia \u00e0s medidas adotadas, Joaquim Umbelino Ribeiro promoveu \u201cbaderna\u201d e incitou populares a invadir o F\u00f3rum, e, ainda, liderou tentativa de linchamento de servidores do Minist\u00e9rio P\u00fablico, situa\u00e7\u00e3o que somente se acalmou ap\u00f3s refor\u00e7o policial da Pol\u00edcia Militar.<\/p>\n<p>Para o procurador Regional Eleitoral Jos\u00e9 Leite Filho, os fatos s\u00e3o extremamente graves e indicam, preliminarmente, a ocorr\u00eancia dos crimes eleitorais previstos nos arts. 296, 299 e 347 do C\u00f3digo Eleitoral.<\/p>\n<p>Fonte: Assessoria de Comunica\u00e7\u00e3o do Minist\u00e9rio P\u00fablico Federal.<\/p>\n","protected":false},"excerpt":{"rendered":"<p>O Minist\u00e9rio P\u00fablico Eleitoral no Maranh\u00e3o (MPE\/MA), por meio da Procuradoria Regional Eleitoral, pediu a Pol\u00edcia Federal que instaure inqu\u00e9rito [&hellip;]<\/p>\n","protected":false},"author":0,"featured_media":0,"comment_status":"open","ping_status":"open","sticky":false,"template":"","format":"standard","meta":{"site-sidebar-layout":"default","site-content-layout":"","ast-site-content-layout":"default","site-content-style":"default","site-sidebar-style":"default","ast-global-header-display":"","ast-banner-title-visibility":"","ast-main-header-display":"","ast-hfb-above-header-display":"","ast-hfb-below-header-display":"","ast-hfb-mobile-header-display":"","site-post-title":"","ast-breadcrumbs-content":"","ast-featured-img":"","footer-sml-layout":"","ast-disable-related-posts":"","theme-transparent-header-meta":"","adv-header-id-meta":"","stick-header-meta":"","header-above-stick-meta":"","header-main-stick-meta":"","header-below-stick-meta":"","astra-migrate-meta-layouts":"default","ast-page-background-enabled":"default","ast-page-background-meta":{"desktop":{"background-color":"var(--ast-global-color-5)","background-image":"","background-repeat":"repeat","background-position":"center center","background-size":"auto","background-attachment":"scroll","background-type":"","background-media":"","overlay-type":"","overlay-color":"","overlay-opacity":"","overlay-gradient":""},"tablet":{"background-color":"","background-image":"","background-repeat":"repeat","background-position":"center center","background-size":"auto","background-attachment":"scroll","background-type":"","background-media":"","overlay-type":"","overlay-color":"","overlay-opacity":"","overlay-gradient":""},"mobile":{"background-color":"","background-image":"","background-repeat":"repeat","background-position":"center center","background-size":"auto","background-attachment":"scroll","background-type":"","background-media":"","overlay-type":"","overlay-color":"","overlay-opacity":"","overlay-gradient":""}},"ast-content-background-meta":{"desktop":{"background-color":"var(--ast-global-color-4)","background-image":"","background-repeat":"repeat","background-position":"center center","background-size":"auto","background-attachment":"scroll","background-type":"","background-media":"","overlay-type":"","overlay-color":"","overlay-opacity":"","overlay-gradient":""},"tablet":{"background-color":"var(--ast-global-color-4)","background-image":"","background-repeat":"repeat","background-position":"center center","background-size":"auto","background-attachment":"scroll","background-type":"","background-media":"","overlay-type":"","overlay-color":"","overlay-opacity":"","overlay-gradient":""},"mobile":{"background-color":"var(--ast-global-color-4)","background-image":"","background-repeat":"repeat","background-position":"center center","background-size":"auto","background-attachment":"scroll","background-type":"","background-media":"","overlay-type":"","overlay-color":"","overlay-opacity":"","overlay-gradient":""}},"footnotes":""},"categories":[1],"tags":[],"class_list":["post-335","post","type-post","status-publish","format-standard","hentry","category-sem-categoria"],"yoast_head":"<!-- This site is optimized with the Yoast SEO plugin v26.6 - https:\/\/yoast.com\/wordpress\/plugins\/seo\/ -->\n<title>MP quer que PF apure den\u00fancia de crime eleitoral cometido por prefeito de Turia\u00e7u - Daniel Matos<\/title>\n<meta name=\"robots\" content=\"index, follow, max-snippet:-1, max-image-preview:large, max-video-preview:-1\" \/>\n<link rel=\"canonical\" href=\"https:\/\/www.blogsoestado.com\/danielmatos\/procuradoria-eleitoral-quer-que-pf-apure-denuncia-de-crime-eleitoral-cometido-por-prefeito-de-turiacu\/\" \/>\n<meta property=\"og:locale\" content=\"pt_BR\" \/>\n<meta property=\"og:type\" content=\"article\" \/>\n<meta property=\"og:title\" content=\"MP quer que PF apure den\u00fancia de crime eleitoral cometido por prefeito de Turia\u00e7u - Daniel Matos\" \/>\n<meta property=\"og:description\" content=\"O Minist\u00e9rio P\u00fablico Eleitoral no Maranh\u00e3o (MPE\/MA), por meio da Procuradoria Regional Eleitoral, pediu a Pol\u00edcia Federal que instaure inqu\u00e9rito [&hellip;]\" \/>\n<meta property=\"og:url\" content=\"https:\/\/www.blogsoestado.com\/danielmatos\/procuradoria-eleitoral-quer-que-pf-apure-denuncia-de-crime-eleitoral-cometido-por-prefeito-de-turiacu\/\" \/>\n<meta property=\"og:site_name\" content=\"Daniel Matos\" \/>\n<meta property=\"article:published_time\" content=\"2008-06-13T12:58:53+00:00\" \/>\n<meta property=\"og:image\" content=\"https:\/\/www.blogsoestado.com\/danielmatos\/files\/2008\/06\/umbelino-1.thumbnail.jpg\" \/>\n<meta name=\"twitter:card\" content=\"summary_large_image\" \/>\n<meta name=\"twitter:label1\" content=\"Est. tempo de leitura\" \/>\n\t<meta name=\"twitter:data1\" content=\"1 minuto\" \/>\n<script type=\"application\/ld+json\" class=\"yoast-schema-graph\">{\"@context\":\"https:\/\/schema.org\",\"@graph\":[{\"@type\":\"WebPage\",\"@id\":\"https:\/\/www.blogsoestado.com\/danielmatos\/procuradoria-eleitoral-quer-que-pf-apure-denuncia-de-crime-eleitoral-cometido-por-prefeito-de-turiacu\/\",\"url\":\"https:\/\/www.blogsoestado.com\/danielmatos\/procuradoria-eleitoral-quer-que-pf-apure-denuncia-de-crime-eleitoral-cometido-por-prefeito-de-turiacu\/\",\"name\":\"MP quer que PF apure den\u00fancia de crime eleitoral cometido por prefeito de Turia\u00e7u - Daniel Matos\",\"isPartOf\":{\"@id\":\"https:\/\/www.blogsoestado.com\/danielmatos\/#website\"},\"primaryImageOfPage\":{\"@id\":\"https:\/\/www.blogsoestado.com\/danielmatos\/procuradoria-eleitoral-quer-que-pf-apure-denuncia-de-crime-eleitoral-cometido-por-prefeito-de-turiacu\/#primaryimage\"},\"image\":{\"@id\":\"https:\/\/www.blogsoestado.com\/danielmatos\/procuradoria-eleitoral-quer-que-pf-apure-denuncia-de-crime-eleitoral-cometido-por-prefeito-de-turiacu\/#primaryimage\"},\"thumbnailUrl\":\"https:\/\/www.blogsoestado.com\/danielmatos\/files\/2008\/06\/umbelino-1.thumbnail.jpg\",\"datePublished\":\"2008-06-13T12:58:53+00:00\",\"author\":{\"@id\":\"\"},\"breadcrumb\":{\"@id\":\"https:\/\/www.blogsoestado.com\/danielmatos\/procuradoria-eleitoral-quer-que-pf-apure-denuncia-de-crime-eleitoral-cometido-por-prefeito-de-turiacu\/#breadcrumb\"},\"inLanguage\":\"pt-BR\",\"potentialAction\":[{\"@type\":\"ReadAction\",\"target\":[\"https:\/\/www.blogsoestado.com\/danielmatos\/procuradoria-eleitoral-quer-que-pf-apure-denuncia-de-crime-eleitoral-cometido-por-prefeito-de-turiacu\/\"]}]},{\"@type\":\"ImageObject\",\"inLanguage\":\"pt-BR\",\"@id\":\"https:\/\/www.blogsoestado.com\/danielmatos\/procuradoria-eleitoral-quer-que-pf-apure-denuncia-de-crime-eleitoral-cometido-por-prefeito-de-turiacu\/#primaryimage\",\"url\":\"https:\/\/www.blogsoestado.com\/danielmatos\/files\/2008\/06\/umbelino-1.thumbnail.jpg\",\"contentUrl\":\"https:\/\/www.blogsoestado.com\/danielmatos\/files\/2008\/06\/umbelino-1.thumbnail.jpg\"},{\"@type\":\"BreadcrumbList\",\"@id\":\"https:\/\/www.blogsoestado.com\/danielmatos\/procuradoria-eleitoral-quer-que-pf-apure-denuncia-de-crime-eleitoral-cometido-por-prefeito-de-turiacu\/#breadcrumb\",\"itemListElement\":[{\"@type\":\"ListItem\",\"position\":1,\"name\":\"In\u00edcio\",\"item\":\"https:\/\/www.blogsoestado.com\/danielmatos\/\"},{\"@type\":\"ListItem\",\"position\":2,\"name\":\"MP quer que PF apure den\u00fancia de crime eleitoral cometido por prefeito de Turia\u00e7u\"}]},{\"@type\":\"WebSite\",\"@id\":\"https:\/\/www.blogsoestado.com\/danielmatos\/#website\",\"url\":\"https:\/\/www.blogsoestado.com\/danielmatos\/\",\"name\":\"Daniel Matos\",\"description\":\"\",\"potentialAction\":[{\"@type\":\"SearchAction\",\"target\":{\"@type\":\"EntryPoint\",\"urlTemplate\":\"https:\/\/www.blogsoestado.com\/danielmatos\/?s={search_term_string}\"},\"query-input\":{\"@type\":\"PropertyValueSpecification\",\"valueRequired\":true,\"valueName\":\"search_term_string\"}}],\"inLanguage\":\"pt-BR\"}]}<\/script>\n<!-- \/ Yoast SEO plugin. -->","yoast_head_json":{"title":"MP quer que PF apure den\u00fancia de crime eleitoral cometido por prefeito de Turia\u00e7u - Daniel Matos","robots":{"index":"index","follow":"follow","max-snippet":"max-snippet:-1","max-image-preview":"max-image-preview:large","max-video-preview":"max-video-preview:-1"},"canonical":"https:\/\/www.blogsoestado.com\/danielmatos\/procuradoria-eleitoral-quer-que-pf-apure-denuncia-de-crime-eleitoral-cometido-por-prefeito-de-turiacu\/","og_locale":"pt_BR","og_type":"article","og_title":"MP quer que PF apure den\u00fancia de crime eleitoral cometido por prefeito de Turia\u00e7u - Daniel Matos","og_description":"O Minist\u00e9rio P\u00fablico Eleitoral no Maranh\u00e3o (MPE\/MA), por meio da Procuradoria Regional Eleitoral, pediu a Pol\u00edcia Federal que instaure inqu\u00e9rito [&hellip;]","og_url":"https:\/\/www.blogsoestado.com\/danielmatos\/procuradoria-eleitoral-quer-que-pf-apure-denuncia-de-crime-eleitoral-cometido-por-prefeito-de-turiacu\/","og_site_name":"Daniel Matos","article_published_time":"2008-06-13T12:58:53+00:00","og_image":[{"url":"https:\/\/www.blogsoestado.com\/danielmatos\/files\/2008\/06\/umbelino-1.thumbnail.jpg","type":"","width":"","height":""}],"twitter_card":"summary_large_image","twitter_misc":{"Est. tempo de leitura":"1 minuto"},"schema":{"@context":"https:\/\/schema.org","@graph":[{"@type":"WebPage","@id":"https:\/\/www.blogsoestado.com\/danielmatos\/procuradoria-eleitoral-quer-que-pf-apure-denuncia-de-crime-eleitoral-cometido-por-prefeito-de-turiacu\/","url":"https:\/\/www.blogsoestado.com\/danielmatos\/procuradoria-eleitoral-quer-que-pf-apure-denuncia-de-crime-eleitoral-cometido-por-prefeito-de-turiacu\/","name":"MP quer que PF apure den\u00fancia de crime eleitoral cometido por prefeito de Turia\u00e7u - Daniel Matos","isPartOf":{"@id":"https:\/\/www.blogsoestado.com\/danielmatos\/#website"},"primaryImageOfPage":{"@id":"https:\/\/www.blogsoestado.com\/danielmatos\/procuradoria-eleitoral-quer-que-pf-apure-denuncia-de-crime-eleitoral-cometido-por-prefeito-de-turiacu\/#primaryimage"},"image":{"@id":"https:\/\/www.blogsoestado.com\/danielmatos\/procuradoria-eleitoral-quer-que-pf-apure-denuncia-de-crime-eleitoral-cometido-por-prefeito-de-turiacu\/#primaryimage"},"thumbnailUrl":"https:\/\/www.blogsoestado.com\/danielmatos\/files\/2008\/06\/umbelino-1.thumbnail.jpg","datePublished":"2008-06-13T12:58:53+00:00","author":{"@id":""},"breadcrumb":{"@id":"https:\/\/www.blogsoestado.com\/danielmatos\/procuradoria-eleitoral-quer-que-pf-apure-denuncia-de-crime-eleitoral-cometido-por-prefeito-de-turiacu\/#breadcrumb"},"inLanguage":"pt-BR","potentialAction":[{"@type":"ReadAction","target":["https:\/\/www.blogsoestado.com\/danielmatos\/procuradoria-eleitoral-quer-que-pf-apure-denuncia-de-crime-eleitoral-cometido-por-prefeito-de-turiacu\/"]}]},{"@type":"ImageObject","inLanguage":"pt-BR","@id":"https:\/\/www.blogsoestado.com\/danielmatos\/procuradoria-eleitoral-quer-que-pf-apure-denuncia-de-crime-eleitoral-cometido-por-prefeito-de-turiacu\/#primaryimage","url":"https:\/\/www.blogsoestado.com\/danielmatos\/files\/2008\/06\/umbelino-1.thumbnail.jpg","contentUrl":"https:\/\/www.blogsoestado.com\/danielmatos\/files\/2008\/06\/umbelino-1.thumbnail.jpg"},{"@type":"BreadcrumbList","@id":"https:\/\/www.blogsoestado.com\/danielmatos\/procuradoria-eleitoral-quer-que-pf-apure-denuncia-de-crime-eleitoral-cometido-por-prefeito-de-turiacu\/#breadcrumb","itemListElement":[{"@type":"ListItem","position":1,"name":"In\u00edcio","item":"https:\/\/www.blogsoestado.com\/danielmatos\/"},{"@type":"ListItem","position":2,"name":"MP quer que PF apure den\u00fancia de crime eleitoral cometido por prefeito de Turia\u00e7u"}]},{"@type":"WebSite","@id":"https:\/\/www.blogsoestado.com\/danielmatos\/#website","url":"https:\/\/www.blogsoestado.com\/danielmatos\/","name":"Daniel Matos","description":"","potentialAction":[{"@type":"SearchAction","target":{"@type":"EntryPoint","urlTemplate":"https:\/\/www.blogsoestado.com\/danielmatos\/?s={search_term_string}"},"query-input":{"@type":"PropertyValueSpecification","valueRequired":true,"valueName":"search_term_string"}}],"inLanguage":"pt-BR"}]}},"jetpack_featured_media_url":"","_links":{"self":[{"href":"https:\/\/www.blogsoestado.com\/danielmatos\/wp-json\/wp\/v2\/posts\/335","targetHints":{"allow":["GET"]}}],"collection":[{"href":"https:\/\/www.blogsoestado.com\/danielmatos\/wp-json\/wp\/v2\/posts"}],"about":[{"href":"https:\/\/www.blogsoestado.com\/danielmatos\/wp-json\/wp\/v2\/types\/post"}],"replies":[{"embeddable":true,"href":"https:\/\/www.blogsoestado.com\/danielmatos\/wp-json\/wp\/v2\/comments?post=335"}],"version-history":[{"count":0,"href":"https:\/\/www.blogsoestado.com\/danielmatos\/wp-json\/wp\/v2\/posts\/335\/revisions"}],"wp:attachment":[{"href":"https:\/\/www.blogsoestado.com\/danielmatos\/wp-json\/wp\/v2\/media?parent=335"}],"wp:term":[{"taxonomy":"category","embeddable":true,"href":"https:\/\/www.blogsoestado.com\/danielmatos\/wp-json\/wp\/v2\/categories?post=335"},{"taxonomy":"post_tag","embeddable":true,"href":"https:\/\/www.blogsoestado.com\/danielmatos\/wp-json\/wp\/v2\/tags?post=335"}],"curies":[{"name":"wp","href":"https:\/\/api.w.org\/{rel}","templated":true}]}}