{"id":3423,"date":"2012-01-05T18:15:34","date_gmt":"2012-01-05T20:15:34","guid":{"rendered":"https:\/\/www.blogsoestado.com\/danielmatos\/?p=3423"},"modified":"2012-01-05T18:15:34","modified_gmt":"2012-01-05T20:15:34","slug":"pp-lancara-pre-candidatura-de-tadeu-palacio-a-prefeito-de-sao-luis-dia-12","status":"publish","type":"post","link":"https:\/\/www.blogsoestado.com\/danielmatos\/pp-lancara-pre-candidatura-de-tadeu-palacio-a-prefeito-de-sao-luis-dia-12\/","title":{"rendered":"PP lan\u00e7ar\u00e1 pr\u00e9-candidatura de Tadeu Pal\u00e1cio a prefeito de S\u00e3o Lu\u00eds dia 12"},"content":{"rendered":"<figure id=\"attachment_3424\" aria-describedby=\"caption-attachment-3424\" style=\"width: 300px\" class=\"wp-caption alignright\"><a rel=\"attachment wp-att-3424\" href=\"https:\/\/www.blogsoestado.com\/danielmatos\/2012\/01\/05\/pp-lancara-pre-candidatura-de-tadeu-palacio-a-prefeito-de-sao-luis-dia-12\/tadeu-waldir\/\"><img fetchpriority=\"high\" decoding=\"async\" class=\"size-medium wp-image-3424\" src=\"https:\/\/www.blogsoestado.com\/danielmatos\/files\/2012\/01\/tadeu-waldir-300x200.jpg\" alt=\"\" width=\"300\" height=\"200\" \/><\/a><figcaption id=\"caption-attachment-3424\" class=\"wp-caption-text\">Waldir Maranh\u00e3o e Tadeu Pal\u00e1cio lan\u00e7ar\u00e3o candidatura \u00e0 sucess\u00e3o do prefeito Jo\u00e3o Castelo<\/figcaption><\/figure>\n<p>Lideran\u00e7as progressistas nacionais, estaduais, municipais e comunit\u00e1rias promovem na pr\u00f3xima quinta-feira, 12, \u00e0s 9h, o lan\u00e7amento da pr\u00e9-candidatura do presidente do Diret\u00f3rio Municipal do Partido Progressista, Tadeu Pal\u00e1cio (PP), \u00e0 Prefeitura de S\u00e3o Lu\u00eds. A entrevista coletiva ser\u00e1\u00a0concedida na sede do Diret\u00f3rio Estadual do partido, na Lagoa da Jansen (ao lado da Churrascaria Passo Fundo).<\/p>\n<p>O endere\u00e7o \u00e9 a rua dos Ma\u00e7aricos, 218, Conjunto S\u00e3o Marcos\/Ponta do Farol.\u00a0 Durante o ato de lan\u00e7amento, haver\u00e1 o pronunciamento do Presidente do Diret\u00f3rio Estadual, deputado federal Waldir Maranh\u00e3o (PP), lideran\u00e7as pol\u00edticas progressistas e convidadas e dirigentes partid\u00e1rios.<\/p>\n<p>A coletiva de imprensa \u00e9 aberta a todos os profissionais e ve\u00edculos de comunica\u00e7\u00e3o, convidados para o caf\u00e9 da manh\u00e3 regional.<\/p>\n","protected":false},"excerpt":{"rendered":"<p>Lideran\u00e7as progressistas nacionais, estaduais, municipais e comunit\u00e1rias promovem na pr\u00f3xima quinta-feira, 12, \u00e0s 9h, o lan\u00e7amento da pr\u00e9-candidatura do presidente [&hellip;]<\/p>\n","protected":false},"author":0,"featured_media":0,"comment_status":"open","ping_status":"open","sticky":false,"template":"","format":"standard","meta":{"site-sidebar-layout":"default","site-content-layout":"","ast-site-content-layout":"default","site-content-style":"default","site-sidebar-style":"default","ast-global-header-display":"","ast-banner-title-visibility":"","ast-main-header-display":"","ast-hfb-above-header-display":"","ast-hfb-below-header-display":"","ast-hfb-mobile-header-display":"","site-post-title":"","ast-breadcrumbs-content":"","ast-featured-img":"","footer-sml-layout":"","ast-disable-related-posts":"","theme-transparent-header-meta":"","adv-header-id-meta":"","stick-header-meta":"","header-above-stick-meta":"","header-main-stick-meta":"","header-below-stick-meta":"","astra-migrate-meta-layouts":"default","ast-page-background-enabled":"default","ast-page-background-meta":{"desktop":{"background-color":"var(--ast-global-color-5)","background-image":"","background-repeat":"repeat","background-position":"center center","background-size":"auto","background-attachment":"scroll","background-type":"","background-media":"","overlay-type":"","overlay-color":"","overlay-opacity":"","overlay-gradient":""},"tablet":{"background-color":"","background-image":"","background-repeat":"repeat","background-position":"center center","background-size":"auto","background-attachment":"scroll","background-type":"","background-media":"","overlay-type":"","overlay-color":"","overlay-opacity":"","overlay-gradient":""},"mobile":{"background-color":"","background-image":"","background-repeat":"repeat","background-position":"center center","background-size":"auto","background-attachment":"scroll","background-type":"","background-media":"","overlay-type":"","overlay-color":"","overlay-opacity":"","overlay-gradient":""}},"ast-content-background-meta":{"desktop":{"background-color":"var(--ast-global-color-4)","background-image":"","background-repeat":"repeat","background-position":"center center","background-size":"auto","background-attachment":"scroll","background-type":"","background-media":"","overlay-type":"","overlay-color":"","overlay-opacity":"","overlay-gradient":""},"tablet":{"background-color":"var(--ast-global-color-4)","background-image":"","background-repeat":"repeat","background-position":"center center","background-size":"auto","background-attachment":"scroll","background-type":"","background-media":"","overlay-type":"","overlay-color":"","overlay-opacity":"","overlay-gradient":""},"mobile":{"background-color":"var(--ast-global-color-4)","background-image":"","background-repeat":"repeat","background-position":"center center","background-size":"auto","background-attachment":"scroll","background-type":"","background-media":"","overlay-type":"","overlay-color":"","overlay-opacity":"","overlay-gradient":""}},"footnotes":""},"categories":[1],"tags":[],"class_list":["post-3423","post","type-post","status-publish","format-standard","hentry","category-sem-categoria"],"yoast_head":"<!-- This site is optimized with the Yoast SEO plugin v26.6 - https:\/\/yoast.com\/wordpress\/plugins\/seo\/ -->\n<title>PP lan\u00e7ar\u00e1 pr\u00e9-candidatura de Tadeu Pal\u00e1cio a prefeito de S\u00e3o Lu\u00eds dia 12 - Daniel Matos<\/title>\n<meta name=\"robots\" content=\"index, follow, max-snippet:-1, max-image-preview:large, max-video-preview:-1\" \/>\n<link rel=\"canonical\" href=\"https:\/\/www.blogsoestado.com\/danielmatos\/pp-lancara-pre-candidatura-de-tadeu-palacio-a-prefeito-de-sao-luis-dia-12\/\" \/>\n<meta property=\"og:locale\" content=\"pt_BR\" \/>\n<meta property=\"og:type\" content=\"article\" \/>\n<meta property=\"og:title\" content=\"PP lan\u00e7ar\u00e1 pr\u00e9-candidatura de Tadeu Pal\u00e1cio a prefeito de S\u00e3o Lu\u00eds dia 12 - Daniel Matos\" \/>\n<meta property=\"og:description\" content=\"Lideran\u00e7as progressistas nacionais, estaduais, municipais e comunit\u00e1rias promovem na pr\u00f3xima quinta-feira, 12, \u00e0s 9h, o lan\u00e7amento da pr\u00e9-candidatura do presidente [&hellip;]\" \/>\n<meta property=\"og:url\" content=\"https:\/\/www.blogsoestado.com\/danielmatos\/pp-lancara-pre-candidatura-de-tadeu-palacio-a-prefeito-de-sao-luis-dia-12\/\" \/>\n<meta property=\"og:site_name\" content=\"Daniel Matos\" \/>\n<meta property=\"article:published_time\" content=\"2012-01-05T20:15:34+00:00\" \/>\n<meta property=\"og:image\" content=\"https:\/\/www.blogsoestado.com\/danielmatos\/files\/2012\/01\/tadeu-waldir-300x200.jpg\" \/>\n<meta name=\"twitter:card\" content=\"summary_large_image\" \/>\n<meta name=\"twitter:label1\" content=\"Est. tempo de leitura\" \/>\n\t<meta name=\"twitter:data1\" content=\"1 minuto\" \/>\n<script type=\"application\/ld+json\" class=\"yoast-schema-graph\">{\"@context\":\"https:\/\/schema.org\",\"@graph\":[{\"@type\":\"WebPage\",\"@id\":\"https:\/\/www.blogsoestado.com\/danielmatos\/pp-lancara-pre-candidatura-de-tadeu-palacio-a-prefeito-de-sao-luis-dia-12\/\",\"url\":\"https:\/\/www.blogsoestado.com\/danielmatos\/pp-lancara-pre-candidatura-de-tadeu-palacio-a-prefeito-de-sao-luis-dia-12\/\",\"name\":\"PP lan\u00e7ar\u00e1 pr\u00e9-candidatura de Tadeu Pal\u00e1cio a prefeito de S\u00e3o Lu\u00eds dia 12 - Daniel Matos\",\"isPartOf\":{\"@id\":\"https:\/\/www.blogsoestado.com\/danielmatos\/#website\"},\"primaryImageOfPage\":{\"@id\":\"https:\/\/www.blogsoestado.com\/danielmatos\/pp-lancara-pre-candidatura-de-tadeu-palacio-a-prefeito-de-sao-luis-dia-12\/#primaryimage\"},\"image\":{\"@id\":\"https:\/\/www.blogsoestado.com\/danielmatos\/pp-lancara-pre-candidatura-de-tadeu-palacio-a-prefeito-de-sao-luis-dia-12\/#primaryimage\"},\"thumbnailUrl\":\"https:\/\/www.blogsoestado.com\/danielmatos\/files\/2012\/01\/tadeu-waldir-300x200.jpg\",\"datePublished\":\"2012-01-05T20:15:34+00:00\",\"author\":{\"@id\":\"\"},\"breadcrumb\":{\"@id\":\"https:\/\/www.blogsoestado.com\/danielmatos\/pp-lancara-pre-candidatura-de-tadeu-palacio-a-prefeito-de-sao-luis-dia-12\/#breadcrumb\"},\"inLanguage\":\"pt-BR\",\"potentialAction\":[{\"@type\":\"ReadAction\",\"target\":[\"https:\/\/www.blogsoestado.com\/danielmatos\/pp-lancara-pre-candidatura-de-tadeu-palacio-a-prefeito-de-sao-luis-dia-12\/\"]}]},{\"@type\":\"ImageObject\",\"inLanguage\":\"pt-BR\",\"@id\":\"https:\/\/www.blogsoestado.com\/danielmatos\/pp-lancara-pre-candidatura-de-tadeu-palacio-a-prefeito-de-sao-luis-dia-12\/#primaryimage\",\"url\":\"https:\/\/www.blogsoestado.com\/danielmatos\/files\/2012\/01\/tadeu-waldir-300x200.jpg\",\"contentUrl\":\"https:\/\/www.blogsoestado.com\/danielmatos\/files\/2012\/01\/tadeu-waldir-300x200.jpg\"},{\"@type\":\"BreadcrumbList\",\"@id\":\"https:\/\/www.blogsoestado.com\/danielmatos\/pp-lancara-pre-candidatura-de-tadeu-palacio-a-prefeito-de-sao-luis-dia-12\/#breadcrumb\",\"itemListElement\":[{\"@type\":\"ListItem\",\"position\":1,\"name\":\"In\u00edcio\",\"item\":\"https:\/\/www.blogsoestado.com\/danielmatos\/\"},{\"@type\":\"ListItem\",\"position\":2,\"name\":\"PP lan\u00e7ar\u00e1 pr\u00e9-candidatura de Tadeu Pal\u00e1cio a prefeito de S\u00e3o Lu\u00eds dia 12\"}]},{\"@type\":\"WebSite\",\"@id\":\"https:\/\/www.blogsoestado.com\/danielmatos\/#website\",\"url\":\"https:\/\/www.blogsoestado.com\/danielmatos\/\",\"name\":\"Daniel Matos\",\"description\":\"\",\"potentialAction\":[{\"@type\":\"SearchAction\",\"target\":{\"@type\":\"EntryPoint\",\"urlTemplate\":\"https:\/\/www.blogsoestado.com\/danielmatos\/?s={search_term_string}\"},\"query-input\":{\"@type\":\"PropertyValueSpecification\",\"valueRequired\":true,\"valueName\":\"search_term_string\"}}],\"inLanguage\":\"pt-BR\"}]}<\/script>\n<!-- \/ Yoast SEO plugin. -->","yoast_head_json":{"title":"PP lan\u00e7ar\u00e1 pr\u00e9-candidatura de Tadeu Pal\u00e1cio a prefeito de S\u00e3o Lu\u00eds dia 12 - Daniel Matos","robots":{"index":"index","follow":"follow","max-snippet":"max-snippet:-1","max-image-preview":"max-image-preview:large","max-video-preview":"max-video-preview:-1"},"canonical":"https:\/\/www.blogsoestado.com\/danielmatos\/pp-lancara-pre-candidatura-de-tadeu-palacio-a-prefeito-de-sao-luis-dia-12\/","og_locale":"pt_BR","og_type":"article","og_title":"PP lan\u00e7ar\u00e1 pr\u00e9-candidatura de Tadeu Pal\u00e1cio a prefeito de S\u00e3o Lu\u00eds dia 12 - Daniel Matos","og_description":"Lideran\u00e7as progressistas nacionais, estaduais, municipais e comunit\u00e1rias promovem na pr\u00f3xima quinta-feira, 12, \u00e0s 9h, o lan\u00e7amento da pr\u00e9-candidatura do presidente [&hellip;]","og_url":"https:\/\/www.blogsoestado.com\/danielmatos\/pp-lancara-pre-candidatura-de-tadeu-palacio-a-prefeito-de-sao-luis-dia-12\/","og_site_name":"Daniel Matos","article_published_time":"2012-01-05T20:15:34+00:00","og_image":[{"url":"https:\/\/www.blogsoestado.com\/danielmatos\/files\/2012\/01\/tadeu-waldir-300x200.jpg","type":"","width":"","height":""}],"twitter_card":"summary_large_image","twitter_misc":{"Est. tempo de leitura":"1 minuto"},"schema":{"@context":"https:\/\/schema.org","@graph":[{"@type":"WebPage","@id":"https:\/\/www.blogsoestado.com\/danielmatos\/pp-lancara-pre-candidatura-de-tadeu-palacio-a-prefeito-de-sao-luis-dia-12\/","url":"https:\/\/www.blogsoestado.com\/danielmatos\/pp-lancara-pre-candidatura-de-tadeu-palacio-a-prefeito-de-sao-luis-dia-12\/","name":"PP lan\u00e7ar\u00e1 pr\u00e9-candidatura de Tadeu Pal\u00e1cio a prefeito de S\u00e3o Lu\u00eds dia 12 - Daniel Matos","isPartOf":{"@id":"https:\/\/www.blogsoestado.com\/danielmatos\/#website"},"primaryImageOfPage":{"@id":"https:\/\/www.blogsoestado.com\/danielmatos\/pp-lancara-pre-candidatura-de-tadeu-palacio-a-prefeito-de-sao-luis-dia-12\/#primaryimage"},"image":{"@id":"https:\/\/www.blogsoestado.com\/danielmatos\/pp-lancara-pre-candidatura-de-tadeu-palacio-a-prefeito-de-sao-luis-dia-12\/#primaryimage"},"thumbnailUrl":"https:\/\/www.blogsoestado.com\/danielmatos\/files\/2012\/01\/tadeu-waldir-300x200.jpg","datePublished":"2012-01-05T20:15:34+00:00","author":{"@id":""},"breadcrumb":{"@id":"https:\/\/www.blogsoestado.com\/danielmatos\/pp-lancara-pre-candidatura-de-tadeu-palacio-a-prefeito-de-sao-luis-dia-12\/#breadcrumb"},"inLanguage":"pt-BR","potentialAction":[{"@type":"ReadAction","target":["https:\/\/www.blogsoestado.com\/danielmatos\/pp-lancara-pre-candidatura-de-tadeu-palacio-a-prefeito-de-sao-luis-dia-12\/"]}]},{"@type":"ImageObject","inLanguage":"pt-BR","@id":"https:\/\/www.blogsoestado.com\/danielmatos\/pp-lancara-pre-candidatura-de-tadeu-palacio-a-prefeito-de-sao-luis-dia-12\/#primaryimage","url":"https:\/\/www.blogsoestado.com\/danielmatos\/files\/2012\/01\/tadeu-waldir-300x200.jpg","contentUrl":"https:\/\/www.blogsoestado.com\/danielmatos\/files\/2012\/01\/tadeu-waldir-300x200.jpg"},{"@type":"BreadcrumbList","@id":"https:\/\/www.blogsoestado.com\/danielmatos\/pp-lancara-pre-candidatura-de-tadeu-palacio-a-prefeito-de-sao-luis-dia-12\/#breadcrumb","itemListElement":[{"@type":"ListItem","position":1,"name":"In\u00edcio","item":"https:\/\/www.blogsoestado.com\/danielmatos\/"},{"@type":"ListItem","position":2,"name":"PP lan\u00e7ar\u00e1 pr\u00e9-candidatura de Tadeu Pal\u00e1cio a prefeito de S\u00e3o Lu\u00eds dia 12"}]},{"@type":"WebSite","@id":"https:\/\/www.blogsoestado.com\/danielmatos\/#website","url":"https:\/\/www.blogsoestado.com\/danielmatos\/","name":"Daniel Matos","description":"","potentialAction":[{"@type":"SearchAction","target":{"@type":"EntryPoint","urlTemplate":"https:\/\/www.blogsoestado.com\/danielmatos\/?s={search_term_string}"},"query-input":{"@type":"PropertyValueSpecification","valueRequired":true,"valueName":"search_term_string"}}],"inLanguage":"pt-BR"}]}},"jetpack_featured_media_url":"","_links":{"self":[{"href":"https:\/\/www.blogsoestado.com\/danielmatos\/wp-json\/wp\/v2\/posts\/3423","targetHints":{"allow":["GET"]}}],"collection":[{"href":"https:\/\/www.blogsoestado.com\/danielmatos\/wp-json\/wp\/v2\/posts"}],"about":[{"href":"https:\/\/www.blogsoestado.com\/danielmatos\/wp-json\/wp\/v2\/types\/post"}],"replies":[{"embeddable":true,"href":"https:\/\/www.blogsoestado.com\/danielmatos\/wp-json\/wp\/v2\/comments?post=3423"}],"version-history":[{"count":0,"href":"https:\/\/www.blogsoestado.com\/danielmatos\/wp-json\/wp\/v2\/posts\/3423\/revisions"}],"wp:attachment":[{"href":"https:\/\/www.blogsoestado.com\/danielmatos\/wp-json\/wp\/v2\/media?parent=3423"}],"wp:term":[{"taxonomy":"category","embeddable":true,"href":"https:\/\/www.blogsoestado.com\/danielmatos\/wp-json\/wp\/v2\/categories?post=3423"},{"taxonomy":"post_tag","embeddable":true,"href":"https:\/\/www.blogsoestado.com\/danielmatos\/wp-json\/wp\/v2\/tags?post=3423"}],"curies":[{"name":"wp","href":"https:\/\/api.w.org\/{rel}","templated":true}]}}