{"id":3425,"date":"2012-01-05T19:02:55","date_gmt":"2012-01-05T21:02:55","guid":{"rendered":"https:\/\/www.blogsoestado.com\/danielmatos\/?p=3425"},"modified":"2012-01-05T19:02:55","modified_gmt":"2012-01-05T21:02:55","slug":"maranhao-profissional-abre-10-039-vagas-em-cursos-profissionalizantes","status":"publish","type":"post","link":"https:\/\/www.blogsoestado.com\/danielmatos\/maranhao-profissional-abre-10-039-vagas-em-cursos-profissionalizantes\/","title":{"rendered":"Maranh\u00e3o Profissional abre 10.039 vagas em cursos profissionalizantes"},"content":{"rendered":"<p>O Maranh\u00e3o Profissional, por meio do Programa Nacional de Acesso ao Ensino T\u00e9cnico e Emprego (Pronatec), est\u00e1 oferecendo 10.039 vagas em cursos profissionalizantes do tipo Forma\u00e7\u00e3o Inicial Continuada (FIC). As vagas s\u00e3o disponibilizadas em institui\u00e7\u00f5es parceiras do programa desenvolvido pelo Governo do Estado, como o Instituto Federal de Educa\u00e7\u00e3o Ci\u00eancia e Tecnologia Maranh\u00e3o (Ifma), Servi\u00e7o Nacional de Aprendizagem Comercial (Senac) e Servi\u00e7o Nacional de Aprendizagem Industrial (Senai).<\/p>\n<p>O p\u00fablico-alvo s\u00e3o estudantes do 2\u00ba e 3\u00ba ano do Ensino M\u00e9dio da rede p\u00fablica e alunos da Educa\u00e7\u00e3o de Jovens e Adultos. Outras informa\u00e7\u00f5es podem ser obtidas atrav\u00e9s do e-mail <a href=\"mailto:seduc.pronatec.ma@gmail.com\">seduc.pronatec.ma@gmail.com<\/a> ou pelos telefones (98) 9188-1023 e 8127-8145.<\/p>\n<p>Todos os cursos s\u00e3o em \u00e1reas que atendem \u00e0 demanda de mercados identificada pelo Maranh\u00e3o Profissional, com o principal objetivo de capacitar profissionalmente a sociedade maranhense para os novos empreendimentos que chegam ao estado. Est\u00e3o sendo oferecidas, em v\u00e1rios munic\u00edpios maranhenses, mais de 30 op\u00e7\u00f5es de cursos em diversas \u00e1reas profissionais, que possuem a carga hor\u00e1ria variante de 160 a 300 horas\/aula, e ser\u00e3o ministrados em hor\u00e1rios diferentes ao que o aluno freq\u00fcenta a escola.<\/p>\n<p>\u201cPara se inscrever no Programa, o estudante deve procurar a dire\u00e7\u00e3o de sua escola e informar-se sobre as oportunidades de cursos em aberto. Comunicar que tem interesse em participar. Ap\u00f3s efetuar a sua pr\u00e9-matr\u00edcula na escola, o estudante dever\u00e1 dirigir-se \u00e0 institui\u00e7\u00e3o ofertante para concluir a matr\u00edcula\u201d, informou Giovanna Bacelar Pontes, coordenadora do Pronatec no Maranh\u00e3o.<\/p>\n<p>\u201c\u00c9 muito importante que o estudante compare\u00e7a at\u00e9 a institui\u00e7\u00e3o para confirmar a sua matr\u00edcula, pois s\u00f3 assim conseguir\u00e1 realizar o curso. O que \u00e9 feito na escola \u00e9 apenas uma pr\u00e9-matr\u00edcula no sistema, mas somente isso n\u00e3o garante a vaga dele, o que garante \u00e9 o seu comparecimento na institui\u00e7\u00e3o, com os documentos necess\u00e1rios\u201d, ressaltou Giovanna Bacelar.<\/p>\n<p>Dentre o total de vagas oferecidas, 1.180 s\u00e3o para o Ifma, 4.332 para o Senai e 4.527 para o Senac, que ter\u00e3o in\u00edcio imediato, conforme a forma\u00e7\u00e3o de turmas. \u201c\u00c9 uma oportunidade muito importante para quem deseja se capacitar para o mercado, pois tem a chance de receber certifica\u00e7\u00e3o por institui\u00e7\u00f5es renomadas\u201d, salientou a coordenadora do Pronatec.<\/p>\n<p>Criado pelo Governo Federal desde outubro de 2011, com a san\u00e7\u00e3o da Lei n\u00ba 12.513\/2011, o Pronatec tem como objetivo ofertar cursos de educa\u00e7\u00e3o profissional e tecnol\u00f3gica para a popula\u00e7\u00e3o brasileira, com o objetivo de contribuir com a melhoria da qualidade do Ensino M\u00e9dio P\u00fablico e ampliar as oportunidades educacionais dos trabalhadores.<br \/>\n\u00a0<br \/>\n<strong>Balan\u00e7o<\/strong><\/p>\n<p>O Maranh\u00e3o Profissional matriculou em 2011 mais de 91 mil alunos em 637 cursos, de acordo com o balan\u00e7o realizado no per\u00edodo de maio, data do lan\u00e7amento da iniciativa, at\u00e9 dezembro.<\/p>\n<p>Os cursos oferecidos at\u00e9 momento somam uma carga hor\u00e1ria total de 475.679 horas\/aulas. Auxiliar de cozinha, auxiliar de m\u00e1quina motriz, armador de ferragens, comandos hidr\u00e1ulicos, eletrot\u00e9cnica, pedreiro, carpinteiros, t\u00e9cnico em eletromec\u00e2nica, t\u00e9cnico em mec\u00e2nica, t\u00e9cnico em saneamento ambiental s\u00e3o alguns dos cursos oferecidos em diversos munic\u00edpios maranhenses, entre os quais Balsas, Bacabal, A\u00e7ail\u00e2ndia, Barreirinhas, Caxias, Coelho Neto, Bacabeira, Imperatriz e outros.<\/p>\n<p><strong>Fonte:<\/strong> Secretaria Estadual de Comunica\u00e7\u00e3o (Secom)<\/p>\n","protected":false},"excerpt":{"rendered":"<p>O Maranh\u00e3o Profissional, por meio do Programa Nacional de Acesso ao Ensino T\u00e9cnico e Emprego (Pronatec), est\u00e1 oferecendo 10.039 vagas [&hellip;]<\/p>\n","protected":false},"author":0,"featured_media":0,"comment_status":"open","ping_status":"open","sticky":false,"template":"","format":"standard","meta":{"site-sidebar-layout":"default","site-content-layout":"","ast-site-content-layout":"default","site-content-style":"default","site-sidebar-style":"default","ast-global-header-display":"","ast-banner-title-visibility":"","ast-main-header-display":"","ast-hfb-above-header-display":"","ast-hfb-below-header-display":"","ast-hfb-mobile-header-display":"","site-post-title":"","ast-breadcrumbs-content":"","ast-featured-img":"","footer-sml-layout":"","ast-disable-related-posts":"","theme-transparent-header-meta":"","adv-header-id-meta":"","stick-header-meta":"","header-above-stick-meta":"","header-main-stick-meta":"","header-below-stick-meta":"","astra-migrate-meta-layouts":"default","ast-page-background-enabled":"default","ast-page-background-meta":{"desktop":{"background-color":"var(--ast-global-color-5)","background-image":"","background-repeat":"repeat","background-position":"center center","background-size":"auto","background-attachment":"scroll","background-type":"","background-media":"","overlay-type":"","overlay-color":"","overlay-opacity":"","overlay-gradient":""},"tablet":{"background-color":"","background-image":"","background-repeat":"repeat","background-position":"center center","background-size":"auto","background-attachment":"scroll","background-type":"","background-media":"","overlay-type":"","overlay-color":"","overlay-opacity":"","overlay-gradient":""},"mobile":{"background-color":"","background-image":"","background-repeat":"repeat","background-position":"center center","background-size":"auto","background-attachment":"scroll","background-type":"","background-media":"","overlay-type":"","overlay-color":"","overlay-opacity":"","overlay-gradient":""}},"ast-content-background-meta":{"desktop":{"background-color":"var(--ast-global-color-4)","background-image":"","background-repeat":"repeat","background-position":"center center","background-size":"auto","background-attachment":"scroll","background-type":"","background-media":"","overlay-type":"","overlay-color":"","overlay-opacity":"","overlay-gradient":""},"tablet":{"background-color":"var(--ast-global-color-4)","background-image":"","background-repeat":"repeat","background-position":"center center","background-size":"auto","background-attachment":"scroll","background-type":"","background-media":"","overlay-type":"","overlay-color":"","overlay-opacity":"","overlay-gradient":""},"mobile":{"background-color":"var(--ast-global-color-4)","background-image":"","background-repeat":"repeat","background-position":"center center","background-size":"auto","background-attachment":"scroll","background-type":"","background-media":"","overlay-type":"","overlay-color":"","overlay-opacity":"","overlay-gradient":""}},"footnotes":""},"categories":[1],"tags":[],"class_list":["post-3425","post","type-post","status-publish","format-standard","hentry","category-sem-categoria"],"yoast_head":"<!-- This site is optimized with the Yoast SEO plugin v26.6 - https:\/\/yoast.com\/wordpress\/plugins\/seo\/ -->\n<title>Maranh\u00e3o Profissional abre 10.039 vagas em cursos profissionalizantes - Daniel Matos<\/title>\n<meta name=\"robots\" content=\"index, follow, max-snippet:-1, max-image-preview:large, max-video-preview:-1\" \/>\n<link rel=\"canonical\" href=\"https:\/\/www.blogsoestado.com\/danielmatos\/maranhao-profissional-abre-10-039-vagas-em-cursos-profissionalizantes\/\" \/>\n<meta property=\"og:locale\" content=\"pt_BR\" \/>\n<meta property=\"og:type\" content=\"article\" \/>\n<meta property=\"og:title\" content=\"Maranh\u00e3o Profissional abre 10.039 vagas em cursos profissionalizantes - Daniel Matos\" \/>\n<meta property=\"og:description\" content=\"O Maranh\u00e3o Profissional, por meio do Programa Nacional de Acesso ao Ensino T\u00e9cnico e Emprego (Pronatec), est\u00e1 oferecendo 10.039 vagas [&hellip;]\" \/>\n<meta property=\"og:url\" content=\"https:\/\/www.blogsoestado.com\/danielmatos\/maranhao-profissional-abre-10-039-vagas-em-cursos-profissionalizantes\/\" \/>\n<meta property=\"og:site_name\" content=\"Daniel Matos\" \/>\n<meta property=\"article:published_time\" content=\"2012-01-05T21:02:55+00:00\" \/>\n<meta name=\"twitter:card\" content=\"summary_large_image\" \/>\n<meta name=\"twitter:label1\" content=\"Est. tempo de leitura\" \/>\n\t<meta name=\"twitter:data1\" content=\"3 minutos\" \/>\n<script type=\"application\/ld+json\" class=\"yoast-schema-graph\">{\"@context\":\"https:\/\/schema.org\",\"@graph\":[{\"@type\":\"WebPage\",\"@id\":\"https:\/\/www.blogsoestado.com\/danielmatos\/maranhao-profissional-abre-10-039-vagas-em-cursos-profissionalizantes\/\",\"url\":\"https:\/\/www.blogsoestado.com\/danielmatos\/maranhao-profissional-abre-10-039-vagas-em-cursos-profissionalizantes\/\",\"name\":\"Maranh\u00e3o Profissional abre 10.039 vagas em cursos profissionalizantes - Daniel Matos\",\"isPartOf\":{\"@id\":\"https:\/\/www.blogsoestado.com\/danielmatos\/#website\"},\"datePublished\":\"2012-01-05T21:02:55+00:00\",\"author\":{\"@id\":\"\"},\"breadcrumb\":{\"@id\":\"https:\/\/www.blogsoestado.com\/danielmatos\/maranhao-profissional-abre-10-039-vagas-em-cursos-profissionalizantes\/#breadcrumb\"},\"inLanguage\":\"pt-BR\",\"potentialAction\":[{\"@type\":\"ReadAction\",\"target\":[\"https:\/\/www.blogsoestado.com\/danielmatos\/maranhao-profissional-abre-10-039-vagas-em-cursos-profissionalizantes\/\"]}]},{\"@type\":\"BreadcrumbList\",\"@id\":\"https:\/\/www.blogsoestado.com\/danielmatos\/maranhao-profissional-abre-10-039-vagas-em-cursos-profissionalizantes\/#breadcrumb\",\"itemListElement\":[{\"@type\":\"ListItem\",\"position\":1,\"name\":\"In\u00edcio\",\"item\":\"https:\/\/www.blogsoestado.com\/danielmatos\/\"},{\"@type\":\"ListItem\",\"position\":2,\"name\":\"Maranh\u00e3o Profissional abre 10.039 vagas em cursos profissionalizantes\"}]},{\"@type\":\"WebSite\",\"@id\":\"https:\/\/www.blogsoestado.com\/danielmatos\/#website\",\"url\":\"https:\/\/www.blogsoestado.com\/danielmatos\/\",\"name\":\"Daniel Matos\",\"description\":\"\",\"potentialAction\":[{\"@type\":\"SearchAction\",\"target\":{\"@type\":\"EntryPoint\",\"urlTemplate\":\"https:\/\/www.blogsoestado.com\/danielmatos\/?s={search_term_string}\"},\"query-input\":{\"@type\":\"PropertyValueSpecification\",\"valueRequired\":true,\"valueName\":\"search_term_string\"}}],\"inLanguage\":\"pt-BR\"}]}<\/script>\n<!-- \/ Yoast SEO plugin. -->","yoast_head_json":{"title":"Maranh\u00e3o Profissional abre 10.039 vagas em cursos profissionalizantes - Daniel Matos","robots":{"index":"index","follow":"follow","max-snippet":"max-snippet:-1","max-image-preview":"max-image-preview:large","max-video-preview":"max-video-preview:-1"},"canonical":"https:\/\/www.blogsoestado.com\/danielmatos\/maranhao-profissional-abre-10-039-vagas-em-cursos-profissionalizantes\/","og_locale":"pt_BR","og_type":"article","og_title":"Maranh\u00e3o Profissional abre 10.039 vagas em cursos profissionalizantes - Daniel Matos","og_description":"O Maranh\u00e3o Profissional, por meio do Programa Nacional de Acesso ao Ensino T\u00e9cnico e Emprego (Pronatec), est\u00e1 oferecendo 10.039 vagas [&hellip;]","og_url":"https:\/\/www.blogsoestado.com\/danielmatos\/maranhao-profissional-abre-10-039-vagas-em-cursos-profissionalizantes\/","og_site_name":"Daniel Matos","article_published_time":"2012-01-05T21:02:55+00:00","twitter_card":"summary_large_image","twitter_misc":{"Est. tempo de leitura":"3 minutos"},"schema":{"@context":"https:\/\/schema.org","@graph":[{"@type":"WebPage","@id":"https:\/\/www.blogsoestado.com\/danielmatos\/maranhao-profissional-abre-10-039-vagas-em-cursos-profissionalizantes\/","url":"https:\/\/www.blogsoestado.com\/danielmatos\/maranhao-profissional-abre-10-039-vagas-em-cursos-profissionalizantes\/","name":"Maranh\u00e3o Profissional abre 10.039 vagas em cursos profissionalizantes - Daniel Matos","isPartOf":{"@id":"https:\/\/www.blogsoestado.com\/danielmatos\/#website"},"datePublished":"2012-01-05T21:02:55+00:00","author":{"@id":""},"breadcrumb":{"@id":"https:\/\/www.blogsoestado.com\/danielmatos\/maranhao-profissional-abre-10-039-vagas-em-cursos-profissionalizantes\/#breadcrumb"},"inLanguage":"pt-BR","potentialAction":[{"@type":"ReadAction","target":["https:\/\/www.blogsoestado.com\/danielmatos\/maranhao-profissional-abre-10-039-vagas-em-cursos-profissionalizantes\/"]}]},{"@type":"BreadcrumbList","@id":"https:\/\/www.blogsoestado.com\/danielmatos\/maranhao-profissional-abre-10-039-vagas-em-cursos-profissionalizantes\/#breadcrumb","itemListElement":[{"@type":"ListItem","position":1,"name":"In\u00edcio","item":"https:\/\/www.blogsoestado.com\/danielmatos\/"},{"@type":"ListItem","position":2,"name":"Maranh\u00e3o Profissional abre 10.039 vagas em cursos profissionalizantes"}]},{"@type":"WebSite","@id":"https:\/\/www.blogsoestado.com\/danielmatos\/#website","url":"https:\/\/www.blogsoestado.com\/danielmatos\/","name":"Daniel Matos","description":"","potentialAction":[{"@type":"SearchAction","target":{"@type":"EntryPoint","urlTemplate":"https:\/\/www.blogsoestado.com\/danielmatos\/?s={search_term_string}"},"query-input":{"@type":"PropertyValueSpecification","valueRequired":true,"valueName":"search_term_string"}}],"inLanguage":"pt-BR"}]}},"jetpack_featured_media_url":"","_links":{"self":[{"href":"https:\/\/www.blogsoestado.com\/danielmatos\/wp-json\/wp\/v2\/posts\/3425","targetHints":{"allow":["GET"]}}],"collection":[{"href":"https:\/\/www.blogsoestado.com\/danielmatos\/wp-json\/wp\/v2\/posts"}],"about":[{"href":"https:\/\/www.blogsoestado.com\/danielmatos\/wp-json\/wp\/v2\/types\/post"}],"replies":[{"embeddable":true,"href":"https:\/\/www.blogsoestado.com\/danielmatos\/wp-json\/wp\/v2\/comments?post=3425"}],"version-history":[{"count":0,"href":"https:\/\/www.blogsoestado.com\/danielmatos\/wp-json\/wp\/v2\/posts\/3425\/revisions"}],"wp:attachment":[{"href":"https:\/\/www.blogsoestado.com\/danielmatos\/wp-json\/wp\/v2\/media?parent=3425"}],"wp:term":[{"taxonomy":"category","embeddable":true,"href":"https:\/\/www.blogsoestado.com\/danielmatos\/wp-json\/wp\/v2\/categories?post=3425"},{"taxonomy":"post_tag","embeddable":true,"href":"https:\/\/www.blogsoestado.com\/danielmatos\/wp-json\/wp\/v2\/tags?post=3425"}],"curies":[{"name":"wp","href":"https:\/\/api.w.org\/{rel}","templated":true}]}}