{"id":3582,"date":"2012-01-30T16:19:08","date_gmt":"2012-01-30T18:19:08","guid":{"rendered":"https:\/\/www.blogsoestado.com\/danielmatos\/?p=3582"},"modified":"2012-01-30T16:19:08","modified_gmt":"2012-01-30T18:19:08","slug":"tj-aceita-denuncia-contra-prefeito-de-viana","status":"publish","type":"post","link":"https:\/\/www.blogsoestado.com\/danielmatos\/tj-aceita-denuncia-contra-prefeito-de-viana\/","title":{"rendered":"TJ aceita den\u00fancia contra prefeito de Viana"},"content":{"rendered":"<figure id=\"attachment_3584\" aria-describedby=\"caption-attachment-3584\" style=\"width: 297px\" class=\"wp-caption alignright\"><a rel=\"attachment wp-att-3584\" href=\"https:\/\/www.blogsoestado.com\/danielmatos\/2012\/01\/30\/tj-aceita-denuncia-contra-prefeito-de-viana\/rilva-luis2-2\/\"><img fetchpriority=\"high\" decoding=\"async\" class=\"size-medium wp-image-3584\" src=\"https:\/\/www.blogsoestado.com\/danielmatos\/files\/2012\/01\/rilva-luis21-297x300.jpg\" alt=\"\" width=\"297\" height=\"300\" \/><\/a><figcaption id=\"caption-attachment-3584\" class=\"wp-caption-text\">Prefeito Rilva Lu\u00eds responder\u00e1 processo por n\u00e3o nomear concursados  <\/figcaption><\/figure>\n<p>Acusado de descumprir ordem judicial, o prefeito do munic\u00edpio de Viana, Rivalmar Luis Gon\u00e7alves Moraes, responder\u00e1 a\u00e7\u00e3o penal perante o Tribunal de Justi\u00e7a do Maranh\u00e3o. A den\u00fancia do Minist\u00e9rio P\u00fablico Estadual (MPE) contra o prefeito foi recebida, por maioria, pelos membros da 3\u00aa C\u00e2mara Criminal, em sess\u00e3o nesta segunda-feira (30).<\/p>\n<p>Segundo a den\u00fancia, em julho de 2008, o MPE prop\u00f4s a\u00e7\u00e3o de execu\u00e7\u00e3o contra o munic\u00edpio de Viana, objetivando o cumprimento de Termo de Ajustamento de Conduta (TAC), firmado pelo prefeito para garantir a nomea\u00e7\u00e3o de candidatos aprovados em concurso p\u00fablico e a demiss\u00e3o de funcion\u00e1rios contratados.<\/p>\n<p>Moraes foi citado para cumprir a ordem em 30 dias, respondendo, na ocasi\u00e3o, que cumprira apenas a nomea\u00e7\u00e3o dos candidatos aprovados. Intimado para comprovar tamb\u00e9m a demiss\u00e3o dos funcion\u00e1rios contratados sem concurso, o prefeito n\u00e3o se justificou.<\/p>\n<p>O MPE ofereceu a den\u00fancia acusando-o pelo crime previsto no inciso XIV do artigo 1\u00b0 do Decreto-Lei 201\/67 (deixar de cumprir ordem judicial, sem dar o motivo da recusa ou da impossibilidade, por escrito, \u00e0 autoridade competente).<\/p>\n<p>O relator do processo, desembargador Froz Sobrinho, votou pela rejei\u00e7\u00e3o da den\u00fancia, sendo vencido pelos desembargadores Joaquim Figueiredo e Raimundo Nonato Souza, que seguiram a manifesta\u00e7\u00e3o da Procuradoria Geral de Justi\u00e7a (PGJ). Eles consideraram presentes os requisitos legais para recebimento da den\u00fancia, ficando a an\u00e1lise quanto aos fatos para a fase de instru\u00e7\u00e3o criminal, quando o gestor poder\u00e1 defender-se.<\/p>\n<p><strong>Fonte:<\/strong> Tribunal de Justi\u00e7a do Maranh\u00e3o<\/p>\n","protected":false},"excerpt":{"rendered":"<p>Acusado de descumprir ordem judicial, o prefeito do munic\u00edpio de Viana, Rivalmar Luis Gon\u00e7alves Moraes, responder\u00e1 a\u00e7\u00e3o penal perante o [&hellip;]<\/p>\n","protected":false},"author":0,"featured_media":0,"comment_status":"open","ping_status":"open","sticky":false,"template":"","format":"standard","meta":{"site-sidebar-layout":"default","site-content-layout":"","ast-site-content-layout":"default","site-content-style":"default","site-sidebar-style":"default","ast-global-header-display":"","ast-banner-title-visibility":"","ast-main-header-display":"","ast-hfb-above-header-display":"","ast-hfb-below-header-display":"","ast-hfb-mobile-header-display":"","site-post-title":"","ast-breadcrumbs-content":"","ast-featured-img":"","footer-sml-layout":"","ast-disable-related-posts":"","theme-transparent-header-meta":"","adv-header-id-meta":"","stick-header-meta":"","header-above-stick-meta":"","header-main-stick-meta":"","header-below-stick-meta":"","astra-migrate-meta-layouts":"default","ast-page-background-enabled":"default","ast-page-background-meta":{"desktop":{"background-color":"var(--ast-global-color-5)","background-image":"","background-repeat":"repeat","background-position":"center center","background-size":"auto","background-attachment":"scroll","background-type":"","background-media":"","overlay-type":"","overlay-color":"","overlay-opacity":"","overlay-gradient":""},"tablet":{"background-color":"","background-image":"","background-repeat":"repeat","background-position":"center center","background-size":"auto","background-attachment":"scroll","background-type":"","background-media":"","overlay-type":"","overlay-color":"","overlay-opacity":"","overlay-gradient":""},"mobile":{"background-color":"","background-image":"","background-repeat":"repeat","background-position":"center center","background-size":"auto","background-attachment":"scroll","background-type":"","background-media":"","overlay-type":"","overlay-color":"","overlay-opacity":"","overlay-gradient":""}},"ast-content-background-meta":{"desktop":{"background-color":"var(--ast-global-color-4)","background-image":"","background-repeat":"repeat","background-position":"center center","background-size":"auto","background-attachment":"scroll","background-type":"","background-media":"","overlay-type":"","overlay-color":"","overlay-opacity":"","overlay-gradient":""},"tablet":{"background-color":"var(--ast-global-color-4)","background-image":"","background-repeat":"repeat","background-position":"center center","background-size":"auto","background-attachment":"scroll","background-type":"","background-media":"","overlay-type":"","overlay-color":"","overlay-opacity":"","overlay-gradient":""},"mobile":{"background-color":"var(--ast-global-color-4)","background-image":"","background-repeat":"repeat","background-position":"center center","background-size":"auto","background-attachment":"scroll","background-type":"","background-media":"","overlay-type":"","overlay-color":"","overlay-opacity":"","overlay-gradient":""}},"footnotes":""},"categories":[1],"tags":[],"class_list":["post-3582","post","type-post","status-publish","format-standard","hentry","category-sem-categoria"],"yoast_head":"<!-- This site is optimized with the Yoast SEO plugin v26.6 - https:\/\/yoast.com\/wordpress\/plugins\/seo\/ -->\n<title>TJ aceita den\u00fancia contra prefeito de Viana - Daniel Matos<\/title>\n<meta name=\"robots\" content=\"index, follow, max-snippet:-1, max-image-preview:large, max-video-preview:-1\" \/>\n<link rel=\"canonical\" href=\"https:\/\/www.blogsoestado.com\/danielmatos\/tj-aceita-denuncia-contra-prefeito-de-viana\/\" \/>\n<meta property=\"og:locale\" content=\"pt_BR\" \/>\n<meta property=\"og:type\" content=\"article\" \/>\n<meta property=\"og:title\" content=\"TJ aceita den\u00fancia contra prefeito de Viana - Daniel Matos\" \/>\n<meta property=\"og:description\" content=\"Acusado de descumprir ordem judicial, o prefeito do munic\u00edpio de Viana, Rivalmar Luis Gon\u00e7alves Moraes, responder\u00e1 a\u00e7\u00e3o penal perante o [&hellip;]\" \/>\n<meta property=\"og:url\" content=\"https:\/\/www.blogsoestado.com\/danielmatos\/tj-aceita-denuncia-contra-prefeito-de-viana\/\" \/>\n<meta property=\"og:site_name\" content=\"Daniel Matos\" \/>\n<meta property=\"article:published_time\" content=\"2012-01-30T18:19:08+00:00\" \/>\n<meta property=\"og:image\" content=\"https:\/\/www.blogsoestado.com\/danielmatos\/files\/2012\/01\/rilva-luis21-297x300.jpg\" \/>\n<meta name=\"twitter:card\" content=\"summary_large_image\" \/>\n<meta name=\"twitter:label1\" content=\"Est. tempo de leitura\" \/>\n\t<meta name=\"twitter:data1\" content=\"1 minuto\" \/>\n<script type=\"application\/ld+json\" class=\"yoast-schema-graph\">{\"@context\":\"https:\/\/schema.org\",\"@graph\":[{\"@type\":\"WebPage\",\"@id\":\"https:\/\/www.blogsoestado.com\/danielmatos\/tj-aceita-denuncia-contra-prefeito-de-viana\/\",\"url\":\"https:\/\/www.blogsoestado.com\/danielmatos\/tj-aceita-denuncia-contra-prefeito-de-viana\/\",\"name\":\"TJ aceita den\u00fancia contra prefeito de Viana - Daniel Matos\",\"isPartOf\":{\"@id\":\"https:\/\/www.blogsoestado.com\/danielmatos\/#website\"},\"primaryImageOfPage\":{\"@id\":\"https:\/\/www.blogsoestado.com\/danielmatos\/tj-aceita-denuncia-contra-prefeito-de-viana\/#primaryimage\"},\"image\":{\"@id\":\"https:\/\/www.blogsoestado.com\/danielmatos\/tj-aceita-denuncia-contra-prefeito-de-viana\/#primaryimage\"},\"thumbnailUrl\":\"https:\/\/www.blogsoestado.com\/danielmatos\/files\/2012\/01\/rilva-luis21-297x300.jpg\",\"datePublished\":\"2012-01-30T18:19:08+00:00\",\"author\":{\"@id\":\"\"},\"breadcrumb\":{\"@id\":\"https:\/\/www.blogsoestado.com\/danielmatos\/tj-aceita-denuncia-contra-prefeito-de-viana\/#breadcrumb\"},\"inLanguage\":\"pt-BR\",\"potentialAction\":[{\"@type\":\"ReadAction\",\"target\":[\"https:\/\/www.blogsoestado.com\/danielmatos\/tj-aceita-denuncia-contra-prefeito-de-viana\/\"]}]},{\"@type\":\"ImageObject\",\"inLanguage\":\"pt-BR\",\"@id\":\"https:\/\/www.blogsoestado.com\/danielmatos\/tj-aceita-denuncia-contra-prefeito-de-viana\/#primaryimage\",\"url\":\"https:\/\/www.blogsoestado.com\/danielmatos\/files\/2012\/01\/rilva-luis21-297x300.jpg\",\"contentUrl\":\"https:\/\/www.blogsoestado.com\/danielmatos\/files\/2012\/01\/rilva-luis21-297x300.jpg\"},{\"@type\":\"BreadcrumbList\",\"@id\":\"https:\/\/www.blogsoestado.com\/danielmatos\/tj-aceita-denuncia-contra-prefeito-de-viana\/#breadcrumb\",\"itemListElement\":[{\"@type\":\"ListItem\",\"position\":1,\"name\":\"In\u00edcio\",\"item\":\"https:\/\/www.blogsoestado.com\/danielmatos\/\"},{\"@type\":\"ListItem\",\"position\":2,\"name\":\"TJ aceita den\u00fancia contra prefeito de Viana\"}]},{\"@type\":\"WebSite\",\"@id\":\"https:\/\/www.blogsoestado.com\/danielmatos\/#website\",\"url\":\"https:\/\/www.blogsoestado.com\/danielmatos\/\",\"name\":\"Daniel Matos\",\"description\":\"\",\"potentialAction\":[{\"@type\":\"SearchAction\",\"target\":{\"@type\":\"EntryPoint\",\"urlTemplate\":\"https:\/\/www.blogsoestado.com\/danielmatos\/?s={search_term_string}\"},\"query-input\":{\"@type\":\"PropertyValueSpecification\",\"valueRequired\":true,\"valueName\":\"search_term_string\"}}],\"inLanguage\":\"pt-BR\"}]}<\/script>\n<!-- \/ Yoast SEO plugin. -->","yoast_head_json":{"title":"TJ aceita den\u00fancia contra prefeito de Viana - Daniel Matos","robots":{"index":"index","follow":"follow","max-snippet":"max-snippet:-1","max-image-preview":"max-image-preview:large","max-video-preview":"max-video-preview:-1"},"canonical":"https:\/\/www.blogsoestado.com\/danielmatos\/tj-aceita-denuncia-contra-prefeito-de-viana\/","og_locale":"pt_BR","og_type":"article","og_title":"TJ aceita den\u00fancia contra prefeito de Viana - Daniel Matos","og_description":"Acusado de descumprir ordem judicial, o prefeito do munic\u00edpio de Viana, Rivalmar Luis Gon\u00e7alves Moraes, responder\u00e1 a\u00e7\u00e3o penal perante o [&hellip;]","og_url":"https:\/\/www.blogsoestado.com\/danielmatos\/tj-aceita-denuncia-contra-prefeito-de-viana\/","og_site_name":"Daniel Matos","article_published_time":"2012-01-30T18:19:08+00:00","og_image":[{"url":"https:\/\/www.blogsoestado.com\/danielmatos\/files\/2012\/01\/rilva-luis21-297x300.jpg","type":"","width":"","height":""}],"twitter_card":"summary_large_image","twitter_misc":{"Est. tempo de leitura":"1 minuto"},"schema":{"@context":"https:\/\/schema.org","@graph":[{"@type":"WebPage","@id":"https:\/\/www.blogsoestado.com\/danielmatos\/tj-aceita-denuncia-contra-prefeito-de-viana\/","url":"https:\/\/www.blogsoestado.com\/danielmatos\/tj-aceita-denuncia-contra-prefeito-de-viana\/","name":"TJ aceita den\u00fancia contra prefeito de Viana - Daniel Matos","isPartOf":{"@id":"https:\/\/www.blogsoestado.com\/danielmatos\/#website"},"primaryImageOfPage":{"@id":"https:\/\/www.blogsoestado.com\/danielmatos\/tj-aceita-denuncia-contra-prefeito-de-viana\/#primaryimage"},"image":{"@id":"https:\/\/www.blogsoestado.com\/danielmatos\/tj-aceita-denuncia-contra-prefeito-de-viana\/#primaryimage"},"thumbnailUrl":"https:\/\/www.blogsoestado.com\/danielmatos\/files\/2012\/01\/rilva-luis21-297x300.jpg","datePublished":"2012-01-30T18:19:08+00:00","author":{"@id":""},"breadcrumb":{"@id":"https:\/\/www.blogsoestado.com\/danielmatos\/tj-aceita-denuncia-contra-prefeito-de-viana\/#breadcrumb"},"inLanguage":"pt-BR","potentialAction":[{"@type":"ReadAction","target":["https:\/\/www.blogsoestado.com\/danielmatos\/tj-aceita-denuncia-contra-prefeito-de-viana\/"]}]},{"@type":"ImageObject","inLanguage":"pt-BR","@id":"https:\/\/www.blogsoestado.com\/danielmatos\/tj-aceita-denuncia-contra-prefeito-de-viana\/#primaryimage","url":"https:\/\/www.blogsoestado.com\/danielmatos\/files\/2012\/01\/rilva-luis21-297x300.jpg","contentUrl":"https:\/\/www.blogsoestado.com\/danielmatos\/files\/2012\/01\/rilva-luis21-297x300.jpg"},{"@type":"BreadcrumbList","@id":"https:\/\/www.blogsoestado.com\/danielmatos\/tj-aceita-denuncia-contra-prefeito-de-viana\/#breadcrumb","itemListElement":[{"@type":"ListItem","position":1,"name":"In\u00edcio","item":"https:\/\/www.blogsoestado.com\/danielmatos\/"},{"@type":"ListItem","position":2,"name":"TJ aceita den\u00fancia contra prefeito de Viana"}]},{"@type":"WebSite","@id":"https:\/\/www.blogsoestado.com\/danielmatos\/#website","url":"https:\/\/www.blogsoestado.com\/danielmatos\/","name":"Daniel Matos","description":"","potentialAction":[{"@type":"SearchAction","target":{"@type":"EntryPoint","urlTemplate":"https:\/\/www.blogsoestado.com\/danielmatos\/?s={search_term_string}"},"query-input":{"@type":"PropertyValueSpecification","valueRequired":true,"valueName":"search_term_string"}}],"inLanguage":"pt-BR"}]}},"jetpack_featured_media_url":"","_links":{"self":[{"href":"https:\/\/www.blogsoestado.com\/danielmatos\/wp-json\/wp\/v2\/posts\/3582","targetHints":{"allow":["GET"]}}],"collection":[{"href":"https:\/\/www.blogsoestado.com\/danielmatos\/wp-json\/wp\/v2\/posts"}],"about":[{"href":"https:\/\/www.blogsoestado.com\/danielmatos\/wp-json\/wp\/v2\/types\/post"}],"replies":[{"embeddable":true,"href":"https:\/\/www.blogsoestado.com\/danielmatos\/wp-json\/wp\/v2\/comments?post=3582"}],"version-history":[{"count":0,"href":"https:\/\/www.blogsoestado.com\/danielmatos\/wp-json\/wp\/v2\/posts\/3582\/revisions"}],"wp:attachment":[{"href":"https:\/\/www.blogsoestado.com\/danielmatos\/wp-json\/wp\/v2\/media?parent=3582"}],"wp:term":[{"taxonomy":"category","embeddable":true,"href":"https:\/\/www.blogsoestado.com\/danielmatos\/wp-json\/wp\/v2\/categories?post=3582"},{"taxonomy":"post_tag","embeddable":true,"href":"https:\/\/www.blogsoestado.com\/danielmatos\/wp-json\/wp\/v2\/tags?post=3582"}],"curies":[{"name":"wp","href":"https:\/\/api.w.org\/{rel}","templated":true}]}}