{"id":3591,"date":"2012-01-31T11:09:40","date_gmt":"2012-01-31T13:09:40","guid":{"rendered":"https:\/\/www.blogsoestado.com\/danielmatos\/?p=3591"},"modified":"2012-01-31T11:09:40","modified_gmt":"2012-01-31T13:09:40","slug":"bia-venancio-abre-semana-pedagogica-com-anuncio-de-abono-a-professores-e-conjunto-residencial-para-funcionarios","status":"publish","type":"post","link":"https:\/\/www.blogsoestado.com\/danielmatos\/bia-venancio-abre-semana-pedagogica-com-anuncio-de-abono-a-professores-e-conjunto-residencial-para-funcionarios\/","title":{"rendered":"Bia Ven\u00e2ncio abre semana pedag\u00f3gica com an\u00fancio de abono a professores e conjunto residencial para servidores"},"content":{"rendered":"<figure id=\"attachment_3592\" aria-describedby=\"caption-attachment-3592\" style=\"width: 300px\" class=\"wp-caption alignleft\"><a rel=\"attachment wp-att-3592\" href=\"https:\/\/www.blogsoestado.com\/danielmatos\/2012\/01\/31\/bia-venancio-abre-semana-pedagogica-com-anuncio-de-abono-a-professores-e-conjunto-residencial-para-funcionarios\/bia-venancio-educa\/\"><img fetchpriority=\"high\" decoding=\"async\" class=\"size-medium wp-image-3592\" src=\"https:\/\/www.blogsoestado.com\/danielmatos\/files\/2012\/01\/bia-venancio-educa-300x200.jpg\" alt=\"\" width=\"300\" height=\"200\" \/><\/a><figcaption id=\"caption-attachment-3592\" class=\"wp-caption-text\">Bia discursa e \u00e9 cumprimentada por Am\u00e9lia Carvalho <\/figcaption><\/figure>\n<p>Foi aberta nesta segunda-feira,\u00a0em Pa\u00e7o do Lumiar, a Semana Pedag\u00f3gica, realizada pela Secretaria Municipal de Educa\u00e7\u00e3o. O evento\u00a0visa promover o interc\u00e2mbio entre todos os professores, gestores e coordenadores da rede municipal de ensino, para propiciar a troca de experi\u00eancia entre o corpo docente. Durante a cerim\u00f4nia, a prefeita anunciou o pagamento de um abono a todos os professores e uma parceria com a Caixa Econ\u00f4mica para constru\u00e7\u00e3o de um conjunto residencial para funcion\u00e1rios p\u00fablicos luminenses.<\/p>\n<p>A abertura da Semana Pedag\u00f3gica aconteceu no Gin\u00e1sio Ciric\u00e3o, na sede do munic\u00edpio, e contou com a presen\u00e7a de todos os funcion\u00e1rios da Secretaria Municipal de Educa\u00e7\u00e3o.\u00a0Cerca de 800 pessoas\u00a0comapareceram ao evento, que contou tamb\u00e9m com a participa\u00e7\u00e3o da prefeita Bia Ven\u00e2ncio\u00a0e\u00a0presidente da C\u00e2mara\u00a0Municipal, vereador Alderico Campo. Palestras\u00a0proferidas por\u00a0professores convidados e uma apresenta\u00e7\u00e3o cultural com o Boi da Maioba marcaram a solenidade.<\/p>\n<p>Na ocasi\u00e3o, a secret\u00e1ria municipal\u00a0de Educa\u00e7\u00e3o, Am\u00e9lia Carvalho, destacou a responsabilidade de comandar\u00a0o ensino p\u00fablico\u00a0em um munic\u00edpio como Pa\u00e7o do Lumiar. Ela se\u00a0disse\u00a0feliz por ter sido\u00a0convidada pela prefeita a ocupar o cargo e\u00a0encarar o desafio, que at\u00e9 hoje tem sido\u00a0marcado\u00a0por vit\u00f3rias.<\/p>\n<p><strong>Cronograma<\/strong><\/p>\n<p>Am\u00e9lia prometeu iniciar o ano letivo na data programa. A secret\u00e1ria informou que os alunos das escolas que passam por reforma\u00a0ser\u00e3o remanejados para outras salas de aula. Ela lembrou que um dos lemas da sua\u00a0gest\u00e3o \u00e9 \u201cVamos Construir Juntos\u201d, usado para integrar todos em prol da qualidade dos servi\u00e7os na \u00e1rea de educa\u00e7\u00e3o.<\/p>\n<figure id=\"attachment_3594\" aria-describedby=\"caption-attachment-3594\" style=\"width: 300px\" class=\"wp-caption alignright\"><a rel=\"attachment wp-att-3594\" href=\"https:\/\/www.blogsoestado.com\/danielmatos\/2012\/01\/31\/bia-venancio-abre-semana-pedagogica-com-anuncio-de-abono-a-professores-e-conjunto-residencial-para-funcionarios\/bia-venancio-educa2-2\/\"><img decoding=\"async\" class=\"size-medium wp-image-3594\" src=\"https:\/\/www.blogsoestado.com\/danielmatos\/files\/2012\/01\/bia-venancio-educa21-300x200.jpg\" alt=\"\" width=\"300\" height=\"200\" \/><\/a><figcaption id=\"caption-attachment-3594\" class=\"wp-caption-text\">Centenas de professores prestigiaram cerim\u00f4nia<\/figcaption><\/figure>\n<p>Em seu discurso,\u00a0a prefeita Bia Ven\u00e2ncio vibrou de felicidade\u00a0e orgulho por constatar os resultados positivos\u00a0de seu trabalho\u00a0\u00e0 frente da administra\u00e7\u00e3o de Pa\u00e7o do Lumiar, mesmo depois de ter levado tanta \u201cporrada\u201d. Ela se disse satisfeita\u00a0ter mulheres como a maioria dos presentes. Bia\u00a0ressaltou\u00a0que\u00a0sua gest\u00e3o \u00e9 feita\u00a0com amor, carinho, respeito e comprometimento com o social.<\/p>\n<p>Ainda em seu pronunciamento, a prefeita pediu para que os professores tratem seus alunos como filhos e entrem em sala de aula com o sentimento materno nos cora\u00e7\u00f5es.<\/p>\n<p><strong>Boas not\u00edcias<\/strong><\/p>\n<p>Por fim,\u00a0Bia Ven\u00e2ncio deu\u00a0uma not\u00edcia que alegrou todos os professores. Ela informou que\u00a0em janeiro todos os\u00a0docentes, efetivos e contratados,\u00a0receber\u00e3o um abono salarial equivalente ao seu sal\u00e1rio e anunciou\u00a0que a prefeitura de Pa\u00e7o do Lumiar est\u00e1 firmando parceria com a Caixa Econ\u00f4mica Federal para a constru\u00e7\u00e3o de um conjunto habitacional para os funcion\u00e1rios p\u00fablicos de Pa\u00e7o do Lumiar.<\/p>\n<p>A Semana Pedag\u00f3gica\u00a0se estender\u00e1\u00a0at\u00e9 a pr\u00f3xima sexta-feira, em todas as localidades do munic\u00edpio. S\u00e3o mais de 450 pessoas envolvidas, sob o comando da secret\u00e1ria Maria Am\u00e9lia Carvalho e sua equipe.<\/p>\n","protected":false},"excerpt":{"rendered":"<p>Foi aberta nesta segunda-feira,\u00a0em Pa\u00e7o do Lumiar, a Semana Pedag\u00f3gica, realizada pela Secretaria Municipal de Educa\u00e7\u00e3o. O evento\u00a0visa promover o [&hellip;]<\/p>\n","protected":false},"author":0,"featured_media":0,"comment_status":"open","ping_status":"open","sticky":false,"template":"","format":"standard","meta":{"site-sidebar-layout":"default","site-content-layout":"","ast-site-content-layout":"default","site-content-style":"default","site-sidebar-style":"default","ast-global-header-display":"","ast-banner-title-visibility":"","ast-main-header-display":"","ast-hfb-above-header-display":"","ast-hfb-below-header-display":"","ast-hfb-mobile-header-display":"","site-post-title":"","ast-breadcrumbs-content":"","ast-featured-img":"","footer-sml-layout":"","ast-disable-related-posts":"","theme-transparent-header-meta":"","adv-header-id-meta":"","stick-header-meta":"","header-above-stick-meta":"","header-main-stick-meta":"","header-below-stick-meta":"","astra-migrate-meta-layouts":"default","ast-page-background-enabled":"default","ast-page-background-meta":{"desktop":{"background-color":"var(--ast-global-color-5)","background-image":"","background-repeat":"repeat","background-position":"center center","background-size":"auto","background-attachment":"scroll","background-type":"","background-media":"","overlay-type":"","overlay-color":"","overlay-opacity":"","overlay-gradient":""},"tablet":{"background-color":"","background-image":"","background-repeat":"repeat","background-position":"center center","background-size":"auto","background-attachment":"scroll","background-type":"","background-media":"","overlay-type":"","overlay-color":"","overlay-opacity":"","overlay-gradient":""},"mobile":{"background-color":"","background-image":"","background-repeat":"repeat","background-position":"center center","background-size":"auto","background-attachment":"scroll","background-type":"","background-media":"","overlay-type":"","overlay-color":"","overlay-opacity":"","overlay-gradient":""}},"ast-content-background-meta":{"desktop":{"background-color":"var(--ast-global-color-4)","background-image":"","background-repeat":"repeat","background-position":"center center","background-size":"auto","background-attachment":"scroll","background-type":"","background-media":"","overlay-type":"","overlay-color":"","overlay-opacity":"","overlay-gradient":""},"tablet":{"background-color":"var(--ast-global-color-4)","background-image":"","background-repeat":"repeat","background-position":"center center","background-size":"auto","background-attachment":"scroll","background-type":"","background-media":"","overlay-type":"","overlay-color":"","overlay-opacity":"","overlay-gradient":""},"mobile":{"background-color":"var(--ast-global-color-4)","background-image":"","background-repeat":"repeat","background-position":"center center","background-size":"auto","background-attachment":"scroll","background-type":"","background-media":"","overlay-type":"","overlay-color":"","overlay-opacity":"","overlay-gradient":""}},"footnotes":""},"categories":[1],"tags":[],"class_list":["post-3591","post","type-post","status-publish","format-standard","hentry","category-sem-categoria"],"yoast_head":"<!-- This site is optimized with the Yoast SEO plugin v26.6 - https:\/\/yoast.com\/wordpress\/plugins\/seo\/ -->\n<title>Bia Ven\u00e2ncio abre semana pedag\u00f3gica com an\u00fancio de abono a professores e conjunto residencial para servidores - Daniel Matos<\/title>\n<meta name=\"robots\" content=\"index, follow, max-snippet:-1, max-image-preview:large, max-video-preview:-1\" \/>\n<link rel=\"canonical\" href=\"https:\/\/www.blogsoestado.com\/danielmatos\/bia-venancio-abre-semana-pedagogica-com-anuncio-de-abono-a-professores-e-conjunto-residencial-para-funcionarios\/\" \/>\n<meta property=\"og:locale\" content=\"pt_BR\" \/>\n<meta property=\"og:type\" content=\"article\" \/>\n<meta property=\"og:title\" content=\"Bia Ven\u00e2ncio abre semana pedag\u00f3gica com an\u00fancio de abono a professores e conjunto residencial para servidores - Daniel Matos\" \/>\n<meta property=\"og:description\" content=\"Foi aberta nesta segunda-feira,\u00a0em Pa\u00e7o do Lumiar, a Semana Pedag\u00f3gica, realizada pela Secretaria Municipal de Educa\u00e7\u00e3o. O evento\u00a0visa promover o [&hellip;]\" \/>\n<meta property=\"og:url\" content=\"https:\/\/www.blogsoestado.com\/danielmatos\/bia-venancio-abre-semana-pedagogica-com-anuncio-de-abono-a-professores-e-conjunto-residencial-para-funcionarios\/\" \/>\n<meta property=\"og:site_name\" content=\"Daniel Matos\" \/>\n<meta property=\"article:published_time\" content=\"2012-01-31T13:09:40+00:00\" \/>\n<meta property=\"og:image\" content=\"https:\/\/www.blogsoestado.com\/danielmatos\/files\/2012\/01\/bia-venancio-educa-300x200.jpg\" \/>\n<meta name=\"twitter:card\" content=\"summary_large_image\" \/>\n<meta name=\"twitter:label1\" content=\"Est. tempo de leitura\" \/>\n\t<meta name=\"twitter:data1\" content=\"3 minutos\" \/>\n<script type=\"application\/ld+json\" class=\"yoast-schema-graph\">{\"@context\":\"https:\/\/schema.org\",\"@graph\":[{\"@type\":\"WebPage\",\"@id\":\"https:\/\/www.blogsoestado.com\/danielmatos\/bia-venancio-abre-semana-pedagogica-com-anuncio-de-abono-a-professores-e-conjunto-residencial-para-funcionarios\/\",\"url\":\"https:\/\/www.blogsoestado.com\/danielmatos\/bia-venancio-abre-semana-pedagogica-com-anuncio-de-abono-a-professores-e-conjunto-residencial-para-funcionarios\/\",\"name\":\"Bia Ven\u00e2ncio abre semana pedag\u00f3gica com an\u00fancio de abono a professores e conjunto residencial para servidores - Daniel Matos\",\"isPartOf\":{\"@id\":\"https:\/\/www.blogsoestado.com\/danielmatos\/#website\"},\"primaryImageOfPage\":{\"@id\":\"https:\/\/www.blogsoestado.com\/danielmatos\/bia-venancio-abre-semana-pedagogica-com-anuncio-de-abono-a-professores-e-conjunto-residencial-para-funcionarios\/#primaryimage\"},\"image\":{\"@id\":\"https:\/\/www.blogsoestado.com\/danielmatos\/bia-venancio-abre-semana-pedagogica-com-anuncio-de-abono-a-professores-e-conjunto-residencial-para-funcionarios\/#primaryimage\"},\"thumbnailUrl\":\"https:\/\/www.blogsoestado.com\/danielmatos\/files\/2012\/01\/bia-venancio-educa-300x200.jpg\",\"datePublished\":\"2012-01-31T13:09:40+00:00\",\"author\":{\"@id\":\"\"},\"breadcrumb\":{\"@id\":\"https:\/\/www.blogsoestado.com\/danielmatos\/bia-venancio-abre-semana-pedagogica-com-anuncio-de-abono-a-professores-e-conjunto-residencial-para-funcionarios\/#breadcrumb\"},\"inLanguage\":\"pt-BR\",\"potentialAction\":[{\"@type\":\"ReadAction\",\"target\":[\"https:\/\/www.blogsoestado.com\/danielmatos\/bia-venancio-abre-semana-pedagogica-com-anuncio-de-abono-a-professores-e-conjunto-residencial-para-funcionarios\/\"]}]},{\"@type\":\"ImageObject\",\"inLanguage\":\"pt-BR\",\"@id\":\"https:\/\/www.blogsoestado.com\/danielmatos\/bia-venancio-abre-semana-pedagogica-com-anuncio-de-abono-a-professores-e-conjunto-residencial-para-funcionarios\/#primaryimage\",\"url\":\"https:\/\/www.blogsoestado.com\/danielmatos\/files\/2012\/01\/bia-venancio-educa-300x200.jpg\",\"contentUrl\":\"https:\/\/www.blogsoestado.com\/danielmatos\/files\/2012\/01\/bia-venancio-educa-300x200.jpg\"},{\"@type\":\"BreadcrumbList\",\"@id\":\"https:\/\/www.blogsoestado.com\/danielmatos\/bia-venancio-abre-semana-pedagogica-com-anuncio-de-abono-a-professores-e-conjunto-residencial-para-funcionarios\/#breadcrumb\",\"itemListElement\":[{\"@type\":\"ListItem\",\"position\":1,\"name\":\"In\u00edcio\",\"item\":\"https:\/\/www.blogsoestado.com\/danielmatos\/\"},{\"@type\":\"ListItem\",\"position\":2,\"name\":\"Bia Ven\u00e2ncio abre semana pedag\u00f3gica com an\u00fancio de abono a professores e conjunto residencial para servidores\"}]},{\"@type\":\"WebSite\",\"@id\":\"https:\/\/www.blogsoestado.com\/danielmatos\/#website\",\"url\":\"https:\/\/www.blogsoestado.com\/danielmatos\/\",\"name\":\"Daniel Matos\",\"description\":\"\",\"potentialAction\":[{\"@type\":\"SearchAction\",\"target\":{\"@type\":\"EntryPoint\",\"urlTemplate\":\"https:\/\/www.blogsoestado.com\/danielmatos\/?s={search_term_string}\"},\"query-input\":{\"@type\":\"PropertyValueSpecification\",\"valueRequired\":true,\"valueName\":\"search_term_string\"}}],\"inLanguage\":\"pt-BR\"}]}<\/script>\n<!-- \/ Yoast SEO plugin. -->","yoast_head_json":{"title":"Bia Ven\u00e2ncio abre semana pedag\u00f3gica com an\u00fancio de abono a professores e conjunto residencial para servidores - Daniel Matos","robots":{"index":"index","follow":"follow","max-snippet":"max-snippet:-1","max-image-preview":"max-image-preview:large","max-video-preview":"max-video-preview:-1"},"canonical":"https:\/\/www.blogsoestado.com\/danielmatos\/bia-venancio-abre-semana-pedagogica-com-anuncio-de-abono-a-professores-e-conjunto-residencial-para-funcionarios\/","og_locale":"pt_BR","og_type":"article","og_title":"Bia Ven\u00e2ncio abre semana pedag\u00f3gica com an\u00fancio de abono a professores e conjunto residencial para servidores - Daniel Matos","og_description":"Foi aberta nesta segunda-feira,\u00a0em Pa\u00e7o do Lumiar, a Semana Pedag\u00f3gica, realizada pela Secretaria Municipal de Educa\u00e7\u00e3o. O evento\u00a0visa promover o [&hellip;]","og_url":"https:\/\/www.blogsoestado.com\/danielmatos\/bia-venancio-abre-semana-pedagogica-com-anuncio-de-abono-a-professores-e-conjunto-residencial-para-funcionarios\/","og_site_name":"Daniel Matos","article_published_time":"2012-01-31T13:09:40+00:00","og_image":[{"url":"https:\/\/www.blogsoestado.com\/danielmatos\/files\/2012\/01\/bia-venancio-educa-300x200.jpg","type":"","width":"","height":""}],"twitter_card":"summary_large_image","twitter_misc":{"Est. tempo de leitura":"3 minutos"},"schema":{"@context":"https:\/\/schema.org","@graph":[{"@type":"WebPage","@id":"https:\/\/www.blogsoestado.com\/danielmatos\/bia-venancio-abre-semana-pedagogica-com-anuncio-de-abono-a-professores-e-conjunto-residencial-para-funcionarios\/","url":"https:\/\/www.blogsoestado.com\/danielmatos\/bia-venancio-abre-semana-pedagogica-com-anuncio-de-abono-a-professores-e-conjunto-residencial-para-funcionarios\/","name":"Bia Ven\u00e2ncio abre semana pedag\u00f3gica com an\u00fancio de abono a professores e conjunto residencial para servidores - Daniel Matos","isPartOf":{"@id":"https:\/\/www.blogsoestado.com\/danielmatos\/#website"},"primaryImageOfPage":{"@id":"https:\/\/www.blogsoestado.com\/danielmatos\/bia-venancio-abre-semana-pedagogica-com-anuncio-de-abono-a-professores-e-conjunto-residencial-para-funcionarios\/#primaryimage"},"image":{"@id":"https:\/\/www.blogsoestado.com\/danielmatos\/bia-venancio-abre-semana-pedagogica-com-anuncio-de-abono-a-professores-e-conjunto-residencial-para-funcionarios\/#primaryimage"},"thumbnailUrl":"https:\/\/www.blogsoestado.com\/danielmatos\/files\/2012\/01\/bia-venancio-educa-300x200.jpg","datePublished":"2012-01-31T13:09:40+00:00","author":{"@id":""},"breadcrumb":{"@id":"https:\/\/www.blogsoestado.com\/danielmatos\/bia-venancio-abre-semana-pedagogica-com-anuncio-de-abono-a-professores-e-conjunto-residencial-para-funcionarios\/#breadcrumb"},"inLanguage":"pt-BR","potentialAction":[{"@type":"ReadAction","target":["https:\/\/www.blogsoestado.com\/danielmatos\/bia-venancio-abre-semana-pedagogica-com-anuncio-de-abono-a-professores-e-conjunto-residencial-para-funcionarios\/"]}]},{"@type":"ImageObject","inLanguage":"pt-BR","@id":"https:\/\/www.blogsoestado.com\/danielmatos\/bia-venancio-abre-semana-pedagogica-com-anuncio-de-abono-a-professores-e-conjunto-residencial-para-funcionarios\/#primaryimage","url":"https:\/\/www.blogsoestado.com\/danielmatos\/files\/2012\/01\/bia-venancio-educa-300x200.jpg","contentUrl":"https:\/\/www.blogsoestado.com\/danielmatos\/files\/2012\/01\/bia-venancio-educa-300x200.jpg"},{"@type":"BreadcrumbList","@id":"https:\/\/www.blogsoestado.com\/danielmatos\/bia-venancio-abre-semana-pedagogica-com-anuncio-de-abono-a-professores-e-conjunto-residencial-para-funcionarios\/#breadcrumb","itemListElement":[{"@type":"ListItem","position":1,"name":"In\u00edcio","item":"https:\/\/www.blogsoestado.com\/danielmatos\/"},{"@type":"ListItem","position":2,"name":"Bia Ven\u00e2ncio abre semana pedag\u00f3gica com an\u00fancio de abono a professores e conjunto residencial para servidores"}]},{"@type":"WebSite","@id":"https:\/\/www.blogsoestado.com\/danielmatos\/#website","url":"https:\/\/www.blogsoestado.com\/danielmatos\/","name":"Daniel Matos","description":"","potentialAction":[{"@type":"SearchAction","target":{"@type":"EntryPoint","urlTemplate":"https:\/\/www.blogsoestado.com\/danielmatos\/?s={search_term_string}"},"query-input":{"@type":"PropertyValueSpecification","valueRequired":true,"valueName":"search_term_string"}}],"inLanguage":"pt-BR"}]}},"jetpack_featured_media_url":"","_links":{"self":[{"href":"https:\/\/www.blogsoestado.com\/danielmatos\/wp-json\/wp\/v2\/posts\/3591","targetHints":{"allow":["GET"]}}],"collection":[{"href":"https:\/\/www.blogsoestado.com\/danielmatos\/wp-json\/wp\/v2\/posts"}],"about":[{"href":"https:\/\/www.blogsoestado.com\/danielmatos\/wp-json\/wp\/v2\/types\/post"}],"replies":[{"embeddable":true,"href":"https:\/\/www.blogsoestado.com\/danielmatos\/wp-json\/wp\/v2\/comments?post=3591"}],"version-history":[{"count":0,"href":"https:\/\/www.blogsoestado.com\/danielmatos\/wp-json\/wp\/v2\/posts\/3591\/revisions"}],"wp:attachment":[{"href":"https:\/\/www.blogsoestado.com\/danielmatos\/wp-json\/wp\/v2\/media?parent=3591"}],"wp:term":[{"taxonomy":"category","embeddable":true,"href":"https:\/\/www.blogsoestado.com\/danielmatos\/wp-json\/wp\/v2\/categories?post=3591"},{"taxonomy":"post_tag","embeddable":true,"href":"https:\/\/www.blogsoestado.com\/danielmatos\/wp-json\/wp\/v2\/tags?post=3591"}],"curies":[{"name":"wp","href":"https:\/\/api.w.org\/{rel}","templated":true}]}}