{"id":3596,"date":"2012-01-31T13:11:58","date_gmt":"2012-01-31T15:11:58","guid":{"rendered":"https:\/\/www.blogsoestado.com\/danielmatos\/?p=3596"},"modified":"2012-01-31T13:11:58","modified_gmt":"2012-01-31T15:11:58","slug":"tudo-pronto-para-o-show-do-exaltasamba-em-sao-luis","status":"publish","type":"post","link":"https:\/\/www.blogsoestado.com\/danielmatos\/tudo-pronto-para-o-show-do-exaltasamba-em-sao-luis\/","title":{"rendered":"Exaltasamba se despede de f\u00e3s com show em S\u00e3o Lu\u00eds"},"content":{"rendered":"<p><a rel=\"attachment wp-att-3597\" href=\"https:\/\/www.blogsoestado.com\/danielmatos\/2012\/01\/31\/tudo-pronto-para-o-show-do-exaltasamba-em-sao-luis\/exaltasamba\/\"><img decoding=\"async\" class=\"alignleft size-full wp-image-3597\" src=\"https:\/\/www.blogsoestado.com\/danielmatos\/files\/2012\/01\/exaltasamba.jpg\" alt=\"\" width=\"173\" height=\"173\" \/><\/a>O grupo Exaltasamba se despedir\u00e1 dos f\u00e3s com um grande show em S\u00e3o Lu\u00eds.\u00a0O espet\u00e1culo, que marcar\u00e1 o lan\u00e7amento das carreiras solo de Thiaguinho e P\u00e9ricles, acontecer\u00e1 dia 4 de fevereiro (s\u00e1bado), na casa de shows Batuque Brasil, no bairro Cohama.<\/p>\n<p>A megafesta marca a despedida do grupo, que j\u00e1 tem mais de 20 anos de carreira, com cerca de 10 milh\u00f5es de\u00a0discos vendidos. O Exaltasamba \u00e9 formado hoje por P\u00e9ricles (banjo e vocal), Thiaguinho (banjo e vocal), Pinha (repique de m\u00e3o), Brilhantina (cavaco) e Thell (tant\u00e3). Dentre as m\u00fasicas mais recentes do grupo est\u00e3o: \u201cT\u00e1 vendo aquela lua\u201d, \u201cQuero ter voc\u00ea\u201d e \u201cUm minuto\u201d.<\/p>\n<p>Os f\u00e3s maranhenses prometem deixar a casa de shows pequena e aproveitar essa grande festa de despedida, que ser\u00e1 marcada\u00a0por muita\u00a0emo\u00e7\u00e3o.<\/p>\n<p>Dia: 04 de Fevereiro 2012 (S\u00e1bado)<br \/>\nHor\u00e1rio: 20h<br \/>\nOnde: Batuque Brasil &#8211; Cohama<\/p>\n","protected":false},"excerpt":{"rendered":"<p>O grupo Exaltasamba se despedir\u00e1 dos f\u00e3s com um grande show em S\u00e3o Lu\u00eds.\u00a0O espet\u00e1culo, que marcar\u00e1 o lan\u00e7amento das [&hellip;]<\/p>\n","protected":false},"author":0,"featured_media":0,"comment_status":"open","ping_status":"open","sticky":false,"template":"","format":"standard","meta":{"site-sidebar-layout":"default","site-content-layout":"","ast-site-content-layout":"default","site-content-style":"default","site-sidebar-style":"default","ast-global-header-display":"","ast-banner-title-visibility":"","ast-main-header-display":"","ast-hfb-above-header-display":"","ast-hfb-below-header-display":"","ast-hfb-mobile-header-display":"","site-post-title":"","ast-breadcrumbs-content":"","ast-featured-img":"","footer-sml-layout":"","ast-disable-related-posts":"","theme-transparent-header-meta":"","adv-header-id-meta":"","stick-header-meta":"","header-above-stick-meta":"","header-main-stick-meta":"","header-below-stick-meta":"","astra-migrate-meta-layouts":"default","ast-page-background-enabled":"default","ast-page-background-meta":{"desktop":{"background-color":"var(--ast-global-color-5)","background-image":"","background-repeat":"repeat","background-position":"center center","background-size":"auto","background-attachment":"scroll","background-type":"","background-media":"","overlay-type":"","overlay-color":"","overlay-opacity":"","overlay-gradient":""},"tablet":{"background-color":"","background-image":"","background-repeat":"repeat","background-position":"center center","background-size":"auto","background-attachment":"scroll","background-type":"","background-media":"","overlay-type":"","overlay-color":"","overlay-opacity":"","overlay-gradient":""},"mobile":{"background-color":"","background-image":"","background-repeat":"repeat","background-position":"center center","background-size":"auto","background-attachment":"scroll","background-type":"","background-media":"","overlay-type":"","overlay-color":"","overlay-opacity":"","overlay-gradient":""}},"ast-content-background-meta":{"desktop":{"background-color":"var(--ast-global-color-4)","background-image":"","background-repeat":"repeat","background-position":"center center","background-size":"auto","background-attachment":"scroll","background-type":"","background-media":"","overlay-type":"","overlay-color":"","overlay-opacity":"","overlay-gradient":""},"tablet":{"background-color":"var(--ast-global-color-4)","background-image":"","background-repeat":"repeat","background-position":"center center","background-size":"auto","background-attachment":"scroll","background-type":"","background-media":"","overlay-type":"","overlay-color":"","overlay-opacity":"","overlay-gradient":""},"mobile":{"background-color":"var(--ast-global-color-4)","background-image":"","background-repeat":"repeat","background-position":"center center","background-size":"auto","background-attachment":"scroll","background-type":"","background-media":"","overlay-type":"","overlay-color":"","overlay-opacity":"","overlay-gradient":""}},"footnotes":""},"categories":[1],"tags":[],"class_list":["post-3596","post","type-post","status-publish","format-standard","hentry","category-sem-categoria"],"yoast_head":"<!-- This site is optimized with the Yoast SEO plugin v26.6 - https:\/\/yoast.com\/wordpress\/plugins\/seo\/ -->\n<title>Exaltasamba se despede de f\u00e3s com show em S\u00e3o Lu\u00eds - Daniel Matos<\/title>\n<meta name=\"robots\" content=\"index, follow, max-snippet:-1, max-image-preview:large, max-video-preview:-1\" \/>\n<link rel=\"canonical\" href=\"https:\/\/www.blogsoestado.com\/danielmatos\/tudo-pronto-para-o-show-do-exaltasamba-em-sao-luis\/\" \/>\n<meta property=\"og:locale\" content=\"pt_BR\" \/>\n<meta property=\"og:type\" content=\"article\" \/>\n<meta property=\"og:title\" content=\"Exaltasamba se despede de f\u00e3s com show em S\u00e3o Lu\u00eds - Daniel Matos\" \/>\n<meta property=\"og:description\" content=\"O grupo Exaltasamba se despedir\u00e1 dos f\u00e3s com um grande show em S\u00e3o Lu\u00eds.\u00a0O espet\u00e1culo, que marcar\u00e1 o lan\u00e7amento das [&hellip;]\" \/>\n<meta property=\"og:url\" content=\"https:\/\/www.blogsoestado.com\/danielmatos\/tudo-pronto-para-o-show-do-exaltasamba-em-sao-luis\/\" \/>\n<meta property=\"og:site_name\" content=\"Daniel Matos\" \/>\n<meta property=\"article:published_time\" content=\"2012-01-31T15:11:58+00:00\" \/>\n<meta property=\"og:image\" content=\"https:\/\/www.blogsoestado.com\/danielmatos\/files\/2012\/01\/exaltasamba.jpg\" \/>\n<meta name=\"twitter:card\" content=\"summary_large_image\" \/>\n<meta name=\"twitter:label1\" content=\"Est. tempo de leitura\" \/>\n\t<meta name=\"twitter:data1\" content=\"1 minuto\" \/>\n<script type=\"application\/ld+json\" class=\"yoast-schema-graph\">{\"@context\":\"https:\/\/schema.org\",\"@graph\":[{\"@type\":\"WebPage\",\"@id\":\"https:\/\/www.blogsoestado.com\/danielmatos\/tudo-pronto-para-o-show-do-exaltasamba-em-sao-luis\/\",\"url\":\"https:\/\/www.blogsoestado.com\/danielmatos\/tudo-pronto-para-o-show-do-exaltasamba-em-sao-luis\/\",\"name\":\"Exaltasamba se despede de f\u00e3s com show em S\u00e3o Lu\u00eds - Daniel Matos\",\"isPartOf\":{\"@id\":\"https:\/\/www.blogsoestado.com\/danielmatos\/#website\"},\"primaryImageOfPage\":{\"@id\":\"https:\/\/www.blogsoestado.com\/danielmatos\/tudo-pronto-para-o-show-do-exaltasamba-em-sao-luis\/#primaryimage\"},\"image\":{\"@id\":\"https:\/\/www.blogsoestado.com\/danielmatos\/tudo-pronto-para-o-show-do-exaltasamba-em-sao-luis\/#primaryimage\"},\"thumbnailUrl\":\"https:\/\/www.blogsoestado.com\/danielmatos\/files\/2012\/01\/exaltasamba.jpg\",\"datePublished\":\"2012-01-31T15:11:58+00:00\",\"author\":{\"@id\":\"\"},\"breadcrumb\":{\"@id\":\"https:\/\/www.blogsoestado.com\/danielmatos\/tudo-pronto-para-o-show-do-exaltasamba-em-sao-luis\/#breadcrumb\"},\"inLanguage\":\"pt-BR\",\"potentialAction\":[{\"@type\":\"ReadAction\",\"target\":[\"https:\/\/www.blogsoestado.com\/danielmatos\/tudo-pronto-para-o-show-do-exaltasamba-em-sao-luis\/\"]}]},{\"@type\":\"ImageObject\",\"inLanguage\":\"pt-BR\",\"@id\":\"https:\/\/www.blogsoestado.com\/danielmatos\/tudo-pronto-para-o-show-do-exaltasamba-em-sao-luis\/#primaryimage\",\"url\":\"https:\/\/www.blogsoestado.com\/danielmatos\/files\/2012\/01\/exaltasamba.jpg\",\"contentUrl\":\"https:\/\/www.blogsoestado.com\/danielmatos\/files\/2012\/01\/exaltasamba.jpg\"},{\"@type\":\"BreadcrumbList\",\"@id\":\"https:\/\/www.blogsoestado.com\/danielmatos\/tudo-pronto-para-o-show-do-exaltasamba-em-sao-luis\/#breadcrumb\",\"itemListElement\":[{\"@type\":\"ListItem\",\"position\":1,\"name\":\"In\u00edcio\",\"item\":\"https:\/\/www.blogsoestado.com\/danielmatos\/\"},{\"@type\":\"ListItem\",\"position\":2,\"name\":\"Exaltasamba se despede de f\u00e3s com show em S\u00e3o Lu\u00eds\"}]},{\"@type\":\"WebSite\",\"@id\":\"https:\/\/www.blogsoestado.com\/danielmatos\/#website\",\"url\":\"https:\/\/www.blogsoestado.com\/danielmatos\/\",\"name\":\"Daniel Matos\",\"description\":\"\",\"potentialAction\":[{\"@type\":\"SearchAction\",\"target\":{\"@type\":\"EntryPoint\",\"urlTemplate\":\"https:\/\/www.blogsoestado.com\/danielmatos\/?s={search_term_string}\"},\"query-input\":{\"@type\":\"PropertyValueSpecification\",\"valueRequired\":true,\"valueName\":\"search_term_string\"}}],\"inLanguage\":\"pt-BR\"}]}<\/script>\n<!-- \/ Yoast SEO plugin. -->","yoast_head_json":{"title":"Exaltasamba se despede de f\u00e3s com show em S\u00e3o Lu\u00eds - Daniel Matos","robots":{"index":"index","follow":"follow","max-snippet":"max-snippet:-1","max-image-preview":"max-image-preview:large","max-video-preview":"max-video-preview:-1"},"canonical":"https:\/\/www.blogsoestado.com\/danielmatos\/tudo-pronto-para-o-show-do-exaltasamba-em-sao-luis\/","og_locale":"pt_BR","og_type":"article","og_title":"Exaltasamba se despede de f\u00e3s com show em S\u00e3o Lu\u00eds - Daniel Matos","og_description":"O grupo Exaltasamba se despedir\u00e1 dos f\u00e3s com um grande show em S\u00e3o Lu\u00eds.\u00a0O espet\u00e1culo, que marcar\u00e1 o lan\u00e7amento das [&hellip;]","og_url":"https:\/\/www.blogsoestado.com\/danielmatos\/tudo-pronto-para-o-show-do-exaltasamba-em-sao-luis\/","og_site_name":"Daniel Matos","article_published_time":"2012-01-31T15:11:58+00:00","og_image":[{"url":"https:\/\/www.blogsoestado.com\/danielmatos\/files\/2012\/01\/exaltasamba.jpg","type":"","width":"","height":""}],"twitter_card":"summary_large_image","twitter_misc":{"Est. tempo de leitura":"1 minuto"},"schema":{"@context":"https:\/\/schema.org","@graph":[{"@type":"WebPage","@id":"https:\/\/www.blogsoestado.com\/danielmatos\/tudo-pronto-para-o-show-do-exaltasamba-em-sao-luis\/","url":"https:\/\/www.blogsoestado.com\/danielmatos\/tudo-pronto-para-o-show-do-exaltasamba-em-sao-luis\/","name":"Exaltasamba se despede de f\u00e3s com show em S\u00e3o Lu\u00eds - Daniel Matos","isPartOf":{"@id":"https:\/\/www.blogsoestado.com\/danielmatos\/#website"},"primaryImageOfPage":{"@id":"https:\/\/www.blogsoestado.com\/danielmatos\/tudo-pronto-para-o-show-do-exaltasamba-em-sao-luis\/#primaryimage"},"image":{"@id":"https:\/\/www.blogsoestado.com\/danielmatos\/tudo-pronto-para-o-show-do-exaltasamba-em-sao-luis\/#primaryimage"},"thumbnailUrl":"https:\/\/www.blogsoestado.com\/danielmatos\/files\/2012\/01\/exaltasamba.jpg","datePublished":"2012-01-31T15:11:58+00:00","author":{"@id":""},"breadcrumb":{"@id":"https:\/\/www.blogsoestado.com\/danielmatos\/tudo-pronto-para-o-show-do-exaltasamba-em-sao-luis\/#breadcrumb"},"inLanguage":"pt-BR","potentialAction":[{"@type":"ReadAction","target":["https:\/\/www.blogsoestado.com\/danielmatos\/tudo-pronto-para-o-show-do-exaltasamba-em-sao-luis\/"]}]},{"@type":"ImageObject","inLanguage":"pt-BR","@id":"https:\/\/www.blogsoestado.com\/danielmatos\/tudo-pronto-para-o-show-do-exaltasamba-em-sao-luis\/#primaryimage","url":"https:\/\/www.blogsoestado.com\/danielmatos\/files\/2012\/01\/exaltasamba.jpg","contentUrl":"https:\/\/www.blogsoestado.com\/danielmatos\/files\/2012\/01\/exaltasamba.jpg"},{"@type":"BreadcrumbList","@id":"https:\/\/www.blogsoestado.com\/danielmatos\/tudo-pronto-para-o-show-do-exaltasamba-em-sao-luis\/#breadcrumb","itemListElement":[{"@type":"ListItem","position":1,"name":"In\u00edcio","item":"https:\/\/www.blogsoestado.com\/danielmatos\/"},{"@type":"ListItem","position":2,"name":"Exaltasamba se despede de f\u00e3s com show em S\u00e3o Lu\u00eds"}]},{"@type":"WebSite","@id":"https:\/\/www.blogsoestado.com\/danielmatos\/#website","url":"https:\/\/www.blogsoestado.com\/danielmatos\/","name":"Daniel Matos","description":"","potentialAction":[{"@type":"SearchAction","target":{"@type":"EntryPoint","urlTemplate":"https:\/\/www.blogsoestado.com\/danielmatos\/?s={search_term_string}"},"query-input":{"@type":"PropertyValueSpecification","valueRequired":true,"valueName":"search_term_string"}}],"inLanguage":"pt-BR"}]}},"jetpack_featured_media_url":"","_links":{"self":[{"href":"https:\/\/www.blogsoestado.com\/danielmatos\/wp-json\/wp\/v2\/posts\/3596","targetHints":{"allow":["GET"]}}],"collection":[{"href":"https:\/\/www.blogsoestado.com\/danielmatos\/wp-json\/wp\/v2\/posts"}],"about":[{"href":"https:\/\/www.blogsoestado.com\/danielmatos\/wp-json\/wp\/v2\/types\/post"}],"replies":[{"embeddable":true,"href":"https:\/\/www.blogsoestado.com\/danielmatos\/wp-json\/wp\/v2\/comments?post=3596"}],"version-history":[{"count":0,"href":"https:\/\/www.blogsoestado.com\/danielmatos\/wp-json\/wp\/v2\/posts\/3596\/revisions"}],"wp:attachment":[{"href":"https:\/\/www.blogsoestado.com\/danielmatos\/wp-json\/wp\/v2\/media?parent=3596"}],"wp:term":[{"taxonomy":"category","embeddable":true,"href":"https:\/\/www.blogsoestado.com\/danielmatos\/wp-json\/wp\/v2\/categories?post=3596"},{"taxonomy":"post_tag","embeddable":true,"href":"https:\/\/www.blogsoestado.com\/danielmatos\/wp-json\/wp\/v2\/tags?post=3596"}],"curies":[{"name":"wp","href":"https:\/\/api.w.org\/{rel}","templated":true}]}}