{"id":3598,"date":"2012-01-31T16:56:11","date_gmt":"2012-01-31T18:56:11","guid":{"rendered":"https:\/\/www.blogsoestado.com\/danielmatos\/?p=3598"},"modified":"2012-01-31T16:56:11","modified_gmt":"2012-01-31T18:56:11","slug":"policia-divulga-nomes-de-2-dos-3-jogadores-da-selecao-de-futsal-que-agrediram-hospede-no-praiamar","status":"publish","type":"post","link":"https:\/\/www.blogsoestado.com\/danielmatos\/policia-divulga-nomes-de-2-dos-3-jogadores-da-selecao-de-futsal-que-agrediram-hospede-no-praiamar\/","title":{"rendered":"Pol\u00edcia divulga nomes de 2 dos 3 jogadores da Sele\u00e7\u00e3o de Futsal que agrediram h\u00f3spede no Praiamar"},"content":{"rendered":"<figure id=\"attachment_3601\" aria-describedby=\"caption-attachment-3601\" style=\"width: 188px\" class=\"wp-caption alignleft\"><a rel=\"attachment wp-att-3601\" href=\"https:\/\/www.blogsoestado.com\/danielmatos\/2012\/01\/31\/policia-divulga-nomes-de-2-dos-3-jogadores-da-selecao-de-futsal-que-agrediram-hospede-no-praiamar\/lukaian\/\"><img decoding=\"async\" class=\"size-full wp-image-3601\" src=\"https:\/\/www.blogsoestado.com\/danielmatos\/files\/2012\/01\/lukaian.jpg\" alt=\"\" width=\"188\" height=\"192\" \/><\/a><figcaption id=\"caption-attachment-3601\" class=\"wp-caption-text\">O piv\u00f4 da sele\u00e7\u00e3o Lukaian ...<\/figcaption><\/figure>\n<p>O superintendente de Pol\u00edcia Civil da Capital, Sebasti\u00e3o Uchoa, divulgou hoje os nomes de dois dos tr\u00eas jogadores de Sele\u00e7\u00e3o\u00a0Brasileira de Futsal que agrediram um h\u00f3spede na madrugada de ontem, no\u00a0Hotel Praiamar, na\u00a0Ponta d&#8217;Areia. Com base\u00a0em imagens captadas pelo circuito interno de TV do hotel e\u00a0em fotografias apresentadas \u00e0\u00a0v\u00edtima, Elias da Silva Leite, 18 anos, foram identificados o\u00a0ala\u00a0Gadeia e o piv\u00f4 Lukaian como autores da agress\u00e3o. O terceiro envolvido\u00a0seria o fixo Ci\u00e7o, que tamb\u00e9m chegou a ser apontado como autor ap\u00f3s a exibi\u00e7\u00e3o das imagens.<\/p>\n<p>Elias\u00a0registrou ocorr\u00eancia ontem\u00a0\u00e0 tarde, no 9\u00ba Distrito Policial, no S\u00e3o Francisco. Segundo Sebasti\u00e3o Uchoa, ser\u00e1 lavrado um termo circunstanciado de ocorr\u00eancia contra os atletas, o que poder\u00e1 resultar, no m\u00e1ximo, em uma multa. O presidente da Confedera\u00e7\u00e3o Brasileira de Futsal (CBFS), A\u00e9cio de Borba, respons\u00e1vel pela delega\u00e7\u00e3o que veio a S\u00e3o Lu\u00eds para o jogo com a\u00a0Sele\u00e7\u00e3o Maranhense, ser\u00e1 o \u00fanico a depor. Ele ser\u00e1 intimado por meio de carta precat\u00f3ria.<\/p>\n<figure id=\"attachment_3602\" aria-describedby=\"caption-attachment-3602\" style=\"width: 150px\" class=\"wp-caption alignright\"><a rel=\"attachment wp-att-3602\" href=\"https:\/\/www.blogsoestado.com\/danielmatos\/2012\/01\/31\/policia-divulga-nomes-de-2-dos-3-jogadores-da-selecao-de-futsal-que-agrediram-hospede-no-praiamar\/gadeia\/\"><img decoding=\"async\" class=\"size-thumbnail wp-image-3602\" src=\"https:\/\/www.blogsoestado.com\/danielmatos\/files\/2012\/01\/gadeia-150x150.jpg\" alt=\"\" width=\"150\" height=\"150\" \/><\/a><figcaption id=\"caption-attachment-3602\" class=\"wp-caption-text\">... e o fixo Gadeia foram reconhecidos<\/figcaption><\/figure>\n<p>Funcion\u00e1rios da empresa onde\u00a0Elias trabalha,\u00a0que est\u00e3o hospedados com ele no hotel e testemunharam a agress\u00e3o, tamb\u00e9m prestar\u00e3o depoimento.\u00a0\u00a0<\/p>\n<p><strong>Epis\u00f3dio<\/strong>\u00a0\u00a0\u00a0\u00a0\u00a0\u00a0<\/p>\n<p>Segundo relato feito pela v\u00edtima \u00e0 pol\u00edcia,\u00a0os tr\u00eas atletas &#8211; e n\u00e3o seis, como divulgou o blog em post acima &#8211; o abordaram em um dos corredores do hotel, por volta das 2h,\u00a0e passaram a persegui-lo.\u00a0Pensando tratarem-se de assaltantes, Elias pulou de\u00a0uma janela do\u00a02\u00ba andar do Praiamar, a\u00a0uma altura de 4 metros, e sofreu escoria\u00e7\u00f5es leves. Ele contou,\u00a0em seu depoimento, que os agressores aparentavam estar b\u00eabados.<\/p>\n","protected":false},"excerpt":{"rendered":"<p>O superintendente de Pol\u00edcia Civil da Capital, Sebasti\u00e3o Uchoa, divulgou hoje os nomes de dois dos tr\u00eas jogadores de Sele\u00e7\u00e3o\u00a0Brasileira [&hellip;]<\/p>\n","protected":false},"author":0,"featured_media":0,"comment_status":"open","ping_status":"open","sticky":false,"template":"","format":"standard","meta":{"site-sidebar-layout":"default","site-content-layout":"","ast-site-content-layout":"default","site-content-style":"default","site-sidebar-style":"default","ast-global-header-display":"","ast-banner-title-visibility":"","ast-main-header-display":"","ast-hfb-above-header-display":"","ast-hfb-below-header-display":"","ast-hfb-mobile-header-display":"","site-post-title":"","ast-breadcrumbs-content":"","ast-featured-img":"","footer-sml-layout":"","ast-disable-related-posts":"","theme-transparent-header-meta":"","adv-header-id-meta":"","stick-header-meta":"","header-above-stick-meta":"","header-main-stick-meta":"","header-below-stick-meta":"","astra-migrate-meta-layouts":"default","ast-page-background-enabled":"default","ast-page-background-meta":{"desktop":{"background-color":"var(--ast-global-color-5)","background-image":"","background-repeat":"repeat","background-position":"center center","background-size":"auto","background-attachment":"scroll","background-type":"","background-media":"","overlay-type":"","overlay-color":"","overlay-opacity":"","overlay-gradient":""},"tablet":{"background-color":"","background-image":"","background-repeat":"repeat","background-position":"center center","background-size":"auto","background-attachment":"scroll","background-type":"","background-media":"","overlay-type":"","overlay-color":"","overlay-opacity":"","overlay-gradient":""},"mobile":{"background-color":"","background-image":"","background-repeat":"repeat","background-position":"center center","background-size":"auto","background-attachment":"scroll","background-type":"","background-media":"","overlay-type":"","overlay-color":"","overlay-opacity":"","overlay-gradient":""}},"ast-content-background-meta":{"desktop":{"background-color":"var(--ast-global-color-4)","background-image":"","background-repeat":"repeat","background-position":"center center","background-size":"auto","background-attachment":"scroll","background-type":"","background-media":"","overlay-type":"","overlay-color":"","overlay-opacity":"","overlay-gradient":""},"tablet":{"background-color":"var(--ast-global-color-4)","background-image":"","background-repeat":"repeat","background-position":"center center","background-size":"auto","background-attachment":"scroll","background-type":"","background-media":"","overlay-type":"","overlay-color":"","overlay-opacity":"","overlay-gradient":""},"mobile":{"background-color":"var(--ast-global-color-4)","background-image":"","background-repeat":"repeat","background-position":"center center","background-size":"auto","background-attachment":"scroll","background-type":"","background-media":"","overlay-type":"","overlay-color":"","overlay-opacity":"","overlay-gradient":""}},"footnotes":""},"categories":[1],"tags":[],"class_list":["post-3598","post","type-post","status-publish","format-standard","hentry","category-sem-categoria"],"yoast_head":"<!-- This site is optimized with the Yoast SEO plugin v26.6 - https:\/\/yoast.com\/wordpress\/plugins\/seo\/ -->\n<title>Pol\u00edcia divulga nomes de 2 dos 3 jogadores da Sele\u00e7\u00e3o de Futsal que agrediram h\u00f3spede no Praiamar - Daniel Matos<\/title>\n<meta name=\"robots\" content=\"index, follow, max-snippet:-1, max-image-preview:large, max-video-preview:-1\" \/>\n<link rel=\"canonical\" href=\"https:\/\/www.blogsoestado.com\/danielmatos\/policia-divulga-nomes-de-2-dos-3-jogadores-da-selecao-de-futsal-que-agrediram-hospede-no-praiamar\/\" \/>\n<meta property=\"og:locale\" content=\"pt_BR\" \/>\n<meta property=\"og:type\" content=\"article\" \/>\n<meta property=\"og:title\" content=\"Pol\u00edcia divulga nomes de 2 dos 3 jogadores da Sele\u00e7\u00e3o de Futsal que agrediram h\u00f3spede no Praiamar - Daniel Matos\" \/>\n<meta property=\"og:description\" content=\"O superintendente de Pol\u00edcia Civil da Capital, Sebasti\u00e3o Uchoa, divulgou hoje os nomes de dois dos tr\u00eas jogadores de Sele\u00e7\u00e3o\u00a0Brasileira [&hellip;]\" \/>\n<meta property=\"og:url\" content=\"https:\/\/www.blogsoestado.com\/danielmatos\/policia-divulga-nomes-de-2-dos-3-jogadores-da-selecao-de-futsal-que-agrediram-hospede-no-praiamar\/\" \/>\n<meta property=\"og:site_name\" content=\"Daniel Matos\" \/>\n<meta property=\"article:published_time\" content=\"2012-01-31T18:56:11+00:00\" \/>\n<meta property=\"og:image\" content=\"https:\/\/www.blogsoestado.com\/danielmatos\/files\/2012\/01\/lukaian.jpg\" \/>\n<meta name=\"twitter:card\" content=\"summary_large_image\" \/>\n<meta name=\"twitter:label1\" content=\"Est. tempo de leitura\" \/>\n\t<meta name=\"twitter:data1\" content=\"2 minutos\" \/>\n<script type=\"application\/ld+json\" class=\"yoast-schema-graph\">{\"@context\":\"https:\/\/schema.org\",\"@graph\":[{\"@type\":\"WebPage\",\"@id\":\"https:\/\/www.blogsoestado.com\/danielmatos\/policia-divulga-nomes-de-2-dos-3-jogadores-da-selecao-de-futsal-que-agrediram-hospede-no-praiamar\/\",\"url\":\"https:\/\/www.blogsoestado.com\/danielmatos\/policia-divulga-nomes-de-2-dos-3-jogadores-da-selecao-de-futsal-que-agrediram-hospede-no-praiamar\/\",\"name\":\"Pol\u00edcia divulga nomes de 2 dos 3 jogadores da Sele\u00e7\u00e3o de Futsal que agrediram h\u00f3spede no Praiamar - Daniel Matos\",\"isPartOf\":{\"@id\":\"https:\/\/www.blogsoestado.com\/danielmatos\/#website\"},\"primaryImageOfPage\":{\"@id\":\"https:\/\/www.blogsoestado.com\/danielmatos\/policia-divulga-nomes-de-2-dos-3-jogadores-da-selecao-de-futsal-que-agrediram-hospede-no-praiamar\/#primaryimage\"},\"image\":{\"@id\":\"https:\/\/www.blogsoestado.com\/danielmatos\/policia-divulga-nomes-de-2-dos-3-jogadores-da-selecao-de-futsal-que-agrediram-hospede-no-praiamar\/#primaryimage\"},\"thumbnailUrl\":\"https:\/\/www.blogsoestado.com\/danielmatos\/files\/2012\/01\/lukaian.jpg\",\"datePublished\":\"2012-01-31T18:56:11+00:00\",\"author\":{\"@id\":\"\"},\"breadcrumb\":{\"@id\":\"https:\/\/www.blogsoestado.com\/danielmatos\/policia-divulga-nomes-de-2-dos-3-jogadores-da-selecao-de-futsal-que-agrediram-hospede-no-praiamar\/#breadcrumb\"},\"inLanguage\":\"pt-BR\",\"potentialAction\":[{\"@type\":\"ReadAction\",\"target\":[\"https:\/\/www.blogsoestado.com\/danielmatos\/policia-divulga-nomes-de-2-dos-3-jogadores-da-selecao-de-futsal-que-agrediram-hospede-no-praiamar\/\"]}]},{\"@type\":\"ImageObject\",\"inLanguage\":\"pt-BR\",\"@id\":\"https:\/\/www.blogsoestado.com\/danielmatos\/policia-divulga-nomes-de-2-dos-3-jogadores-da-selecao-de-futsal-que-agrediram-hospede-no-praiamar\/#primaryimage\",\"url\":\"https:\/\/www.blogsoestado.com\/danielmatos\/files\/2012\/01\/lukaian.jpg\",\"contentUrl\":\"https:\/\/www.blogsoestado.com\/danielmatos\/files\/2012\/01\/lukaian.jpg\"},{\"@type\":\"BreadcrumbList\",\"@id\":\"https:\/\/www.blogsoestado.com\/danielmatos\/policia-divulga-nomes-de-2-dos-3-jogadores-da-selecao-de-futsal-que-agrediram-hospede-no-praiamar\/#breadcrumb\",\"itemListElement\":[{\"@type\":\"ListItem\",\"position\":1,\"name\":\"In\u00edcio\",\"item\":\"https:\/\/www.blogsoestado.com\/danielmatos\/\"},{\"@type\":\"ListItem\",\"position\":2,\"name\":\"Pol\u00edcia divulga nomes de 2 dos 3 jogadores da Sele\u00e7\u00e3o de Futsal que agrediram h\u00f3spede no Praiamar\"}]},{\"@type\":\"WebSite\",\"@id\":\"https:\/\/www.blogsoestado.com\/danielmatos\/#website\",\"url\":\"https:\/\/www.blogsoestado.com\/danielmatos\/\",\"name\":\"Daniel Matos\",\"description\":\"\",\"potentialAction\":[{\"@type\":\"SearchAction\",\"target\":{\"@type\":\"EntryPoint\",\"urlTemplate\":\"https:\/\/www.blogsoestado.com\/danielmatos\/?s={search_term_string}\"},\"query-input\":{\"@type\":\"PropertyValueSpecification\",\"valueRequired\":true,\"valueName\":\"search_term_string\"}}],\"inLanguage\":\"pt-BR\"}]}<\/script>\n<!-- \/ Yoast SEO plugin. -->","yoast_head_json":{"title":"Pol\u00edcia divulga nomes de 2 dos 3 jogadores da Sele\u00e7\u00e3o de Futsal que agrediram h\u00f3spede no Praiamar - Daniel Matos","robots":{"index":"index","follow":"follow","max-snippet":"max-snippet:-1","max-image-preview":"max-image-preview:large","max-video-preview":"max-video-preview:-1"},"canonical":"https:\/\/www.blogsoestado.com\/danielmatos\/policia-divulga-nomes-de-2-dos-3-jogadores-da-selecao-de-futsal-que-agrediram-hospede-no-praiamar\/","og_locale":"pt_BR","og_type":"article","og_title":"Pol\u00edcia divulga nomes de 2 dos 3 jogadores da Sele\u00e7\u00e3o de Futsal que agrediram h\u00f3spede no Praiamar - Daniel Matos","og_description":"O superintendente de Pol\u00edcia Civil da Capital, Sebasti\u00e3o Uchoa, divulgou hoje os nomes de dois dos tr\u00eas jogadores de Sele\u00e7\u00e3o\u00a0Brasileira [&hellip;]","og_url":"https:\/\/www.blogsoestado.com\/danielmatos\/policia-divulga-nomes-de-2-dos-3-jogadores-da-selecao-de-futsal-que-agrediram-hospede-no-praiamar\/","og_site_name":"Daniel Matos","article_published_time":"2012-01-31T18:56:11+00:00","og_image":[{"url":"https:\/\/www.blogsoestado.com\/danielmatos\/files\/2012\/01\/lukaian.jpg","type":"","width":"","height":""}],"twitter_card":"summary_large_image","twitter_misc":{"Est. tempo de leitura":"2 minutos"},"schema":{"@context":"https:\/\/schema.org","@graph":[{"@type":"WebPage","@id":"https:\/\/www.blogsoestado.com\/danielmatos\/policia-divulga-nomes-de-2-dos-3-jogadores-da-selecao-de-futsal-que-agrediram-hospede-no-praiamar\/","url":"https:\/\/www.blogsoestado.com\/danielmatos\/policia-divulga-nomes-de-2-dos-3-jogadores-da-selecao-de-futsal-que-agrediram-hospede-no-praiamar\/","name":"Pol\u00edcia divulga nomes de 2 dos 3 jogadores da Sele\u00e7\u00e3o de Futsal que agrediram h\u00f3spede no Praiamar - Daniel Matos","isPartOf":{"@id":"https:\/\/www.blogsoestado.com\/danielmatos\/#website"},"primaryImageOfPage":{"@id":"https:\/\/www.blogsoestado.com\/danielmatos\/policia-divulga-nomes-de-2-dos-3-jogadores-da-selecao-de-futsal-que-agrediram-hospede-no-praiamar\/#primaryimage"},"image":{"@id":"https:\/\/www.blogsoestado.com\/danielmatos\/policia-divulga-nomes-de-2-dos-3-jogadores-da-selecao-de-futsal-que-agrediram-hospede-no-praiamar\/#primaryimage"},"thumbnailUrl":"https:\/\/www.blogsoestado.com\/danielmatos\/files\/2012\/01\/lukaian.jpg","datePublished":"2012-01-31T18:56:11+00:00","author":{"@id":""},"breadcrumb":{"@id":"https:\/\/www.blogsoestado.com\/danielmatos\/policia-divulga-nomes-de-2-dos-3-jogadores-da-selecao-de-futsal-que-agrediram-hospede-no-praiamar\/#breadcrumb"},"inLanguage":"pt-BR","potentialAction":[{"@type":"ReadAction","target":["https:\/\/www.blogsoestado.com\/danielmatos\/policia-divulga-nomes-de-2-dos-3-jogadores-da-selecao-de-futsal-que-agrediram-hospede-no-praiamar\/"]}]},{"@type":"ImageObject","inLanguage":"pt-BR","@id":"https:\/\/www.blogsoestado.com\/danielmatos\/policia-divulga-nomes-de-2-dos-3-jogadores-da-selecao-de-futsal-que-agrediram-hospede-no-praiamar\/#primaryimage","url":"https:\/\/www.blogsoestado.com\/danielmatos\/files\/2012\/01\/lukaian.jpg","contentUrl":"https:\/\/www.blogsoestado.com\/danielmatos\/files\/2012\/01\/lukaian.jpg"},{"@type":"BreadcrumbList","@id":"https:\/\/www.blogsoestado.com\/danielmatos\/policia-divulga-nomes-de-2-dos-3-jogadores-da-selecao-de-futsal-que-agrediram-hospede-no-praiamar\/#breadcrumb","itemListElement":[{"@type":"ListItem","position":1,"name":"In\u00edcio","item":"https:\/\/www.blogsoestado.com\/danielmatos\/"},{"@type":"ListItem","position":2,"name":"Pol\u00edcia divulga nomes de 2 dos 3 jogadores da Sele\u00e7\u00e3o de Futsal que agrediram h\u00f3spede no Praiamar"}]},{"@type":"WebSite","@id":"https:\/\/www.blogsoestado.com\/danielmatos\/#website","url":"https:\/\/www.blogsoestado.com\/danielmatos\/","name":"Daniel Matos","description":"","potentialAction":[{"@type":"SearchAction","target":{"@type":"EntryPoint","urlTemplate":"https:\/\/www.blogsoestado.com\/danielmatos\/?s={search_term_string}"},"query-input":{"@type":"PropertyValueSpecification","valueRequired":true,"valueName":"search_term_string"}}],"inLanguage":"pt-BR"}]}},"jetpack_featured_media_url":"","_links":{"self":[{"href":"https:\/\/www.blogsoestado.com\/danielmatos\/wp-json\/wp\/v2\/posts\/3598","targetHints":{"allow":["GET"]}}],"collection":[{"href":"https:\/\/www.blogsoestado.com\/danielmatos\/wp-json\/wp\/v2\/posts"}],"about":[{"href":"https:\/\/www.blogsoestado.com\/danielmatos\/wp-json\/wp\/v2\/types\/post"}],"replies":[{"embeddable":true,"href":"https:\/\/www.blogsoestado.com\/danielmatos\/wp-json\/wp\/v2\/comments?post=3598"}],"version-history":[{"count":0,"href":"https:\/\/www.blogsoestado.com\/danielmatos\/wp-json\/wp\/v2\/posts\/3598\/revisions"}],"wp:attachment":[{"href":"https:\/\/www.blogsoestado.com\/danielmatos\/wp-json\/wp\/v2\/media?parent=3598"}],"wp:term":[{"taxonomy":"category","embeddable":true,"href":"https:\/\/www.blogsoestado.com\/danielmatos\/wp-json\/wp\/v2\/categories?post=3598"},{"taxonomy":"post_tag","embeddable":true,"href":"https:\/\/www.blogsoestado.com\/danielmatos\/wp-json\/wp\/v2\/tags?post=3598"}],"curies":[{"name":"wp","href":"https:\/\/api.w.org\/{rel}","templated":true}]}}