{"id":47824,"date":"2018-01-04T08:23:50","date_gmt":"2018-01-04T11:23:50","guid":{"rendered":"https:\/\/www.blogsoestado.com\/danielmatos\/?p=47824"},"modified":"2018-01-04T08:23:50","modified_gmt":"2018-01-04T11:23:50","slug":"pretexto-para-o-aluguel-camarada","status":"publish","type":"post","link":"https:\/\/www.blogsoestado.com\/danielmatos\/pretexto-para-o-aluguel-camarada\/","title":{"rendered":"Pretexto para o \u201caluguel camarada\u201d"},"content":{"rendered":"<figure id=\"attachment_47825\" aria-describedby=\"caption-attachment-47825\" style=\"width: 448px\" class=\"wp-caption alignleft\"><img fetchpriority=\"high\" decoding=\"async\" class=\"size-full wp-image-47825\" src=\"https:\/\/www.blogsoestado.com\/danielmatos\/files\/2018\/01\/aluguel-pm.jpg\" alt=\"\" width=\"448\" height=\"336\" \/><figcaption id=\"caption-attachment-47825\" class=\"wp-caption-text\">1\u00aa Companhia do 20\u00ba Batalh\u00e3o de Pol\u00edcia Militar foi instalado no mesmo pr\u00e9dio da Funac, alugado por comunista, desta vez para a SSP<\/figcaption><\/figure>\n<p>A gest\u00e3o de Fl\u00e1vio Dino tenta se valer de uma reivindica\u00e7\u00e3o da popula\u00e7\u00e3o para manter o contrato de loca\u00e7\u00e3o de um pr\u00e9dio na Aurora pertencente a um filiado ao PCdoB, mesmo partido do governador. Ignorando o esc\u00e2ndalo protagonizado pelo governo h\u00e1 exatamente um ano, quando <strong>O Estado<\/strong> revelou a identidade e todas as credenciais do dono do im\u00f3vel, a administra\u00e7\u00e3o estadual, via Secretaria de Seguran\u00e7a P\u00fablica, inaugurou, ontem, no mesmo pr\u00e9dio alvo de den\u00fancia por pertencer a um comunista,\u00a0a 1\u00aa Companhia do 20\u00ba Batalh\u00e3o de Pol\u00edcia Militar, com direito a salva de fogos e sob aplausos da comunidade, que compareceu em massa ao ato.<\/p>\n<p>Obviamente, a Aurora, assim como diversos outros bairros de S\u00e3o Lu\u00eds, tem direito \u00e0 cobertura policial adequada, capaz de combater a viol\u00eancia de forma satisfat\u00f3ria. \u00c9 uma necessidade comum a toda a regi\u00e3o metropolitana. O erro, portanto, n\u00e3o est\u00e1 em investir em seguran\u00e7a p\u00fablica nesta ou naquela comunidade, mas sim na artimanha comunista de prestigiar com dinheiro p\u00fablico uma pessoa com rela\u00e7\u00f5es pol\u00edticas evidentes com o atual governo, do qual foi, inclusive, servidor, ocupante de alto cargo na Empresa Maranhense de Administra\u00e7\u00e3o Portu\u00e1ria (Emap), estatal que gerencia o Porto do Itaqui.<\/p>\n<p>A imoralidade, travestida de boa inten\u00e7\u00e3o, e batizada de &#8220;aluguel camarada&#8221; pelos cr\u00edticos, faz corar de vergonha alheia qualquer cidad\u00e3o de bom senso e de conduta pautada na legalidade e seria motivo suficiente para uma representa\u00e7\u00e3o do Minist\u00e9rio P\u00fablico e demais \u00f3rg\u00e3os de fiscaliza\u00e7\u00e3o e controle. Mas, para os comunistas, \u00e9 algo natural e permitido, t\u00edpico de governantes que precisam, a todo instante, reafirmar quem pode e quem manda.<\/p>\n<p>Como sempre, os governistas lan\u00e7aram m\u00e3o de argumentos t\u00e9cnicos para tentar dar legalidade ao caso de favorecimento que exp\u00f4s o Maranh\u00e3o ao rid\u00edculo em n\u00edvel nacional. Para a c\u00fapula da seguran\u00e7a, a escolha do pr\u00e9dio n\u00e3o poderia ter sido mais adequada, uma vez que a estrutura do im\u00f3vel, segundo crit\u00e9rios que s\u00f3 o atual governo pode esclarecer, atende perfeitamente \u00e0s necessidades inerentes \u00e0 atividade policial. Quanto \u00e0 camaradagem escancarada, que resultou, de agosto de 2015 at\u00e9 agora, no pagamento de quase R$ 360 mil ao locador, os palacianos n\u00e3o fazem qualquer men\u00e7\u00e3o.<\/p>\n<p>Se a manuten\u00e7\u00e3o do &#8220;aluguel camarada&#8221;, por si s\u00f3, j\u00e1 reascende o esc\u00e2ndalo, o caso ganha contornos ainda mais graves quando se constata que o contrato de loca\u00e7\u00e3o migrou de pasta. Se antes, eram partes na transa\u00e7\u00e3o imobili\u00e1ria o propriet\u00e1rio e a Secretaria de Estado de Direitos Humanos e Participa\u00e7\u00e3o Popular (SEDIHPOP), a qual \u00e9 ligada a Funda\u00e7\u00e3o da Crian\u00e7a e do Adolescente (Funac), com a escolha do mesmo im\u00f3vel como sede da companhia militar, o v\u00ednculo contratual foi celebrado com a SSP. Resta saber sob quais termos se deu a migra\u00e7\u00e3o, que exigiu cumprimento de etapas burocr\u00e1ticas comuns \u00e0 administra\u00e7\u00e3o p\u00fablica e pode ter resultado, inclusive, em altera\u00e7\u00e3o de valores.<\/p>\n<p>A manobra \u00e9 um forte ind\u00edcio de que a inten\u00e7\u00e3o principal do governo, apesar da pol\u00eamica, \u00e9 manter o privil\u00e9gio ao correligion\u00e1rio, como uma esp\u00e9cie de compensa\u00e7\u00e3o \u00e0 perda do emprego na Emap em meio \u00e0 ampla repercuss\u00e3o negativa do epis\u00f3dio e \u00e0 exposi\u00e7\u00e3o de sua imagem, associada ao mais desprez\u00edvel vil\u00e3o no rumoroso epis\u00f3dio.<\/p>\n<p>At\u00e9 o mais desatento cidad\u00e3o desconfia da vers\u00e3o governista de que as especifica\u00e7\u00f5es do pr\u00e9dio s\u00e3o a \u00fanica raz\u00e3o para manter o contrato de aluguel. Motivos outros podem estar movendo as prefer\u00eancias palacianas. Resta saber qual servi\u00e7o o dono do pr\u00e9dio prestou ao comunismo para fazer jus a tamanha exclusividade.<\/p>\n<p><strong>Editorial publicado nesta quinta-feira em <a href=\"http:\/\/www.oestadoma.com.br\">O Estado do Maranh\u00e3o<\/a><\/strong><\/p>\n","protected":false},"excerpt":{"rendered":"<p>A gest\u00e3o de Fl\u00e1vio Dino tenta se valer de uma reivindica\u00e7\u00e3o da popula\u00e7\u00e3o para manter o contrato de loca\u00e7\u00e3o de [&hellip;]<\/p>\n","protected":false},"author":0,"featured_media":0,"comment_status":"open","ping_status":"open","sticky":false,"template":"","format":"standard","meta":{"site-sidebar-layout":"default","site-content-layout":"","ast-site-content-layout":"default","site-content-style":"default","site-sidebar-style":"default","ast-global-header-display":"","ast-banner-title-visibility":"","ast-main-header-display":"","ast-hfb-above-header-display":"","ast-hfb-below-header-display":"","ast-hfb-mobile-header-display":"","site-post-title":"","ast-breadcrumbs-content":"","ast-featured-img":"","footer-sml-layout":"","ast-disable-related-posts":"","theme-transparent-header-meta":"","adv-header-id-meta":"","stick-header-meta":"","header-above-stick-meta":"","header-main-stick-meta":"","header-below-stick-meta":"","astra-migrate-meta-layouts":"default","ast-page-background-enabled":"default","ast-page-background-meta":{"desktop":{"background-color":"var(--ast-global-color-5)","background-image":"","background-repeat":"repeat","background-position":"center center","background-size":"auto","background-attachment":"scroll","background-type":"","background-media":"","overlay-type":"","overlay-color":"","overlay-opacity":"","overlay-gradient":""},"tablet":{"background-color":"","background-image":"","background-repeat":"repeat","background-position":"center center","background-size":"auto","background-attachment":"scroll","background-type":"","background-media":"","overlay-type":"","overlay-color":"","overlay-opacity":"","overlay-gradient":""},"mobile":{"background-color":"","background-image":"","background-repeat":"repeat","background-position":"center center","background-size":"auto","background-attachment":"scroll","background-type":"","background-media":"","overlay-type":"","overlay-color":"","overlay-opacity":"","overlay-gradient":""}},"ast-content-background-meta":{"desktop":{"background-color":"var(--ast-global-color-4)","background-image":"","background-repeat":"repeat","background-position":"center center","background-size":"auto","background-attachment":"scroll","background-type":"","background-media":"","overlay-type":"","overlay-color":"","overlay-opacity":"","overlay-gradient":""},"tablet":{"background-color":"var(--ast-global-color-4)","background-image":"","background-repeat":"repeat","background-position":"center center","background-size":"auto","background-attachment":"scroll","background-type":"","background-media":"","overlay-type":"","overlay-color":"","overlay-opacity":"","overlay-gradient":""},"mobile":{"background-color":"var(--ast-global-color-4)","background-image":"","background-repeat":"repeat","background-position":"center center","background-size":"auto","background-attachment":"scroll","background-type":"","background-media":"","overlay-type":"","overlay-color":"","overlay-opacity":"","overlay-gradient":""}},"footnotes":""},"categories":[1],"tags":[],"class_list":["post-47824","post","type-post","status-publish","format-standard","hentry","category-sem-categoria"],"yoast_head":"<!-- This site is optimized with the Yoast SEO plugin v26.6 - https:\/\/yoast.com\/wordpress\/plugins\/seo\/ -->\n<title>Pretexto para o \u201caluguel camarada\u201d - Daniel Matos<\/title>\n<meta name=\"robots\" content=\"index, follow, max-snippet:-1, max-image-preview:large, max-video-preview:-1\" \/>\n<link rel=\"canonical\" href=\"https:\/\/www.blogsoestado.com\/danielmatos\/pretexto-para-o-aluguel-camarada\/\" \/>\n<meta property=\"og:locale\" content=\"pt_BR\" \/>\n<meta property=\"og:type\" content=\"article\" \/>\n<meta property=\"og:title\" content=\"Pretexto para o \u201caluguel camarada\u201d - Daniel Matos\" \/>\n<meta property=\"og:description\" content=\"A gest\u00e3o de Fl\u00e1vio Dino tenta se valer de uma reivindica\u00e7\u00e3o da popula\u00e7\u00e3o para manter o contrato de loca\u00e7\u00e3o de [&hellip;]\" \/>\n<meta property=\"og:url\" content=\"https:\/\/www.blogsoestado.com\/danielmatos\/pretexto-para-o-aluguel-camarada\/\" \/>\n<meta property=\"og:site_name\" content=\"Daniel Matos\" \/>\n<meta property=\"article:published_time\" content=\"2018-01-04T11:23:50+00:00\" \/>\n<meta property=\"og:image\" content=\"https:\/\/www.blogsoestado.com\/danielmatos\/files\/2018\/01\/aluguel-pm.jpg\" \/>\n<meta name=\"twitter:card\" content=\"summary_large_image\" \/>\n<meta name=\"twitter:label1\" content=\"Est. tempo de leitura\" \/>\n\t<meta name=\"twitter:data1\" content=\"3 minutos\" \/>\n<script type=\"application\/ld+json\" class=\"yoast-schema-graph\">{\"@context\":\"https:\/\/schema.org\",\"@graph\":[{\"@type\":\"WebPage\",\"@id\":\"https:\/\/www.blogsoestado.com\/danielmatos\/pretexto-para-o-aluguel-camarada\/\",\"url\":\"https:\/\/www.blogsoestado.com\/danielmatos\/pretexto-para-o-aluguel-camarada\/\",\"name\":\"Pretexto para o \u201caluguel camarada\u201d - Daniel Matos\",\"isPartOf\":{\"@id\":\"https:\/\/www.blogsoestado.com\/danielmatos\/#website\"},\"primaryImageOfPage\":{\"@id\":\"https:\/\/www.blogsoestado.com\/danielmatos\/pretexto-para-o-aluguel-camarada\/#primaryimage\"},\"image\":{\"@id\":\"https:\/\/www.blogsoestado.com\/danielmatos\/pretexto-para-o-aluguel-camarada\/#primaryimage\"},\"thumbnailUrl\":\"https:\/\/www.blogsoestado.com\/danielmatos\/files\/2018\/01\/aluguel-pm.jpg\",\"datePublished\":\"2018-01-04T11:23:50+00:00\",\"author\":{\"@id\":\"\"},\"breadcrumb\":{\"@id\":\"https:\/\/www.blogsoestado.com\/danielmatos\/pretexto-para-o-aluguel-camarada\/#breadcrumb\"},\"inLanguage\":\"pt-BR\",\"potentialAction\":[{\"@type\":\"ReadAction\",\"target\":[\"https:\/\/www.blogsoestado.com\/danielmatos\/pretexto-para-o-aluguel-camarada\/\"]}]},{\"@type\":\"ImageObject\",\"inLanguage\":\"pt-BR\",\"@id\":\"https:\/\/www.blogsoestado.com\/danielmatos\/pretexto-para-o-aluguel-camarada\/#primaryimage\",\"url\":\"https:\/\/www.blogsoestado.com\/danielmatos\/files\/2018\/01\/aluguel-pm.jpg\",\"contentUrl\":\"https:\/\/www.blogsoestado.com\/danielmatos\/files\/2018\/01\/aluguel-pm.jpg\"},{\"@type\":\"BreadcrumbList\",\"@id\":\"https:\/\/www.blogsoestado.com\/danielmatos\/pretexto-para-o-aluguel-camarada\/#breadcrumb\",\"itemListElement\":[{\"@type\":\"ListItem\",\"position\":1,\"name\":\"In\u00edcio\",\"item\":\"https:\/\/www.blogsoestado.com\/danielmatos\/\"},{\"@type\":\"ListItem\",\"position\":2,\"name\":\"Pretexto para o \u201caluguel camarada\u201d\"}]},{\"@type\":\"WebSite\",\"@id\":\"https:\/\/www.blogsoestado.com\/danielmatos\/#website\",\"url\":\"https:\/\/www.blogsoestado.com\/danielmatos\/\",\"name\":\"Daniel Matos\",\"description\":\"\",\"potentialAction\":[{\"@type\":\"SearchAction\",\"target\":{\"@type\":\"EntryPoint\",\"urlTemplate\":\"https:\/\/www.blogsoestado.com\/danielmatos\/?s={search_term_string}\"},\"query-input\":{\"@type\":\"PropertyValueSpecification\",\"valueRequired\":true,\"valueName\":\"search_term_string\"}}],\"inLanguage\":\"pt-BR\"}]}<\/script>\n<!-- \/ Yoast SEO plugin. -->","yoast_head_json":{"title":"Pretexto para o \u201caluguel camarada\u201d - Daniel Matos","robots":{"index":"index","follow":"follow","max-snippet":"max-snippet:-1","max-image-preview":"max-image-preview:large","max-video-preview":"max-video-preview:-1"},"canonical":"https:\/\/www.blogsoestado.com\/danielmatos\/pretexto-para-o-aluguel-camarada\/","og_locale":"pt_BR","og_type":"article","og_title":"Pretexto para o \u201caluguel camarada\u201d - Daniel Matos","og_description":"A gest\u00e3o de Fl\u00e1vio Dino tenta se valer de uma reivindica\u00e7\u00e3o da popula\u00e7\u00e3o para manter o contrato de loca\u00e7\u00e3o de [&hellip;]","og_url":"https:\/\/www.blogsoestado.com\/danielmatos\/pretexto-para-o-aluguel-camarada\/","og_site_name":"Daniel Matos","article_published_time":"2018-01-04T11:23:50+00:00","og_image":[{"url":"https:\/\/www.blogsoestado.com\/danielmatos\/files\/2018\/01\/aluguel-pm.jpg","type":"","width":"","height":""}],"twitter_card":"summary_large_image","twitter_misc":{"Est. tempo de leitura":"3 minutos"},"schema":{"@context":"https:\/\/schema.org","@graph":[{"@type":"WebPage","@id":"https:\/\/www.blogsoestado.com\/danielmatos\/pretexto-para-o-aluguel-camarada\/","url":"https:\/\/www.blogsoestado.com\/danielmatos\/pretexto-para-o-aluguel-camarada\/","name":"Pretexto para o \u201caluguel camarada\u201d - Daniel Matos","isPartOf":{"@id":"https:\/\/www.blogsoestado.com\/danielmatos\/#website"},"primaryImageOfPage":{"@id":"https:\/\/www.blogsoestado.com\/danielmatos\/pretexto-para-o-aluguel-camarada\/#primaryimage"},"image":{"@id":"https:\/\/www.blogsoestado.com\/danielmatos\/pretexto-para-o-aluguel-camarada\/#primaryimage"},"thumbnailUrl":"https:\/\/www.blogsoestado.com\/danielmatos\/files\/2018\/01\/aluguel-pm.jpg","datePublished":"2018-01-04T11:23:50+00:00","author":{"@id":""},"breadcrumb":{"@id":"https:\/\/www.blogsoestado.com\/danielmatos\/pretexto-para-o-aluguel-camarada\/#breadcrumb"},"inLanguage":"pt-BR","potentialAction":[{"@type":"ReadAction","target":["https:\/\/www.blogsoestado.com\/danielmatos\/pretexto-para-o-aluguel-camarada\/"]}]},{"@type":"ImageObject","inLanguage":"pt-BR","@id":"https:\/\/www.blogsoestado.com\/danielmatos\/pretexto-para-o-aluguel-camarada\/#primaryimage","url":"https:\/\/www.blogsoestado.com\/danielmatos\/files\/2018\/01\/aluguel-pm.jpg","contentUrl":"https:\/\/www.blogsoestado.com\/danielmatos\/files\/2018\/01\/aluguel-pm.jpg"},{"@type":"BreadcrumbList","@id":"https:\/\/www.blogsoestado.com\/danielmatos\/pretexto-para-o-aluguel-camarada\/#breadcrumb","itemListElement":[{"@type":"ListItem","position":1,"name":"In\u00edcio","item":"https:\/\/www.blogsoestado.com\/danielmatos\/"},{"@type":"ListItem","position":2,"name":"Pretexto para o \u201caluguel camarada\u201d"}]},{"@type":"WebSite","@id":"https:\/\/www.blogsoestado.com\/danielmatos\/#website","url":"https:\/\/www.blogsoestado.com\/danielmatos\/","name":"Daniel Matos","description":"","potentialAction":[{"@type":"SearchAction","target":{"@type":"EntryPoint","urlTemplate":"https:\/\/www.blogsoestado.com\/danielmatos\/?s={search_term_string}"},"query-input":{"@type":"PropertyValueSpecification","valueRequired":true,"valueName":"search_term_string"}}],"inLanguage":"pt-BR"}]}},"jetpack_featured_media_url":"","_links":{"self":[{"href":"https:\/\/www.blogsoestado.com\/danielmatos\/wp-json\/wp\/v2\/posts\/47824","targetHints":{"allow":["GET"]}}],"collection":[{"href":"https:\/\/www.blogsoestado.com\/danielmatos\/wp-json\/wp\/v2\/posts"}],"about":[{"href":"https:\/\/www.blogsoestado.com\/danielmatos\/wp-json\/wp\/v2\/types\/post"}],"replies":[{"embeddable":true,"href":"https:\/\/www.blogsoestado.com\/danielmatos\/wp-json\/wp\/v2\/comments?post=47824"}],"version-history":[{"count":0,"href":"https:\/\/www.blogsoestado.com\/danielmatos\/wp-json\/wp\/v2\/posts\/47824\/revisions"}],"wp:attachment":[{"href":"https:\/\/www.blogsoestado.com\/danielmatos\/wp-json\/wp\/v2\/media?parent=47824"}],"wp:term":[{"taxonomy":"category","embeddable":true,"href":"https:\/\/www.blogsoestado.com\/danielmatos\/wp-json\/wp\/v2\/categories?post=47824"},{"taxonomy":"post_tag","embeddable":true,"href":"https:\/\/www.blogsoestado.com\/danielmatos\/wp-json\/wp\/v2\/tags?post=47824"}],"curies":[{"name":"wp","href":"https:\/\/api.w.org\/{rel}","templated":true}]}}