{"id":47837,"date":"2018-01-04T11:11:23","date_gmt":"2018-01-04T14:11:23","guid":{"rendered":"https:\/\/www.blogsoestado.com\/danielmatos\/?p=47837"},"modified":"2018-01-04T11:11:23","modified_gmt":"2018-01-04T14:11:23","slug":"oftalmologista-mauro-cesar-oliveira-e-condecorado-pela-camara-municipal-de-sao-luis","status":"publish","type":"post","link":"https:\/\/www.blogsoestado.com\/danielmatos\/oftalmologista-mauro-cesar-oliveira-e-condecorado-pela-camara-municipal-de-sao-luis\/","title":{"rendered":"Oftalmologista Mauro C\u00e9sar Oliveira \u00e9 condecorado pela C\u00e2mara Municipal de S\u00e3o Lu\u00eds"},"content":{"rendered":"<figure id=\"attachment_47838\" aria-describedby=\"caption-attachment-47838\" style=\"width: 549px\" class=\"wp-caption aligncenter\"><img fetchpriority=\"high\" decoding=\"async\" class=\"size-full wp-image-47838\" src=\"https:\/\/www.blogsoestado.com\/danielmatos\/files\/2018\/01\/medalha-mauro.jpg\" alt=\"\" width=\"549\" height=\"480\" \/><figcaption id=\"caption-attachment-47838\" class=\"wp-caption-text\">M\u00e9dicos Mauro C\u00e9sar Oliveira M\u00e1rcio Mendes e a pastora Margareth Rose, da Igreja Batista do Angelim, exibem condecora\u00e7\u00e3o<\/figcaption><\/figure>\n<p>A C\u00e2mara Municipal de S\u00e3o Lu\u00eds homenageou com a medalha Sim\u00e3o Est\u00e1cio da Silveira, 93 personalidades locais, nacionais e estrangeiras que contribu\u00edram para o munic\u00edpio. Sim\u00e3o Est\u00e1cio da Silveira foi o primeiro presidente da C\u00e2mara Municipal de S\u00e3o Lu\u00eds, empossado em 9 de dezembro de 1619. A homenagem dos vereadores acontece desde 2006. Todo ano, cada um dos 31 parlamentares escolhe de uma a tr\u00eas personalidades para serem homenageadas; seja um l\u00edder pol\u00edtico, um empres\u00e1rio, um trabalhador ou qualquer outro cidad\u00e3o que tenha prestado relevantes servi\u00e7os \u00e0 sociedade ludovicense nos mais variados segmentos sociais.<\/p>\n<p>Acima, condecorados com a honraria, o oftalmologista Dr. Mauro C\u00e9sar Oliveira e o cardiologista M\u00e1rcio Mendes, fazendo moldura para a pastora Margareth Rose, da Igreja Batista do Angelim. Em tempo, Mauro Cesar Oliveira \u00e9 presidente da Associa\u00e7\u00e3o M\u00e9dica do Maranh\u00e3o e vice-presidente da Associa\u00e7\u00e3o M\u00e9dica Brasileira, AMB, na regi\u00e3o nordeste, e recebeu a comenda como uma homenagem pelo trabalho realizado em defesa dos m\u00e9dicos, da Medicina e da Sa\u00fade no Maranh\u00e3o.<\/p>\n<p>Dr. Mauro Cesar Oliveira \u00e9 especializado em oftalmologia pela Real e Benem\u00e9rita Sociedade Portuguesa de Benefici\u00eancia do Rio de Janeiro, tem MBA em Gest\u00e3o em Sa\u00fade pela UNIFESP, j\u00e1 presidiu a Associa\u00e7\u00e3o Maranhense de Oftalmologia, a Sociedade Norte e Nordeste de Oftalmologia, o Instituto Simpl\u00edcio Oliveira, o Grupo Escoteiro 18t\u00e3o, \u00e9 presidente da Associa\u00e7\u00e3o M\u00e9dica do Maranh\u00e3o (AMB-MA) e vice-presidente da Associa\u00e7\u00e3o M\u00e9dica Brasileira na regi\u00e3o nordeste e Conselheiro do CRM do Maranh\u00e3o.<\/p>\n","protected":false},"excerpt":{"rendered":"<p>A C\u00e2mara Municipal de S\u00e3o Lu\u00eds homenageou com a medalha Sim\u00e3o Est\u00e1cio da Silveira, 93 personalidades locais, nacionais e estrangeiras [&hellip;]<\/p>\n","protected":false},"author":0,"featured_media":0,"comment_status":"open","ping_status":"open","sticky":false,"template":"","format":"standard","meta":{"site-sidebar-layout":"default","site-content-layout":"","ast-site-content-layout":"default","site-content-style":"default","site-sidebar-style":"default","ast-global-header-display":"","ast-banner-title-visibility":"","ast-main-header-display":"","ast-hfb-above-header-display":"","ast-hfb-below-header-display":"","ast-hfb-mobile-header-display":"","site-post-title":"","ast-breadcrumbs-content":"","ast-featured-img":"","footer-sml-layout":"","ast-disable-related-posts":"","theme-transparent-header-meta":"","adv-header-id-meta":"","stick-header-meta":"","header-above-stick-meta":"","header-main-stick-meta":"","header-below-stick-meta":"","astra-migrate-meta-layouts":"default","ast-page-background-enabled":"default","ast-page-background-meta":{"desktop":{"background-color":"var(--ast-global-color-5)","background-image":"","background-repeat":"repeat","background-position":"center center","background-size":"auto","background-attachment":"scroll","background-type":"","background-media":"","overlay-type":"","overlay-color":"","overlay-opacity":"","overlay-gradient":""},"tablet":{"background-color":"","background-image":"","background-repeat":"repeat","background-position":"center center","background-size":"auto","background-attachment":"scroll","background-type":"","background-media":"","overlay-type":"","overlay-color":"","overlay-opacity":"","overlay-gradient":""},"mobile":{"background-color":"","background-image":"","background-repeat":"repeat","background-position":"center center","background-size":"auto","background-attachment":"scroll","background-type":"","background-media":"","overlay-type":"","overlay-color":"","overlay-opacity":"","overlay-gradient":""}},"ast-content-background-meta":{"desktop":{"background-color":"var(--ast-global-color-4)","background-image":"","background-repeat":"repeat","background-position":"center center","background-size":"auto","background-attachment":"scroll","background-type":"","background-media":"","overlay-type":"","overlay-color":"","overlay-opacity":"","overlay-gradient":""},"tablet":{"background-color":"var(--ast-global-color-4)","background-image":"","background-repeat":"repeat","background-position":"center center","background-size":"auto","background-attachment":"scroll","background-type":"","background-media":"","overlay-type":"","overlay-color":"","overlay-opacity":"","overlay-gradient":""},"mobile":{"background-color":"var(--ast-global-color-4)","background-image":"","background-repeat":"repeat","background-position":"center center","background-size":"auto","background-attachment":"scroll","background-type":"","background-media":"","overlay-type":"","overlay-color":"","overlay-opacity":"","overlay-gradient":""}},"footnotes":""},"categories":[1],"tags":[],"class_list":["post-47837","post","type-post","status-publish","format-standard","hentry","category-sem-categoria"],"yoast_head":"<!-- This site is optimized with the Yoast SEO plugin v26.6 - https:\/\/yoast.com\/wordpress\/plugins\/seo\/ -->\n<title>Oftalmologista Mauro C\u00e9sar Oliveira \u00e9 condecorado pela C\u00e2mara Municipal de S\u00e3o Lu\u00eds - Daniel Matos<\/title>\n<meta name=\"robots\" content=\"index, follow, max-snippet:-1, max-image-preview:large, max-video-preview:-1\" \/>\n<link rel=\"canonical\" href=\"https:\/\/www.blogsoestado.com\/danielmatos\/oftalmologista-mauro-cesar-oliveira-e-condecorado-pela-camara-municipal-de-sao-luis\/\" \/>\n<meta property=\"og:locale\" content=\"pt_BR\" \/>\n<meta property=\"og:type\" content=\"article\" \/>\n<meta property=\"og:title\" content=\"Oftalmologista Mauro C\u00e9sar Oliveira \u00e9 condecorado pela C\u00e2mara Municipal de S\u00e3o Lu\u00eds - Daniel Matos\" \/>\n<meta property=\"og:description\" content=\"A C\u00e2mara Municipal de S\u00e3o Lu\u00eds homenageou com a medalha Sim\u00e3o Est\u00e1cio da Silveira, 93 personalidades locais, nacionais e estrangeiras [&hellip;]\" \/>\n<meta property=\"og:url\" content=\"https:\/\/www.blogsoestado.com\/danielmatos\/oftalmologista-mauro-cesar-oliveira-e-condecorado-pela-camara-municipal-de-sao-luis\/\" \/>\n<meta property=\"og:site_name\" content=\"Daniel Matos\" \/>\n<meta property=\"article:published_time\" content=\"2018-01-04T14:11:23+00:00\" \/>\n<meta property=\"og:image\" content=\"https:\/\/www.blogsoestado.com\/danielmatos\/files\/2018\/01\/medalha-mauro.jpg\" \/>\n<meta name=\"twitter:card\" content=\"summary_large_image\" \/>\n<meta name=\"twitter:label1\" content=\"Est. tempo de leitura\" \/>\n\t<meta name=\"twitter:data1\" content=\"2 minutos\" \/>\n<script type=\"application\/ld+json\" class=\"yoast-schema-graph\">{\"@context\":\"https:\/\/schema.org\",\"@graph\":[{\"@type\":\"WebPage\",\"@id\":\"https:\/\/www.blogsoestado.com\/danielmatos\/oftalmologista-mauro-cesar-oliveira-e-condecorado-pela-camara-municipal-de-sao-luis\/\",\"url\":\"https:\/\/www.blogsoestado.com\/danielmatos\/oftalmologista-mauro-cesar-oliveira-e-condecorado-pela-camara-municipal-de-sao-luis\/\",\"name\":\"Oftalmologista Mauro C\u00e9sar Oliveira \u00e9 condecorado pela C\u00e2mara Municipal de S\u00e3o Lu\u00eds - Daniel Matos\",\"isPartOf\":{\"@id\":\"https:\/\/www.blogsoestado.com\/danielmatos\/#website\"},\"primaryImageOfPage\":{\"@id\":\"https:\/\/www.blogsoestado.com\/danielmatos\/oftalmologista-mauro-cesar-oliveira-e-condecorado-pela-camara-municipal-de-sao-luis\/#primaryimage\"},\"image\":{\"@id\":\"https:\/\/www.blogsoestado.com\/danielmatos\/oftalmologista-mauro-cesar-oliveira-e-condecorado-pela-camara-municipal-de-sao-luis\/#primaryimage\"},\"thumbnailUrl\":\"https:\/\/www.blogsoestado.com\/danielmatos\/files\/2018\/01\/medalha-mauro.jpg\",\"datePublished\":\"2018-01-04T14:11:23+00:00\",\"author\":{\"@id\":\"\"},\"breadcrumb\":{\"@id\":\"https:\/\/www.blogsoestado.com\/danielmatos\/oftalmologista-mauro-cesar-oliveira-e-condecorado-pela-camara-municipal-de-sao-luis\/#breadcrumb\"},\"inLanguage\":\"pt-BR\",\"potentialAction\":[{\"@type\":\"ReadAction\",\"target\":[\"https:\/\/www.blogsoestado.com\/danielmatos\/oftalmologista-mauro-cesar-oliveira-e-condecorado-pela-camara-municipal-de-sao-luis\/\"]}]},{\"@type\":\"ImageObject\",\"inLanguage\":\"pt-BR\",\"@id\":\"https:\/\/www.blogsoestado.com\/danielmatos\/oftalmologista-mauro-cesar-oliveira-e-condecorado-pela-camara-municipal-de-sao-luis\/#primaryimage\",\"url\":\"https:\/\/www.blogsoestado.com\/danielmatos\/files\/2018\/01\/medalha-mauro.jpg\",\"contentUrl\":\"https:\/\/www.blogsoestado.com\/danielmatos\/files\/2018\/01\/medalha-mauro.jpg\"},{\"@type\":\"BreadcrumbList\",\"@id\":\"https:\/\/www.blogsoestado.com\/danielmatos\/oftalmologista-mauro-cesar-oliveira-e-condecorado-pela-camara-municipal-de-sao-luis\/#breadcrumb\",\"itemListElement\":[{\"@type\":\"ListItem\",\"position\":1,\"name\":\"In\u00edcio\",\"item\":\"https:\/\/www.blogsoestado.com\/danielmatos\/\"},{\"@type\":\"ListItem\",\"position\":2,\"name\":\"Oftalmologista Mauro C\u00e9sar Oliveira \u00e9 condecorado pela C\u00e2mara Municipal de S\u00e3o Lu\u00eds\"}]},{\"@type\":\"WebSite\",\"@id\":\"https:\/\/www.blogsoestado.com\/danielmatos\/#website\",\"url\":\"https:\/\/www.blogsoestado.com\/danielmatos\/\",\"name\":\"Daniel Matos\",\"description\":\"\",\"potentialAction\":[{\"@type\":\"SearchAction\",\"target\":{\"@type\":\"EntryPoint\",\"urlTemplate\":\"https:\/\/www.blogsoestado.com\/danielmatos\/?s={search_term_string}\"},\"query-input\":{\"@type\":\"PropertyValueSpecification\",\"valueRequired\":true,\"valueName\":\"search_term_string\"}}],\"inLanguage\":\"pt-BR\"}]}<\/script>\n<!-- \/ Yoast SEO plugin. -->","yoast_head_json":{"title":"Oftalmologista Mauro C\u00e9sar Oliveira \u00e9 condecorado pela C\u00e2mara Municipal de S\u00e3o Lu\u00eds - Daniel Matos","robots":{"index":"index","follow":"follow","max-snippet":"max-snippet:-1","max-image-preview":"max-image-preview:large","max-video-preview":"max-video-preview:-1"},"canonical":"https:\/\/www.blogsoestado.com\/danielmatos\/oftalmologista-mauro-cesar-oliveira-e-condecorado-pela-camara-municipal-de-sao-luis\/","og_locale":"pt_BR","og_type":"article","og_title":"Oftalmologista Mauro C\u00e9sar Oliveira \u00e9 condecorado pela C\u00e2mara Municipal de S\u00e3o Lu\u00eds - Daniel Matos","og_description":"A C\u00e2mara Municipal de S\u00e3o Lu\u00eds homenageou com a medalha Sim\u00e3o Est\u00e1cio da Silveira, 93 personalidades locais, nacionais e estrangeiras [&hellip;]","og_url":"https:\/\/www.blogsoestado.com\/danielmatos\/oftalmologista-mauro-cesar-oliveira-e-condecorado-pela-camara-municipal-de-sao-luis\/","og_site_name":"Daniel Matos","article_published_time":"2018-01-04T14:11:23+00:00","og_image":[{"url":"https:\/\/www.blogsoestado.com\/danielmatos\/files\/2018\/01\/medalha-mauro.jpg","type":"","width":"","height":""}],"twitter_card":"summary_large_image","twitter_misc":{"Est. tempo de leitura":"2 minutos"},"schema":{"@context":"https:\/\/schema.org","@graph":[{"@type":"WebPage","@id":"https:\/\/www.blogsoestado.com\/danielmatos\/oftalmologista-mauro-cesar-oliveira-e-condecorado-pela-camara-municipal-de-sao-luis\/","url":"https:\/\/www.blogsoestado.com\/danielmatos\/oftalmologista-mauro-cesar-oliveira-e-condecorado-pela-camara-municipal-de-sao-luis\/","name":"Oftalmologista Mauro C\u00e9sar Oliveira \u00e9 condecorado pela C\u00e2mara Municipal de S\u00e3o Lu\u00eds - Daniel Matos","isPartOf":{"@id":"https:\/\/www.blogsoestado.com\/danielmatos\/#website"},"primaryImageOfPage":{"@id":"https:\/\/www.blogsoestado.com\/danielmatos\/oftalmologista-mauro-cesar-oliveira-e-condecorado-pela-camara-municipal-de-sao-luis\/#primaryimage"},"image":{"@id":"https:\/\/www.blogsoestado.com\/danielmatos\/oftalmologista-mauro-cesar-oliveira-e-condecorado-pela-camara-municipal-de-sao-luis\/#primaryimage"},"thumbnailUrl":"https:\/\/www.blogsoestado.com\/danielmatos\/files\/2018\/01\/medalha-mauro.jpg","datePublished":"2018-01-04T14:11:23+00:00","author":{"@id":""},"breadcrumb":{"@id":"https:\/\/www.blogsoestado.com\/danielmatos\/oftalmologista-mauro-cesar-oliveira-e-condecorado-pela-camara-municipal-de-sao-luis\/#breadcrumb"},"inLanguage":"pt-BR","potentialAction":[{"@type":"ReadAction","target":["https:\/\/www.blogsoestado.com\/danielmatos\/oftalmologista-mauro-cesar-oliveira-e-condecorado-pela-camara-municipal-de-sao-luis\/"]}]},{"@type":"ImageObject","inLanguage":"pt-BR","@id":"https:\/\/www.blogsoestado.com\/danielmatos\/oftalmologista-mauro-cesar-oliveira-e-condecorado-pela-camara-municipal-de-sao-luis\/#primaryimage","url":"https:\/\/www.blogsoestado.com\/danielmatos\/files\/2018\/01\/medalha-mauro.jpg","contentUrl":"https:\/\/www.blogsoestado.com\/danielmatos\/files\/2018\/01\/medalha-mauro.jpg"},{"@type":"BreadcrumbList","@id":"https:\/\/www.blogsoestado.com\/danielmatos\/oftalmologista-mauro-cesar-oliveira-e-condecorado-pela-camara-municipal-de-sao-luis\/#breadcrumb","itemListElement":[{"@type":"ListItem","position":1,"name":"In\u00edcio","item":"https:\/\/www.blogsoestado.com\/danielmatos\/"},{"@type":"ListItem","position":2,"name":"Oftalmologista Mauro C\u00e9sar Oliveira \u00e9 condecorado pela C\u00e2mara Municipal de S\u00e3o Lu\u00eds"}]},{"@type":"WebSite","@id":"https:\/\/www.blogsoestado.com\/danielmatos\/#website","url":"https:\/\/www.blogsoestado.com\/danielmatos\/","name":"Daniel Matos","description":"","potentialAction":[{"@type":"SearchAction","target":{"@type":"EntryPoint","urlTemplate":"https:\/\/www.blogsoestado.com\/danielmatos\/?s={search_term_string}"},"query-input":{"@type":"PropertyValueSpecification","valueRequired":true,"valueName":"search_term_string"}}],"inLanguage":"pt-BR"}]}},"jetpack_featured_media_url":"","_links":{"self":[{"href":"https:\/\/www.blogsoestado.com\/danielmatos\/wp-json\/wp\/v2\/posts\/47837","targetHints":{"allow":["GET"]}}],"collection":[{"href":"https:\/\/www.blogsoestado.com\/danielmatos\/wp-json\/wp\/v2\/posts"}],"about":[{"href":"https:\/\/www.blogsoestado.com\/danielmatos\/wp-json\/wp\/v2\/types\/post"}],"replies":[{"embeddable":true,"href":"https:\/\/www.blogsoestado.com\/danielmatos\/wp-json\/wp\/v2\/comments?post=47837"}],"version-history":[{"count":0,"href":"https:\/\/www.blogsoestado.com\/danielmatos\/wp-json\/wp\/v2\/posts\/47837\/revisions"}],"wp:attachment":[{"href":"https:\/\/www.blogsoestado.com\/danielmatos\/wp-json\/wp\/v2\/media?parent=47837"}],"wp:term":[{"taxonomy":"category","embeddable":true,"href":"https:\/\/www.blogsoestado.com\/danielmatos\/wp-json\/wp\/v2\/categories?post=47837"},{"taxonomy":"post_tag","embeddable":true,"href":"https:\/\/www.blogsoestado.com\/danielmatos\/wp-json\/wp\/v2\/tags?post=47837"}],"curies":[{"name":"wp","href":"https:\/\/api.w.org\/{rel}","templated":true}]}}