{"id":47848,"date":"2018-01-04T13:30:28","date_gmt":"2018-01-04T16:30:28","guid":{"rendered":"https:\/\/www.blogsoestado.com\/danielmatos\/?p=47848"},"modified":"2018-01-04T13:30:28","modified_gmt":"2018-01-04T16:30:28","slug":"procuradoria-legislativa-da-camara-mostra-acoes-realizadas-no-segundo-periodo","status":"publish","type":"post","link":"https:\/\/www.blogsoestado.com\/danielmatos\/procuradoria-legislativa-da-camara-mostra-acoes-realizadas-no-segundo-periodo\/","title":{"rendered":"Procuradoria Legislativa da C\u00e2mara mostra a\u00e7\u00f5es realizadas no segundo per\u00edodo"},"content":{"rendered":"<figure id=\"attachment_47849\" aria-describedby=\"caption-attachment-47849\" style=\"width: 640px\" class=\"wp-caption aligncenter\"><img fetchpriority=\"high\" decoding=\"async\" class=\"size-full wp-image-47849\" src=\"https:\/\/www.blogsoestado.com\/danielmatos\/files\/2018\/01\/camara-leg.jpg\" alt=\"\" width=\"640\" height=\"293\" \/><figcaption id=\"caption-attachment-47849\" class=\"wp-caption-text\">.Presidente Astro de Ogum em reuni\u00e3o com procuradores da C\u00e2mara Municipal de S\u00e3o Lu\u00eds<\/figcaption><\/figure>\n<p>Apresentando um elenco de a\u00e7\u00f5es desenvolvidas dentro de sua \u00e1rea de atua\u00e7\u00e3o, a Procuradoria Legislativa da C\u00e2mara Municipal de S\u00e3o Lu\u00eds presta contas de um detalhado trabalho realizado no segundo per\u00edodo legislativo de 2018, como emiss\u00e3o de pareceres e presen\u00e7a no plen\u00e1rio do parlamento para fornecer informa\u00e7\u00f5es quando solicitada.<\/p>\n<p>O procurados legislativo, advogado tributarista Samuel Melo, enfatiza que \u201ctodo o nosso trabalho foi feito de acordo com o disposto em nossa \u00e1rea de compet\u00eancia, quer no \u00e2mbito do plen\u00e1rio, como na emiss\u00e3o de pareceres de todas proposituras do Executivo e das Comiss\u00f5es T\u00e9cnicas da Casa e dos vereadores, atendendo as demandas das metas e a\u00e7\u00f5es que nos foram apresentadas\u201d.<\/p>\n<p>Ele informa que projetos de lei, projetos de resolu\u00e7\u00e3o, emendas a Lei Org\u00e2nica do Munic\u00edpio foram objeto de pareceres t\u00e9cnicos jur\u00eddicos , \u201cobservando-se a compet\u00eancia e iniciativa, al\u00e9m dos exames de vetos propostos pelo Poder Executivo\u201d, completa. Continuando, o procurador acrescenta que \u201cforam emitidos pareceres sobre o devido processo legal das licita\u00e7\u00f5es no \u00e2mbito da administra\u00e7\u00e3o do poder, meramente no que diz respeito a publica\u00e7\u00e3o de editais\u201d.<\/p>\n<p>Samuel Melo ainda destaca a realiza\u00e7\u00e3o de semin\u00e1rios e palestras ao p\u00fablico em geral e aos vereadores sobre o PPA (Plano Plurianual) e a LOA (Lei Or\u00e7ament\u00e1ria Anual), e a elabora\u00e7\u00e3o de pareceres sobre presta\u00e7\u00e3o de contas de prefeitos antes de 2017, que foram submetidas a aprecia\u00e7\u00e3o e aprova\u00e7\u00e3o do plen\u00e1rio\u201d.<\/p>\n<p>O procurador legislativo tamb\u00e9m cita a \u201cretifica\u00e7\u00e3o de projetos enviados pelo Poder Executivo, emendas a Lei Org\u00e2nica, que foi apreciada nos termos da legisla\u00e7\u00e3o vigente\u201d. Outro item apontado por ele a elabora\u00e7\u00e3o de documento sobre a realiza\u00e7\u00e3o de audi\u00eancia p\u00fablica relativa ao sistema or\u00e7ament\u00e1rio\u201d. A resposta a consultas da Mesa Diretora quanto a constitucionalidade de atos emendas e processos durante a sess\u00f5es legislativas s\u00e3o ainda mostrados pelo caus\u00eddico.<\/p>\n<p>Por fim, Samuel Melo fala sobre \u201ca promo\u00e7\u00e3o de atividades acad\u00eamicas com a presen\u00e7a de alunos do curso de Direito na participa\u00e7\u00e3o da galeria quando da aprova\u00e7\u00e3o de diversos projetos por parte deste parlamento\u201d.<\/p>\n","protected":false},"excerpt":{"rendered":"<p>Apresentando um elenco de a\u00e7\u00f5es desenvolvidas dentro de sua \u00e1rea de atua\u00e7\u00e3o, a Procuradoria Legislativa da C\u00e2mara Municipal de S\u00e3o [&hellip;]<\/p>\n","protected":false},"author":0,"featured_media":0,"comment_status":"open","ping_status":"open","sticky":false,"template":"","format":"standard","meta":{"site-sidebar-layout":"default","site-content-layout":"","ast-site-content-layout":"default","site-content-style":"default","site-sidebar-style":"default","ast-global-header-display":"","ast-banner-title-visibility":"","ast-main-header-display":"","ast-hfb-above-header-display":"","ast-hfb-below-header-display":"","ast-hfb-mobile-header-display":"","site-post-title":"","ast-breadcrumbs-content":"","ast-featured-img":"","footer-sml-layout":"","ast-disable-related-posts":"","theme-transparent-header-meta":"","adv-header-id-meta":"","stick-header-meta":"","header-above-stick-meta":"","header-main-stick-meta":"","header-below-stick-meta":"","astra-migrate-meta-layouts":"default","ast-page-background-enabled":"default","ast-page-background-meta":{"desktop":{"background-color":"var(--ast-global-color-5)","background-image":"","background-repeat":"repeat","background-position":"center center","background-size":"auto","background-attachment":"scroll","background-type":"","background-media":"","overlay-type":"","overlay-color":"","overlay-opacity":"","overlay-gradient":""},"tablet":{"background-color":"","background-image":"","background-repeat":"repeat","background-position":"center center","background-size":"auto","background-attachment":"scroll","background-type":"","background-media":"","overlay-type":"","overlay-color":"","overlay-opacity":"","overlay-gradient":""},"mobile":{"background-color":"","background-image":"","background-repeat":"repeat","background-position":"center center","background-size":"auto","background-attachment":"scroll","background-type":"","background-media":"","overlay-type":"","overlay-color":"","overlay-opacity":"","overlay-gradient":""}},"ast-content-background-meta":{"desktop":{"background-color":"var(--ast-global-color-4)","background-image":"","background-repeat":"repeat","background-position":"center center","background-size":"auto","background-attachment":"scroll","background-type":"","background-media":"","overlay-type":"","overlay-color":"","overlay-opacity":"","overlay-gradient":""},"tablet":{"background-color":"var(--ast-global-color-4)","background-image":"","background-repeat":"repeat","background-position":"center center","background-size":"auto","background-attachment":"scroll","background-type":"","background-media":"","overlay-type":"","overlay-color":"","overlay-opacity":"","overlay-gradient":""},"mobile":{"background-color":"var(--ast-global-color-4)","background-image":"","background-repeat":"repeat","background-position":"center center","background-size":"auto","background-attachment":"scroll","background-type":"","background-media":"","overlay-type":"","overlay-color":"","overlay-opacity":"","overlay-gradient":""}},"footnotes":""},"categories":[1],"tags":[],"class_list":["post-47848","post","type-post","status-publish","format-standard","hentry","category-sem-categoria"],"yoast_head":"<!-- This site is optimized with the Yoast SEO plugin v26.6 - https:\/\/yoast.com\/wordpress\/plugins\/seo\/ -->\n<title>Procuradoria Legislativa da C\u00e2mara mostra a\u00e7\u00f5es realizadas no segundo per\u00edodo - Daniel Matos<\/title>\n<meta name=\"robots\" content=\"index, follow, max-snippet:-1, max-image-preview:large, max-video-preview:-1\" \/>\n<link rel=\"canonical\" href=\"https:\/\/www.blogsoestado.com\/danielmatos\/procuradoria-legislativa-da-camara-mostra-acoes-realizadas-no-segundo-periodo\/\" \/>\n<meta property=\"og:locale\" content=\"pt_BR\" \/>\n<meta property=\"og:type\" content=\"article\" \/>\n<meta property=\"og:title\" content=\"Procuradoria Legislativa da C\u00e2mara mostra a\u00e7\u00f5es realizadas no segundo per\u00edodo - Daniel Matos\" \/>\n<meta property=\"og:description\" content=\"Apresentando um elenco de a\u00e7\u00f5es desenvolvidas dentro de sua \u00e1rea de atua\u00e7\u00e3o, a Procuradoria Legislativa da C\u00e2mara Municipal de S\u00e3o [&hellip;]\" \/>\n<meta property=\"og:url\" content=\"https:\/\/www.blogsoestado.com\/danielmatos\/procuradoria-legislativa-da-camara-mostra-acoes-realizadas-no-segundo-periodo\/\" \/>\n<meta property=\"og:site_name\" content=\"Daniel Matos\" \/>\n<meta property=\"article:published_time\" content=\"2018-01-04T16:30:28+00:00\" \/>\n<meta property=\"og:image\" content=\"https:\/\/www.blogsoestado.com\/danielmatos\/files\/2018\/01\/camara-leg.jpg\" \/>\n<meta name=\"twitter:card\" content=\"summary_large_image\" \/>\n<meta name=\"twitter:label1\" content=\"Est. tempo de leitura\" \/>\n\t<meta name=\"twitter:data1\" content=\"2 minutos\" \/>\n<script type=\"application\/ld+json\" class=\"yoast-schema-graph\">{\"@context\":\"https:\/\/schema.org\",\"@graph\":[{\"@type\":\"WebPage\",\"@id\":\"https:\/\/www.blogsoestado.com\/danielmatos\/procuradoria-legislativa-da-camara-mostra-acoes-realizadas-no-segundo-periodo\/\",\"url\":\"https:\/\/www.blogsoestado.com\/danielmatos\/procuradoria-legislativa-da-camara-mostra-acoes-realizadas-no-segundo-periodo\/\",\"name\":\"Procuradoria Legislativa da C\u00e2mara mostra a\u00e7\u00f5es realizadas no segundo per\u00edodo - Daniel Matos\",\"isPartOf\":{\"@id\":\"https:\/\/www.blogsoestado.com\/danielmatos\/#website\"},\"primaryImageOfPage\":{\"@id\":\"https:\/\/www.blogsoestado.com\/danielmatos\/procuradoria-legislativa-da-camara-mostra-acoes-realizadas-no-segundo-periodo\/#primaryimage\"},\"image\":{\"@id\":\"https:\/\/www.blogsoestado.com\/danielmatos\/procuradoria-legislativa-da-camara-mostra-acoes-realizadas-no-segundo-periodo\/#primaryimage\"},\"thumbnailUrl\":\"https:\/\/www.blogsoestado.com\/danielmatos\/files\/2018\/01\/camara-leg.jpg\",\"datePublished\":\"2018-01-04T16:30:28+00:00\",\"author\":{\"@id\":\"\"},\"breadcrumb\":{\"@id\":\"https:\/\/www.blogsoestado.com\/danielmatos\/procuradoria-legislativa-da-camara-mostra-acoes-realizadas-no-segundo-periodo\/#breadcrumb\"},\"inLanguage\":\"pt-BR\",\"potentialAction\":[{\"@type\":\"ReadAction\",\"target\":[\"https:\/\/www.blogsoestado.com\/danielmatos\/procuradoria-legislativa-da-camara-mostra-acoes-realizadas-no-segundo-periodo\/\"]}]},{\"@type\":\"ImageObject\",\"inLanguage\":\"pt-BR\",\"@id\":\"https:\/\/www.blogsoestado.com\/danielmatos\/procuradoria-legislativa-da-camara-mostra-acoes-realizadas-no-segundo-periodo\/#primaryimage\",\"url\":\"https:\/\/www.blogsoestado.com\/danielmatos\/files\/2018\/01\/camara-leg.jpg\",\"contentUrl\":\"https:\/\/www.blogsoestado.com\/danielmatos\/files\/2018\/01\/camara-leg.jpg\"},{\"@type\":\"BreadcrumbList\",\"@id\":\"https:\/\/www.blogsoestado.com\/danielmatos\/procuradoria-legislativa-da-camara-mostra-acoes-realizadas-no-segundo-periodo\/#breadcrumb\",\"itemListElement\":[{\"@type\":\"ListItem\",\"position\":1,\"name\":\"In\u00edcio\",\"item\":\"https:\/\/www.blogsoestado.com\/danielmatos\/\"},{\"@type\":\"ListItem\",\"position\":2,\"name\":\"Procuradoria Legislativa da C\u00e2mara mostra a\u00e7\u00f5es realizadas no segundo per\u00edodo\"}]},{\"@type\":\"WebSite\",\"@id\":\"https:\/\/www.blogsoestado.com\/danielmatos\/#website\",\"url\":\"https:\/\/www.blogsoestado.com\/danielmatos\/\",\"name\":\"Daniel Matos\",\"description\":\"\",\"potentialAction\":[{\"@type\":\"SearchAction\",\"target\":{\"@type\":\"EntryPoint\",\"urlTemplate\":\"https:\/\/www.blogsoestado.com\/danielmatos\/?s={search_term_string}\"},\"query-input\":{\"@type\":\"PropertyValueSpecification\",\"valueRequired\":true,\"valueName\":\"search_term_string\"}}],\"inLanguage\":\"pt-BR\"}]}<\/script>\n<!-- \/ Yoast SEO plugin. -->","yoast_head_json":{"title":"Procuradoria Legislativa da C\u00e2mara mostra a\u00e7\u00f5es realizadas no segundo per\u00edodo - Daniel Matos","robots":{"index":"index","follow":"follow","max-snippet":"max-snippet:-1","max-image-preview":"max-image-preview:large","max-video-preview":"max-video-preview:-1"},"canonical":"https:\/\/www.blogsoestado.com\/danielmatos\/procuradoria-legislativa-da-camara-mostra-acoes-realizadas-no-segundo-periodo\/","og_locale":"pt_BR","og_type":"article","og_title":"Procuradoria Legislativa da C\u00e2mara mostra a\u00e7\u00f5es realizadas no segundo per\u00edodo - Daniel Matos","og_description":"Apresentando um elenco de a\u00e7\u00f5es desenvolvidas dentro de sua \u00e1rea de atua\u00e7\u00e3o, a Procuradoria Legislativa da C\u00e2mara Municipal de S\u00e3o [&hellip;]","og_url":"https:\/\/www.blogsoestado.com\/danielmatos\/procuradoria-legislativa-da-camara-mostra-acoes-realizadas-no-segundo-periodo\/","og_site_name":"Daniel Matos","article_published_time":"2018-01-04T16:30:28+00:00","og_image":[{"url":"https:\/\/www.blogsoestado.com\/danielmatos\/files\/2018\/01\/camara-leg.jpg","type":"","width":"","height":""}],"twitter_card":"summary_large_image","twitter_misc":{"Est. tempo de leitura":"2 minutos"},"schema":{"@context":"https:\/\/schema.org","@graph":[{"@type":"WebPage","@id":"https:\/\/www.blogsoestado.com\/danielmatos\/procuradoria-legislativa-da-camara-mostra-acoes-realizadas-no-segundo-periodo\/","url":"https:\/\/www.blogsoestado.com\/danielmatos\/procuradoria-legislativa-da-camara-mostra-acoes-realizadas-no-segundo-periodo\/","name":"Procuradoria Legislativa da C\u00e2mara mostra a\u00e7\u00f5es realizadas no segundo per\u00edodo - Daniel Matos","isPartOf":{"@id":"https:\/\/www.blogsoestado.com\/danielmatos\/#website"},"primaryImageOfPage":{"@id":"https:\/\/www.blogsoestado.com\/danielmatos\/procuradoria-legislativa-da-camara-mostra-acoes-realizadas-no-segundo-periodo\/#primaryimage"},"image":{"@id":"https:\/\/www.blogsoestado.com\/danielmatos\/procuradoria-legislativa-da-camara-mostra-acoes-realizadas-no-segundo-periodo\/#primaryimage"},"thumbnailUrl":"https:\/\/www.blogsoestado.com\/danielmatos\/files\/2018\/01\/camara-leg.jpg","datePublished":"2018-01-04T16:30:28+00:00","author":{"@id":""},"breadcrumb":{"@id":"https:\/\/www.blogsoestado.com\/danielmatos\/procuradoria-legislativa-da-camara-mostra-acoes-realizadas-no-segundo-periodo\/#breadcrumb"},"inLanguage":"pt-BR","potentialAction":[{"@type":"ReadAction","target":["https:\/\/www.blogsoestado.com\/danielmatos\/procuradoria-legislativa-da-camara-mostra-acoes-realizadas-no-segundo-periodo\/"]}]},{"@type":"ImageObject","inLanguage":"pt-BR","@id":"https:\/\/www.blogsoestado.com\/danielmatos\/procuradoria-legislativa-da-camara-mostra-acoes-realizadas-no-segundo-periodo\/#primaryimage","url":"https:\/\/www.blogsoestado.com\/danielmatos\/files\/2018\/01\/camara-leg.jpg","contentUrl":"https:\/\/www.blogsoestado.com\/danielmatos\/files\/2018\/01\/camara-leg.jpg"},{"@type":"BreadcrumbList","@id":"https:\/\/www.blogsoestado.com\/danielmatos\/procuradoria-legislativa-da-camara-mostra-acoes-realizadas-no-segundo-periodo\/#breadcrumb","itemListElement":[{"@type":"ListItem","position":1,"name":"In\u00edcio","item":"https:\/\/www.blogsoestado.com\/danielmatos\/"},{"@type":"ListItem","position":2,"name":"Procuradoria Legislativa da C\u00e2mara mostra a\u00e7\u00f5es realizadas no segundo per\u00edodo"}]},{"@type":"WebSite","@id":"https:\/\/www.blogsoestado.com\/danielmatos\/#website","url":"https:\/\/www.blogsoestado.com\/danielmatos\/","name":"Daniel Matos","description":"","potentialAction":[{"@type":"SearchAction","target":{"@type":"EntryPoint","urlTemplate":"https:\/\/www.blogsoestado.com\/danielmatos\/?s={search_term_string}"},"query-input":{"@type":"PropertyValueSpecification","valueRequired":true,"valueName":"search_term_string"}}],"inLanguage":"pt-BR"}]}},"jetpack_featured_media_url":"","_links":{"self":[{"href":"https:\/\/www.blogsoestado.com\/danielmatos\/wp-json\/wp\/v2\/posts\/47848","targetHints":{"allow":["GET"]}}],"collection":[{"href":"https:\/\/www.blogsoestado.com\/danielmatos\/wp-json\/wp\/v2\/posts"}],"about":[{"href":"https:\/\/www.blogsoestado.com\/danielmatos\/wp-json\/wp\/v2\/types\/post"}],"replies":[{"embeddable":true,"href":"https:\/\/www.blogsoestado.com\/danielmatos\/wp-json\/wp\/v2\/comments?post=47848"}],"version-history":[{"count":0,"href":"https:\/\/www.blogsoestado.com\/danielmatos\/wp-json\/wp\/v2\/posts\/47848\/revisions"}],"wp:attachment":[{"href":"https:\/\/www.blogsoestado.com\/danielmatos\/wp-json\/wp\/v2\/media?parent=47848"}],"wp:term":[{"taxonomy":"category","embeddable":true,"href":"https:\/\/www.blogsoestado.com\/danielmatos\/wp-json\/wp\/v2\/categories?post=47848"},{"taxonomy":"post_tag","embeddable":true,"href":"https:\/\/www.blogsoestado.com\/danielmatos\/wp-json\/wp\/v2\/tags?post=47848"}],"curies":[{"name":"wp","href":"https:\/\/api.w.org\/{rel}","templated":true}]}}