{"id":47887,"date":"2018-01-07T19:24:09","date_gmt":"2018-01-07T22:24:09","guid":{"rendered":"https:\/\/www.blogsoestado.com\/danielmatos\/?p=47887"},"modified":"2018-01-07T19:24:09","modified_gmt":"2018-01-07T22:24:09","slug":"assassino-de-decio-sa-mata-detento-durante-banho-de-sol-em-pedrinhas","status":"publish","type":"post","link":"https:\/\/www.blogsoestado.com\/danielmatos\/assassino-de-decio-sa-mata-detento-durante-banho-de-sol-em-pedrinhas\/","title":{"rendered":"Assassino de D\u00e9cio S\u00e1 mata detento durante banho de sol, em Pedrinhas"},"content":{"rendered":"<h2><span style=\"color: #ff0000;\">Crime aconteceu no Pres\u00eddio S\u00e3o Lu\u00eds 4 e colocou em xeque suposta pacifica\u00e7\u00e3o do sistema prisional do Maranh\u00e3o<\/span><\/h2>\n<figure id=\"attachment_47888\" aria-describedby=\"caption-attachment-47888\" style=\"width: 640px\" class=\"wp-caption aligncenter\"><img fetchpriority=\"high\" decoding=\"async\" class=\"size-full wp-image-47888\" src=\"https:\/\/www.blogsoestado.com\/danielmatos\/files\/2018\/01\/pistoleiro-mata4.jpg\" alt=\"\" width=\"640\" height=\"209\" \/><figcaption id=\"caption-attachment-47888\" class=\"wp-caption-text\">Jhonatan de Souza Silva responder\u00e1 agora por assassinato de Alan Kardec dentro do Pres\u00eddio S\u00e3o Lu\u00eds 4<\/figcaption><\/figure>\n<p>O detento Jhonatan de Souza Silva, condenado a 25 anos de pris\u00e3o pelo homic\u00eddio do jornalista de O Estado D\u00e9cio S\u00e1, em abril de 2012, assassinou, ontem, um preso identificado como Alan Kardec Dias Mota, no Complexo Penitenci\u00e1rio de Pedrinhas. O crime aconteceu na Unidade Prisional de Ressocializa\u00e7\u00e3o de S\u00e3o Lu\u00eds 4 (UPSL 4), tamb\u00e9m conhecida como Pres\u00eddio S\u00e3o Lu\u00eds 4, durante o banho de sol.<\/p>\n<p>Em nota, a Secretaria de Estado de Administra\u00e7\u00e3o Penitenci\u00e1ria (Seap) informou que, por volta das 7h30 desse domingo (7), durante o &#8216;banho de sol&#8217;, Jhonatan feriu o peito de Alan Kardec com um peda\u00e7o de ferro, que revelou ter retirado do banheiro.<\/p>\n<p>O detento ferido ainda foi socorrido e levado ao Hospital Municipal Dr. Clementino Moura (Socorr\u00e3o 2). O acusado foi encaminhado ao Plant\u00e3o Central da Vila Embratel para prestar depoimento sobre sua motiva\u00e7\u00e3o para o delito praticado.<\/p>\n<p><strong>Fac\u00e7\u00e3o<\/strong><\/p>\n<p>Alan Kardec era apontado como fundador da fac\u00e7\u00e3o criminosa Bonde dos 40 e era um criminoso considerado de alt\u00edssima periculosidade. Assim como Jhonatan, ele era custodiado em cela individual, na UPSL 4.<\/p>\n<p><strong>Em xeque<\/strong><\/p>\n<p>O homic\u00eddio do detento colocou em xeque a suposta pacifica\u00e7\u00e3o no sistema prisional do Maranh\u00e3o, alardeada pelo governo Fl\u00e1vio Dino (PCdoB).<\/p>\n<p>A Pol\u00edcia Civil abriu inqu\u00e9rito para apura\u00e7\u00e3o dos fatos.<\/p>\n","protected":false},"excerpt":{"rendered":"<p>Crime aconteceu no Pres\u00eddio S\u00e3o Lu\u00eds 4 e colocou em xeque suposta pacifica\u00e7\u00e3o do sistema prisional do Maranh\u00e3o O detento [&hellip;]<\/p>\n","protected":false},"author":0,"featured_media":0,"comment_status":"open","ping_status":"open","sticky":false,"template":"","format":"standard","meta":{"site-sidebar-layout":"default","site-content-layout":"","ast-site-content-layout":"default","site-content-style":"default","site-sidebar-style":"default","ast-global-header-display":"","ast-banner-title-visibility":"","ast-main-header-display":"","ast-hfb-above-header-display":"","ast-hfb-below-header-display":"","ast-hfb-mobile-header-display":"","site-post-title":"","ast-breadcrumbs-content":"","ast-featured-img":"","footer-sml-layout":"","ast-disable-related-posts":"","theme-transparent-header-meta":"","adv-header-id-meta":"","stick-header-meta":"","header-above-stick-meta":"","header-main-stick-meta":"","header-below-stick-meta":"","astra-migrate-meta-layouts":"default","ast-page-background-enabled":"default","ast-page-background-meta":{"desktop":{"background-color":"var(--ast-global-color-5)","background-image":"","background-repeat":"repeat","background-position":"center center","background-size":"auto","background-attachment":"scroll","background-type":"","background-media":"","overlay-type":"","overlay-color":"","overlay-opacity":"","overlay-gradient":""},"tablet":{"background-color":"","background-image":"","background-repeat":"repeat","background-position":"center center","background-size":"auto","background-attachment":"scroll","background-type":"","background-media":"","overlay-type":"","overlay-color":"","overlay-opacity":"","overlay-gradient":""},"mobile":{"background-color":"","background-image":"","background-repeat":"repeat","background-position":"center center","background-size":"auto","background-attachment":"scroll","background-type":"","background-media":"","overlay-type":"","overlay-color":"","overlay-opacity":"","overlay-gradient":""}},"ast-content-background-meta":{"desktop":{"background-color":"var(--ast-global-color-4)","background-image":"","background-repeat":"repeat","background-position":"center center","background-size":"auto","background-attachment":"scroll","background-type":"","background-media":"","overlay-type":"","overlay-color":"","overlay-opacity":"","overlay-gradient":""},"tablet":{"background-color":"var(--ast-global-color-4)","background-image":"","background-repeat":"repeat","background-position":"center center","background-size":"auto","background-attachment":"scroll","background-type":"","background-media":"","overlay-type":"","overlay-color":"","overlay-opacity":"","overlay-gradient":""},"mobile":{"background-color":"var(--ast-global-color-4)","background-image":"","background-repeat":"repeat","background-position":"center center","background-size":"auto","background-attachment":"scroll","background-type":"","background-media":"","overlay-type":"","overlay-color":"","overlay-opacity":"","overlay-gradient":""}},"footnotes":""},"categories":[1],"tags":[],"class_list":["post-47887","post","type-post","status-publish","format-standard","hentry","category-sem-categoria"],"yoast_head":"<!-- This site is optimized with the Yoast SEO plugin v26.6 - https:\/\/yoast.com\/wordpress\/plugins\/seo\/ -->\n<title>Assassino de D\u00e9cio S\u00e1 mata detento durante banho de sol, em Pedrinhas - Daniel Matos<\/title>\n<meta name=\"robots\" content=\"index, follow, max-snippet:-1, max-image-preview:large, max-video-preview:-1\" \/>\n<link rel=\"canonical\" href=\"https:\/\/www.blogsoestado.com\/danielmatos\/assassino-de-decio-sa-mata-detento-durante-banho-de-sol-em-pedrinhas\/\" \/>\n<meta property=\"og:locale\" content=\"pt_BR\" \/>\n<meta property=\"og:type\" content=\"article\" \/>\n<meta property=\"og:title\" content=\"Assassino de D\u00e9cio S\u00e1 mata detento durante banho de sol, em Pedrinhas - Daniel Matos\" \/>\n<meta property=\"og:description\" content=\"Crime aconteceu no Pres\u00eddio S\u00e3o Lu\u00eds 4 e colocou em xeque suposta pacifica\u00e7\u00e3o do sistema prisional do Maranh\u00e3o O detento [&hellip;]\" \/>\n<meta property=\"og:url\" content=\"https:\/\/www.blogsoestado.com\/danielmatos\/assassino-de-decio-sa-mata-detento-durante-banho-de-sol-em-pedrinhas\/\" \/>\n<meta property=\"og:site_name\" content=\"Daniel Matos\" \/>\n<meta property=\"article:published_time\" content=\"2018-01-07T22:24:09+00:00\" \/>\n<meta property=\"og:image\" content=\"https:\/\/www.blogsoestado.com\/danielmatos\/files\/2018\/01\/pistoleiro-mata4.jpg\" \/>\n<meta name=\"twitter:card\" content=\"summary_large_image\" \/>\n<meta name=\"twitter:label1\" content=\"Est. tempo de leitura\" \/>\n\t<meta name=\"twitter:data1\" content=\"1 minuto\" \/>\n<script type=\"application\/ld+json\" class=\"yoast-schema-graph\">{\"@context\":\"https:\/\/schema.org\",\"@graph\":[{\"@type\":\"WebPage\",\"@id\":\"https:\/\/www.blogsoestado.com\/danielmatos\/assassino-de-decio-sa-mata-detento-durante-banho-de-sol-em-pedrinhas\/\",\"url\":\"https:\/\/www.blogsoestado.com\/danielmatos\/assassino-de-decio-sa-mata-detento-durante-banho-de-sol-em-pedrinhas\/\",\"name\":\"Assassino de D\u00e9cio S\u00e1 mata detento durante banho de sol, em Pedrinhas - Daniel Matos\",\"isPartOf\":{\"@id\":\"https:\/\/www.blogsoestado.com\/danielmatos\/#website\"},\"primaryImageOfPage\":{\"@id\":\"https:\/\/www.blogsoestado.com\/danielmatos\/assassino-de-decio-sa-mata-detento-durante-banho-de-sol-em-pedrinhas\/#primaryimage\"},\"image\":{\"@id\":\"https:\/\/www.blogsoestado.com\/danielmatos\/assassino-de-decio-sa-mata-detento-durante-banho-de-sol-em-pedrinhas\/#primaryimage\"},\"thumbnailUrl\":\"https:\/\/www.blogsoestado.com\/danielmatos\/files\/2018\/01\/pistoleiro-mata4.jpg\",\"datePublished\":\"2018-01-07T22:24:09+00:00\",\"author\":{\"@id\":\"\"},\"breadcrumb\":{\"@id\":\"https:\/\/www.blogsoestado.com\/danielmatos\/assassino-de-decio-sa-mata-detento-durante-banho-de-sol-em-pedrinhas\/#breadcrumb\"},\"inLanguage\":\"pt-BR\",\"potentialAction\":[{\"@type\":\"ReadAction\",\"target\":[\"https:\/\/www.blogsoestado.com\/danielmatos\/assassino-de-decio-sa-mata-detento-durante-banho-de-sol-em-pedrinhas\/\"]}]},{\"@type\":\"ImageObject\",\"inLanguage\":\"pt-BR\",\"@id\":\"https:\/\/www.blogsoestado.com\/danielmatos\/assassino-de-decio-sa-mata-detento-durante-banho-de-sol-em-pedrinhas\/#primaryimage\",\"url\":\"https:\/\/www.blogsoestado.com\/danielmatos\/files\/2018\/01\/pistoleiro-mata4.jpg\",\"contentUrl\":\"https:\/\/www.blogsoestado.com\/danielmatos\/files\/2018\/01\/pistoleiro-mata4.jpg\"},{\"@type\":\"BreadcrumbList\",\"@id\":\"https:\/\/www.blogsoestado.com\/danielmatos\/assassino-de-decio-sa-mata-detento-durante-banho-de-sol-em-pedrinhas\/#breadcrumb\",\"itemListElement\":[{\"@type\":\"ListItem\",\"position\":1,\"name\":\"In\u00edcio\",\"item\":\"https:\/\/www.blogsoestado.com\/danielmatos\/\"},{\"@type\":\"ListItem\",\"position\":2,\"name\":\"Assassino de D\u00e9cio S\u00e1 mata detento durante banho de sol, em Pedrinhas\"}]},{\"@type\":\"WebSite\",\"@id\":\"https:\/\/www.blogsoestado.com\/danielmatos\/#website\",\"url\":\"https:\/\/www.blogsoestado.com\/danielmatos\/\",\"name\":\"Daniel Matos\",\"description\":\"\",\"potentialAction\":[{\"@type\":\"SearchAction\",\"target\":{\"@type\":\"EntryPoint\",\"urlTemplate\":\"https:\/\/www.blogsoestado.com\/danielmatos\/?s={search_term_string}\"},\"query-input\":{\"@type\":\"PropertyValueSpecification\",\"valueRequired\":true,\"valueName\":\"search_term_string\"}}],\"inLanguage\":\"pt-BR\"}]}<\/script>\n<!-- \/ Yoast SEO plugin. -->","yoast_head_json":{"title":"Assassino de D\u00e9cio S\u00e1 mata detento durante banho de sol, em Pedrinhas - Daniel Matos","robots":{"index":"index","follow":"follow","max-snippet":"max-snippet:-1","max-image-preview":"max-image-preview:large","max-video-preview":"max-video-preview:-1"},"canonical":"https:\/\/www.blogsoestado.com\/danielmatos\/assassino-de-decio-sa-mata-detento-durante-banho-de-sol-em-pedrinhas\/","og_locale":"pt_BR","og_type":"article","og_title":"Assassino de D\u00e9cio S\u00e1 mata detento durante banho de sol, em Pedrinhas - Daniel Matos","og_description":"Crime aconteceu no Pres\u00eddio S\u00e3o Lu\u00eds 4 e colocou em xeque suposta pacifica\u00e7\u00e3o do sistema prisional do Maranh\u00e3o O detento [&hellip;]","og_url":"https:\/\/www.blogsoestado.com\/danielmatos\/assassino-de-decio-sa-mata-detento-durante-banho-de-sol-em-pedrinhas\/","og_site_name":"Daniel Matos","article_published_time":"2018-01-07T22:24:09+00:00","og_image":[{"url":"https:\/\/www.blogsoestado.com\/danielmatos\/files\/2018\/01\/pistoleiro-mata4.jpg","type":"","width":"","height":""}],"twitter_card":"summary_large_image","twitter_misc":{"Est. tempo de leitura":"1 minuto"},"schema":{"@context":"https:\/\/schema.org","@graph":[{"@type":"WebPage","@id":"https:\/\/www.blogsoestado.com\/danielmatos\/assassino-de-decio-sa-mata-detento-durante-banho-de-sol-em-pedrinhas\/","url":"https:\/\/www.blogsoestado.com\/danielmatos\/assassino-de-decio-sa-mata-detento-durante-banho-de-sol-em-pedrinhas\/","name":"Assassino de D\u00e9cio S\u00e1 mata detento durante banho de sol, em Pedrinhas - Daniel Matos","isPartOf":{"@id":"https:\/\/www.blogsoestado.com\/danielmatos\/#website"},"primaryImageOfPage":{"@id":"https:\/\/www.blogsoestado.com\/danielmatos\/assassino-de-decio-sa-mata-detento-durante-banho-de-sol-em-pedrinhas\/#primaryimage"},"image":{"@id":"https:\/\/www.blogsoestado.com\/danielmatos\/assassino-de-decio-sa-mata-detento-durante-banho-de-sol-em-pedrinhas\/#primaryimage"},"thumbnailUrl":"https:\/\/www.blogsoestado.com\/danielmatos\/files\/2018\/01\/pistoleiro-mata4.jpg","datePublished":"2018-01-07T22:24:09+00:00","author":{"@id":""},"breadcrumb":{"@id":"https:\/\/www.blogsoestado.com\/danielmatos\/assassino-de-decio-sa-mata-detento-durante-banho-de-sol-em-pedrinhas\/#breadcrumb"},"inLanguage":"pt-BR","potentialAction":[{"@type":"ReadAction","target":["https:\/\/www.blogsoestado.com\/danielmatos\/assassino-de-decio-sa-mata-detento-durante-banho-de-sol-em-pedrinhas\/"]}]},{"@type":"ImageObject","inLanguage":"pt-BR","@id":"https:\/\/www.blogsoestado.com\/danielmatos\/assassino-de-decio-sa-mata-detento-durante-banho-de-sol-em-pedrinhas\/#primaryimage","url":"https:\/\/www.blogsoestado.com\/danielmatos\/files\/2018\/01\/pistoleiro-mata4.jpg","contentUrl":"https:\/\/www.blogsoestado.com\/danielmatos\/files\/2018\/01\/pistoleiro-mata4.jpg"},{"@type":"BreadcrumbList","@id":"https:\/\/www.blogsoestado.com\/danielmatos\/assassino-de-decio-sa-mata-detento-durante-banho-de-sol-em-pedrinhas\/#breadcrumb","itemListElement":[{"@type":"ListItem","position":1,"name":"In\u00edcio","item":"https:\/\/www.blogsoestado.com\/danielmatos\/"},{"@type":"ListItem","position":2,"name":"Assassino de D\u00e9cio S\u00e1 mata detento durante banho de sol, em Pedrinhas"}]},{"@type":"WebSite","@id":"https:\/\/www.blogsoestado.com\/danielmatos\/#website","url":"https:\/\/www.blogsoestado.com\/danielmatos\/","name":"Daniel Matos","description":"","potentialAction":[{"@type":"SearchAction","target":{"@type":"EntryPoint","urlTemplate":"https:\/\/www.blogsoestado.com\/danielmatos\/?s={search_term_string}"},"query-input":{"@type":"PropertyValueSpecification","valueRequired":true,"valueName":"search_term_string"}}],"inLanguage":"pt-BR"}]}},"jetpack_featured_media_url":"","_links":{"self":[{"href":"https:\/\/www.blogsoestado.com\/danielmatos\/wp-json\/wp\/v2\/posts\/47887","targetHints":{"allow":["GET"]}}],"collection":[{"href":"https:\/\/www.blogsoestado.com\/danielmatos\/wp-json\/wp\/v2\/posts"}],"about":[{"href":"https:\/\/www.blogsoestado.com\/danielmatos\/wp-json\/wp\/v2\/types\/post"}],"replies":[{"embeddable":true,"href":"https:\/\/www.blogsoestado.com\/danielmatos\/wp-json\/wp\/v2\/comments?post=47887"}],"version-history":[{"count":0,"href":"https:\/\/www.blogsoestado.com\/danielmatos\/wp-json\/wp\/v2\/posts\/47887\/revisions"}],"wp:attachment":[{"href":"https:\/\/www.blogsoestado.com\/danielmatos\/wp-json\/wp\/v2\/media?parent=47887"}],"wp:term":[{"taxonomy":"category","embeddable":true,"href":"https:\/\/www.blogsoestado.com\/danielmatos\/wp-json\/wp\/v2\/categories?post=47887"},{"taxonomy":"post_tag","embeddable":true,"href":"https:\/\/www.blogsoestado.com\/danielmatos\/wp-json\/wp\/v2\/tags?post=47887"}],"curies":[{"name":"wp","href":"https:\/\/api.w.org\/{rel}","templated":true}]}}