{"id":48971,"date":"2018-02-25T17:00:51","date_gmt":"2018-02-25T20:00:51","guid":{"rendered":"https:\/\/www.blogsoestado.com\/danielmatos\/?p=48971"},"modified":"2018-02-25T17:00:51","modified_gmt":"2018-02-25T20:00:51","slug":"deputado-wellington-condena-projeto-de-flavio-dino-que-prejudica-e-desrespeita-policiais-civis","status":"publish","type":"post","link":"https:\/\/www.blogsoestado.com\/danielmatos\/deputado-wellington-condena-projeto-de-flavio-dino-que-prejudica-e-desrespeita-policiais-civis\/","title":{"rendered":"Deputado Wellington condena projeto de Fl\u00e1vio Dino que prejudica e desrespeita policiais civis"},"content":{"rendered":"<figure id=\"attachment_48973\" aria-describedby=\"caption-attachment-48973\" style=\"width: 640px\" class=\"wp-caption aligncenter\"><img fetchpriority=\"high\" decoding=\"async\" class=\"size-full wp-image-48973\" src=\"https:\/\/www.blogsoestado.com\/danielmatos\/files\/2018\/02\/w-respeito.jpg\" alt=\"\" width=\"640\" height=\"480\" \/><figcaption id=\"caption-attachment-48973\" class=\"wp-caption-text\">Na audi\u00eancia, o deputado Wellington defendeu altera\u00e7\u00f5es ben\u00e9ficas para os policiais civis do Maranh\u00e3o<\/figcaption><\/figure>\n<p>O deputado estadual progressista Wellington do Curso participou,\u00a0na tarde da \u00faltima sexta-feira (23), de audi\u00eancia p\u00fablica para discutir o Projeto de Lei N\u00ba 365\/2017, de autoria do Executivo, que imp\u00f5e altera\u00e7\u00f5es quanto \u00e0 organiza\u00e7\u00e3o administrativa da Pol\u00edcia Civil do Maranh\u00e3o. Estiveram tamb\u00e9m presentes os deputados Eduardo Braide, que solicitou a audi\u00eancia, e J\u00fanior Verde, al\u00e9m do presidente da Associa\u00e7\u00e3o de Delegados, Marconi Lima; do presidente do Sindicato da Pol\u00edcia Civil, Elton Jhon; do presidente da Associa\u00e7\u00e3o de escriv\u00e3es, Ant\u00f4nio Carlos, al\u00e9m de v\u00e1rios delegados, peritos, escriv\u00e3es, agentes e outros servidores.<\/p>\n<p>Na ocasi\u00e3o, o deputado Wellington defendeu altera\u00e7\u00f5es ben\u00e9ficas para os policiais civis do Maranh\u00e3o.<\/p>\n<figure id=\"attachment_48974\" aria-describedby=\"caption-attachment-48974\" style=\"width: 640px\" class=\"wp-caption aligncenter\"><img decoding=\"async\" class=\"size-full wp-image-48974\" src=\"https:\/\/www.blogsoestado.com\/danielmatos\/files\/2018\/02\/w-respeito2.jpg\" alt=\"\" width=\"640\" height=\"480\" \/><figcaption id=\"caption-attachment-48974\" class=\"wp-caption-text\">Dezenas de policiais se manifestaram na audi\u00eancia por mudan\u00e7as no projeto<\/figcaption><\/figure>\n<p>\u201cAs mudan\u00e7as impostas no Projeto de Lei N\u00ba 365\/2017 s\u00e3o significativamente mal\u00e9ficas. Se aprovado na forma como o Governador quer, muitos ser\u00e3o os preju\u00edzos causados \u00e0 Pol\u00edcia Civil do Maranh\u00e3o. Os preju\u00edzos ir\u00e3o desde a retirada do car\u00e1ter deliberativo do Conselho, ou seja, ser\u00e1 apenas consultivo; alcan\u00e7ando at\u00e9 mesmo o Plano de Cargos e Carreiras dos servidores. Antes de querer mudar, \u00e9 preciso ouvir e respeitar os servidores. Somos contr\u00e1rios a esse projeto, na forma em que est\u00e1. \u00c9 preciso ouvir os servidores e, ent\u00e3o, apresentar as altera\u00e7\u00f5es. \u00c9 o que faremos\u201d, disse o professor e deputado Wellington do Curso.<\/p>\n","protected":false},"excerpt":{"rendered":"<p>O deputado estadual progressista Wellington do Curso participou,\u00a0na tarde da \u00faltima sexta-feira (23), de audi\u00eancia p\u00fablica para discutir o Projeto [&hellip;]<\/p>\n","protected":false},"author":0,"featured_media":0,"comment_status":"open","ping_status":"open","sticky":false,"template":"","format":"standard","meta":{"site-sidebar-layout":"default","site-content-layout":"","ast-site-content-layout":"default","site-content-style":"default","site-sidebar-style":"default","ast-global-header-display":"","ast-banner-title-visibility":"","ast-main-header-display":"","ast-hfb-above-header-display":"","ast-hfb-below-header-display":"","ast-hfb-mobile-header-display":"","site-post-title":"","ast-breadcrumbs-content":"","ast-featured-img":"","footer-sml-layout":"","ast-disable-related-posts":"","theme-transparent-header-meta":"","adv-header-id-meta":"","stick-header-meta":"","header-above-stick-meta":"","header-main-stick-meta":"","header-below-stick-meta":"","astra-migrate-meta-layouts":"default","ast-page-background-enabled":"default","ast-page-background-meta":{"desktop":{"background-color":"var(--ast-global-color-5)","background-image":"","background-repeat":"repeat","background-position":"center center","background-size":"auto","background-attachment":"scroll","background-type":"","background-media":"","overlay-type":"","overlay-color":"","overlay-opacity":"","overlay-gradient":""},"tablet":{"background-color":"","background-image":"","background-repeat":"repeat","background-position":"center center","background-size":"auto","background-attachment":"scroll","background-type":"","background-media":"","overlay-type":"","overlay-color":"","overlay-opacity":"","overlay-gradient":""},"mobile":{"background-color":"","background-image":"","background-repeat":"repeat","background-position":"center center","background-size":"auto","background-attachment":"scroll","background-type":"","background-media":"","overlay-type":"","overlay-color":"","overlay-opacity":"","overlay-gradient":""}},"ast-content-background-meta":{"desktop":{"background-color":"var(--ast-global-color-4)","background-image":"","background-repeat":"repeat","background-position":"center center","background-size":"auto","background-attachment":"scroll","background-type":"","background-media":"","overlay-type":"","overlay-color":"","overlay-opacity":"","overlay-gradient":""},"tablet":{"background-color":"var(--ast-global-color-4)","background-image":"","background-repeat":"repeat","background-position":"center center","background-size":"auto","background-attachment":"scroll","background-type":"","background-media":"","overlay-type":"","overlay-color":"","overlay-opacity":"","overlay-gradient":""},"mobile":{"background-color":"var(--ast-global-color-4)","background-image":"","background-repeat":"repeat","background-position":"center center","background-size":"auto","background-attachment":"scroll","background-type":"","background-media":"","overlay-type":"","overlay-color":"","overlay-opacity":"","overlay-gradient":""}},"footnotes":""},"categories":[1],"tags":[],"class_list":["post-48971","post","type-post","status-publish","format-standard","hentry","category-sem-categoria"],"yoast_head":"<!-- This site is optimized with the Yoast SEO plugin v26.6 - https:\/\/yoast.com\/wordpress\/plugins\/seo\/ -->\n<title>Deputado Wellington condena projeto de Fl\u00e1vio Dino que prejudica e desrespeita policiais civis - Daniel Matos<\/title>\n<meta name=\"robots\" content=\"index, follow, max-snippet:-1, max-image-preview:large, max-video-preview:-1\" \/>\n<link rel=\"canonical\" href=\"https:\/\/www.blogsoestado.com\/danielmatos\/deputado-wellington-condena-projeto-de-flavio-dino-que-prejudica-e-desrespeita-policiais-civis\/\" \/>\n<meta property=\"og:locale\" content=\"pt_BR\" \/>\n<meta property=\"og:type\" content=\"article\" \/>\n<meta property=\"og:title\" content=\"Deputado Wellington condena projeto de Fl\u00e1vio Dino que prejudica e desrespeita policiais civis - Daniel Matos\" \/>\n<meta property=\"og:description\" content=\"O deputado estadual progressista Wellington do Curso participou,\u00a0na tarde da \u00faltima sexta-feira (23), de audi\u00eancia p\u00fablica para discutir o Projeto [&hellip;]\" \/>\n<meta property=\"og:url\" content=\"https:\/\/www.blogsoestado.com\/danielmatos\/deputado-wellington-condena-projeto-de-flavio-dino-que-prejudica-e-desrespeita-policiais-civis\/\" \/>\n<meta property=\"og:site_name\" content=\"Daniel Matos\" \/>\n<meta property=\"article:published_time\" content=\"2018-02-25T20:00:51+00:00\" \/>\n<meta property=\"og:image\" content=\"https:\/\/www.blogsoestado.com\/danielmatos\/files\/2018\/02\/w-respeito.jpg\" \/>\n<meta name=\"twitter:card\" content=\"summary_large_image\" \/>\n<meta name=\"twitter:label1\" content=\"Est. tempo de leitura\" \/>\n\t<meta name=\"twitter:data1\" content=\"1 minuto\" \/>\n<script type=\"application\/ld+json\" class=\"yoast-schema-graph\">{\"@context\":\"https:\/\/schema.org\",\"@graph\":[{\"@type\":\"WebPage\",\"@id\":\"https:\/\/www.blogsoestado.com\/danielmatos\/deputado-wellington-condena-projeto-de-flavio-dino-que-prejudica-e-desrespeita-policiais-civis\/\",\"url\":\"https:\/\/www.blogsoestado.com\/danielmatos\/deputado-wellington-condena-projeto-de-flavio-dino-que-prejudica-e-desrespeita-policiais-civis\/\",\"name\":\"Deputado Wellington condena projeto de Fl\u00e1vio Dino que prejudica e desrespeita policiais civis - Daniel Matos\",\"isPartOf\":{\"@id\":\"https:\/\/www.blogsoestado.com\/danielmatos\/#website\"},\"primaryImageOfPage\":{\"@id\":\"https:\/\/www.blogsoestado.com\/danielmatos\/deputado-wellington-condena-projeto-de-flavio-dino-que-prejudica-e-desrespeita-policiais-civis\/#primaryimage\"},\"image\":{\"@id\":\"https:\/\/www.blogsoestado.com\/danielmatos\/deputado-wellington-condena-projeto-de-flavio-dino-que-prejudica-e-desrespeita-policiais-civis\/#primaryimage\"},\"thumbnailUrl\":\"https:\/\/www.blogsoestado.com\/danielmatos\/files\/2018\/02\/w-respeito.jpg\",\"datePublished\":\"2018-02-25T20:00:51+00:00\",\"author\":{\"@id\":\"\"},\"breadcrumb\":{\"@id\":\"https:\/\/www.blogsoestado.com\/danielmatos\/deputado-wellington-condena-projeto-de-flavio-dino-que-prejudica-e-desrespeita-policiais-civis\/#breadcrumb\"},\"inLanguage\":\"pt-BR\",\"potentialAction\":[{\"@type\":\"ReadAction\",\"target\":[\"https:\/\/www.blogsoestado.com\/danielmatos\/deputado-wellington-condena-projeto-de-flavio-dino-que-prejudica-e-desrespeita-policiais-civis\/\"]}]},{\"@type\":\"ImageObject\",\"inLanguage\":\"pt-BR\",\"@id\":\"https:\/\/www.blogsoestado.com\/danielmatos\/deputado-wellington-condena-projeto-de-flavio-dino-que-prejudica-e-desrespeita-policiais-civis\/#primaryimage\",\"url\":\"https:\/\/www.blogsoestado.com\/danielmatos\/files\/2018\/02\/w-respeito.jpg\",\"contentUrl\":\"https:\/\/www.blogsoestado.com\/danielmatos\/files\/2018\/02\/w-respeito.jpg\"},{\"@type\":\"BreadcrumbList\",\"@id\":\"https:\/\/www.blogsoestado.com\/danielmatos\/deputado-wellington-condena-projeto-de-flavio-dino-que-prejudica-e-desrespeita-policiais-civis\/#breadcrumb\",\"itemListElement\":[{\"@type\":\"ListItem\",\"position\":1,\"name\":\"In\u00edcio\",\"item\":\"https:\/\/www.blogsoestado.com\/danielmatos\/\"},{\"@type\":\"ListItem\",\"position\":2,\"name\":\"Deputado Wellington condena projeto de Fl\u00e1vio Dino que prejudica e desrespeita policiais civis\"}]},{\"@type\":\"WebSite\",\"@id\":\"https:\/\/www.blogsoestado.com\/danielmatos\/#website\",\"url\":\"https:\/\/www.blogsoestado.com\/danielmatos\/\",\"name\":\"Daniel Matos\",\"description\":\"\",\"potentialAction\":[{\"@type\":\"SearchAction\",\"target\":{\"@type\":\"EntryPoint\",\"urlTemplate\":\"https:\/\/www.blogsoestado.com\/danielmatos\/?s={search_term_string}\"},\"query-input\":{\"@type\":\"PropertyValueSpecification\",\"valueRequired\":true,\"valueName\":\"search_term_string\"}}],\"inLanguage\":\"pt-BR\"}]}<\/script>\n<!-- \/ Yoast SEO plugin. -->","yoast_head_json":{"title":"Deputado Wellington condena projeto de Fl\u00e1vio Dino que prejudica e desrespeita policiais civis - Daniel Matos","robots":{"index":"index","follow":"follow","max-snippet":"max-snippet:-1","max-image-preview":"max-image-preview:large","max-video-preview":"max-video-preview:-1"},"canonical":"https:\/\/www.blogsoestado.com\/danielmatos\/deputado-wellington-condena-projeto-de-flavio-dino-que-prejudica-e-desrespeita-policiais-civis\/","og_locale":"pt_BR","og_type":"article","og_title":"Deputado Wellington condena projeto de Fl\u00e1vio Dino que prejudica e desrespeita policiais civis - Daniel Matos","og_description":"O deputado estadual progressista Wellington do Curso participou,\u00a0na tarde da \u00faltima sexta-feira (23), de audi\u00eancia p\u00fablica para discutir o Projeto [&hellip;]","og_url":"https:\/\/www.blogsoestado.com\/danielmatos\/deputado-wellington-condena-projeto-de-flavio-dino-que-prejudica-e-desrespeita-policiais-civis\/","og_site_name":"Daniel Matos","article_published_time":"2018-02-25T20:00:51+00:00","og_image":[{"url":"https:\/\/www.blogsoestado.com\/danielmatos\/files\/2018\/02\/w-respeito.jpg","type":"","width":"","height":""}],"twitter_card":"summary_large_image","twitter_misc":{"Est. tempo de leitura":"1 minuto"},"schema":{"@context":"https:\/\/schema.org","@graph":[{"@type":"WebPage","@id":"https:\/\/www.blogsoestado.com\/danielmatos\/deputado-wellington-condena-projeto-de-flavio-dino-que-prejudica-e-desrespeita-policiais-civis\/","url":"https:\/\/www.blogsoestado.com\/danielmatos\/deputado-wellington-condena-projeto-de-flavio-dino-que-prejudica-e-desrespeita-policiais-civis\/","name":"Deputado Wellington condena projeto de Fl\u00e1vio Dino que prejudica e desrespeita policiais civis - Daniel Matos","isPartOf":{"@id":"https:\/\/www.blogsoestado.com\/danielmatos\/#website"},"primaryImageOfPage":{"@id":"https:\/\/www.blogsoestado.com\/danielmatos\/deputado-wellington-condena-projeto-de-flavio-dino-que-prejudica-e-desrespeita-policiais-civis\/#primaryimage"},"image":{"@id":"https:\/\/www.blogsoestado.com\/danielmatos\/deputado-wellington-condena-projeto-de-flavio-dino-que-prejudica-e-desrespeita-policiais-civis\/#primaryimage"},"thumbnailUrl":"https:\/\/www.blogsoestado.com\/danielmatos\/files\/2018\/02\/w-respeito.jpg","datePublished":"2018-02-25T20:00:51+00:00","author":{"@id":""},"breadcrumb":{"@id":"https:\/\/www.blogsoestado.com\/danielmatos\/deputado-wellington-condena-projeto-de-flavio-dino-que-prejudica-e-desrespeita-policiais-civis\/#breadcrumb"},"inLanguage":"pt-BR","potentialAction":[{"@type":"ReadAction","target":["https:\/\/www.blogsoestado.com\/danielmatos\/deputado-wellington-condena-projeto-de-flavio-dino-que-prejudica-e-desrespeita-policiais-civis\/"]}]},{"@type":"ImageObject","inLanguage":"pt-BR","@id":"https:\/\/www.blogsoestado.com\/danielmatos\/deputado-wellington-condena-projeto-de-flavio-dino-que-prejudica-e-desrespeita-policiais-civis\/#primaryimage","url":"https:\/\/www.blogsoestado.com\/danielmatos\/files\/2018\/02\/w-respeito.jpg","contentUrl":"https:\/\/www.blogsoestado.com\/danielmatos\/files\/2018\/02\/w-respeito.jpg"},{"@type":"BreadcrumbList","@id":"https:\/\/www.blogsoestado.com\/danielmatos\/deputado-wellington-condena-projeto-de-flavio-dino-que-prejudica-e-desrespeita-policiais-civis\/#breadcrumb","itemListElement":[{"@type":"ListItem","position":1,"name":"In\u00edcio","item":"https:\/\/www.blogsoestado.com\/danielmatos\/"},{"@type":"ListItem","position":2,"name":"Deputado Wellington condena projeto de Fl\u00e1vio Dino que prejudica e desrespeita policiais civis"}]},{"@type":"WebSite","@id":"https:\/\/www.blogsoestado.com\/danielmatos\/#website","url":"https:\/\/www.blogsoestado.com\/danielmatos\/","name":"Daniel Matos","description":"","potentialAction":[{"@type":"SearchAction","target":{"@type":"EntryPoint","urlTemplate":"https:\/\/www.blogsoestado.com\/danielmatos\/?s={search_term_string}"},"query-input":{"@type":"PropertyValueSpecification","valueRequired":true,"valueName":"search_term_string"}}],"inLanguage":"pt-BR"}]}},"jetpack_featured_media_url":"","_links":{"self":[{"href":"https:\/\/www.blogsoestado.com\/danielmatos\/wp-json\/wp\/v2\/posts\/48971","targetHints":{"allow":["GET"]}}],"collection":[{"href":"https:\/\/www.blogsoestado.com\/danielmatos\/wp-json\/wp\/v2\/posts"}],"about":[{"href":"https:\/\/www.blogsoestado.com\/danielmatos\/wp-json\/wp\/v2\/types\/post"}],"replies":[{"embeddable":true,"href":"https:\/\/www.blogsoestado.com\/danielmatos\/wp-json\/wp\/v2\/comments?post=48971"}],"version-history":[{"count":0,"href":"https:\/\/www.blogsoestado.com\/danielmatos\/wp-json\/wp\/v2\/posts\/48971\/revisions"}],"wp:attachment":[{"href":"https:\/\/www.blogsoestado.com\/danielmatos\/wp-json\/wp\/v2\/media?parent=48971"}],"wp:term":[{"taxonomy":"category","embeddable":true,"href":"https:\/\/www.blogsoestado.com\/danielmatos\/wp-json\/wp\/v2\/categories?post=48971"},{"taxonomy":"post_tag","embeddable":true,"href":"https:\/\/www.blogsoestado.com\/danielmatos\/wp-json\/wp\/v2\/tags?post=48971"}],"curies":[{"name":"wp","href":"https:\/\/api.w.org\/{rel}","templated":true}]}}