{"id":48989,"date":"2018-02-27T08:49:49","date_gmt":"2018-02-27T11:49:49","guid":{"rendered":"https:\/\/www.blogsoestado.com\/danielmatos\/?p=48989"},"modified":"2018-02-27T08:49:49","modified_gmt":"2018-02-27T11:49:49","slug":"deputado-wellington-discute-com-mp-e-oab-acessibilidade-e-mobilidade-urbana-da-pessoa-idosa","status":"publish","type":"post","link":"https:\/\/www.blogsoestado.com\/danielmatos\/deputado-wellington-discute-com-mp-e-oab-acessibilidade-e-mobilidade-urbana-da-pessoa-idosa\/","title":{"rendered":"Deputado Wellington discute com MP e OAB acessibilidade e mobilidade urbana da pessoa idosa"},"content":{"rendered":"<figure id=\"attachment_48990\" aria-describedby=\"caption-attachment-48990\" style=\"width: 448px\" class=\"wp-caption alignleft\"><img fetchpriority=\"high\" decoding=\"async\" class=\"wp-image-48990 size-full\" src=\"https:\/\/www.blogsoestado.com\/danielmatos\/files\/2018\/02\/w-idoso3.jpg\" alt=\"\" width=\"448\" height=\"326\" \/><figcaption id=\"caption-attachment-48990\" class=\"wp-caption-text\">Wellington com o promotor do Idoso, Augusto Cutrim, em audi\u00eancia p\u00fablica que promoveu na Assembleia Legislativa sobre direitos da terceira idade<\/figcaption><\/figure>\n<p>As 1\u00aa e 2\u00aa promotorias do idoso realizar\u00e3o, nesta ter\u00e7a-feira (27), importante audi\u00eancia p\u00fablica para tratar sobre acessibilidade e mobilidade urbana da pessoa idosa no Maranh\u00e3o. Os promotores Augusto Cutrim e Esdras Soares foram, pessoalmente, \u00e0 Assembleia Legislativa e convocaram o deputado estadual progressista para participar da audi\u00eancia.<\/p>\n<p>\u201cA audi\u00eancia p\u00fablica sobre a acessibilidade e mobilidade urbana da Pessoa Idosa tem com fundamentos os princ\u00edpios a vida e a liberdade de ir e vir. Visa diagnosticar com base em dados concretos a situa\u00e7\u00e3o de quatro eixos: sinaliza\u00e7\u00e3o e faixa de tr\u00e2nsito, cal\u00e7amento, transporte p\u00fablico (garantia dos assentos, parada de \u00f4nibus, forma\u00e7\u00e3o dos motoristas. Ser\u00e1 realizada uma escuta da sociedade e Poder P\u00fablico, a partir da cria\u00e7\u00e3o de n\u00facleos com envolvimento universit\u00e1rios de engenharia, arquitetura, economia e ci\u00eancias cont\u00e1beis, inicialmente, para apresenta\u00e7\u00e3o de propostas\u201d, esclareceu o Dr.Augusto Cutrim.<\/p>\n<p>Sobre a audi\u00eancia, o deputado Wellington, de imediato, aceitou o convite para a discuss\u00e3o e destacou a relev\u00e2ncia da tem\u00e1tica.<\/p>\n<p>\u201cSabemos que s\u00e3o v\u00e1rios os casos em que os idosos s\u00e3o impossibilitados de trafegarem livremente, seja por falta de sinaliza\u00e7\u00e3o, seja pela falta de educa\u00e7\u00e3o no tr\u00e2nsito ou, at\u00e9 mesmo, impaci\u00eancia de muitos condutores. Na semana passada, recebemos o caso de uma senhora que caiu em um \u00f4nibus porque o motorista simplesmente \u2018arrancou\u2019 o ve\u00edculo. Infelizmente, esse caso n\u00e3o \u00e9 exce\u00e7\u00e3o e o Poder P\u00fablico precisa agir. Por isso, parabenizo a iniciativa das promotorias de promoverem essa discuss\u00e3o e, desde j\u00e1, coloco-me \u00e0 disposi\u00e7\u00e3o para fazer o que for poss\u00edvel, no \u00e2mbito do legislativo\u201d, afirmou o deputado Wellington.<\/p>\n<p>A audi\u00eancia p\u00fablica acontecer\u00e1 nesta ter\u00e7a-feira (27), \u00e0s 9 horas, no audit\u00f3rio da OAB\/MA.<\/p>\n","protected":false},"excerpt":{"rendered":"<p>As 1\u00aa e 2\u00aa promotorias do idoso realizar\u00e3o, nesta ter\u00e7a-feira (27), importante audi\u00eancia p\u00fablica para tratar sobre acessibilidade e mobilidade [&hellip;]<\/p>\n","protected":false},"author":0,"featured_media":0,"comment_status":"open","ping_status":"open","sticky":false,"template":"","format":"standard","meta":{"site-sidebar-layout":"default","site-content-layout":"","ast-site-content-layout":"default","site-content-style":"default","site-sidebar-style":"default","ast-global-header-display":"","ast-banner-title-visibility":"","ast-main-header-display":"","ast-hfb-above-header-display":"","ast-hfb-below-header-display":"","ast-hfb-mobile-header-display":"","site-post-title":"","ast-breadcrumbs-content":"","ast-featured-img":"","footer-sml-layout":"","ast-disable-related-posts":"","theme-transparent-header-meta":"","adv-header-id-meta":"","stick-header-meta":"","header-above-stick-meta":"","header-main-stick-meta":"","header-below-stick-meta":"","astra-migrate-meta-layouts":"default","ast-page-background-enabled":"default","ast-page-background-meta":{"desktop":{"background-color":"var(--ast-global-color-5)","background-image":"","background-repeat":"repeat","background-position":"center center","background-size":"auto","background-attachment":"scroll","background-type":"","background-media":"","overlay-type":"","overlay-color":"","overlay-opacity":"","overlay-gradient":""},"tablet":{"background-color":"","background-image":"","background-repeat":"repeat","background-position":"center center","background-size":"auto","background-attachment":"scroll","background-type":"","background-media":"","overlay-type":"","overlay-color":"","overlay-opacity":"","overlay-gradient":""},"mobile":{"background-color":"","background-image":"","background-repeat":"repeat","background-position":"center center","background-size":"auto","background-attachment":"scroll","background-type":"","background-media":"","overlay-type":"","overlay-color":"","overlay-opacity":"","overlay-gradient":""}},"ast-content-background-meta":{"desktop":{"background-color":"var(--ast-global-color-4)","background-image":"","background-repeat":"repeat","background-position":"center center","background-size":"auto","background-attachment":"scroll","background-type":"","background-media":"","overlay-type":"","overlay-color":"","overlay-opacity":"","overlay-gradient":""},"tablet":{"background-color":"var(--ast-global-color-4)","background-image":"","background-repeat":"repeat","background-position":"center center","background-size":"auto","background-attachment":"scroll","background-type":"","background-media":"","overlay-type":"","overlay-color":"","overlay-opacity":"","overlay-gradient":""},"mobile":{"background-color":"var(--ast-global-color-4)","background-image":"","background-repeat":"repeat","background-position":"center center","background-size":"auto","background-attachment":"scroll","background-type":"","background-media":"","overlay-type":"","overlay-color":"","overlay-opacity":"","overlay-gradient":""}},"footnotes":""},"categories":[1],"tags":[],"class_list":["post-48989","post","type-post","status-publish","format-standard","hentry","category-sem-categoria"],"yoast_head":"<!-- This site is optimized with the Yoast SEO plugin v26.6 - https:\/\/yoast.com\/wordpress\/plugins\/seo\/ -->\n<title>Deputado Wellington discute com MP e OAB acessibilidade e mobilidade urbana da pessoa idosa - Daniel Matos<\/title>\n<meta name=\"robots\" content=\"index, follow, max-snippet:-1, max-image-preview:large, max-video-preview:-1\" \/>\n<link rel=\"canonical\" href=\"https:\/\/www.blogsoestado.com\/danielmatos\/deputado-wellington-discute-com-mp-e-oab-acessibilidade-e-mobilidade-urbana-da-pessoa-idosa\/\" \/>\n<meta property=\"og:locale\" content=\"pt_BR\" \/>\n<meta property=\"og:type\" content=\"article\" \/>\n<meta property=\"og:title\" content=\"Deputado Wellington discute com MP e OAB acessibilidade e mobilidade urbana da pessoa idosa - Daniel Matos\" \/>\n<meta property=\"og:description\" content=\"As 1\u00aa e 2\u00aa promotorias do idoso realizar\u00e3o, nesta ter\u00e7a-feira (27), importante audi\u00eancia p\u00fablica para tratar sobre acessibilidade e mobilidade [&hellip;]\" \/>\n<meta property=\"og:url\" content=\"https:\/\/www.blogsoestado.com\/danielmatos\/deputado-wellington-discute-com-mp-e-oab-acessibilidade-e-mobilidade-urbana-da-pessoa-idosa\/\" \/>\n<meta property=\"og:site_name\" content=\"Daniel Matos\" \/>\n<meta property=\"article:published_time\" content=\"2018-02-27T11:49:49+00:00\" \/>\n<meta property=\"og:image\" content=\"https:\/\/www.blogsoestado.com\/danielmatos\/files\/2018\/02\/w-idoso3.jpg\" \/>\n<meta name=\"twitter:card\" content=\"summary_large_image\" \/>\n<meta name=\"twitter:label1\" content=\"Est. tempo de leitura\" \/>\n\t<meta name=\"twitter:data1\" content=\"2 minutos\" \/>\n<script type=\"application\/ld+json\" class=\"yoast-schema-graph\">{\"@context\":\"https:\/\/schema.org\",\"@graph\":[{\"@type\":\"WebPage\",\"@id\":\"https:\/\/www.blogsoestado.com\/danielmatos\/deputado-wellington-discute-com-mp-e-oab-acessibilidade-e-mobilidade-urbana-da-pessoa-idosa\/\",\"url\":\"https:\/\/www.blogsoestado.com\/danielmatos\/deputado-wellington-discute-com-mp-e-oab-acessibilidade-e-mobilidade-urbana-da-pessoa-idosa\/\",\"name\":\"Deputado Wellington discute com MP e OAB acessibilidade e mobilidade urbana da pessoa idosa - Daniel Matos\",\"isPartOf\":{\"@id\":\"https:\/\/www.blogsoestado.com\/danielmatos\/#website\"},\"primaryImageOfPage\":{\"@id\":\"https:\/\/www.blogsoestado.com\/danielmatos\/deputado-wellington-discute-com-mp-e-oab-acessibilidade-e-mobilidade-urbana-da-pessoa-idosa\/#primaryimage\"},\"image\":{\"@id\":\"https:\/\/www.blogsoestado.com\/danielmatos\/deputado-wellington-discute-com-mp-e-oab-acessibilidade-e-mobilidade-urbana-da-pessoa-idosa\/#primaryimage\"},\"thumbnailUrl\":\"https:\/\/www.blogsoestado.com\/danielmatos\/files\/2018\/02\/w-idoso3.jpg\",\"datePublished\":\"2018-02-27T11:49:49+00:00\",\"author\":{\"@id\":\"\"},\"breadcrumb\":{\"@id\":\"https:\/\/www.blogsoestado.com\/danielmatos\/deputado-wellington-discute-com-mp-e-oab-acessibilidade-e-mobilidade-urbana-da-pessoa-idosa\/#breadcrumb\"},\"inLanguage\":\"pt-BR\",\"potentialAction\":[{\"@type\":\"ReadAction\",\"target\":[\"https:\/\/www.blogsoestado.com\/danielmatos\/deputado-wellington-discute-com-mp-e-oab-acessibilidade-e-mobilidade-urbana-da-pessoa-idosa\/\"]}]},{\"@type\":\"ImageObject\",\"inLanguage\":\"pt-BR\",\"@id\":\"https:\/\/www.blogsoestado.com\/danielmatos\/deputado-wellington-discute-com-mp-e-oab-acessibilidade-e-mobilidade-urbana-da-pessoa-idosa\/#primaryimage\",\"url\":\"https:\/\/www.blogsoestado.com\/danielmatos\/files\/2018\/02\/w-idoso3.jpg\",\"contentUrl\":\"https:\/\/www.blogsoestado.com\/danielmatos\/files\/2018\/02\/w-idoso3.jpg\"},{\"@type\":\"BreadcrumbList\",\"@id\":\"https:\/\/www.blogsoestado.com\/danielmatos\/deputado-wellington-discute-com-mp-e-oab-acessibilidade-e-mobilidade-urbana-da-pessoa-idosa\/#breadcrumb\",\"itemListElement\":[{\"@type\":\"ListItem\",\"position\":1,\"name\":\"In\u00edcio\",\"item\":\"https:\/\/www.blogsoestado.com\/danielmatos\/\"},{\"@type\":\"ListItem\",\"position\":2,\"name\":\"Deputado Wellington discute com MP e OAB acessibilidade e mobilidade urbana da pessoa idosa\"}]},{\"@type\":\"WebSite\",\"@id\":\"https:\/\/www.blogsoestado.com\/danielmatos\/#website\",\"url\":\"https:\/\/www.blogsoestado.com\/danielmatos\/\",\"name\":\"Daniel Matos\",\"description\":\"\",\"potentialAction\":[{\"@type\":\"SearchAction\",\"target\":{\"@type\":\"EntryPoint\",\"urlTemplate\":\"https:\/\/www.blogsoestado.com\/danielmatos\/?s={search_term_string}\"},\"query-input\":{\"@type\":\"PropertyValueSpecification\",\"valueRequired\":true,\"valueName\":\"search_term_string\"}}],\"inLanguage\":\"pt-BR\"}]}<\/script>\n<!-- \/ Yoast SEO plugin. -->","yoast_head_json":{"title":"Deputado Wellington discute com MP e OAB acessibilidade e mobilidade urbana da pessoa idosa - Daniel Matos","robots":{"index":"index","follow":"follow","max-snippet":"max-snippet:-1","max-image-preview":"max-image-preview:large","max-video-preview":"max-video-preview:-1"},"canonical":"https:\/\/www.blogsoestado.com\/danielmatos\/deputado-wellington-discute-com-mp-e-oab-acessibilidade-e-mobilidade-urbana-da-pessoa-idosa\/","og_locale":"pt_BR","og_type":"article","og_title":"Deputado Wellington discute com MP e OAB acessibilidade e mobilidade urbana da pessoa idosa - Daniel Matos","og_description":"As 1\u00aa e 2\u00aa promotorias do idoso realizar\u00e3o, nesta ter\u00e7a-feira (27), importante audi\u00eancia p\u00fablica para tratar sobre acessibilidade e mobilidade [&hellip;]","og_url":"https:\/\/www.blogsoestado.com\/danielmatos\/deputado-wellington-discute-com-mp-e-oab-acessibilidade-e-mobilidade-urbana-da-pessoa-idosa\/","og_site_name":"Daniel Matos","article_published_time":"2018-02-27T11:49:49+00:00","og_image":[{"url":"https:\/\/www.blogsoestado.com\/danielmatos\/files\/2018\/02\/w-idoso3.jpg","type":"","width":"","height":""}],"twitter_card":"summary_large_image","twitter_misc":{"Est. tempo de leitura":"2 minutos"},"schema":{"@context":"https:\/\/schema.org","@graph":[{"@type":"WebPage","@id":"https:\/\/www.blogsoestado.com\/danielmatos\/deputado-wellington-discute-com-mp-e-oab-acessibilidade-e-mobilidade-urbana-da-pessoa-idosa\/","url":"https:\/\/www.blogsoestado.com\/danielmatos\/deputado-wellington-discute-com-mp-e-oab-acessibilidade-e-mobilidade-urbana-da-pessoa-idosa\/","name":"Deputado Wellington discute com MP e OAB acessibilidade e mobilidade urbana da pessoa idosa - Daniel Matos","isPartOf":{"@id":"https:\/\/www.blogsoestado.com\/danielmatos\/#website"},"primaryImageOfPage":{"@id":"https:\/\/www.blogsoestado.com\/danielmatos\/deputado-wellington-discute-com-mp-e-oab-acessibilidade-e-mobilidade-urbana-da-pessoa-idosa\/#primaryimage"},"image":{"@id":"https:\/\/www.blogsoestado.com\/danielmatos\/deputado-wellington-discute-com-mp-e-oab-acessibilidade-e-mobilidade-urbana-da-pessoa-idosa\/#primaryimage"},"thumbnailUrl":"https:\/\/www.blogsoestado.com\/danielmatos\/files\/2018\/02\/w-idoso3.jpg","datePublished":"2018-02-27T11:49:49+00:00","author":{"@id":""},"breadcrumb":{"@id":"https:\/\/www.blogsoestado.com\/danielmatos\/deputado-wellington-discute-com-mp-e-oab-acessibilidade-e-mobilidade-urbana-da-pessoa-idosa\/#breadcrumb"},"inLanguage":"pt-BR","potentialAction":[{"@type":"ReadAction","target":["https:\/\/www.blogsoestado.com\/danielmatos\/deputado-wellington-discute-com-mp-e-oab-acessibilidade-e-mobilidade-urbana-da-pessoa-idosa\/"]}]},{"@type":"ImageObject","inLanguage":"pt-BR","@id":"https:\/\/www.blogsoestado.com\/danielmatos\/deputado-wellington-discute-com-mp-e-oab-acessibilidade-e-mobilidade-urbana-da-pessoa-idosa\/#primaryimage","url":"https:\/\/www.blogsoestado.com\/danielmatos\/files\/2018\/02\/w-idoso3.jpg","contentUrl":"https:\/\/www.blogsoestado.com\/danielmatos\/files\/2018\/02\/w-idoso3.jpg"},{"@type":"BreadcrumbList","@id":"https:\/\/www.blogsoestado.com\/danielmatos\/deputado-wellington-discute-com-mp-e-oab-acessibilidade-e-mobilidade-urbana-da-pessoa-idosa\/#breadcrumb","itemListElement":[{"@type":"ListItem","position":1,"name":"In\u00edcio","item":"https:\/\/www.blogsoestado.com\/danielmatos\/"},{"@type":"ListItem","position":2,"name":"Deputado Wellington discute com MP e OAB acessibilidade e mobilidade urbana da pessoa idosa"}]},{"@type":"WebSite","@id":"https:\/\/www.blogsoestado.com\/danielmatos\/#website","url":"https:\/\/www.blogsoestado.com\/danielmatos\/","name":"Daniel Matos","description":"","potentialAction":[{"@type":"SearchAction","target":{"@type":"EntryPoint","urlTemplate":"https:\/\/www.blogsoestado.com\/danielmatos\/?s={search_term_string}"},"query-input":{"@type":"PropertyValueSpecification","valueRequired":true,"valueName":"search_term_string"}}],"inLanguage":"pt-BR"}]}},"jetpack_featured_media_url":"","_links":{"self":[{"href":"https:\/\/www.blogsoestado.com\/danielmatos\/wp-json\/wp\/v2\/posts\/48989","targetHints":{"allow":["GET"]}}],"collection":[{"href":"https:\/\/www.blogsoestado.com\/danielmatos\/wp-json\/wp\/v2\/posts"}],"about":[{"href":"https:\/\/www.blogsoestado.com\/danielmatos\/wp-json\/wp\/v2\/types\/post"}],"replies":[{"embeddable":true,"href":"https:\/\/www.blogsoestado.com\/danielmatos\/wp-json\/wp\/v2\/comments?post=48989"}],"version-history":[{"count":0,"href":"https:\/\/www.blogsoestado.com\/danielmatos\/wp-json\/wp\/v2\/posts\/48989\/revisions"}],"wp:attachment":[{"href":"https:\/\/www.blogsoestado.com\/danielmatos\/wp-json\/wp\/v2\/media?parent=48989"}],"wp:term":[{"taxonomy":"category","embeddable":true,"href":"https:\/\/www.blogsoestado.com\/danielmatos\/wp-json\/wp\/v2\/categories?post=48989"},{"taxonomy":"post_tag","embeddable":true,"href":"https:\/\/www.blogsoestado.com\/danielmatos\/wp-json\/wp\/v2\/tags?post=48989"}],"curies":[{"name":"wp","href":"https:\/\/api.w.org\/{rel}","templated":true}]}}