{"id":49010,"date":"2018-02-27T18:38:14","date_gmt":"2018-02-27T21:38:14","guid":{"rendered":"https:\/\/www.blogsoestado.com\/danielmatos\/?p=49010"},"modified":"2018-02-27T18:38:14","modified_gmt":"2018-02-27T21:38:14","slug":"o-inferno-astral-do-dem-no-maranhao","status":"publish","type":"post","link":"https:\/\/www.blogsoestado.com\/danielmatos\/o-inferno-astral-do-dem-no-maranhao\/","title":{"rendered":"O inferno astral do DEM no Maranh\u00e3o"},"content":{"rendered":"<figure id=\"attachment_49011\" aria-describedby=\"caption-attachment-49011\" style=\"width: 448px\" class=\"wp-caption alignright\"><img fetchpriority=\"high\" decoding=\"async\" class=\"size-full wp-image-49011\" src=\"https:\/\/www.blogsoestado.com\/danielmatos\/files\/2018\/02\/dem-caos.jpg\" alt=\"\" width=\"448\" height=\"295\" \/><figcaption id=\"caption-attachment-49011\" class=\"wp-caption-text\">Mergulhado no caos ap\u00f3s ascens\u00e3o de Juscelino Filho \u00e0 presid\u00eancia estadual e ades\u00e3o \u00e0 base de Fl\u00e1vio Dino, DEM pode ir para as m\u00e3os de Z\u00e9 Reinaldo ap\u00f3s rompimento deste com o governador<\/figcaption><\/figure>\n<p>O Democratas vive um momento pol\u00edtico desastroso no Maranh\u00e3o. Sem qualquer defini\u00e7\u00e3o quanto ao futuro, o partido \u00e9, hoje, foco de conflito e instabilidade. O inferno astral do DEM \u00e9 algo que deve comprometer o desempenho da legenda nas pr\u00f3ximas elei\u00e7\u00f5es, caso n\u00e3o haja uma reformula\u00e7\u00e3o.<\/p>\n<p>At\u00e9 o pleito de outubro, a sigla pode mudar de comando no estado, uma vez que o deputado federal Juscelino Filho, atual presidente, convive com a amea\u00e7a, cada vez mais real, de perda do controle do diret\u00f3rio regional. H\u00e1 quem aposte que o DEM pode ir para as m\u00e3os do tamb\u00e9m deputado federal e pr\u00e9-candidato a senador Jos\u00e9 Reinaldo Tavares, que teve o cacife fortalecido junto \u00e0 Executiva Nacional democrata ap\u00f3s anunciar seu rompimento pol\u00edtico com o governador Fl\u00e1vio Dino (PCdoB).<\/p>\n<p>Tamb\u00e9m contribui para o caos no partido a condena\u00e7\u00e3o do deputado estadual St\u00eanio Rezende, figura de proa do DEM maranhense, por corrup\u00e7\u00e3o pela Justi\u00e7a Federal.\u00a0 Tio do ainda presidente Juscelino Filho, St\u00eanio foi sentenciado pelo Tribunal Regional Federal (TRF) da 1\u00aa Regi\u00e3o, em agosto do ano passado, \u00e0 perda dos direitos pol\u00edticos por oito anos e, portanto, \u00e0 cassa\u00e7\u00e3o do mandato, pelos crimes de peculato, lavagem de dinheiro, uso de documentos falsos e falsidade ideol\u00f3gica.<\/p>\n<p>Outro fato que exp\u00f5e negativamente a legenda \u00e9 a acusa\u00e7\u00e3o de viol\u00eancia dom\u00e9stica que pesa sobre o deputado estadual Cabo Campos, que integra, junto com o colega Ant\u00f4nio Pereira, a bancada democrata na Assembleia Legislativa. Campos foi enquadrado na Lei Maria da Penha por ter agredido fisicamente a esposa, no \u00faltimo dia 4, dentro de casa. O caso foi confirmado pela deputada estadual Valeria Macedo (PDT), procuradora da Mulher no Legislativo estadual e deve resultar em rigorosa puni\u00e7\u00e3o ao parlamentar, inclusive nas urnas.<\/p>\n<p>Para completar o inferno astral, o DEM est\u00e1 prestes a sofrer uma grave defec\u00e7\u00e3o. O vereador Marquinhos, \u00fanico representante do partido na C\u00e2mara Municipal de S\u00e3o Lu\u00eds, sinaliza estar de malas prontas para deixar a sigla e desembarcar no PSL, do experiente e habilidoso colega Francisco Carvalho.<\/p>\n<p>O caos pol\u00edtico que se instalou no DEM nos \u00faltimos tempos prova que a mudan\u00e7a de comando na legenda, efetivada h\u00e1 pouco mais de dois anos, foi um p\u00e9ssimo neg\u00f3cio.<\/p>\n","protected":false},"excerpt":{"rendered":"<p>O Democratas vive um momento pol\u00edtico desastroso no Maranh\u00e3o. Sem qualquer defini\u00e7\u00e3o quanto ao futuro, o partido \u00e9, hoje, foco [&hellip;]<\/p>\n","protected":false},"author":0,"featured_media":0,"comment_status":"open","ping_status":"open","sticky":false,"template":"","format":"standard","meta":{"site-sidebar-layout":"default","site-content-layout":"","ast-site-content-layout":"default","site-content-style":"default","site-sidebar-style":"default","ast-global-header-display":"","ast-banner-title-visibility":"","ast-main-header-display":"","ast-hfb-above-header-display":"","ast-hfb-below-header-display":"","ast-hfb-mobile-header-display":"","site-post-title":"","ast-breadcrumbs-content":"","ast-featured-img":"","footer-sml-layout":"","ast-disable-related-posts":"","theme-transparent-header-meta":"","adv-header-id-meta":"","stick-header-meta":"","header-above-stick-meta":"","header-main-stick-meta":"","header-below-stick-meta":"","astra-migrate-meta-layouts":"default","ast-page-background-enabled":"default","ast-page-background-meta":{"desktop":{"background-color":"var(--ast-global-color-5)","background-image":"","background-repeat":"repeat","background-position":"center center","background-size":"auto","background-attachment":"scroll","background-type":"","background-media":"","overlay-type":"","overlay-color":"","overlay-opacity":"","overlay-gradient":""},"tablet":{"background-color":"","background-image":"","background-repeat":"repeat","background-position":"center center","background-size":"auto","background-attachment":"scroll","background-type":"","background-media":"","overlay-type":"","overlay-color":"","overlay-opacity":"","overlay-gradient":""},"mobile":{"background-color":"","background-image":"","background-repeat":"repeat","background-position":"center center","background-size":"auto","background-attachment":"scroll","background-type":"","background-media":"","overlay-type":"","overlay-color":"","overlay-opacity":"","overlay-gradient":""}},"ast-content-background-meta":{"desktop":{"background-color":"var(--ast-global-color-4)","background-image":"","background-repeat":"repeat","background-position":"center center","background-size":"auto","background-attachment":"scroll","background-type":"","background-media":"","overlay-type":"","overlay-color":"","overlay-opacity":"","overlay-gradient":""},"tablet":{"background-color":"var(--ast-global-color-4)","background-image":"","background-repeat":"repeat","background-position":"center center","background-size":"auto","background-attachment":"scroll","background-type":"","background-media":"","overlay-type":"","overlay-color":"","overlay-opacity":"","overlay-gradient":""},"mobile":{"background-color":"var(--ast-global-color-4)","background-image":"","background-repeat":"repeat","background-position":"center center","background-size":"auto","background-attachment":"scroll","background-type":"","background-media":"","overlay-type":"","overlay-color":"","overlay-opacity":"","overlay-gradient":""}},"footnotes":""},"categories":[1],"tags":[],"class_list":["post-49010","post","type-post","status-publish","format-standard","hentry","category-sem-categoria"],"yoast_head":"<!-- This site is optimized with the Yoast SEO plugin v26.6 - https:\/\/yoast.com\/wordpress\/plugins\/seo\/ -->\n<title>O inferno astral do DEM no Maranh\u00e3o - Daniel Matos<\/title>\n<meta name=\"robots\" content=\"index, follow, max-snippet:-1, max-image-preview:large, max-video-preview:-1\" \/>\n<link rel=\"canonical\" href=\"https:\/\/www.blogsoestado.com\/danielmatos\/o-inferno-astral-do-dem-no-maranhao\/\" \/>\n<meta property=\"og:locale\" content=\"pt_BR\" \/>\n<meta property=\"og:type\" content=\"article\" \/>\n<meta property=\"og:title\" content=\"O inferno astral do DEM no Maranh\u00e3o - Daniel Matos\" \/>\n<meta property=\"og:description\" content=\"O Democratas vive um momento pol\u00edtico desastroso no Maranh\u00e3o. Sem qualquer defini\u00e7\u00e3o quanto ao futuro, o partido \u00e9, hoje, foco [&hellip;]\" \/>\n<meta property=\"og:url\" content=\"https:\/\/www.blogsoestado.com\/danielmatos\/o-inferno-astral-do-dem-no-maranhao\/\" \/>\n<meta property=\"og:site_name\" content=\"Daniel Matos\" \/>\n<meta property=\"article:published_time\" content=\"2018-02-27T21:38:14+00:00\" \/>\n<meta property=\"og:image\" content=\"https:\/\/www.blogsoestado.com\/danielmatos\/files\/2018\/02\/dem-caos.jpg\" \/>\n<meta name=\"twitter:card\" content=\"summary_large_image\" \/>\n<meta name=\"twitter:label1\" content=\"Est. tempo de leitura\" \/>\n\t<meta name=\"twitter:data1\" content=\"2 minutos\" \/>\n<script type=\"application\/ld+json\" class=\"yoast-schema-graph\">{\"@context\":\"https:\/\/schema.org\",\"@graph\":[{\"@type\":\"WebPage\",\"@id\":\"https:\/\/www.blogsoestado.com\/danielmatos\/o-inferno-astral-do-dem-no-maranhao\/\",\"url\":\"https:\/\/www.blogsoestado.com\/danielmatos\/o-inferno-astral-do-dem-no-maranhao\/\",\"name\":\"O inferno astral do DEM no Maranh\u00e3o - Daniel Matos\",\"isPartOf\":{\"@id\":\"https:\/\/www.blogsoestado.com\/danielmatos\/#website\"},\"primaryImageOfPage\":{\"@id\":\"https:\/\/www.blogsoestado.com\/danielmatos\/o-inferno-astral-do-dem-no-maranhao\/#primaryimage\"},\"image\":{\"@id\":\"https:\/\/www.blogsoestado.com\/danielmatos\/o-inferno-astral-do-dem-no-maranhao\/#primaryimage\"},\"thumbnailUrl\":\"https:\/\/www.blogsoestado.com\/danielmatos\/files\/2018\/02\/dem-caos.jpg\",\"datePublished\":\"2018-02-27T21:38:14+00:00\",\"author\":{\"@id\":\"\"},\"breadcrumb\":{\"@id\":\"https:\/\/www.blogsoestado.com\/danielmatos\/o-inferno-astral-do-dem-no-maranhao\/#breadcrumb\"},\"inLanguage\":\"pt-BR\",\"potentialAction\":[{\"@type\":\"ReadAction\",\"target\":[\"https:\/\/www.blogsoestado.com\/danielmatos\/o-inferno-astral-do-dem-no-maranhao\/\"]}]},{\"@type\":\"ImageObject\",\"inLanguage\":\"pt-BR\",\"@id\":\"https:\/\/www.blogsoestado.com\/danielmatos\/o-inferno-astral-do-dem-no-maranhao\/#primaryimage\",\"url\":\"https:\/\/www.blogsoestado.com\/danielmatos\/files\/2018\/02\/dem-caos.jpg\",\"contentUrl\":\"https:\/\/www.blogsoestado.com\/danielmatos\/files\/2018\/02\/dem-caos.jpg\"},{\"@type\":\"BreadcrumbList\",\"@id\":\"https:\/\/www.blogsoestado.com\/danielmatos\/o-inferno-astral-do-dem-no-maranhao\/#breadcrumb\",\"itemListElement\":[{\"@type\":\"ListItem\",\"position\":1,\"name\":\"In\u00edcio\",\"item\":\"https:\/\/www.blogsoestado.com\/danielmatos\/\"},{\"@type\":\"ListItem\",\"position\":2,\"name\":\"O inferno astral do DEM no Maranh\u00e3o\"}]},{\"@type\":\"WebSite\",\"@id\":\"https:\/\/www.blogsoestado.com\/danielmatos\/#website\",\"url\":\"https:\/\/www.blogsoestado.com\/danielmatos\/\",\"name\":\"Daniel Matos\",\"description\":\"\",\"potentialAction\":[{\"@type\":\"SearchAction\",\"target\":{\"@type\":\"EntryPoint\",\"urlTemplate\":\"https:\/\/www.blogsoestado.com\/danielmatos\/?s={search_term_string}\"},\"query-input\":{\"@type\":\"PropertyValueSpecification\",\"valueRequired\":true,\"valueName\":\"search_term_string\"}}],\"inLanguage\":\"pt-BR\"}]}<\/script>\n<!-- \/ Yoast SEO plugin. -->","yoast_head_json":{"title":"O inferno astral do DEM no Maranh\u00e3o - Daniel Matos","robots":{"index":"index","follow":"follow","max-snippet":"max-snippet:-1","max-image-preview":"max-image-preview:large","max-video-preview":"max-video-preview:-1"},"canonical":"https:\/\/www.blogsoestado.com\/danielmatos\/o-inferno-astral-do-dem-no-maranhao\/","og_locale":"pt_BR","og_type":"article","og_title":"O inferno astral do DEM no Maranh\u00e3o - Daniel Matos","og_description":"O Democratas vive um momento pol\u00edtico desastroso no Maranh\u00e3o. Sem qualquer defini\u00e7\u00e3o quanto ao futuro, o partido \u00e9, hoje, foco [&hellip;]","og_url":"https:\/\/www.blogsoestado.com\/danielmatos\/o-inferno-astral-do-dem-no-maranhao\/","og_site_name":"Daniel Matos","article_published_time":"2018-02-27T21:38:14+00:00","og_image":[{"url":"https:\/\/www.blogsoestado.com\/danielmatos\/files\/2018\/02\/dem-caos.jpg","type":"","width":"","height":""}],"twitter_card":"summary_large_image","twitter_misc":{"Est. tempo de leitura":"2 minutos"},"schema":{"@context":"https:\/\/schema.org","@graph":[{"@type":"WebPage","@id":"https:\/\/www.blogsoestado.com\/danielmatos\/o-inferno-astral-do-dem-no-maranhao\/","url":"https:\/\/www.blogsoestado.com\/danielmatos\/o-inferno-astral-do-dem-no-maranhao\/","name":"O inferno astral do DEM no Maranh\u00e3o - Daniel Matos","isPartOf":{"@id":"https:\/\/www.blogsoestado.com\/danielmatos\/#website"},"primaryImageOfPage":{"@id":"https:\/\/www.blogsoestado.com\/danielmatos\/o-inferno-astral-do-dem-no-maranhao\/#primaryimage"},"image":{"@id":"https:\/\/www.blogsoestado.com\/danielmatos\/o-inferno-astral-do-dem-no-maranhao\/#primaryimage"},"thumbnailUrl":"https:\/\/www.blogsoestado.com\/danielmatos\/files\/2018\/02\/dem-caos.jpg","datePublished":"2018-02-27T21:38:14+00:00","author":{"@id":""},"breadcrumb":{"@id":"https:\/\/www.blogsoestado.com\/danielmatos\/o-inferno-astral-do-dem-no-maranhao\/#breadcrumb"},"inLanguage":"pt-BR","potentialAction":[{"@type":"ReadAction","target":["https:\/\/www.blogsoestado.com\/danielmatos\/o-inferno-astral-do-dem-no-maranhao\/"]}]},{"@type":"ImageObject","inLanguage":"pt-BR","@id":"https:\/\/www.blogsoestado.com\/danielmatos\/o-inferno-astral-do-dem-no-maranhao\/#primaryimage","url":"https:\/\/www.blogsoestado.com\/danielmatos\/files\/2018\/02\/dem-caos.jpg","contentUrl":"https:\/\/www.blogsoestado.com\/danielmatos\/files\/2018\/02\/dem-caos.jpg"},{"@type":"BreadcrumbList","@id":"https:\/\/www.blogsoestado.com\/danielmatos\/o-inferno-astral-do-dem-no-maranhao\/#breadcrumb","itemListElement":[{"@type":"ListItem","position":1,"name":"In\u00edcio","item":"https:\/\/www.blogsoestado.com\/danielmatos\/"},{"@type":"ListItem","position":2,"name":"O inferno astral do DEM no Maranh\u00e3o"}]},{"@type":"WebSite","@id":"https:\/\/www.blogsoestado.com\/danielmatos\/#website","url":"https:\/\/www.blogsoestado.com\/danielmatos\/","name":"Daniel Matos","description":"","potentialAction":[{"@type":"SearchAction","target":{"@type":"EntryPoint","urlTemplate":"https:\/\/www.blogsoestado.com\/danielmatos\/?s={search_term_string}"},"query-input":{"@type":"PropertyValueSpecification","valueRequired":true,"valueName":"search_term_string"}}],"inLanguage":"pt-BR"}]}},"jetpack_featured_media_url":"","_links":{"self":[{"href":"https:\/\/www.blogsoestado.com\/danielmatos\/wp-json\/wp\/v2\/posts\/49010","targetHints":{"allow":["GET"]}}],"collection":[{"href":"https:\/\/www.blogsoestado.com\/danielmatos\/wp-json\/wp\/v2\/posts"}],"about":[{"href":"https:\/\/www.blogsoestado.com\/danielmatos\/wp-json\/wp\/v2\/types\/post"}],"replies":[{"embeddable":true,"href":"https:\/\/www.blogsoestado.com\/danielmatos\/wp-json\/wp\/v2\/comments?post=49010"}],"version-history":[{"count":0,"href":"https:\/\/www.blogsoestado.com\/danielmatos\/wp-json\/wp\/v2\/posts\/49010\/revisions"}],"wp:attachment":[{"href":"https:\/\/www.blogsoestado.com\/danielmatos\/wp-json\/wp\/v2\/media?parent=49010"}],"wp:term":[{"taxonomy":"category","embeddable":true,"href":"https:\/\/www.blogsoestado.com\/danielmatos\/wp-json\/wp\/v2\/categories?post=49010"},{"taxonomy":"post_tag","embeddable":true,"href":"https:\/\/www.blogsoestado.com\/danielmatos\/wp-json\/wp\/v2\/tags?post=49010"}],"curies":[{"name":"wp","href":"https:\/\/api.w.org\/{rel}","templated":true}]}}