{"id":49016,"date":"2018-02-28T09:47:52","date_gmt":"2018-02-28T12:47:52","guid":{"rendered":"https:\/\/www.blogsoestado.com\/danielmatos\/?p=49016"},"modified":"2018-02-28T09:47:52","modified_gmt":"2018-02-28T12:47:52","slug":"vereador-mario-assuncao-avalia-positivamente-primeiro-ano-da-gestao-de-fabio-gentil","status":"publish","type":"post","link":"https:\/\/www.blogsoestado.com\/danielmatos\/vereador-mario-assuncao-avalia-positivamente-primeiro-ano-da-gestao-de-fabio-gentil\/","title":{"rendered":"Vereador M\u00e1rio Assun\u00e7\u00e3o avalia positivamente primeiro ano da gest\u00e3o de F\u00e1bio Gentil"},"content":{"rendered":"<p><strong>Do <a href=\"http:\/\/politicacaxienseprofissional.blogspot.com.br\/2018\/02\/esta-nascendo-um-novo-lider-vereador.html\">Blog Pol\u00edtica Caxiense<\/a><\/strong><\/p>\n<figure id=\"attachment_49017\" aria-describedby=\"caption-attachment-49017\" style=\"width: 320px\" class=\"wp-caption alignright\"><img fetchpriority=\"high\" decoding=\"async\" class=\"size-full wp-image-49017\" src=\"https:\/\/www.blogsoestado.com\/danielmatos\/files\/2018\/02\/vereador-mario.jpg\" alt=\"\" width=\"320\" height=\"213\" \/><figcaption id=\"caption-attachment-49017\" class=\"wp-caption-text\">Vereador M\u00e1rio Assun\u00e7\u00e3o tem posi\u00e7\u00e3o destacada no parlamento<\/figcaption><\/figure>\n<p>Tecendo elogios ao primeiro ano do governo F\u00e1bio Gentil (PRB), o vereador M\u00e1rio Assun\u00e7\u00e3o (PPS) faz uma avalia\u00e7\u00e3o positiva dos trabalhos em 2017 para o Executivo.<\/p>\n<p>Elevado a l\u00edder de Governo na C\u00e2mara Municipal caxiense em gest\u00f5es anteriores, cumpre seu segundo mandato com um olho nas suas atividades parlamentares e o outro em seu futuro pol\u00edtico. Por isso, n\u00e3o se pode descartar a possibilidade do vereador M\u00e1rio Assun\u00e7\u00e3o exercer novamente o cargo de l\u00edder de Governo em mais uma gest\u00e3o.<\/p>\n<p>N\u00e3o \u00e9 de hoje que M\u00e1rio Assun\u00e7\u00e3o \u00e9 uma esp\u00e9cie de \u201cguru\u201d e articulador politico dentro da Casa do Povo.<\/p>\n<p>S\u00f3 nos resta aguardar os pr\u00f3ximos cap\u00edtulos dessa jornada, que, por sinal, nos trar\u00e1 grandes surpresas.<\/p>\n","protected":false},"excerpt":{"rendered":"<p>Do Blog Pol\u00edtica Caxiense Tecendo elogios ao primeiro ano do governo F\u00e1bio Gentil (PRB), o vereador M\u00e1rio Assun\u00e7\u00e3o (PPS) faz [&hellip;]<\/p>\n","protected":false},"author":0,"featured_media":0,"comment_status":"open","ping_status":"open","sticky":false,"template":"","format":"standard","meta":{"site-sidebar-layout":"default","site-content-layout":"","ast-site-content-layout":"default","site-content-style":"default","site-sidebar-style":"default","ast-global-header-display":"","ast-banner-title-visibility":"","ast-main-header-display":"","ast-hfb-above-header-display":"","ast-hfb-below-header-display":"","ast-hfb-mobile-header-display":"","site-post-title":"","ast-breadcrumbs-content":"","ast-featured-img":"","footer-sml-layout":"","ast-disable-related-posts":"","theme-transparent-header-meta":"","adv-header-id-meta":"","stick-header-meta":"","header-above-stick-meta":"","header-main-stick-meta":"","header-below-stick-meta":"","astra-migrate-meta-layouts":"default","ast-page-background-enabled":"default","ast-page-background-meta":{"desktop":{"background-color":"var(--ast-global-color-5)","background-image":"","background-repeat":"repeat","background-position":"center center","background-size":"auto","background-attachment":"scroll","background-type":"","background-media":"","overlay-type":"","overlay-color":"","overlay-opacity":"","overlay-gradient":""},"tablet":{"background-color":"","background-image":"","background-repeat":"repeat","background-position":"center center","background-size":"auto","background-attachment":"scroll","background-type":"","background-media":"","overlay-type":"","overlay-color":"","overlay-opacity":"","overlay-gradient":""},"mobile":{"background-color":"","background-image":"","background-repeat":"repeat","background-position":"center center","background-size":"auto","background-attachment":"scroll","background-type":"","background-media":"","overlay-type":"","overlay-color":"","overlay-opacity":"","overlay-gradient":""}},"ast-content-background-meta":{"desktop":{"background-color":"var(--ast-global-color-4)","background-image":"","background-repeat":"repeat","background-position":"center center","background-size":"auto","background-attachment":"scroll","background-type":"","background-media":"","overlay-type":"","overlay-color":"","overlay-opacity":"","overlay-gradient":""},"tablet":{"background-color":"var(--ast-global-color-4)","background-image":"","background-repeat":"repeat","background-position":"center center","background-size":"auto","background-attachment":"scroll","background-type":"","background-media":"","overlay-type":"","overlay-color":"","overlay-opacity":"","overlay-gradient":""},"mobile":{"background-color":"var(--ast-global-color-4)","background-image":"","background-repeat":"repeat","background-position":"center center","background-size":"auto","background-attachment":"scroll","background-type":"","background-media":"","overlay-type":"","overlay-color":"","overlay-opacity":"","overlay-gradient":""}},"footnotes":""},"categories":[1],"tags":[],"class_list":["post-49016","post","type-post","status-publish","format-standard","hentry","category-sem-categoria"],"yoast_head":"<!-- This site is optimized with the Yoast SEO plugin v26.6 - https:\/\/yoast.com\/wordpress\/plugins\/seo\/ -->\n<title>Vereador M\u00e1rio Assun\u00e7\u00e3o avalia positivamente primeiro ano da gest\u00e3o de F\u00e1bio Gentil - Daniel Matos<\/title>\n<meta name=\"robots\" content=\"index, follow, max-snippet:-1, max-image-preview:large, max-video-preview:-1\" \/>\n<link rel=\"canonical\" href=\"https:\/\/www.blogsoestado.com\/danielmatos\/vereador-mario-assuncao-avalia-positivamente-primeiro-ano-da-gestao-de-fabio-gentil\/\" \/>\n<meta property=\"og:locale\" content=\"pt_BR\" \/>\n<meta property=\"og:type\" content=\"article\" \/>\n<meta property=\"og:title\" content=\"Vereador M\u00e1rio Assun\u00e7\u00e3o avalia positivamente primeiro ano da gest\u00e3o de F\u00e1bio Gentil - Daniel Matos\" \/>\n<meta property=\"og:description\" content=\"Do Blog Pol\u00edtica Caxiense Tecendo elogios ao primeiro ano do governo F\u00e1bio Gentil (PRB), o vereador M\u00e1rio Assun\u00e7\u00e3o (PPS) faz [&hellip;]\" \/>\n<meta property=\"og:url\" content=\"https:\/\/www.blogsoestado.com\/danielmatos\/vereador-mario-assuncao-avalia-positivamente-primeiro-ano-da-gestao-de-fabio-gentil\/\" \/>\n<meta property=\"og:site_name\" content=\"Daniel Matos\" \/>\n<meta property=\"article:published_time\" content=\"2018-02-28T12:47:52+00:00\" \/>\n<meta property=\"og:image\" content=\"https:\/\/www.blogsoestado.com\/danielmatos\/files\/2018\/02\/vereador-mario.jpg\" \/>\n<meta name=\"twitter:card\" content=\"summary_large_image\" \/>\n<meta name=\"twitter:label1\" content=\"Est. tempo de leitura\" \/>\n\t<meta name=\"twitter:data1\" content=\"1 minuto\" \/>\n<script type=\"application\/ld+json\" class=\"yoast-schema-graph\">{\"@context\":\"https:\/\/schema.org\",\"@graph\":[{\"@type\":\"WebPage\",\"@id\":\"https:\/\/www.blogsoestado.com\/danielmatos\/vereador-mario-assuncao-avalia-positivamente-primeiro-ano-da-gestao-de-fabio-gentil\/\",\"url\":\"https:\/\/www.blogsoestado.com\/danielmatos\/vereador-mario-assuncao-avalia-positivamente-primeiro-ano-da-gestao-de-fabio-gentil\/\",\"name\":\"Vereador M\u00e1rio Assun\u00e7\u00e3o avalia positivamente primeiro ano da gest\u00e3o de F\u00e1bio Gentil - Daniel Matos\",\"isPartOf\":{\"@id\":\"https:\/\/www.blogsoestado.com\/danielmatos\/#website\"},\"primaryImageOfPage\":{\"@id\":\"https:\/\/www.blogsoestado.com\/danielmatos\/vereador-mario-assuncao-avalia-positivamente-primeiro-ano-da-gestao-de-fabio-gentil\/#primaryimage\"},\"image\":{\"@id\":\"https:\/\/www.blogsoestado.com\/danielmatos\/vereador-mario-assuncao-avalia-positivamente-primeiro-ano-da-gestao-de-fabio-gentil\/#primaryimage\"},\"thumbnailUrl\":\"https:\/\/www.blogsoestado.com\/danielmatos\/files\/2018\/02\/vereador-mario.jpg\",\"datePublished\":\"2018-02-28T12:47:52+00:00\",\"author\":{\"@id\":\"\"},\"breadcrumb\":{\"@id\":\"https:\/\/www.blogsoestado.com\/danielmatos\/vereador-mario-assuncao-avalia-positivamente-primeiro-ano-da-gestao-de-fabio-gentil\/#breadcrumb\"},\"inLanguage\":\"pt-BR\",\"potentialAction\":[{\"@type\":\"ReadAction\",\"target\":[\"https:\/\/www.blogsoestado.com\/danielmatos\/vereador-mario-assuncao-avalia-positivamente-primeiro-ano-da-gestao-de-fabio-gentil\/\"]}]},{\"@type\":\"ImageObject\",\"inLanguage\":\"pt-BR\",\"@id\":\"https:\/\/www.blogsoestado.com\/danielmatos\/vereador-mario-assuncao-avalia-positivamente-primeiro-ano-da-gestao-de-fabio-gentil\/#primaryimage\",\"url\":\"https:\/\/www.blogsoestado.com\/danielmatos\/files\/2018\/02\/vereador-mario.jpg\",\"contentUrl\":\"https:\/\/www.blogsoestado.com\/danielmatos\/files\/2018\/02\/vereador-mario.jpg\"},{\"@type\":\"BreadcrumbList\",\"@id\":\"https:\/\/www.blogsoestado.com\/danielmatos\/vereador-mario-assuncao-avalia-positivamente-primeiro-ano-da-gestao-de-fabio-gentil\/#breadcrumb\",\"itemListElement\":[{\"@type\":\"ListItem\",\"position\":1,\"name\":\"In\u00edcio\",\"item\":\"https:\/\/www.blogsoestado.com\/danielmatos\/\"},{\"@type\":\"ListItem\",\"position\":2,\"name\":\"Vereador M\u00e1rio Assun\u00e7\u00e3o avalia positivamente primeiro ano da gest\u00e3o de F\u00e1bio Gentil\"}]},{\"@type\":\"WebSite\",\"@id\":\"https:\/\/www.blogsoestado.com\/danielmatos\/#website\",\"url\":\"https:\/\/www.blogsoestado.com\/danielmatos\/\",\"name\":\"Daniel Matos\",\"description\":\"\",\"potentialAction\":[{\"@type\":\"SearchAction\",\"target\":{\"@type\":\"EntryPoint\",\"urlTemplate\":\"https:\/\/www.blogsoestado.com\/danielmatos\/?s={search_term_string}\"},\"query-input\":{\"@type\":\"PropertyValueSpecification\",\"valueRequired\":true,\"valueName\":\"search_term_string\"}}],\"inLanguage\":\"pt-BR\"}]}<\/script>\n<!-- \/ Yoast SEO plugin. -->","yoast_head_json":{"title":"Vereador M\u00e1rio Assun\u00e7\u00e3o avalia positivamente primeiro ano da gest\u00e3o de F\u00e1bio Gentil - Daniel Matos","robots":{"index":"index","follow":"follow","max-snippet":"max-snippet:-1","max-image-preview":"max-image-preview:large","max-video-preview":"max-video-preview:-1"},"canonical":"https:\/\/www.blogsoestado.com\/danielmatos\/vereador-mario-assuncao-avalia-positivamente-primeiro-ano-da-gestao-de-fabio-gentil\/","og_locale":"pt_BR","og_type":"article","og_title":"Vereador M\u00e1rio Assun\u00e7\u00e3o avalia positivamente primeiro ano da gest\u00e3o de F\u00e1bio Gentil - Daniel Matos","og_description":"Do Blog Pol\u00edtica Caxiense Tecendo elogios ao primeiro ano do governo F\u00e1bio Gentil (PRB), o vereador M\u00e1rio Assun\u00e7\u00e3o (PPS) faz [&hellip;]","og_url":"https:\/\/www.blogsoestado.com\/danielmatos\/vereador-mario-assuncao-avalia-positivamente-primeiro-ano-da-gestao-de-fabio-gentil\/","og_site_name":"Daniel Matos","article_published_time":"2018-02-28T12:47:52+00:00","og_image":[{"url":"https:\/\/www.blogsoestado.com\/danielmatos\/files\/2018\/02\/vereador-mario.jpg","type":"","width":"","height":""}],"twitter_card":"summary_large_image","twitter_misc":{"Est. tempo de leitura":"1 minuto"},"schema":{"@context":"https:\/\/schema.org","@graph":[{"@type":"WebPage","@id":"https:\/\/www.blogsoestado.com\/danielmatos\/vereador-mario-assuncao-avalia-positivamente-primeiro-ano-da-gestao-de-fabio-gentil\/","url":"https:\/\/www.blogsoestado.com\/danielmatos\/vereador-mario-assuncao-avalia-positivamente-primeiro-ano-da-gestao-de-fabio-gentil\/","name":"Vereador M\u00e1rio Assun\u00e7\u00e3o avalia positivamente primeiro ano da gest\u00e3o de F\u00e1bio Gentil - Daniel Matos","isPartOf":{"@id":"https:\/\/www.blogsoestado.com\/danielmatos\/#website"},"primaryImageOfPage":{"@id":"https:\/\/www.blogsoestado.com\/danielmatos\/vereador-mario-assuncao-avalia-positivamente-primeiro-ano-da-gestao-de-fabio-gentil\/#primaryimage"},"image":{"@id":"https:\/\/www.blogsoestado.com\/danielmatos\/vereador-mario-assuncao-avalia-positivamente-primeiro-ano-da-gestao-de-fabio-gentil\/#primaryimage"},"thumbnailUrl":"https:\/\/www.blogsoestado.com\/danielmatos\/files\/2018\/02\/vereador-mario.jpg","datePublished":"2018-02-28T12:47:52+00:00","author":{"@id":""},"breadcrumb":{"@id":"https:\/\/www.blogsoestado.com\/danielmatos\/vereador-mario-assuncao-avalia-positivamente-primeiro-ano-da-gestao-de-fabio-gentil\/#breadcrumb"},"inLanguage":"pt-BR","potentialAction":[{"@type":"ReadAction","target":["https:\/\/www.blogsoestado.com\/danielmatos\/vereador-mario-assuncao-avalia-positivamente-primeiro-ano-da-gestao-de-fabio-gentil\/"]}]},{"@type":"ImageObject","inLanguage":"pt-BR","@id":"https:\/\/www.blogsoestado.com\/danielmatos\/vereador-mario-assuncao-avalia-positivamente-primeiro-ano-da-gestao-de-fabio-gentil\/#primaryimage","url":"https:\/\/www.blogsoestado.com\/danielmatos\/files\/2018\/02\/vereador-mario.jpg","contentUrl":"https:\/\/www.blogsoestado.com\/danielmatos\/files\/2018\/02\/vereador-mario.jpg"},{"@type":"BreadcrumbList","@id":"https:\/\/www.blogsoestado.com\/danielmatos\/vereador-mario-assuncao-avalia-positivamente-primeiro-ano-da-gestao-de-fabio-gentil\/#breadcrumb","itemListElement":[{"@type":"ListItem","position":1,"name":"In\u00edcio","item":"https:\/\/www.blogsoestado.com\/danielmatos\/"},{"@type":"ListItem","position":2,"name":"Vereador M\u00e1rio Assun\u00e7\u00e3o avalia positivamente primeiro ano da gest\u00e3o de F\u00e1bio Gentil"}]},{"@type":"WebSite","@id":"https:\/\/www.blogsoestado.com\/danielmatos\/#website","url":"https:\/\/www.blogsoestado.com\/danielmatos\/","name":"Daniel Matos","description":"","potentialAction":[{"@type":"SearchAction","target":{"@type":"EntryPoint","urlTemplate":"https:\/\/www.blogsoestado.com\/danielmatos\/?s={search_term_string}"},"query-input":{"@type":"PropertyValueSpecification","valueRequired":true,"valueName":"search_term_string"}}],"inLanguage":"pt-BR"}]}},"jetpack_featured_media_url":"","_links":{"self":[{"href":"https:\/\/www.blogsoestado.com\/danielmatos\/wp-json\/wp\/v2\/posts\/49016","targetHints":{"allow":["GET"]}}],"collection":[{"href":"https:\/\/www.blogsoestado.com\/danielmatos\/wp-json\/wp\/v2\/posts"}],"about":[{"href":"https:\/\/www.blogsoestado.com\/danielmatos\/wp-json\/wp\/v2\/types\/post"}],"replies":[{"embeddable":true,"href":"https:\/\/www.blogsoestado.com\/danielmatos\/wp-json\/wp\/v2\/comments?post=49016"}],"version-history":[{"count":0,"href":"https:\/\/www.blogsoestado.com\/danielmatos\/wp-json\/wp\/v2\/posts\/49016\/revisions"}],"wp:attachment":[{"href":"https:\/\/www.blogsoestado.com\/danielmatos\/wp-json\/wp\/v2\/media?parent=49016"}],"wp:term":[{"taxonomy":"category","embeddable":true,"href":"https:\/\/www.blogsoestado.com\/danielmatos\/wp-json\/wp\/v2\/categories?post=49016"},{"taxonomy":"post_tag","embeddable":true,"href":"https:\/\/www.blogsoestado.com\/danielmatos\/wp-json\/wp\/v2\/tags?post=49016"}],"curies":[{"name":"wp","href":"https:\/\/api.w.org\/{rel}","templated":true}]}}