{"id":49034,"date":"2018-03-01T10:00:52","date_gmt":"2018-03-01T13:00:52","guid":{"rendered":"https:\/\/www.blogsoestado.com\/danielmatos\/?p=49034"},"modified":"2018-03-01T10:00:52","modified_gmt":"2018-03-01T13:00:52","slug":"wellington-destaca-decisao-que-suspende-contratacao-de-professores-sem-concurso-em-barreirinhas","status":"publish","type":"post","link":"https:\/\/www.blogsoestado.com\/danielmatos\/wellington-destaca-decisao-que-suspende-contratacao-de-professores-sem-concurso-em-barreirinhas\/","title":{"rendered":"Wellington destaca decis\u00e3o que suspende contrata\u00e7\u00e3o de professores sem concurso em Barreirinhas"},"content":{"rendered":"<figure id=\"attachment_49035\" aria-describedby=\"caption-attachment-49035\" style=\"width: 470px\" class=\"wp-caption alignleft\"><img fetchpriority=\"high\" decoding=\"async\" class=\"size-full wp-image-49035\" src=\"https:\/\/www.blogsoestado.com\/danielmatos\/files\/2018\/03\/w-tea.jpg\" alt=\"\" width=\"470\" height=\"313\" \/><figcaption id=\"caption-attachment-49035\" class=\"wp-caption-text\">Em 24 de fevereiro de 2017, professores e outros concursados ocuparam a sede da Prefeitura de Barreirinhas<\/figcaption><\/figure>\n<p>O deputado estadual progressista Wellington do Curso destacou,\u00a0na tarde da \u00faltima ter\u00e7a-feira (27), a decis\u00e3o do juiz Jo\u00e3o Vinicius Aguiar dos Santos que determina a suspens\u00e3o imediata do processo seletivo simplificado para contrata\u00e7\u00e3o de professores, em car\u00e1ter provis\u00f3rio, que trabalhariam na Educa\u00e7\u00e3o Infantil e Ensino Fundamental no Munic\u00edpio de Barreirinhas. A A\u00e7\u00e3o Civil P\u00fablica (ACP) com pedido de liminar foi ajuizada pelo promotor de justi\u00e7a Guilherme Goulart Soares e j\u00e1 foi ponto de audi\u00eancia realizada pelo deputado Wellington, ainda em mar\u00e7o de 2017.<\/p>\n<p>Ao destacar a decis\u00e3o, o deputado Wellington ressaltou a import\u00e2ncia de se respeitar os aprovados no concurso p\u00fablico.<\/p>\n<figure id=\"attachment_49036\" aria-describedby=\"caption-attachment-49036\" style=\"width: 470px\" class=\"wp-caption alignright\"><img decoding=\"async\" class=\"size-full wp-image-49036\" src=\"https:\/\/www.blogsoestado.com\/danielmatos\/files\/2018\/03\/w-tea2.jpg\" alt=\"\" width=\"470\" height=\"313\" \/><figcaption id=\"caption-attachment-49036\" class=\"wp-caption-text\">Em 8 de mar\u00e7o de 2017, Wellington, realizou audi\u00eancia p\u00fablica em Barreirinhas com a presen\u00e7a do Promotor Gustavo<\/figcaption><\/figure>\n<p>\u201cA Prefeitura de Barreirinhas realizou concurso p\u00fablico para provimento de diversos cargos no \u00e2mbito municipal, com homologa\u00e7\u00e3o do resultado final em 30 de junho de 2016. Em mar\u00e7o de 2017, realizamos uma audi\u00eancia para discutir sobre a convoca\u00e7\u00e3o dos aprovados no concurso de Barreirinhas. Por isso, destacamos e ficamos contentes com essa decis\u00e3o do juiz Jo\u00e3o Vinicius Aguiar dos Santos que determina a suspens\u00e3o imediata do processo seletivo simplificado para contrata\u00e7\u00e3o de professores, em car\u00e1ter provis\u00f3rio, que trabalhariam na Educa\u00e7\u00e3o Infantil e Ensino Fundamental no Munic\u00edpio de Barreirinhas. Isso \u00e9 compromisso com o povo do Maranh\u00e3o. Isso \u00e9 respeitar quem estudou para obter aprova\u00e7\u00e3o em um concurso p\u00fablico\u201d, disse Wellington.<\/p>\n<p><strong>ENTENDA O CASO<\/strong><\/p>\n<p>No dia 24 de fevereiro de 2017, os professores ocuparam a sede da prefeitura de Barreirinhas e s\u00f3 deixaram o local ap\u00f3s reuni\u00e3o com o deputado Wellington. Ap\u00f3s isso, no dia 08 de mar\u00e7o de 2017, Wellington realizou importante audi\u00eancia p\u00fablica no munic\u00edpio para discutir sobre a situa\u00e7\u00e3o.<\/p>\n<figure id=\"attachment_49037\" aria-describedby=\"caption-attachment-49037\" style=\"width: 640px\" class=\"wp-caption aligncenter\"><img decoding=\"async\" class=\"size-full wp-image-49037\" src=\"https:\/\/www.blogsoestado.com\/danielmatos\/files\/2018\/03\/w-tea3.jpg\" alt=\"\" width=\"640\" height=\"367\" \/><figcaption id=\"caption-attachment-49037\" class=\"wp-caption-text\">Em 20 de setembro de 2017, Wellington participou de audi\u00eancia com o novo promotor de Barreirinhas, Guilherme<\/figcaption><\/figure>\n<p>Em seguida, j\u00e1 no dia 20 de setembro de 2017, Wellington e uma comiss\u00e3o que representou os aprovados no concurso se reuniram com o promotor de justi\u00e7a Guilherme Goulart, titular da cidade para solicitar a suspens\u00e3o das contrata\u00e7\u00f5es.<\/p>\n","protected":false},"excerpt":{"rendered":"<p>O deputado estadual progressista Wellington do Curso destacou,\u00a0na tarde da \u00faltima ter\u00e7a-feira (27), a decis\u00e3o do juiz Jo\u00e3o Vinicius Aguiar [&hellip;]<\/p>\n","protected":false},"author":0,"featured_media":0,"comment_status":"open","ping_status":"open","sticky":false,"template":"","format":"standard","meta":{"site-sidebar-layout":"default","site-content-layout":"","ast-site-content-layout":"default","site-content-style":"default","site-sidebar-style":"default","ast-global-header-display":"","ast-banner-title-visibility":"","ast-main-header-display":"","ast-hfb-above-header-display":"","ast-hfb-below-header-display":"","ast-hfb-mobile-header-display":"","site-post-title":"","ast-breadcrumbs-content":"","ast-featured-img":"","footer-sml-layout":"","ast-disable-related-posts":"","theme-transparent-header-meta":"","adv-header-id-meta":"","stick-header-meta":"","header-above-stick-meta":"","header-main-stick-meta":"","header-below-stick-meta":"","astra-migrate-meta-layouts":"default","ast-page-background-enabled":"default","ast-page-background-meta":{"desktop":{"background-color":"var(--ast-global-color-5)","background-image":"","background-repeat":"repeat","background-position":"center center","background-size":"auto","background-attachment":"scroll","background-type":"","background-media":"","overlay-type":"","overlay-color":"","overlay-opacity":"","overlay-gradient":""},"tablet":{"background-color":"","background-image":"","background-repeat":"repeat","background-position":"center center","background-size":"auto","background-attachment":"scroll","background-type":"","background-media":"","overlay-type":"","overlay-color":"","overlay-opacity":"","overlay-gradient":""},"mobile":{"background-color":"","background-image":"","background-repeat":"repeat","background-position":"center center","background-size":"auto","background-attachment":"scroll","background-type":"","background-media":"","overlay-type":"","overlay-color":"","overlay-opacity":"","overlay-gradient":""}},"ast-content-background-meta":{"desktop":{"background-color":"var(--ast-global-color-4)","background-image":"","background-repeat":"repeat","background-position":"center center","background-size":"auto","background-attachment":"scroll","background-type":"","background-media":"","overlay-type":"","overlay-color":"","overlay-opacity":"","overlay-gradient":""},"tablet":{"background-color":"var(--ast-global-color-4)","background-image":"","background-repeat":"repeat","background-position":"center center","background-size":"auto","background-attachment":"scroll","background-type":"","background-media":"","overlay-type":"","overlay-color":"","overlay-opacity":"","overlay-gradient":""},"mobile":{"background-color":"var(--ast-global-color-4)","background-image":"","background-repeat":"repeat","background-position":"center center","background-size":"auto","background-attachment":"scroll","background-type":"","background-media":"","overlay-type":"","overlay-color":"","overlay-opacity":"","overlay-gradient":""}},"footnotes":""},"categories":[1],"tags":[],"class_list":["post-49034","post","type-post","status-publish","format-standard","hentry","category-sem-categoria"],"yoast_head":"<!-- This site is optimized with the Yoast SEO plugin v26.6 - https:\/\/yoast.com\/wordpress\/plugins\/seo\/ -->\n<title>Wellington destaca decis\u00e3o que suspende contrata\u00e7\u00e3o de professores sem concurso em Barreirinhas - Daniel Matos<\/title>\n<meta name=\"robots\" content=\"index, follow, max-snippet:-1, max-image-preview:large, max-video-preview:-1\" \/>\n<link rel=\"canonical\" href=\"https:\/\/www.blogsoestado.com\/danielmatos\/wellington-destaca-decisao-que-suspende-contratacao-de-professores-sem-concurso-em-barreirinhas\/\" \/>\n<meta property=\"og:locale\" content=\"pt_BR\" \/>\n<meta property=\"og:type\" content=\"article\" \/>\n<meta property=\"og:title\" content=\"Wellington destaca decis\u00e3o que suspende contrata\u00e7\u00e3o de professores sem concurso em Barreirinhas - Daniel Matos\" \/>\n<meta property=\"og:description\" content=\"O deputado estadual progressista Wellington do Curso destacou,\u00a0na tarde da \u00faltima ter\u00e7a-feira (27), a decis\u00e3o do juiz Jo\u00e3o Vinicius Aguiar [&hellip;]\" \/>\n<meta property=\"og:url\" content=\"https:\/\/www.blogsoestado.com\/danielmatos\/wellington-destaca-decisao-que-suspende-contratacao-de-professores-sem-concurso-em-barreirinhas\/\" \/>\n<meta property=\"og:site_name\" content=\"Daniel Matos\" \/>\n<meta property=\"article:published_time\" content=\"2018-03-01T13:00:52+00:00\" \/>\n<meta property=\"og:image\" content=\"https:\/\/www.blogsoestado.com\/danielmatos\/files\/2018\/03\/w-tea.jpg\" \/>\n<meta name=\"twitter:card\" content=\"summary_large_image\" \/>\n<meta name=\"twitter:label1\" content=\"Est. tempo de leitura\" \/>\n\t<meta name=\"twitter:data1\" content=\"2 minutos\" \/>\n<script type=\"application\/ld+json\" class=\"yoast-schema-graph\">{\"@context\":\"https:\/\/schema.org\",\"@graph\":[{\"@type\":\"WebPage\",\"@id\":\"https:\/\/www.blogsoestado.com\/danielmatos\/wellington-destaca-decisao-que-suspende-contratacao-de-professores-sem-concurso-em-barreirinhas\/\",\"url\":\"https:\/\/www.blogsoestado.com\/danielmatos\/wellington-destaca-decisao-que-suspende-contratacao-de-professores-sem-concurso-em-barreirinhas\/\",\"name\":\"Wellington destaca decis\u00e3o que suspende contrata\u00e7\u00e3o de professores sem concurso em Barreirinhas - Daniel Matos\",\"isPartOf\":{\"@id\":\"https:\/\/www.blogsoestado.com\/danielmatos\/#website\"},\"primaryImageOfPage\":{\"@id\":\"https:\/\/www.blogsoestado.com\/danielmatos\/wellington-destaca-decisao-que-suspende-contratacao-de-professores-sem-concurso-em-barreirinhas\/#primaryimage\"},\"image\":{\"@id\":\"https:\/\/www.blogsoestado.com\/danielmatos\/wellington-destaca-decisao-que-suspende-contratacao-de-professores-sem-concurso-em-barreirinhas\/#primaryimage\"},\"thumbnailUrl\":\"https:\/\/www.blogsoestado.com\/danielmatos\/files\/2018\/03\/w-tea.jpg\",\"datePublished\":\"2018-03-01T13:00:52+00:00\",\"author\":{\"@id\":\"\"},\"breadcrumb\":{\"@id\":\"https:\/\/www.blogsoestado.com\/danielmatos\/wellington-destaca-decisao-que-suspende-contratacao-de-professores-sem-concurso-em-barreirinhas\/#breadcrumb\"},\"inLanguage\":\"pt-BR\",\"potentialAction\":[{\"@type\":\"ReadAction\",\"target\":[\"https:\/\/www.blogsoestado.com\/danielmatos\/wellington-destaca-decisao-que-suspende-contratacao-de-professores-sem-concurso-em-barreirinhas\/\"]}]},{\"@type\":\"ImageObject\",\"inLanguage\":\"pt-BR\",\"@id\":\"https:\/\/www.blogsoestado.com\/danielmatos\/wellington-destaca-decisao-que-suspende-contratacao-de-professores-sem-concurso-em-barreirinhas\/#primaryimage\",\"url\":\"https:\/\/www.blogsoestado.com\/danielmatos\/files\/2018\/03\/w-tea.jpg\",\"contentUrl\":\"https:\/\/www.blogsoestado.com\/danielmatos\/files\/2018\/03\/w-tea.jpg\"},{\"@type\":\"BreadcrumbList\",\"@id\":\"https:\/\/www.blogsoestado.com\/danielmatos\/wellington-destaca-decisao-que-suspende-contratacao-de-professores-sem-concurso-em-barreirinhas\/#breadcrumb\",\"itemListElement\":[{\"@type\":\"ListItem\",\"position\":1,\"name\":\"In\u00edcio\",\"item\":\"https:\/\/www.blogsoestado.com\/danielmatos\/\"},{\"@type\":\"ListItem\",\"position\":2,\"name\":\"Wellington destaca decis\u00e3o que suspende contrata\u00e7\u00e3o de professores sem concurso em Barreirinhas\"}]},{\"@type\":\"WebSite\",\"@id\":\"https:\/\/www.blogsoestado.com\/danielmatos\/#website\",\"url\":\"https:\/\/www.blogsoestado.com\/danielmatos\/\",\"name\":\"Daniel Matos\",\"description\":\"\",\"potentialAction\":[{\"@type\":\"SearchAction\",\"target\":{\"@type\":\"EntryPoint\",\"urlTemplate\":\"https:\/\/www.blogsoestado.com\/danielmatos\/?s={search_term_string}\"},\"query-input\":{\"@type\":\"PropertyValueSpecification\",\"valueRequired\":true,\"valueName\":\"search_term_string\"}}],\"inLanguage\":\"pt-BR\"}]}<\/script>\n<!-- \/ Yoast SEO plugin. -->","yoast_head_json":{"title":"Wellington destaca decis\u00e3o que suspende contrata\u00e7\u00e3o de professores sem concurso em Barreirinhas - Daniel Matos","robots":{"index":"index","follow":"follow","max-snippet":"max-snippet:-1","max-image-preview":"max-image-preview:large","max-video-preview":"max-video-preview:-1"},"canonical":"https:\/\/www.blogsoestado.com\/danielmatos\/wellington-destaca-decisao-que-suspende-contratacao-de-professores-sem-concurso-em-barreirinhas\/","og_locale":"pt_BR","og_type":"article","og_title":"Wellington destaca decis\u00e3o que suspende contrata\u00e7\u00e3o de professores sem concurso em Barreirinhas - Daniel Matos","og_description":"O deputado estadual progressista Wellington do Curso destacou,\u00a0na tarde da \u00faltima ter\u00e7a-feira (27), a decis\u00e3o do juiz Jo\u00e3o Vinicius Aguiar [&hellip;]","og_url":"https:\/\/www.blogsoestado.com\/danielmatos\/wellington-destaca-decisao-que-suspende-contratacao-de-professores-sem-concurso-em-barreirinhas\/","og_site_name":"Daniel Matos","article_published_time":"2018-03-01T13:00:52+00:00","og_image":[{"url":"https:\/\/www.blogsoestado.com\/danielmatos\/files\/2018\/03\/w-tea.jpg","type":"","width":"","height":""}],"twitter_card":"summary_large_image","twitter_misc":{"Est. tempo de leitura":"2 minutos"},"schema":{"@context":"https:\/\/schema.org","@graph":[{"@type":"WebPage","@id":"https:\/\/www.blogsoestado.com\/danielmatos\/wellington-destaca-decisao-que-suspende-contratacao-de-professores-sem-concurso-em-barreirinhas\/","url":"https:\/\/www.blogsoestado.com\/danielmatos\/wellington-destaca-decisao-que-suspende-contratacao-de-professores-sem-concurso-em-barreirinhas\/","name":"Wellington destaca decis\u00e3o que suspende contrata\u00e7\u00e3o de professores sem concurso em Barreirinhas - Daniel Matos","isPartOf":{"@id":"https:\/\/www.blogsoestado.com\/danielmatos\/#website"},"primaryImageOfPage":{"@id":"https:\/\/www.blogsoestado.com\/danielmatos\/wellington-destaca-decisao-que-suspende-contratacao-de-professores-sem-concurso-em-barreirinhas\/#primaryimage"},"image":{"@id":"https:\/\/www.blogsoestado.com\/danielmatos\/wellington-destaca-decisao-que-suspende-contratacao-de-professores-sem-concurso-em-barreirinhas\/#primaryimage"},"thumbnailUrl":"https:\/\/www.blogsoestado.com\/danielmatos\/files\/2018\/03\/w-tea.jpg","datePublished":"2018-03-01T13:00:52+00:00","author":{"@id":""},"breadcrumb":{"@id":"https:\/\/www.blogsoestado.com\/danielmatos\/wellington-destaca-decisao-que-suspende-contratacao-de-professores-sem-concurso-em-barreirinhas\/#breadcrumb"},"inLanguage":"pt-BR","potentialAction":[{"@type":"ReadAction","target":["https:\/\/www.blogsoestado.com\/danielmatos\/wellington-destaca-decisao-que-suspende-contratacao-de-professores-sem-concurso-em-barreirinhas\/"]}]},{"@type":"ImageObject","inLanguage":"pt-BR","@id":"https:\/\/www.blogsoestado.com\/danielmatos\/wellington-destaca-decisao-que-suspende-contratacao-de-professores-sem-concurso-em-barreirinhas\/#primaryimage","url":"https:\/\/www.blogsoestado.com\/danielmatos\/files\/2018\/03\/w-tea.jpg","contentUrl":"https:\/\/www.blogsoestado.com\/danielmatos\/files\/2018\/03\/w-tea.jpg"},{"@type":"BreadcrumbList","@id":"https:\/\/www.blogsoestado.com\/danielmatos\/wellington-destaca-decisao-que-suspende-contratacao-de-professores-sem-concurso-em-barreirinhas\/#breadcrumb","itemListElement":[{"@type":"ListItem","position":1,"name":"In\u00edcio","item":"https:\/\/www.blogsoestado.com\/danielmatos\/"},{"@type":"ListItem","position":2,"name":"Wellington destaca decis\u00e3o que suspende contrata\u00e7\u00e3o de professores sem concurso em Barreirinhas"}]},{"@type":"WebSite","@id":"https:\/\/www.blogsoestado.com\/danielmatos\/#website","url":"https:\/\/www.blogsoestado.com\/danielmatos\/","name":"Daniel Matos","description":"","potentialAction":[{"@type":"SearchAction","target":{"@type":"EntryPoint","urlTemplate":"https:\/\/www.blogsoestado.com\/danielmatos\/?s={search_term_string}"},"query-input":{"@type":"PropertyValueSpecification","valueRequired":true,"valueName":"search_term_string"}}],"inLanguage":"pt-BR"}]}},"jetpack_featured_media_url":"","_links":{"self":[{"href":"https:\/\/www.blogsoestado.com\/danielmatos\/wp-json\/wp\/v2\/posts\/49034","targetHints":{"allow":["GET"]}}],"collection":[{"href":"https:\/\/www.blogsoestado.com\/danielmatos\/wp-json\/wp\/v2\/posts"}],"about":[{"href":"https:\/\/www.blogsoestado.com\/danielmatos\/wp-json\/wp\/v2\/types\/post"}],"replies":[{"embeddable":true,"href":"https:\/\/www.blogsoestado.com\/danielmatos\/wp-json\/wp\/v2\/comments?post=49034"}],"version-history":[{"count":0,"href":"https:\/\/www.blogsoestado.com\/danielmatos\/wp-json\/wp\/v2\/posts\/49034\/revisions"}],"wp:attachment":[{"href":"https:\/\/www.blogsoestado.com\/danielmatos\/wp-json\/wp\/v2\/media?parent=49034"}],"wp:term":[{"taxonomy":"category","embeddable":true,"href":"https:\/\/www.blogsoestado.com\/danielmatos\/wp-json\/wp\/v2\/categories?post=49034"},{"taxonomy":"post_tag","embeddable":true,"href":"https:\/\/www.blogsoestado.com\/danielmatos\/wp-json\/wp\/v2\/tags?post=49034"}],"curies":[{"name":"wp","href":"https:\/\/api.w.org\/{rel}","templated":true}]}}