{"id":49042,"date":"2018-03-01T12:30:22","date_gmt":"2018-03-01T15:30:22","guid":{"rendered":"https:\/\/www.blogsoestado.com\/danielmatos\/?p=49042"},"modified":"2018-03-01T12:30:22","modified_gmt":"2018-03-01T15:30:22","slug":"vereador-cezar-bombeiro-realizara-em-abril-audiencia-publica-sobre-creches-e-escolas-comunitarias","status":"publish","type":"post","link":"https:\/\/www.blogsoestado.com\/danielmatos\/vereador-cezar-bombeiro-realizara-em-abril-audiencia-publica-sobre-creches-e-escolas-comunitarias\/","title":{"rendered":"Vereador C\u00e9zar Bombeiro realizar\u00e1 em abril audi\u00eancia p\u00fablica sobre creches e escolas comunit\u00e1rias"},"content":{"rendered":"<figure id=\"attachment_49043\" aria-describedby=\"caption-attachment-49043\" style=\"width: 448px\" class=\"wp-caption alignright\"><img fetchpriority=\"high\" decoding=\"async\" class=\"size-full wp-image-49043\" src=\"https:\/\/www.blogsoestado.com\/danielmatos\/files\/2018\/03\/bombeiro-valas.jpg\" alt=\"\" width=\"448\" height=\"298\" \/><figcaption id=\"caption-attachment-49043\" class=\"wp-caption-text\">C\u00e9zar Bombeiro discutir\u00e1 com a popula\u00e7\u00e3o situa\u00e7\u00e3o de creches e escolas comunit\u00e1rias<\/figcaption><\/figure>\n<p>O vereador C\u00e9zar Bombeiro (PSD) retorna \u00e0s comunidades de S\u00e3o Lu\u00eds para ratificar a realiza\u00e7\u00e3o de Audi\u00eancia P\u00fablica sobre Escolas Comunit\u00e1rias e Creches. Estava prevista para o ano passado, sendo adiada para fevereiro do presente exerc\u00edcio e depois marcada para o dia 6 de abril.<\/p>\n<p>A iniciativa do vereador C\u00e9zar Bombeiro \u00e9 decorrente dos s\u00e9rios problemas enfrentados pelas escolas comunit\u00e1rias e creches. Todos n\u00f3s sabemos que a responsabilidade do ensino infantil \u00e9 da prefeitura de S\u00e3o Lu\u00eds, mas ela n\u00e3o consegue atender a grande demanda e nem faz parcerias, que podem ser solu\u00e7\u00e3o para as crian\u00e7as e suas fam\u00edlias, registra o vereador, destacando que de h\u00e1 muito, s\u00e3o as escolas comunit\u00e1rias que preparam a maioria das crian\u00e7as desde o jardim at\u00e9 as s\u00e9ries do ensino infantil.<\/p>\n<p>A audi\u00eancia p\u00fablica \u00e9 importante sob o ponto de vista de como podemos fazer parcerias com a prefeitura para atender o consider\u00e1vel n\u00famero de crian\u00e7as que est\u00e3o fora das salas de aula. Escolas Comunit\u00e1rias com creches se constituir\u00e3o em avan\u00e7os importantes, acostumando as crian\u00e7as desde pequenas a aprendizado e educa\u00e7\u00e3o.<\/p>\n<figure id=\"attachment_49044\" aria-describedby=\"caption-attachment-49044\" style=\"width: 640px\" class=\"wp-caption aligncenter\"><img decoding=\"async\" class=\"size-full wp-image-49044\" src=\"https:\/\/www.blogsoestado.com\/danielmatos\/files\/2018\/03\/bombeiro-abril.jpg\" alt=\"\" width=\"640\" height=\"427\" \/><figcaption id=\"caption-attachment-49044\" class=\"wp-caption-text\">Diretores, professores e pais de alunos de creches e escolas comunit\u00e1rias em manifesto por melhorias<\/figcaption><\/figure>\n<p>Por meio da Frente Parlamentar em Defesa das Escolas Comunit\u00e1rias, um grupo de vereadores, dentre os quais C\u00e9zar Bombeiro, vem promovendo debates em busca de alternativas, que podem ser avan\u00e7adas ainda mais durante a audi\u00eancia. &#8220;A verdade \u00e9 que precisamos inserir as crian\u00e7as nas escolas, garantindo-lhes direitos que s\u00e3o assegurados pela Constitui\u00e7\u00e3o Federal&#8221;, pontuou o vereador C\u00e9zar Bombeiro.<\/p>\n","protected":false},"excerpt":{"rendered":"<p>O vereador C\u00e9zar Bombeiro (PSD) retorna \u00e0s comunidades de S\u00e3o Lu\u00eds para ratificar a realiza\u00e7\u00e3o de Audi\u00eancia P\u00fablica sobre Escolas [&hellip;]<\/p>\n","protected":false},"author":0,"featured_media":0,"comment_status":"open","ping_status":"open","sticky":false,"template":"","format":"standard","meta":{"site-sidebar-layout":"default","site-content-layout":"","ast-site-content-layout":"default","site-content-style":"default","site-sidebar-style":"default","ast-global-header-display":"","ast-banner-title-visibility":"","ast-main-header-display":"","ast-hfb-above-header-display":"","ast-hfb-below-header-display":"","ast-hfb-mobile-header-display":"","site-post-title":"","ast-breadcrumbs-content":"","ast-featured-img":"","footer-sml-layout":"","ast-disable-related-posts":"","theme-transparent-header-meta":"","adv-header-id-meta":"","stick-header-meta":"","header-above-stick-meta":"","header-main-stick-meta":"","header-below-stick-meta":"","astra-migrate-meta-layouts":"default","ast-page-background-enabled":"default","ast-page-background-meta":{"desktop":{"background-color":"var(--ast-global-color-5)","background-image":"","background-repeat":"repeat","background-position":"center center","background-size":"auto","background-attachment":"scroll","background-type":"","background-media":"","overlay-type":"","overlay-color":"","overlay-opacity":"","overlay-gradient":""},"tablet":{"background-color":"","background-image":"","background-repeat":"repeat","background-position":"center center","background-size":"auto","background-attachment":"scroll","background-type":"","background-media":"","overlay-type":"","overlay-color":"","overlay-opacity":"","overlay-gradient":""},"mobile":{"background-color":"","background-image":"","background-repeat":"repeat","background-position":"center center","background-size":"auto","background-attachment":"scroll","background-type":"","background-media":"","overlay-type":"","overlay-color":"","overlay-opacity":"","overlay-gradient":""}},"ast-content-background-meta":{"desktop":{"background-color":"var(--ast-global-color-4)","background-image":"","background-repeat":"repeat","background-position":"center center","background-size":"auto","background-attachment":"scroll","background-type":"","background-media":"","overlay-type":"","overlay-color":"","overlay-opacity":"","overlay-gradient":""},"tablet":{"background-color":"var(--ast-global-color-4)","background-image":"","background-repeat":"repeat","background-position":"center center","background-size":"auto","background-attachment":"scroll","background-type":"","background-media":"","overlay-type":"","overlay-color":"","overlay-opacity":"","overlay-gradient":""},"mobile":{"background-color":"var(--ast-global-color-4)","background-image":"","background-repeat":"repeat","background-position":"center center","background-size":"auto","background-attachment":"scroll","background-type":"","background-media":"","overlay-type":"","overlay-color":"","overlay-opacity":"","overlay-gradient":""}},"footnotes":""},"categories":[1],"tags":[],"class_list":["post-49042","post","type-post","status-publish","format-standard","hentry","category-sem-categoria"],"yoast_head":"<!-- This site is optimized with the Yoast SEO plugin v26.6 - https:\/\/yoast.com\/wordpress\/plugins\/seo\/ -->\n<title>Vereador C\u00e9zar Bombeiro realizar\u00e1 em abril audi\u00eancia p\u00fablica sobre creches e escolas comunit\u00e1rias - Daniel Matos<\/title>\n<meta name=\"robots\" content=\"index, follow, max-snippet:-1, max-image-preview:large, max-video-preview:-1\" \/>\n<link rel=\"canonical\" href=\"https:\/\/www.blogsoestado.com\/danielmatos\/vereador-cezar-bombeiro-realizara-em-abril-audiencia-publica-sobre-creches-e-escolas-comunitarias\/\" \/>\n<meta property=\"og:locale\" content=\"pt_BR\" \/>\n<meta property=\"og:type\" content=\"article\" \/>\n<meta property=\"og:title\" content=\"Vereador C\u00e9zar Bombeiro realizar\u00e1 em abril audi\u00eancia p\u00fablica sobre creches e escolas comunit\u00e1rias - Daniel Matos\" \/>\n<meta property=\"og:description\" content=\"O vereador C\u00e9zar Bombeiro (PSD) retorna \u00e0s comunidades de S\u00e3o Lu\u00eds para ratificar a realiza\u00e7\u00e3o de Audi\u00eancia P\u00fablica sobre Escolas [&hellip;]\" \/>\n<meta property=\"og:url\" content=\"https:\/\/www.blogsoestado.com\/danielmatos\/vereador-cezar-bombeiro-realizara-em-abril-audiencia-publica-sobre-creches-e-escolas-comunitarias\/\" \/>\n<meta property=\"og:site_name\" content=\"Daniel Matos\" \/>\n<meta property=\"article:published_time\" content=\"2018-03-01T15:30:22+00:00\" \/>\n<meta property=\"og:image\" content=\"https:\/\/www.blogsoestado.com\/danielmatos\/files\/2018\/03\/bombeiro-valas.jpg\" \/>\n<meta name=\"twitter:card\" content=\"summary_large_image\" \/>\n<meta name=\"twitter:label1\" content=\"Est. tempo de leitura\" \/>\n\t<meta name=\"twitter:data1\" content=\"2 minutos\" \/>\n<script type=\"application\/ld+json\" class=\"yoast-schema-graph\">{\"@context\":\"https:\/\/schema.org\",\"@graph\":[{\"@type\":\"WebPage\",\"@id\":\"https:\/\/www.blogsoestado.com\/danielmatos\/vereador-cezar-bombeiro-realizara-em-abril-audiencia-publica-sobre-creches-e-escolas-comunitarias\/\",\"url\":\"https:\/\/www.blogsoestado.com\/danielmatos\/vereador-cezar-bombeiro-realizara-em-abril-audiencia-publica-sobre-creches-e-escolas-comunitarias\/\",\"name\":\"Vereador C\u00e9zar Bombeiro realizar\u00e1 em abril audi\u00eancia p\u00fablica sobre creches e escolas comunit\u00e1rias - Daniel Matos\",\"isPartOf\":{\"@id\":\"https:\/\/www.blogsoestado.com\/danielmatos\/#website\"},\"primaryImageOfPage\":{\"@id\":\"https:\/\/www.blogsoestado.com\/danielmatos\/vereador-cezar-bombeiro-realizara-em-abril-audiencia-publica-sobre-creches-e-escolas-comunitarias\/#primaryimage\"},\"image\":{\"@id\":\"https:\/\/www.blogsoestado.com\/danielmatos\/vereador-cezar-bombeiro-realizara-em-abril-audiencia-publica-sobre-creches-e-escolas-comunitarias\/#primaryimage\"},\"thumbnailUrl\":\"https:\/\/www.blogsoestado.com\/danielmatos\/files\/2018\/03\/bombeiro-valas.jpg\",\"datePublished\":\"2018-03-01T15:30:22+00:00\",\"author\":{\"@id\":\"\"},\"breadcrumb\":{\"@id\":\"https:\/\/www.blogsoestado.com\/danielmatos\/vereador-cezar-bombeiro-realizara-em-abril-audiencia-publica-sobre-creches-e-escolas-comunitarias\/#breadcrumb\"},\"inLanguage\":\"pt-BR\",\"potentialAction\":[{\"@type\":\"ReadAction\",\"target\":[\"https:\/\/www.blogsoestado.com\/danielmatos\/vereador-cezar-bombeiro-realizara-em-abril-audiencia-publica-sobre-creches-e-escolas-comunitarias\/\"]}]},{\"@type\":\"ImageObject\",\"inLanguage\":\"pt-BR\",\"@id\":\"https:\/\/www.blogsoestado.com\/danielmatos\/vereador-cezar-bombeiro-realizara-em-abril-audiencia-publica-sobre-creches-e-escolas-comunitarias\/#primaryimage\",\"url\":\"https:\/\/www.blogsoestado.com\/danielmatos\/files\/2018\/03\/bombeiro-valas.jpg\",\"contentUrl\":\"https:\/\/www.blogsoestado.com\/danielmatos\/files\/2018\/03\/bombeiro-valas.jpg\"},{\"@type\":\"BreadcrumbList\",\"@id\":\"https:\/\/www.blogsoestado.com\/danielmatos\/vereador-cezar-bombeiro-realizara-em-abril-audiencia-publica-sobre-creches-e-escolas-comunitarias\/#breadcrumb\",\"itemListElement\":[{\"@type\":\"ListItem\",\"position\":1,\"name\":\"In\u00edcio\",\"item\":\"https:\/\/www.blogsoestado.com\/danielmatos\/\"},{\"@type\":\"ListItem\",\"position\":2,\"name\":\"Vereador C\u00e9zar Bombeiro realizar\u00e1 em abril audi\u00eancia p\u00fablica sobre creches e escolas comunit\u00e1rias\"}]},{\"@type\":\"WebSite\",\"@id\":\"https:\/\/www.blogsoestado.com\/danielmatos\/#website\",\"url\":\"https:\/\/www.blogsoestado.com\/danielmatos\/\",\"name\":\"Daniel Matos\",\"description\":\"\",\"potentialAction\":[{\"@type\":\"SearchAction\",\"target\":{\"@type\":\"EntryPoint\",\"urlTemplate\":\"https:\/\/www.blogsoestado.com\/danielmatos\/?s={search_term_string}\"},\"query-input\":{\"@type\":\"PropertyValueSpecification\",\"valueRequired\":true,\"valueName\":\"search_term_string\"}}],\"inLanguage\":\"pt-BR\"}]}<\/script>\n<!-- \/ Yoast SEO plugin. -->","yoast_head_json":{"title":"Vereador C\u00e9zar Bombeiro realizar\u00e1 em abril audi\u00eancia p\u00fablica sobre creches e escolas comunit\u00e1rias - Daniel Matos","robots":{"index":"index","follow":"follow","max-snippet":"max-snippet:-1","max-image-preview":"max-image-preview:large","max-video-preview":"max-video-preview:-1"},"canonical":"https:\/\/www.blogsoestado.com\/danielmatos\/vereador-cezar-bombeiro-realizara-em-abril-audiencia-publica-sobre-creches-e-escolas-comunitarias\/","og_locale":"pt_BR","og_type":"article","og_title":"Vereador C\u00e9zar Bombeiro realizar\u00e1 em abril audi\u00eancia p\u00fablica sobre creches e escolas comunit\u00e1rias - Daniel Matos","og_description":"O vereador C\u00e9zar Bombeiro (PSD) retorna \u00e0s comunidades de S\u00e3o Lu\u00eds para ratificar a realiza\u00e7\u00e3o de Audi\u00eancia P\u00fablica sobre Escolas [&hellip;]","og_url":"https:\/\/www.blogsoestado.com\/danielmatos\/vereador-cezar-bombeiro-realizara-em-abril-audiencia-publica-sobre-creches-e-escolas-comunitarias\/","og_site_name":"Daniel Matos","article_published_time":"2018-03-01T15:30:22+00:00","og_image":[{"url":"https:\/\/www.blogsoestado.com\/danielmatos\/files\/2018\/03\/bombeiro-valas.jpg","type":"","width":"","height":""}],"twitter_card":"summary_large_image","twitter_misc":{"Est. tempo de leitura":"2 minutos"},"schema":{"@context":"https:\/\/schema.org","@graph":[{"@type":"WebPage","@id":"https:\/\/www.blogsoestado.com\/danielmatos\/vereador-cezar-bombeiro-realizara-em-abril-audiencia-publica-sobre-creches-e-escolas-comunitarias\/","url":"https:\/\/www.blogsoestado.com\/danielmatos\/vereador-cezar-bombeiro-realizara-em-abril-audiencia-publica-sobre-creches-e-escolas-comunitarias\/","name":"Vereador C\u00e9zar Bombeiro realizar\u00e1 em abril audi\u00eancia p\u00fablica sobre creches e escolas comunit\u00e1rias - Daniel Matos","isPartOf":{"@id":"https:\/\/www.blogsoestado.com\/danielmatos\/#website"},"primaryImageOfPage":{"@id":"https:\/\/www.blogsoestado.com\/danielmatos\/vereador-cezar-bombeiro-realizara-em-abril-audiencia-publica-sobre-creches-e-escolas-comunitarias\/#primaryimage"},"image":{"@id":"https:\/\/www.blogsoestado.com\/danielmatos\/vereador-cezar-bombeiro-realizara-em-abril-audiencia-publica-sobre-creches-e-escolas-comunitarias\/#primaryimage"},"thumbnailUrl":"https:\/\/www.blogsoestado.com\/danielmatos\/files\/2018\/03\/bombeiro-valas.jpg","datePublished":"2018-03-01T15:30:22+00:00","author":{"@id":""},"breadcrumb":{"@id":"https:\/\/www.blogsoestado.com\/danielmatos\/vereador-cezar-bombeiro-realizara-em-abril-audiencia-publica-sobre-creches-e-escolas-comunitarias\/#breadcrumb"},"inLanguage":"pt-BR","potentialAction":[{"@type":"ReadAction","target":["https:\/\/www.blogsoestado.com\/danielmatos\/vereador-cezar-bombeiro-realizara-em-abril-audiencia-publica-sobre-creches-e-escolas-comunitarias\/"]}]},{"@type":"ImageObject","inLanguage":"pt-BR","@id":"https:\/\/www.blogsoestado.com\/danielmatos\/vereador-cezar-bombeiro-realizara-em-abril-audiencia-publica-sobre-creches-e-escolas-comunitarias\/#primaryimage","url":"https:\/\/www.blogsoestado.com\/danielmatos\/files\/2018\/03\/bombeiro-valas.jpg","contentUrl":"https:\/\/www.blogsoestado.com\/danielmatos\/files\/2018\/03\/bombeiro-valas.jpg"},{"@type":"BreadcrumbList","@id":"https:\/\/www.blogsoestado.com\/danielmatos\/vereador-cezar-bombeiro-realizara-em-abril-audiencia-publica-sobre-creches-e-escolas-comunitarias\/#breadcrumb","itemListElement":[{"@type":"ListItem","position":1,"name":"In\u00edcio","item":"https:\/\/www.blogsoestado.com\/danielmatos\/"},{"@type":"ListItem","position":2,"name":"Vereador C\u00e9zar Bombeiro realizar\u00e1 em abril audi\u00eancia p\u00fablica sobre creches e escolas comunit\u00e1rias"}]},{"@type":"WebSite","@id":"https:\/\/www.blogsoestado.com\/danielmatos\/#website","url":"https:\/\/www.blogsoestado.com\/danielmatos\/","name":"Daniel Matos","description":"","potentialAction":[{"@type":"SearchAction","target":{"@type":"EntryPoint","urlTemplate":"https:\/\/www.blogsoestado.com\/danielmatos\/?s={search_term_string}"},"query-input":{"@type":"PropertyValueSpecification","valueRequired":true,"valueName":"search_term_string"}}],"inLanguage":"pt-BR"}]}},"jetpack_featured_media_url":"","_links":{"self":[{"href":"https:\/\/www.blogsoestado.com\/danielmatos\/wp-json\/wp\/v2\/posts\/49042","targetHints":{"allow":["GET"]}}],"collection":[{"href":"https:\/\/www.blogsoestado.com\/danielmatos\/wp-json\/wp\/v2\/posts"}],"about":[{"href":"https:\/\/www.blogsoestado.com\/danielmatos\/wp-json\/wp\/v2\/types\/post"}],"replies":[{"embeddable":true,"href":"https:\/\/www.blogsoestado.com\/danielmatos\/wp-json\/wp\/v2\/comments?post=49042"}],"version-history":[{"count":0,"href":"https:\/\/www.blogsoestado.com\/danielmatos\/wp-json\/wp\/v2\/posts\/49042\/revisions"}],"wp:attachment":[{"href":"https:\/\/www.blogsoestado.com\/danielmatos\/wp-json\/wp\/v2\/media?parent=49042"}],"wp:term":[{"taxonomy":"category","embeddable":true,"href":"https:\/\/www.blogsoestado.com\/danielmatos\/wp-json\/wp\/v2\/categories?post=49042"},{"taxonomy":"post_tag","embeddable":true,"href":"https:\/\/www.blogsoestado.com\/danielmatos\/wp-json\/wp\/v2\/tags?post=49042"}],"curies":[{"name":"wp","href":"https:\/\/api.w.org\/{rel}","templated":true}]}}