{"id":49074,"date":"2018-03-02T10:32:15","date_gmt":"2018-03-02T13:32:15","guid":{"rendered":"https:\/\/www.blogsoestado.com\/danielmatos\/?p=49074"},"modified":"2018-03-02T10:32:15","modified_gmt":"2018-03-02T13:32:15","slug":"sindicato-denuncia-agressao-covarde-a-agente-penitenciario-por-ex-pm-em-imperatriz","status":"publish","type":"post","link":"https:\/\/www.blogsoestado.com\/danielmatos\/sindicato-denuncia-agressao-covarde-a-agente-penitenciario-por-ex-pm-em-imperatriz\/","title":{"rendered":"Sindicato denuncia agress\u00e3o covarde a agente penitenci\u00e1rio por ex-PM, em Imperatriz"},"content":{"rendered":"<p><strong>Do <a href=\"http:\/\/blog.oquartopoder.com\/aldirdantas\/?p=18843\">Blog do Aldir Dantas<\/a><\/strong><\/p>\n<figure id=\"attachment_49075\" aria-describedby=\"caption-attachment-49075\" style=\"width: 585px\" class=\"wp-caption aligncenter\"><img fetchpriority=\"high\" decoding=\"async\" class=\"size-full wp-image-49075\" src=\"https:\/\/www.blogsoestado.com\/danielmatos\/files\/2018\/03\/agress\u00e3o-sindspen.jpg\" alt=\"\" width=\"585\" height=\"480\" \/><figcaption id=\"caption-attachment-49075\" class=\"wp-caption-text\">Imagens de videomonitoramento mostram Kelson Francisco Brito espancando o agente penitenci\u00e1rio Manoel Estev\u00e3o Farias, dentro da Delegacia Regional de Imperatriz; momentos depois, a v\u00edtima aparece ca\u00edda no ch\u00e3o e os militares, indiferentes \u00e0 agress\u00e3o covarde<\/figcaption><\/figure>\n<p>O agente penitenci\u00e1rio Manoel Estev\u00e3o Farias, lotado em Imperatriz, foi v\u00edtima de agress\u00e3o covarde praticada pelo elemento Kelson Francisco Brito, ex-policial militar e atualmente t\u00e9cnico judici\u00e1rio do Tribunal Regional Federal no Maranh\u00e3o (TRF 1-MA). A violenta agress\u00e3o foi praticada com a coniv\u00eancia de policiais militares, dentre os quais um irm\u00e3o do agressor, Kayo Felipe Brito. A confus\u00e3o teve in\u00edcio na rua e se intensificou dentro da Delegacia Regional de Imperatriz, inclusive assistida por outros militares que se encontravam no recinto.<\/p>\n<p>O presidente do Sindicato dos Agentes Peniteci\u00e1rios do Estado do Maranh\u00e3o (SINDSPEM), Ideraldo Gomes, diante das informa\u00e7\u00f5es dos fatos, enviou a Imperatriz um diretor da entidade de classe para acompanhar o caso. O dirigente da entidade de classe revela que o fato teve inicio quando o bando do elemento Kelson Francisco Brito entrou em um estabelecimento comercial e verificou que o agente penitenci\u00e1rio portava uma pistola. Sem qualquer abordagem, ele e os policiais militares golpearam o agente penitenci\u00e1rio, lhes tomaram a arma e, posteriormente, o agrediram ainda mais.<\/p>\n<p>Conduzido \u00e0 Delegacia Regional de Imperatriz, o agente penitenci\u00e1rio, totalmente imobilizado por algemas, voltou a ser agredido covardemente e ostensivamente pelo servidor do Tribunal Regional Federal, Kelson Felipe Brito, conforme pode ser observado pelas imagens que ilustram a mat\u00e9ria.<\/p>\n<p><strong>Delegado mostrou-se favor\u00e1vel aos agressores<\/strong><\/p>\n<p>Na presen\u00e7a do delegado, o agente penitenci\u00e1rio Manoel Estev\u00e3o Farias se identificou, inclusive com o devido porte de arma, tendo a pistola apreendida pelos militares e o agressor, lhe devolvida. Quanto \u00e0 agress\u00e3o da qual o agente penitenci\u00e1rio foi v\u00edtima dentro da pr\u00f3pria delegacia, n\u00e3o foi levada em considera\u00e7\u00e3o pela autoridade. Uma arma que Kelson Francisco Brito tinha em seu poder, sem o devido porte e com identifica\u00e7\u00e3o raspada tamb\u00e9m foi desconsiderada pelo delegado, que deixou de tomar as devidas provid\u00eancias quanto \u00e0 ilegalidade.<\/p>\n<p>O representante do SINDSPEM alegou que o delegado deveria ter autuado em flagrante o elemento Kelson Francisco Brito pela agress\u00e3o ao agente penitenci\u00e1rio, tanto na rua, como dentro da delegacia, medida que deveria ter sido estendida aos militares, por vis\u00edvel omiss\u00e3o. O funcion\u00e1rio do Tribunal Regional Federal, que \u00e9 bacharel em Direito, tamb\u00e9m deveria ter sido autuado em flagrante por porte ilegal de arma com proced\u00eancia desconhecida.<\/p>\n<p><strong>Inqu\u00e9rito<\/strong><\/p>\n<p>Diante do posicionamento do SINDSPEM, Kelson Francisco Brito foi indiciado em inqu\u00e9rito policial e foi denunciado \u00e0 dire\u00e7\u00e3o do Tribunal Regional Federal pela agress\u00e3o e porte ilegal de arma de proced\u00eancia desconhecida. O Minist\u00e9rio P\u00fablico Estadual j\u00e1 vem acompanhado o caso. Os policiais militares que fizeram cobertura para a pratica do crime foram denunciados a Corregedoria da Policia Militar.<\/p>\n<p>O elemento Kelson Francisco Brito foi aprovado na primeira etapa do concurso para delegado da policia civil e o seu envolvimento na pratica criminosa de agress\u00e3o e a instaura\u00e7\u00e3o de inqu\u00e9rito e outras denuncias que ser\u00e3o feitas pelo Minist\u00e9rio P\u00fablico e pelo SINDSPEM, vai lhe criar s\u00e9rios problemas.<\/p>\n<p>O presidente do SINDSPEM, Ideraldo Gomes deve enviar a Imperatriz, um advogado do sindicato para acompanhar o inqu\u00e9rito policial e solicitar outras provid\u00eancias que se fazem necess\u00e1rias, inclusive sobre as raz\u00f5es pelas quais a omiss\u00e3o do delegado e as provid\u00eancias que est\u00e3o sendo adotadas para tanta omiss\u00e3o.<\/p>\n<p>Ideraldo Gomes, como presidente do SINDSPEM, diz que n\u00e3o admite em qualquer hip\u00f3tese agress\u00e3o de tal natureza e o pior a omiss\u00e3o dos policiais militares. Estamos como categoria, solid\u00e1rios em qualquer circunst\u00e2ncia com o colega Manoel Estev\u00e3o Farias e vamos acompanhar e cobrar provid\u00eancias quanto a puni\u00e7\u00e3o para o covarde agressor e aos que tamb\u00e9m covardemente se omitiram a tanta viol\u00eancia.<\/p>\n<p>Assista a mat\u00e9ria televisiva sobre o caso:<\/p>\n<div class=\"ast-oembed-container \" style=\"height: 100%;\"><iframe title=\"Agente penitenci\u00e1rio agredido covardemente\" width=\"500\" height=\"281\" src=\"https:\/\/www.youtube.com\/embed\/Klc-N_KWtwU?feature=oembed\" frameborder=\"0\" allow=\"accelerometer; autoplay; clipboard-write; encrypted-media; gyroscope; picture-in-picture; web-share\" referrerpolicy=\"strict-origin-when-cross-origin\" allowfullscreen><\/iframe><\/div>\n","protected":false},"excerpt":{"rendered":"<p>Do Blog do Aldir Dantas O agente penitenci\u00e1rio Manoel Estev\u00e3o Farias, lotado em Imperatriz, foi v\u00edtima de agress\u00e3o covarde praticada [&hellip;]<\/p>\n","protected":false},"author":0,"featured_media":0,"comment_status":"open","ping_status":"open","sticky":false,"template":"","format":"standard","meta":{"site-sidebar-layout":"default","site-content-layout":"","ast-site-content-layout":"default","site-content-style":"default","site-sidebar-style":"default","ast-global-header-display":"","ast-banner-title-visibility":"","ast-main-header-display":"","ast-hfb-above-header-display":"","ast-hfb-below-header-display":"","ast-hfb-mobile-header-display":"","site-post-title":"","ast-breadcrumbs-content":"","ast-featured-img":"","footer-sml-layout":"","ast-disable-related-posts":"","theme-transparent-header-meta":"","adv-header-id-meta":"","stick-header-meta":"","header-above-stick-meta":"","header-main-stick-meta":"","header-below-stick-meta":"","astra-migrate-meta-layouts":"default","ast-page-background-enabled":"default","ast-page-background-meta":{"desktop":{"background-color":"var(--ast-global-color-5)","background-image":"","background-repeat":"repeat","background-position":"center center","background-size":"auto","background-attachment":"scroll","background-type":"","background-media":"","overlay-type":"","overlay-color":"","overlay-opacity":"","overlay-gradient":""},"tablet":{"background-color":"","background-image":"","background-repeat":"repeat","background-position":"center center","background-size":"auto","background-attachment":"scroll","background-type":"","background-media":"","overlay-type":"","overlay-color":"","overlay-opacity":"","overlay-gradient":""},"mobile":{"background-color":"","background-image":"","background-repeat":"repeat","background-position":"center center","background-size":"auto","background-attachment":"scroll","background-type":"","background-media":"","overlay-type":"","overlay-color":"","overlay-opacity":"","overlay-gradient":""}},"ast-content-background-meta":{"desktop":{"background-color":"var(--ast-global-color-4)","background-image":"","background-repeat":"repeat","background-position":"center center","background-size":"auto","background-attachment":"scroll","background-type":"","background-media":"","overlay-type":"","overlay-color":"","overlay-opacity":"","overlay-gradient":""},"tablet":{"background-color":"var(--ast-global-color-4)","background-image":"","background-repeat":"repeat","background-position":"center center","background-size":"auto","background-attachment":"scroll","background-type":"","background-media":"","overlay-type":"","overlay-color":"","overlay-opacity":"","overlay-gradient":""},"mobile":{"background-color":"var(--ast-global-color-4)","background-image":"","background-repeat":"repeat","background-position":"center center","background-size":"auto","background-attachment":"scroll","background-type":"","background-media":"","overlay-type":"","overlay-color":"","overlay-opacity":"","overlay-gradient":""}},"footnotes":""},"categories":[1],"tags":[],"class_list":["post-49074","post","type-post","status-publish","format-standard","hentry","category-sem-categoria"],"yoast_head":"<!-- This site is optimized with the Yoast SEO plugin v26.6 - https:\/\/yoast.com\/wordpress\/plugins\/seo\/ -->\n<title>Sindicato denuncia agress\u00e3o covarde a agente penitenci\u00e1rio por ex-PM, em Imperatriz - Daniel Matos<\/title>\n<meta name=\"robots\" content=\"index, follow, max-snippet:-1, max-image-preview:large, max-video-preview:-1\" \/>\n<link rel=\"canonical\" href=\"https:\/\/www.blogsoestado.com\/danielmatos\/sindicato-denuncia-agressao-covarde-a-agente-penitenciario-por-ex-pm-em-imperatriz\/\" \/>\n<meta property=\"og:locale\" content=\"pt_BR\" \/>\n<meta property=\"og:type\" content=\"article\" \/>\n<meta property=\"og:title\" content=\"Sindicato denuncia agress\u00e3o covarde a agente penitenci\u00e1rio por ex-PM, em Imperatriz - Daniel Matos\" \/>\n<meta property=\"og:description\" content=\"Do Blog do Aldir Dantas O agente penitenci\u00e1rio Manoel Estev\u00e3o Farias, lotado em Imperatriz, foi v\u00edtima de agress\u00e3o covarde praticada [&hellip;]\" \/>\n<meta property=\"og:url\" content=\"https:\/\/www.blogsoestado.com\/danielmatos\/sindicato-denuncia-agressao-covarde-a-agente-penitenciario-por-ex-pm-em-imperatriz\/\" \/>\n<meta property=\"og:site_name\" content=\"Daniel Matos\" \/>\n<meta property=\"article:published_time\" content=\"2018-03-02T13:32:15+00:00\" \/>\n<meta name=\"twitter:card\" content=\"summary_large_image\" \/>\n<meta name=\"twitter:label1\" content=\"Est. tempo de leitura\" \/>\n\t<meta name=\"twitter:data1\" content=\"4 minutos\" \/>\n<script type=\"application\/ld+json\" class=\"yoast-schema-graph\">{\"@context\":\"https:\/\/schema.org\",\"@graph\":[{\"@type\":\"WebPage\",\"@id\":\"https:\/\/www.blogsoestado.com\/danielmatos\/sindicato-denuncia-agressao-covarde-a-agente-penitenciario-por-ex-pm-em-imperatriz\/\",\"url\":\"https:\/\/www.blogsoestado.com\/danielmatos\/sindicato-denuncia-agressao-covarde-a-agente-penitenciario-por-ex-pm-em-imperatriz\/\",\"name\":\"Sindicato denuncia agress\u00e3o covarde a agente penitenci\u00e1rio por ex-PM, em Imperatriz - Daniel Matos\",\"isPartOf\":{\"@id\":\"https:\/\/www.blogsoestado.com\/danielmatos\/#website\"},\"datePublished\":\"2018-03-02T13:32:15+00:00\",\"author\":{\"@id\":\"\"},\"breadcrumb\":{\"@id\":\"https:\/\/www.blogsoestado.com\/danielmatos\/sindicato-denuncia-agressao-covarde-a-agente-penitenciario-por-ex-pm-em-imperatriz\/#breadcrumb\"},\"inLanguage\":\"pt-BR\",\"potentialAction\":[{\"@type\":\"ReadAction\",\"target\":[\"https:\/\/www.blogsoestado.com\/danielmatos\/sindicato-denuncia-agressao-covarde-a-agente-penitenciario-por-ex-pm-em-imperatriz\/\"]}]},{\"@type\":\"BreadcrumbList\",\"@id\":\"https:\/\/www.blogsoestado.com\/danielmatos\/sindicato-denuncia-agressao-covarde-a-agente-penitenciario-por-ex-pm-em-imperatriz\/#breadcrumb\",\"itemListElement\":[{\"@type\":\"ListItem\",\"position\":1,\"name\":\"In\u00edcio\",\"item\":\"https:\/\/www.blogsoestado.com\/danielmatos\/\"},{\"@type\":\"ListItem\",\"position\":2,\"name\":\"Sindicato denuncia agress\u00e3o covarde a agente penitenci\u00e1rio por ex-PM, em Imperatriz\"}]},{\"@type\":\"WebSite\",\"@id\":\"https:\/\/www.blogsoestado.com\/danielmatos\/#website\",\"url\":\"https:\/\/www.blogsoestado.com\/danielmatos\/\",\"name\":\"Daniel Matos\",\"description\":\"\",\"potentialAction\":[{\"@type\":\"SearchAction\",\"target\":{\"@type\":\"EntryPoint\",\"urlTemplate\":\"https:\/\/www.blogsoestado.com\/danielmatos\/?s={search_term_string}\"},\"query-input\":{\"@type\":\"PropertyValueSpecification\",\"valueRequired\":true,\"valueName\":\"search_term_string\"}}],\"inLanguage\":\"pt-BR\"}]}<\/script>\n<!-- \/ Yoast SEO plugin. -->","yoast_head_json":{"title":"Sindicato denuncia agress\u00e3o covarde a agente penitenci\u00e1rio por ex-PM, em Imperatriz - Daniel Matos","robots":{"index":"index","follow":"follow","max-snippet":"max-snippet:-1","max-image-preview":"max-image-preview:large","max-video-preview":"max-video-preview:-1"},"canonical":"https:\/\/www.blogsoestado.com\/danielmatos\/sindicato-denuncia-agressao-covarde-a-agente-penitenciario-por-ex-pm-em-imperatriz\/","og_locale":"pt_BR","og_type":"article","og_title":"Sindicato denuncia agress\u00e3o covarde a agente penitenci\u00e1rio por ex-PM, em Imperatriz - Daniel Matos","og_description":"Do Blog do Aldir Dantas O agente penitenci\u00e1rio Manoel Estev\u00e3o Farias, lotado em Imperatriz, foi v\u00edtima de agress\u00e3o covarde praticada [&hellip;]","og_url":"https:\/\/www.blogsoestado.com\/danielmatos\/sindicato-denuncia-agressao-covarde-a-agente-penitenciario-por-ex-pm-em-imperatriz\/","og_site_name":"Daniel Matos","article_published_time":"2018-03-02T13:32:15+00:00","twitter_card":"summary_large_image","twitter_misc":{"Est. tempo de leitura":"4 minutos"},"schema":{"@context":"https:\/\/schema.org","@graph":[{"@type":"WebPage","@id":"https:\/\/www.blogsoestado.com\/danielmatos\/sindicato-denuncia-agressao-covarde-a-agente-penitenciario-por-ex-pm-em-imperatriz\/","url":"https:\/\/www.blogsoestado.com\/danielmatos\/sindicato-denuncia-agressao-covarde-a-agente-penitenciario-por-ex-pm-em-imperatriz\/","name":"Sindicato denuncia agress\u00e3o covarde a agente penitenci\u00e1rio por ex-PM, em Imperatriz - Daniel Matos","isPartOf":{"@id":"https:\/\/www.blogsoestado.com\/danielmatos\/#website"},"datePublished":"2018-03-02T13:32:15+00:00","author":{"@id":""},"breadcrumb":{"@id":"https:\/\/www.blogsoestado.com\/danielmatos\/sindicato-denuncia-agressao-covarde-a-agente-penitenciario-por-ex-pm-em-imperatriz\/#breadcrumb"},"inLanguage":"pt-BR","potentialAction":[{"@type":"ReadAction","target":["https:\/\/www.blogsoestado.com\/danielmatos\/sindicato-denuncia-agressao-covarde-a-agente-penitenciario-por-ex-pm-em-imperatriz\/"]}]},{"@type":"BreadcrumbList","@id":"https:\/\/www.blogsoestado.com\/danielmatos\/sindicato-denuncia-agressao-covarde-a-agente-penitenciario-por-ex-pm-em-imperatriz\/#breadcrumb","itemListElement":[{"@type":"ListItem","position":1,"name":"In\u00edcio","item":"https:\/\/www.blogsoestado.com\/danielmatos\/"},{"@type":"ListItem","position":2,"name":"Sindicato denuncia agress\u00e3o covarde a agente penitenci\u00e1rio por ex-PM, em Imperatriz"}]},{"@type":"WebSite","@id":"https:\/\/www.blogsoestado.com\/danielmatos\/#website","url":"https:\/\/www.blogsoestado.com\/danielmatos\/","name":"Daniel Matos","description":"","potentialAction":[{"@type":"SearchAction","target":{"@type":"EntryPoint","urlTemplate":"https:\/\/www.blogsoestado.com\/danielmatos\/?s={search_term_string}"},"query-input":{"@type":"PropertyValueSpecification","valueRequired":true,"valueName":"search_term_string"}}],"inLanguage":"pt-BR"}]}},"jetpack_featured_media_url":"","_links":{"self":[{"href":"https:\/\/www.blogsoestado.com\/danielmatos\/wp-json\/wp\/v2\/posts\/49074","targetHints":{"allow":["GET"]}}],"collection":[{"href":"https:\/\/www.blogsoestado.com\/danielmatos\/wp-json\/wp\/v2\/posts"}],"about":[{"href":"https:\/\/www.blogsoestado.com\/danielmatos\/wp-json\/wp\/v2\/types\/post"}],"replies":[{"embeddable":true,"href":"https:\/\/www.blogsoestado.com\/danielmatos\/wp-json\/wp\/v2\/comments?post=49074"}],"version-history":[{"count":0,"href":"https:\/\/www.blogsoestado.com\/danielmatos\/wp-json\/wp\/v2\/posts\/49074\/revisions"}],"wp:attachment":[{"href":"https:\/\/www.blogsoestado.com\/danielmatos\/wp-json\/wp\/v2\/media?parent=49074"}],"wp:term":[{"taxonomy":"category","embeddable":true,"href":"https:\/\/www.blogsoestado.com\/danielmatos\/wp-json\/wp\/v2\/categories?post=49074"},{"taxonomy":"post_tag","embeddable":true,"href":"https:\/\/www.blogsoestado.com\/danielmatos\/wp-json\/wp\/v2\/tags?post=49074"}],"curies":[{"name":"wp","href":"https:\/\/api.w.org\/{rel}","templated":true}]}}