{"id":49078,"date":"2018-03-02T17:00:22","date_gmt":"2018-03-02T20:00:22","guid":{"rendered":"https:\/\/www.blogsoestado.com\/danielmatos\/?p=49078"},"modified":"2018-03-02T17:00:22","modified_gmt":"2018-03-02T20:00:22","slug":"em-nota-sindicato-de-policiais-civis-repudia-agressao-agente-penitenciario","status":"publish","type":"post","link":"https:\/\/www.blogsoestado.com\/danielmatos\/em-nota-sindicato-de-policiais-civis-repudia-agressao-agente-penitenciario\/","title":{"rendered":"Em nota, Sindicato de Policiais Civis repudia agress\u00e3o a agente penitenci\u00e1rio"},"content":{"rendered":"<p><img fetchpriority=\"high\" decoding=\"async\" class=\"alignleft size-full wp-image-49079\" src=\"https:\/\/www.blogsoestado.com\/danielmatos\/files\/2018\/03\/repudio.jpg\" alt=\"\" width=\"448\" height=\"245\" \/>O Sindicato dos Policiais Civis do Estado do Maranh\u00e3o, em nome da integridade funcional dos policiais civis plantonistas da 10\u00aa Delegacia Regional de Pol\u00edcia Civil de Imperatriz, vem se manifestar sobre os fatos ocorridos na noite de s\u00e1bado, dia 24\/02\/2018, nas depend\u00eancias desta Delegacia Regional, precisamente na Sala Manoel Cec\u00edlio (espa\u00e7o reservado para a imprensa local), envolvendo um agente penitenci\u00e1rio, policiais militares e outros, o que atinge a todo o Estado e, por consequ\u00eancia, a todos n\u00f3s servidores p\u00fablicos, sobretudo aqueles que lutam pela Seguran\u00e7a P\u00fablica.<\/p>\n<p>Em linha de princ\u00edpio, cabe um breve relato dos fatos, isento de ju\u00edzo de valor, sobre a agress\u00e3o sofrida pelo agente penitenci\u00e1rio MANOEL ESTEV\u00c3O FARIAS, enquanto este se encontrava na Sala Manoel Cec\u00edlio, na qualidade de acusado de crime de amea\u00e7a, algemado, e sob a cust\u00f3dia de policiais militares, conforme imagens das c\u00e2meras de monitoramento interno da 10\u00aa Delegacia Regional de Policial de Imperatriz, amplamente divulgada nas m\u00eddias sociais.<\/p>\n<p>Assim, considerando os direitos constitucionais da dignidade da pessoa humana e os corol\u00e1rios dele decorrentes, o Sindicato vem a p\u00fablico mostrar seu mais veemente rep\u00fadio a todo e qualquer ato de viol\u00eancia, contra qualquer pessoa, seja qual for a entidade de classe a qual perten\u00e7a, e, sobretudo contra aqueles que se encontrem devidamente custodiados pelas for\u00e7as policiais com o uso de algemas.<\/p>\n<p>De maneira que os fatos ocorridos, tais como as agress\u00f5es sofridas pelo agente penitenci\u00e1rio, perpetrada, em tese, pelo ex-policial militar, KELSON FRANCISCO DE BRITO, atualmente servidor da Justi\u00e7a Federal, ocorrido na Sala Manoel Cec\u00edlio, n\u00e3o compartilham do mesmo procedimento habitual adotado pelos policiais civis plantonistas, sempre pautado em assegurar os direitos constitucionais.<\/p>\n<p>Ressaltamos que embora a Sala Manoel Cec\u00edlio integre as depend\u00eancias da 10\u00aa Delegacia Regional de Policia Civil, o recinto, al\u00e9m de ter acesso direto para via p\u00fablica, \u00e9 reservado para a imprensa local e de uso dos policiais militares para o preenchimento do Boletim de Ocorr\u00eancia Militar. Frisamos que o sistema de monitoramento por c\u00e2meras para os policiais civis plantonistas encontrava-se com problemas no monitor.<\/p>\n<p>O Sindicato dos Policiais Civis- SINPOL-MA, em nome da Pol\u00edcia Civil, considera inaceit\u00e1vel a viola\u00e7\u00e3o da integridade f\u00edsica do agente penitenci\u00e1rio, devendo os culpados serem punidos na exata medida dos seus atos, sendo-lhes assegurados todos os direitos aos acusados em geral.<\/p>\n<p>Sabemos que a Pol\u00edcia Militar, como \u00f3rg\u00e3o de um Estado Democr\u00e1tico de Direito, subordinada aos valores fundamentais da Constitui\u00e7\u00e3o Federal e da Constitui\u00e7\u00e3o do Estado do Maranh\u00e3o, n\u00e3o coaduna com tais atitudes que v\u00e3o de encontro \u00e0s normas, e seguramente, n\u00e3o encontram abrigo em suas fileiras.<\/p>\n<p>O Homem, enquanto Estado, sobretudo aqueles integrantes de todos os \u00f3rg\u00e3os de seguran\u00e7a, Minist\u00e9rio P\u00fablico e Judici\u00e1rio tem o dever e a obriga\u00e7\u00e3o de envidar todos os esfor\u00e7os para que essas situa\u00e7\u00f5es n\u00e3o voltem a ocorrer.<\/p>\n<p>Vale esclarecer que a Delegacia do 1\u00ba Distrito Policial de Imperatriz dar\u00e1 continuidade na apura\u00e7\u00e3o dos fatos relacionados \u00e0s agress\u00f5es sofridas pelo agente penitenci\u00e1rio ocorridos nas depend\u00eancias da unidade policial.<\/p>\n","protected":false},"excerpt":{"rendered":"<p>O Sindicato dos Policiais Civis do Estado do Maranh\u00e3o, em nome da integridade funcional dos policiais civis plantonistas da 10\u00aa [&hellip;]<\/p>\n","protected":false},"author":0,"featured_media":0,"comment_status":"open","ping_status":"open","sticky":false,"template":"","format":"standard","meta":{"site-sidebar-layout":"default","site-content-layout":"","ast-site-content-layout":"default","site-content-style":"default","site-sidebar-style":"default","ast-global-header-display":"","ast-banner-title-visibility":"","ast-main-header-display":"","ast-hfb-above-header-display":"","ast-hfb-below-header-display":"","ast-hfb-mobile-header-display":"","site-post-title":"","ast-breadcrumbs-content":"","ast-featured-img":"","footer-sml-layout":"","ast-disable-related-posts":"","theme-transparent-header-meta":"","adv-header-id-meta":"","stick-header-meta":"","header-above-stick-meta":"","header-main-stick-meta":"","header-below-stick-meta":"","astra-migrate-meta-layouts":"default","ast-page-background-enabled":"default","ast-page-background-meta":{"desktop":{"background-color":"var(--ast-global-color-5)","background-image":"","background-repeat":"repeat","background-position":"center center","background-size":"auto","background-attachment":"scroll","background-type":"","background-media":"","overlay-type":"","overlay-color":"","overlay-opacity":"","overlay-gradient":""},"tablet":{"background-color":"","background-image":"","background-repeat":"repeat","background-position":"center center","background-size":"auto","background-attachment":"scroll","background-type":"","background-media":"","overlay-type":"","overlay-color":"","overlay-opacity":"","overlay-gradient":""},"mobile":{"background-color":"","background-image":"","background-repeat":"repeat","background-position":"center center","background-size":"auto","background-attachment":"scroll","background-type":"","background-media":"","overlay-type":"","overlay-color":"","overlay-opacity":"","overlay-gradient":""}},"ast-content-background-meta":{"desktop":{"background-color":"var(--ast-global-color-4)","background-image":"","background-repeat":"repeat","background-position":"center center","background-size":"auto","background-attachment":"scroll","background-type":"","background-media":"","overlay-type":"","overlay-color":"","overlay-opacity":"","overlay-gradient":""},"tablet":{"background-color":"var(--ast-global-color-4)","background-image":"","background-repeat":"repeat","background-position":"center center","background-size":"auto","background-attachment":"scroll","background-type":"","background-media":"","overlay-type":"","overlay-color":"","overlay-opacity":"","overlay-gradient":""},"mobile":{"background-color":"var(--ast-global-color-4)","background-image":"","background-repeat":"repeat","background-position":"center center","background-size":"auto","background-attachment":"scroll","background-type":"","background-media":"","overlay-type":"","overlay-color":"","overlay-opacity":"","overlay-gradient":""}},"footnotes":""},"categories":[1],"tags":[],"class_list":["post-49078","post","type-post","status-publish","format-standard","hentry","category-sem-categoria"],"yoast_head":"<!-- This site is optimized with the Yoast SEO plugin v26.6 - https:\/\/yoast.com\/wordpress\/plugins\/seo\/ -->\n<title>Em nota, Sindicato de Policiais Civis repudia agress\u00e3o a agente penitenci\u00e1rio - Daniel Matos<\/title>\n<meta name=\"robots\" content=\"index, follow, max-snippet:-1, max-image-preview:large, max-video-preview:-1\" \/>\n<link rel=\"canonical\" href=\"https:\/\/www.blogsoestado.com\/danielmatos\/em-nota-sindicato-de-policiais-civis-repudia-agressao-agente-penitenciario\/\" \/>\n<meta property=\"og:locale\" content=\"pt_BR\" \/>\n<meta property=\"og:type\" content=\"article\" \/>\n<meta property=\"og:title\" content=\"Em nota, Sindicato de Policiais Civis repudia agress\u00e3o a agente penitenci\u00e1rio - Daniel Matos\" \/>\n<meta property=\"og:description\" content=\"O Sindicato dos Policiais Civis do Estado do Maranh\u00e3o, em nome da integridade funcional dos policiais civis plantonistas da 10\u00aa [&hellip;]\" \/>\n<meta property=\"og:url\" content=\"https:\/\/www.blogsoestado.com\/danielmatos\/em-nota-sindicato-de-policiais-civis-repudia-agressao-agente-penitenciario\/\" \/>\n<meta property=\"og:site_name\" content=\"Daniel Matos\" \/>\n<meta property=\"article:published_time\" content=\"2018-03-02T20:00:22+00:00\" \/>\n<meta property=\"og:image\" content=\"https:\/\/www.blogsoestado.com\/danielmatos\/files\/2018\/03\/repudio.jpg\" \/>\n<meta name=\"twitter:card\" content=\"summary_large_image\" \/>\n<meta name=\"twitter:label1\" content=\"Est. tempo de leitura\" \/>\n\t<meta name=\"twitter:data1\" content=\"3 minutos\" \/>\n<script type=\"application\/ld+json\" class=\"yoast-schema-graph\">{\"@context\":\"https:\/\/schema.org\",\"@graph\":[{\"@type\":\"WebPage\",\"@id\":\"https:\/\/www.blogsoestado.com\/danielmatos\/em-nota-sindicato-de-policiais-civis-repudia-agressao-agente-penitenciario\/\",\"url\":\"https:\/\/www.blogsoestado.com\/danielmatos\/em-nota-sindicato-de-policiais-civis-repudia-agressao-agente-penitenciario\/\",\"name\":\"Em nota, Sindicato de Policiais Civis repudia agress\u00e3o a agente penitenci\u00e1rio - Daniel Matos\",\"isPartOf\":{\"@id\":\"https:\/\/www.blogsoestado.com\/danielmatos\/#website\"},\"primaryImageOfPage\":{\"@id\":\"https:\/\/www.blogsoestado.com\/danielmatos\/em-nota-sindicato-de-policiais-civis-repudia-agressao-agente-penitenciario\/#primaryimage\"},\"image\":{\"@id\":\"https:\/\/www.blogsoestado.com\/danielmatos\/em-nota-sindicato-de-policiais-civis-repudia-agressao-agente-penitenciario\/#primaryimage\"},\"thumbnailUrl\":\"https:\/\/www.blogsoestado.com\/danielmatos\/files\/2018\/03\/repudio.jpg\",\"datePublished\":\"2018-03-02T20:00:22+00:00\",\"author\":{\"@id\":\"\"},\"breadcrumb\":{\"@id\":\"https:\/\/www.blogsoestado.com\/danielmatos\/em-nota-sindicato-de-policiais-civis-repudia-agressao-agente-penitenciario\/#breadcrumb\"},\"inLanguage\":\"pt-BR\",\"potentialAction\":[{\"@type\":\"ReadAction\",\"target\":[\"https:\/\/www.blogsoestado.com\/danielmatos\/em-nota-sindicato-de-policiais-civis-repudia-agressao-agente-penitenciario\/\"]}]},{\"@type\":\"ImageObject\",\"inLanguage\":\"pt-BR\",\"@id\":\"https:\/\/www.blogsoestado.com\/danielmatos\/em-nota-sindicato-de-policiais-civis-repudia-agressao-agente-penitenciario\/#primaryimage\",\"url\":\"https:\/\/www.blogsoestado.com\/danielmatos\/files\/2018\/03\/repudio.jpg\",\"contentUrl\":\"https:\/\/www.blogsoestado.com\/danielmatos\/files\/2018\/03\/repudio.jpg\"},{\"@type\":\"BreadcrumbList\",\"@id\":\"https:\/\/www.blogsoestado.com\/danielmatos\/em-nota-sindicato-de-policiais-civis-repudia-agressao-agente-penitenciario\/#breadcrumb\",\"itemListElement\":[{\"@type\":\"ListItem\",\"position\":1,\"name\":\"In\u00edcio\",\"item\":\"https:\/\/www.blogsoestado.com\/danielmatos\/\"},{\"@type\":\"ListItem\",\"position\":2,\"name\":\"Em nota, Sindicato de Policiais Civis repudia agress\u00e3o a agente penitenci\u00e1rio\"}]},{\"@type\":\"WebSite\",\"@id\":\"https:\/\/www.blogsoestado.com\/danielmatos\/#website\",\"url\":\"https:\/\/www.blogsoestado.com\/danielmatos\/\",\"name\":\"Daniel Matos\",\"description\":\"\",\"potentialAction\":[{\"@type\":\"SearchAction\",\"target\":{\"@type\":\"EntryPoint\",\"urlTemplate\":\"https:\/\/www.blogsoestado.com\/danielmatos\/?s={search_term_string}\"},\"query-input\":{\"@type\":\"PropertyValueSpecification\",\"valueRequired\":true,\"valueName\":\"search_term_string\"}}],\"inLanguage\":\"pt-BR\"}]}<\/script>\n<!-- \/ Yoast SEO plugin. -->","yoast_head_json":{"title":"Em nota, Sindicato de Policiais Civis repudia agress\u00e3o a agente penitenci\u00e1rio - Daniel Matos","robots":{"index":"index","follow":"follow","max-snippet":"max-snippet:-1","max-image-preview":"max-image-preview:large","max-video-preview":"max-video-preview:-1"},"canonical":"https:\/\/www.blogsoestado.com\/danielmatos\/em-nota-sindicato-de-policiais-civis-repudia-agressao-agente-penitenciario\/","og_locale":"pt_BR","og_type":"article","og_title":"Em nota, Sindicato de Policiais Civis repudia agress\u00e3o a agente penitenci\u00e1rio - Daniel Matos","og_description":"O Sindicato dos Policiais Civis do Estado do Maranh\u00e3o, em nome da integridade funcional dos policiais civis plantonistas da 10\u00aa [&hellip;]","og_url":"https:\/\/www.blogsoestado.com\/danielmatos\/em-nota-sindicato-de-policiais-civis-repudia-agressao-agente-penitenciario\/","og_site_name":"Daniel Matos","article_published_time":"2018-03-02T20:00:22+00:00","og_image":[{"url":"https:\/\/www.blogsoestado.com\/danielmatos\/files\/2018\/03\/repudio.jpg","type":"","width":"","height":""}],"twitter_card":"summary_large_image","twitter_misc":{"Est. tempo de leitura":"3 minutos"},"schema":{"@context":"https:\/\/schema.org","@graph":[{"@type":"WebPage","@id":"https:\/\/www.blogsoestado.com\/danielmatos\/em-nota-sindicato-de-policiais-civis-repudia-agressao-agente-penitenciario\/","url":"https:\/\/www.blogsoestado.com\/danielmatos\/em-nota-sindicato-de-policiais-civis-repudia-agressao-agente-penitenciario\/","name":"Em nota, Sindicato de Policiais Civis repudia agress\u00e3o a agente penitenci\u00e1rio - Daniel Matos","isPartOf":{"@id":"https:\/\/www.blogsoestado.com\/danielmatos\/#website"},"primaryImageOfPage":{"@id":"https:\/\/www.blogsoestado.com\/danielmatos\/em-nota-sindicato-de-policiais-civis-repudia-agressao-agente-penitenciario\/#primaryimage"},"image":{"@id":"https:\/\/www.blogsoestado.com\/danielmatos\/em-nota-sindicato-de-policiais-civis-repudia-agressao-agente-penitenciario\/#primaryimage"},"thumbnailUrl":"https:\/\/www.blogsoestado.com\/danielmatos\/files\/2018\/03\/repudio.jpg","datePublished":"2018-03-02T20:00:22+00:00","author":{"@id":""},"breadcrumb":{"@id":"https:\/\/www.blogsoestado.com\/danielmatos\/em-nota-sindicato-de-policiais-civis-repudia-agressao-agente-penitenciario\/#breadcrumb"},"inLanguage":"pt-BR","potentialAction":[{"@type":"ReadAction","target":["https:\/\/www.blogsoestado.com\/danielmatos\/em-nota-sindicato-de-policiais-civis-repudia-agressao-agente-penitenciario\/"]}]},{"@type":"ImageObject","inLanguage":"pt-BR","@id":"https:\/\/www.blogsoestado.com\/danielmatos\/em-nota-sindicato-de-policiais-civis-repudia-agressao-agente-penitenciario\/#primaryimage","url":"https:\/\/www.blogsoestado.com\/danielmatos\/files\/2018\/03\/repudio.jpg","contentUrl":"https:\/\/www.blogsoestado.com\/danielmatos\/files\/2018\/03\/repudio.jpg"},{"@type":"BreadcrumbList","@id":"https:\/\/www.blogsoestado.com\/danielmatos\/em-nota-sindicato-de-policiais-civis-repudia-agressao-agente-penitenciario\/#breadcrumb","itemListElement":[{"@type":"ListItem","position":1,"name":"In\u00edcio","item":"https:\/\/www.blogsoestado.com\/danielmatos\/"},{"@type":"ListItem","position":2,"name":"Em nota, Sindicato de Policiais Civis repudia agress\u00e3o a agente penitenci\u00e1rio"}]},{"@type":"WebSite","@id":"https:\/\/www.blogsoestado.com\/danielmatos\/#website","url":"https:\/\/www.blogsoestado.com\/danielmatos\/","name":"Daniel Matos","description":"","potentialAction":[{"@type":"SearchAction","target":{"@type":"EntryPoint","urlTemplate":"https:\/\/www.blogsoestado.com\/danielmatos\/?s={search_term_string}"},"query-input":{"@type":"PropertyValueSpecification","valueRequired":true,"valueName":"search_term_string"}}],"inLanguage":"pt-BR"}]}},"jetpack_featured_media_url":"","_links":{"self":[{"href":"https:\/\/www.blogsoestado.com\/danielmatos\/wp-json\/wp\/v2\/posts\/49078","targetHints":{"allow":["GET"]}}],"collection":[{"href":"https:\/\/www.blogsoestado.com\/danielmatos\/wp-json\/wp\/v2\/posts"}],"about":[{"href":"https:\/\/www.blogsoestado.com\/danielmatos\/wp-json\/wp\/v2\/types\/post"}],"replies":[{"embeddable":true,"href":"https:\/\/www.blogsoestado.com\/danielmatos\/wp-json\/wp\/v2\/comments?post=49078"}],"version-history":[{"count":0,"href":"https:\/\/www.blogsoestado.com\/danielmatos\/wp-json\/wp\/v2\/posts\/49078\/revisions"}],"wp:attachment":[{"href":"https:\/\/www.blogsoestado.com\/danielmatos\/wp-json\/wp\/v2\/media?parent=49078"}],"wp:term":[{"taxonomy":"category","embeddable":true,"href":"https:\/\/www.blogsoestado.com\/danielmatos\/wp-json\/wp\/v2\/categories?post=49078"},{"taxonomy":"post_tag","embeddable":true,"href":"https:\/\/www.blogsoestado.com\/danielmatos\/wp-json\/wp\/v2\/tags?post=49078"}],"curies":[{"name":"wp","href":"https:\/\/api.w.org\/{rel}","templated":true}]}}