{"id":49086,"date":"2018-03-02T15:01:40","date_gmt":"2018-03-02T18:01:40","guid":{"rendered":"https:\/\/www.blogsoestado.com\/danielmatos\/?p=49086"},"modified":"2018-03-02T15:01:40","modified_gmt":"2018-03-02T18:01:40","slug":"justica-decreta-prisao-preventiva-do-delegado-thiago-bardal","status":"publish","type":"post","link":"https:\/\/www.blogsoestado.com\/danielmatos\/justica-decreta-prisao-preventiva-do-delegado-thiago-bardal\/","title":{"rendered":"Justi\u00e7a decreta pris\u00e3o preventiva do delegado Thiago Bardal"},"content":{"rendered":"<figure id=\"attachment_49090\" aria-describedby=\"caption-attachment-49090\" style=\"width: 300px\" class=\"wp-caption alignleft\"><img fetchpriority=\"high\" decoding=\"async\" class=\"size-full wp-image-49090\" src=\"https:\/\/www.blogsoestado.com\/danielmatos\/files\/2018\/03\/bardal.jpg\" alt=\"\" width=\"300\" height=\"383\" \/><figcaption id=\"caption-attachment-49090\" class=\"wp-caption-text\">Delegado Thiago Bardal teve a pris\u00e3o preventiva decretada<\/figcaption><\/figure>\n<p>A Justi\u00e7a acaba de decretar a pris\u00e3o do delegado Thiago Bardal, acusado de envolvimento com uma quadrilha de contrabandistas e milicianos. O mandado que determina a deten\u00e7\u00e3o do ex-chefe da Superintend\u00eancia Estadual de investiga\u00e7\u00f5es Criminais (Seic) foi expedido por volta das 14h15, no F\u00f3rum Desembargador Sarney Costa, horas depois de o delegado ter prestado depoimento \u00e0 Superintend\u00eancia Estadual de Preven\u00e7\u00e3o e Combate \u00e0 Corrup\u00e7\u00e3o (SECCOR), onde tramita o inqu\u00e9rito.<\/p>\n<p>Thiago Bardal foi abordado, na madrugada do \u00faltimo dia 22, em um s\u00edtio na localidade Quebra-Pote, na zona rural de S\u00e3o Lu\u00eds, por uma equipe de policiais que investiga a atua\u00e7\u00e3o de um bando suspeito de crimes de contrabando e forma\u00e7\u00e3o de mil\u00edcia, do qual, supostamente, seria um dos integrantes. Na ocasi\u00e3o, o delegado, que estava acompanhado do advogado Ricardo Belo, neto de um desembargador aposentado, alegou tamb\u00e9m estar investigando o grupo.<\/p>\n<p>Na madrugada desta sexta-feira (2), este blog publicou mat\u00e9ria denunciando que <a href=\"https:\/\/www.blogsoestado.com\/danielmatos\/2018\/03\/02\/quadrilha-acusada-de-contrabando-e-formacao-de-milicia-tinha-qg-em-condominio-de-luxo-no-olho-dagua\/\">a quadrilha se reunia em uma mans\u00e3o no condom\u00ednio Andorra, no bairro Olho d&#8217;\u00c1gua, que funcionaria como esp\u00e9cie de quartel-general para o bando. O dono do im\u00f3vel seria o ex-vice-prefeito de S\u00e3o Mateus Ricardo Garcia.<\/a><\/p>\n<p><strong>Grava\u00e7\u00e3o\u00a0\u00a0<\/strong><\/p>\n<p>No in\u00edcio da manh\u00e3 de hoje, o jornalista e vereador Marcial Lima divulgou, no programa &#8220;Acorda, Maranh\u00e3o&#8221;, que apresenta na R\u00e1dio Mirante AM, grava\u00e7\u00e3o em \u00e1udio na qual Ricardo Garcia relata dificuldades enfrentadas pela quadrilha para operar o esquema, em raz\u00e3o da nova sistem\u00e1tica adotada pela pol\u00edcia. O ex-vice-prefeito afirmou estar se movimentando para super\u00e1-las e informou que contaria com a ajuda de dois deputados e um secret\u00e1rio para se livrar do que chamou de &#8220;venenos&#8221;, que estariam tirando o seu sono.<\/p>\n<p>O blog solicitou mais informa\u00e7\u00f5es \u00e0 Secretaria de Estado de Comunica\u00e7\u00e3o e Assuntos Pol\u00edticos (Secap) sobre a decreta\u00e7\u00e3o da pris\u00e3o do delegado, mas, at\u00e9 o fechamento desta mat\u00e9ria, n\u00e3o havia obtido resposta.<\/p>\n","protected":false},"excerpt":{"rendered":"<p>A Justi\u00e7a acaba de decretar a pris\u00e3o do delegado Thiago Bardal, acusado de envolvimento com uma quadrilha de contrabandistas e [&hellip;]<\/p>\n","protected":false},"author":0,"featured_media":0,"comment_status":"open","ping_status":"open","sticky":false,"template":"","format":"standard","meta":{"site-sidebar-layout":"default","site-content-layout":"","ast-site-content-layout":"default","site-content-style":"default","site-sidebar-style":"default","ast-global-header-display":"","ast-banner-title-visibility":"","ast-main-header-display":"","ast-hfb-above-header-display":"","ast-hfb-below-header-display":"","ast-hfb-mobile-header-display":"","site-post-title":"","ast-breadcrumbs-content":"","ast-featured-img":"","footer-sml-layout":"","ast-disable-related-posts":"","theme-transparent-header-meta":"","adv-header-id-meta":"","stick-header-meta":"","header-above-stick-meta":"","header-main-stick-meta":"","header-below-stick-meta":"","astra-migrate-meta-layouts":"default","ast-page-background-enabled":"default","ast-page-background-meta":{"desktop":{"background-color":"var(--ast-global-color-5)","background-image":"","background-repeat":"repeat","background-position":"center center","background-size":"auto","background-attachment":"scroll","background-type":"","background-media":"","overlay-type":"","overlay-color":"","overlay-opacity":"","overlay-gradient":""},"tablet":{"background-color":"","background-image":"","background-repeat":"repeat","background-position":"center center","background-size":"auto","background-attachment":"scroll","background-type":"","background-media":"","overlay-type":"","overlay-color":"","overlay-opacity":"","overlay-gradient":""},"mobile":{"background-color":"","background-image":"","background-repeat":"repeat","background-position":"center center","background-size":"auto","background-attachment":"scroll","background-type":"","background-media":"","overlay-type":"","overlay-color":"","overlay-opacity":"","overlay-gradient":""}},"ast-content-background-meta":{"desktop":{"background-color":"var(--ast-global-color-4)","background-image":"","background-repeat":"repeat","background-position":"center center","background-size":"auto","background-attachment":"scroll","background-type":"","background-media":"","overlay-type":"","overlay-color":"","overlay-opacity":"","overlay-gradient":""},"tablet":{"background-color":"var(--ast-global-color-4)","background-image":"","background-repeat":"repeat","background-position":"center center","background-size":"auto","background-attachment":"scroll","background-type":"","background-media":"","overlay-type":"","overlay-color":"","overlay-opacity":"","overlay-gradient":""},"mobile":{"background-color":"var(--ast-global-color-4)","background-image":"","background-repeat":"repeat","background-position":"center center","background-size":"auto","background-attachment":"scroll","background-type":"","background-media":"","overlay-type":"","overlay-color":"","overlay-opacity":"","overlay-gradient":""}},"footnotes":""},"categories":[1],"tags":[],"class_list":["post-49086","post","type-post","status-publish","format-standard","hentry","category-sem-categoria"],"yoast_head":"<!-- This site is optimized with the Yoast SEO plugin v26.6 - https:\/\/yoast.com\/wordpress\/plugins\/seo\/ -->\n<title>Justi\u00e7a decreta pris\u00e3o preventiva do delegado Thiago Bardal - Daniel Matos<\/title>\n<meta name=\"robots\" content=\"index, follow, max-snippet:-1, max-image-preview:large, max-video-preview:-1\" \/>\n<link rel=\"canonical\" href=\"https:\/\/www.blogsoestado.com\/danielmatos\/justica-decreta-prisao-preventiva-do-delegado-thiago-bardal\/\" \/>\n<meta property=\"og:locale\" content=\"pt_BR\" \/>\n<meta property=\"og:type\" content=\"article\" \/>\n<meta property=\"og:title\" content=\"Justi\u00e7a decreta pris\u00e3o preventiva do delegado Thiago Bardal - Daniel Matos\" \/>\n<meta property=\"og:description\" content=\"A Justi\u00e7a acaba de decretar a pris\u00e3o do delegado Thiago Bardal, acusado de envolvimento com uma quadrilha de contrabandistas e [&hellip;]\" \/>\n<meta property=\"og:url\" content=\"https:\/\/www.blogsoestado.com\/danielmatos\/justica-decreta-prisao-preventiva-do-delegado-thiago-bardal\/\" \/>\n<meta property=\"og:site_name\" content=\"Daniel Matos\" \/>\n<meta property=\"article:published_time\" content=\"2018-03-02T18:01:40+00:00\" \/>\n<meta property=\"og:image\" content=\"https:\/\/www.blogsoestado.com\/danielmatos\/files\/2018\/03\/bardal.jpg\" \/>\n<meta name=\"twitter:card\" content=\"summary_large_image\" \/>\n<meta name=\"twitter:label1\" content=\"Est. tempo de leitura\" \/>\n\t<meta name=\"twitter:data1\" content=\"2 minutos\" \/>\n<script type=\"application\/ld+json\" class=\"yoast-schema-graph\">{\"@context\":\"https:\/\/schema.org\",\"@graph\":[{\"@type\":\"WebPage\",\"@id\":\"https:\/\/www.blogsoestado.com\/danielmatos\/justica-decreta-prisao-preventiva-do-delegado-thiago-bardal\/\",\"url\":\"https:\/\/www.blogsoestado.com\/danielmatos\/justica-decreta-prisao-preventiva-do-delegado-thiago-bardal\/\",\"name\":\"Justi\u00e7a decreta pris\u00e3o preventiva do delegado Thiago Bardal - Daniel Matos\",\"isPartOf\":{\"@id\":\"https:\/\/www.blogsoestado.com\/danielmatos\/#website\"},\"primaryImageOfPage\":{\"@id\":\"https:\/\/www.blogsoestado.com\/danielmatos\/justica-decreta-prisao-preventiva-do-delegado-thiago-bardal\/#primaryimage\"},\"image\":{\"@id\":\"https:\/\/www.blogsoestado.com\/danielmatos\/justica-decreta-prisao-preventiva-do-delegado-thiago-bardal\/#primaryimage\"},\"thumbnailUrl\":\"https:\/\/www.blogsoestado.com\/danielmatos\/files\/2018\/03\/bardal.jpg\",\"datePublished\":\"2018-03-02T18:01:40+00:00\",\"author\":{\"@id\":\"\"},\"breadcrumb\":{\"@id\":\"https:\/\/www.blogsoestado.com\/danielmatos\/justica-decreta-prisao-preventiva-do-delegado-thiago-bardal\/#breadcrumb\"},\"inLanguage\":\"pt-BR\",\"potentialAction\":[{\"@type\":\"ReadAction\",\"target\":[\"https:\/\/www.blogsoestado.com\/danielmatos\/justica-decreta-prisao-preventiva-do-delegado-thiago-bardal\/\"]}]},{\"@type\":\"ImageObject\",\"inLanguage\":\"pt-BR\",\"@id\":\"https:\/\/www.blogsoestado.com\/danielmatos\/justica-decreta-prisao-preventiva-do-delegado-thiago-bardal\/#primaryimage\",\"url\":\"https:\/\/www.blogsoestado.com\/danielmatos\/files\/2018\/03\/bardal.jpg\",\"contentUrl\":\"https:\/\/www.blogsoestado.com\/danielmatos\/files\/2018\/03\/bardal.jpg\"},{\"@type\":\"BreadcrumbList\",\"@id\":\"https:\/\/www.blogsoestado.com\/danielmatos\/justica-decreta-prisao-preventiva-do-delegado-thiago-bardal\/#breadcrumb\",\"itemListElement\":[{\"@type\":\"ListItem\",\"position\":1,\"name\":\"In\u00edcio\",\"item\":\"https:\/\/www.blogsoestado.com\/danielmatos\/\"},{\"@type\":\"ListItem\",\"position\":2,\"name\":\"Justi\u00e7a decreta pris\u00e3o preventiva do delegado Thiago Bardal\"}]},{\"@type\":\"WebSite\",\"@id\":\"https:\/\/www.blogsoestado.com\/danielmatos\/#website\",\"url\":\"https:\/\/www.blogsoestado.com\/danielmatos\/\",\"name\":\"Daniel Matos\",\"description\":\"\",\"potentialAction\":[{\"@type\":\"SearchAction\",\"target\":{\"@type\":\"EntryPoint\",\"urlTemplate\":\"https:\/\/www.blogsoestado.com\/danielmatos\/?s={search_term_string}\"},\"query-input\":{\"@type\":\"PropertyValueSpecification\",\"valueRequired\":true,\"valueName\":\"search_term_string\"}}],\"inLanguage\":\"pt-BR\"}]}<\/script>\n<!-- \/ Yoast SEO plugin. -->","yoast_head_json":{"title":"Justi\u00e7a decreta pris\u00e3o preventiva do delegado Thiago Bardal - Daniel Matos","robots":{"index":"index","follow":"follow","max-snippet":"max-snippet:-1","max-image-preview":"max-image-preview:large","max-video-preview":"max-video-preview:-1"},"canonical":"https:\/\/www.blogsoestado.com\/danielmatos\/justica-decreta-prisao-preventiva-do-delegado-thiago-bardal\/","og_locale":"pt_BR","og_type":"article","og_title":"Justi\u00e7a decreta pris\u00e3o preventiva do delegado Thiago Bardal - Daniel Matos","og_description":"A Justi\u00e7a acaba de decretar a pris\u00e3o do delegado Thiago Bardal, acusado de envolvimento com uma quadrilha de contrabandistas e [&hellip;]","og_url":"https:\/\/www.blogsoestado.com\/danielmatos\/justica-decreta-prisao-preventiva-do-delegado-thiago-bardal\/","og_site_name":"Daniel Matos","article_published_time":"2018-03-02T18:01:40+00:00","og_image":[{"url":"https:\/\/www.blogsoestado.com\/danielmatos\/files\/2018\/03\/bardal.jpg","type":"","width":"","height":""}],"twitter_card":"summary_large_image","twitter_misc":{"Est. tempo de leitura":"2 minutos"},"schema":{"@context":"https:\/\/schema.org","@graph":[{"@type":"WebPage","@id":"https:\/\/www.blogsoestado.com\/danielmatos\/justica-decreta-prisao-preventiva-do-delegado-thiago-bardal\/","url":"https:\/\/www.blogsoestado.com\/danielmatos\/justica-decreta-prisao-preventiva-do-delegado-thiago-bardal\/","name":"Justi\u00e7a decreta pris\u00e3o preventiva do delegado Thiago Bardal - Daniel Matos","isPartOf":{"@id":"https:\/\/www.blogsoestado.com\/danielmatos\/#website"},"primaryImageOfPage":{"@id":"https:\/\/www.blogsoestado.com\/danielmatos\/justica-decreta-prisao-preventiva-do-delegado-thiago-bardal\/#primaryimage"},"image":{"@id":"https:\/\/www.blogsoestado.com\/danielmatos\/justica-decreta-prisao-preventiva-do-delegado-thiago-bardal\/#primaryimage"},"thumbnailUrl":"https:\/\/www.blogsoestado.com\/danielmatos\/files\/2018\/03\/bardal.jpg","datePublished":"2018-03-02T18:01:40+00:00","author":{"@id":""},"breadcrumb":{"@id":"https:\/\/www.blogsoestado.com\/danielmatos\/justica-decreta-prisao-preventiva-do-delegado-thiago-bardal\/#breadcrumb"},"inLanguage":"pt-BR","potentialAction":[{"@type":"ReadAction","target":["https:\/\/www.blogsoestado.com\/danielmatos\/justica-decreta-prisao-preventiva-do-delegado-thiago-bardal\/"]}]},{"@type":"ImageObject","inLanguage":"pt-BR","@id":"https:\/\/www.blogsoestado.com\/danielmatos\/justica-decreta-prisao-preventiva-do-delegado-thiago-bardal\/#primaryimage","url":"https:\/\/www.blogsoestado.com\/danielmatos\/files\/2018\/03\/bardal.jpg","contentUrl":"https:\/\/www.blogsoestado.com\/danielmatos\/files\/2018\/03\/bardal.jpg"},{"@type":"BreadcrumbList","@id":"https:\/\/www.blogsoestado.com\/danielmatos\/justica-decreta-prisao-preventiva-do-delegado-thiago-bardal\/#breadcrumb","itemListElement":[{"@type":"ListItem","position":1,"name":"In\u00edcio","item":"https:\/\/www.blogsoestado.com\/danielmatos\/"},{"@type":"ListItem","position":2,"name":"Justi\u00e7a decreta pris\u00e3o preventiva do delegado Thiago Bardal"}]},{"@type":"WebSite","@id":"https:\/\/www.blogsoestado.com\/danielmatos\/#website","url":"https:\/\/www.blogsoestado.com\/danielmatos\/","name":"Daniel Matos","description":"","potentialAction":[{"@type":"SearchAction","target":{"@type":"EntryPoint","urlTemplate":"https:\/\/www.blogsoestado.com\/danielmatos\/?s={search_term_string}"},"query-input":{"@type":"PropertyValueSpecification","valueRequired":true,"valueName":"search_term_string"}}],"inLanguage":"pt-BR"}]}},"jetpack_featured_media_url":"","_links":{"self":[{"href":"https:\/\/www.blogsoestado.com\/danielmatos\/wp-json\/wp\/v2\/posts\/49086","targetHints":{"allow":["GET"]}}],"collection":[{"href":"https:\/\/www.blogsoestado.com\/danielmatos\/wp-json\/wp\/v2\/posts"}],"about":[{"href":"https:\/\/www.blogsoestado.com\/danielmatos\/wp-json\/wp\/v2\/types\/post"}],"replies":[{"embeddable":true,"href":"https:\/\/www.blogsoestado.com\/danielmatos\/wp-json\/wp\/v2\/comments?post=49086"}],"version-history":[{"count":0,"href":"https:\/\/www.blogsoestado.com\/danielmatos\/wp-json\/wp\/v2\/posts\/49086\/revisions"}],"wp:attachment":[{"href":"https:\/\/www.blogsoestado.com\/danielmatos\/wp-json\/wp\/v2\/media?parent=49086"}],"wp:term":[{"taxonomy":"category","embeddable":true,"href":"https:\/\/www.blogsoestado.com\/danielmatos\/wp-json\/wp\/v2\/categories?post=49086"},{"taxonomy":"post_tag","embeddable":true,"href":"https:\/\/www.blogsoestado.com\/danielmatos\/wp-json\/wp\/v2\/tags?post=49086"}],"curies":[{"name":"wp","href":"https:\/\/api.w.org\/{rel}","templated":true}]}}