{"id":49094,"date":"2018-03-03T11:17:25","date_gmt":"2018-03-03T14:17:25","guid":{"rendered":"https:\/\/www.blogsoestado.com\/danielmatos\/?p=49094"},"modified":"2018-03-03T11:17:25","modified_gmt":"2018-03-03T14:17:25","slug":"autoridade-nacional-em-saude-no-transito-medico-phil-camarao-assume-mais-um-relevante-posto-no-setor","status":"publish","type":"post","link":"https:\/\/www.blogsoestado.com\/danielmatos\/autoridade-nacional-em-saude-no-transito-medico-phil-camarao-assume-mais-um-relevante-posto-no-setor\/","title":{"rendered":"Autoridade nacional em sa\u00fade no tr\u00e2nsito, m\u00e9dico Phil Camar\u00e3o assume mais um relevante posto no setor"},"content":{"rendered":"<figure id=\"attachment_49095\" aria-describedby=\"caption-attachment-49095\" style=\"width: 640px\" class=\"wp-caption aligncenter\"><img fetchpriority=\"high\" decoding=\"async\" class=\"size-full wp-image-49095\" src=\"https:\/\/www.blogsoestado.com\/danielmatos\/files\/2018\/03\/phil-cfm3.jpg\" alt=\"\" width=\"640\" height=\"480\" \/><figcaption id=\"caption-attachment-49095\" class=\"wp-caption-text\">Phil Camar\u00e3o (\u00e0 esq.) na reuni\u00e3o da C\u00e2mara Tem\u00e1tica de Medicina de Tr\u00e1fego do CFM, em Bras\u00edlia<\/figcaption><\/figure>\n<p>O m\u00e9dico maranhense Phil Camar\u00e3o \u00e9 o \u00fanico profissional da carreira do pa\u00eds a integrar, simultaneamente, a Associa\u00e7\u00e3o Brasileira de Medicina de Tr\u00e2nsito (Abramet), entidade da qual \u00e9 presidente regional; o Conselho Nacional de Tr\u00e2nsito (Contran), na condi\u00e7\u00e3o de membro titular da C\u00e2mara Tem\u00e1tica de Sa\u00fade; e a C\u00e2mara T\u00e9cnica de Medicina do Tr\u00e1fego do Conselho Federal de Medicina (CFM). Com autoridade e compet\u00eancia reconhecidas, Phil vem dando valorosa contribui\u00e7\u00e3o para o aprimoramento e aplica\u00e7\u00e3o das pol\u00edticas de sa\u00fade no tr\u00e2nsito no Brasil.<\/p>\n<p>No \u00faltimo dia 2, Phil Camar\u00e3o participou, na sede do CFM, em Bras\u00edlia, da primeira reuni\u00e3o de 2018da C\u00e2mara T\u00e9cnica de Medicina do Tr\u00e1fego, da qual \u00e9 membro efetivo interno. O ato foi prestigiado pelo presidente do conselho federal, Carlos Vital, que acompanhou atentamente as discuss\u00f5es at\u00e9 o fim e interagiu com os membros.<\/p>\n<p>Na reuni\u00e3o, foram analisadas diversas demandas, sendo o foco principal a obrigatoriedade do exame toxicol\u00f3gico para emiss\u00e3o e renova\u00e7\u00e3o da Carteira Nacional de Habilita\u00e7\u00e3o (CNH). Phil Camar\u00e3o, que sempre se posicionou com firmeza conta essa lei, conseguiu o apoio de todos os presentes. O assunto ser\u00e1 novamente debatido na pr\u00f3xima reuni\u00e3o, dia 25 de abril.<\/p>\n<p><strong>C\u00e2mara T\u00e9cnica de Medicina do Tr\u00e1fego<\/strong><\/p>\n<figure id=\"attachment_49097\" aria-describedby=\"caption-attachment-49097\" style=\"width: 640px\" class=\"wp-caption aligncenter\"><img decoding=\"async\" class=\"size-full wp-image-49097\" src=\"https:\/\/www.blogsoestado.com\/danielmatos\/files\/2018\/03\/phil-cfm2.jpg\" alt=\"\" width=\"640\" height=\"480\" \/><figcaption id=\"caption-attachment-49097\" class=\"wp-caption-text\">Reuni\u00e3o da c\u00e2mara t\u00e9cnica foi acompanhada do in\u00edcio ao fim pelo presidente do CFM, Carlos Vital<\/figcaption><\/figure>\n<p>\u00c9 um \u00f3rg\u00e3o consultivo e de assessoramento, cuja composi\u00e7\u00e3o \u00e9 renovada a cada cinco anos. A c\u00e2mara \u00e9 formada por oito integrantes, todos profissionais qualificados, capazes de contribuir, assessorar, analisar e apresentar esclarecimentos t\u00e9cnico-cient\u00edficos na \u00e1rea de medicina de tr\u00e1fego. Tamb\u00e9m est\u00e3o em condi\u00e7\u00f5es de interferir, modificar e transformar propostas que contribuir\u00e3o para o desenvolvimento das pol\u00edticas sociais e de sa\u00fade do pa\u00eds, no que se refere ao tr\u00e2nsito.<\/p>\n<p>Fazem parte da C\u00e2mara T\u00e9cnica de Medicina do Tr\u00e1fego conselheiros federais e pessoas de not\u00f3rio saber na \u00e1rea de conhecimento m\u00e9dico espec\u00edfica, como m\u00e9dicos, funcion\u00e1rios, convidados e membros de entidades representantes de \u00f3rg\u00e3os dee governo, cujos assentos s\u00e3o definidos por portaria.<\/p>\n<p>Abaixo, a composi\u00e7\u00e3o e outras informa\u00e7\u00f5es sobre a C\u00e2mara T\u00e9cnica de Medicina do Tr\u00e1fego:<\/p>\n<p><img decoding=\"async\" class=\"aligncenter wp-image-49096\" src=\"https:\/\/www.blogsoestado.com\/danielmatos\/files\/2018\/03\/phil-cfm4-768x1024.jpg\" alt=\"\" width=\"503\" height=\"671\" \/><\/p>\n","protected":false},"excerpt":{"rendered":"<p>O m\u00e9dico maranhense Phil Camar\u00e3o \u00e9 o \u00fanico profissional da carreira do pa\u00eds a integrar, simultaneamente, a Associa\u00e7\u00e3o Brasileira de [&hellip;]<\/p>\n","protected":false},"author":0,"featured_media":0,"comment_status":"open","ping_status":"open","sticky":false,"template":"","format":"standard","meta":{"site-sidebar-layout":"default","site-content-layout":"","ast-site-content-layout":"default","site-content-style":"default","site-sidebar-style":"default","ast-global-header-display":"","ast-banner-title-visibility":"","ast-main-header-display":"","ast-hfb-above-header-display":"","ast-hfb-below-header-display":"","ast-hfb-mobile-header-display":"","site-post-title":"","ast-breadcrumbs-content":"","ast-featured-img":"","footer-sml-layout":"","ast-disable-related-posts":"","theme-transparent-header-meta":"","adv-header-id-meta":"","stick-header-meta":"","header-above-stick-meta":"","header-main-stick-meta":"","header-below-stick-meta":"","astra-migrate-meta-layouts":"default","ast-page-background-enabled":"default","ast-page-background-meta":{"desktop":{"background-color":"var(--ast-global-color-5)","background-image":"","background-repeat":"repeat","background-position":"center center","background-size":"auto","background-attachment":"scroll","background-type":"","background-media":"","overlay-type":"","overlay-color":"","overlay-opacity":"","overlay-gradient":""},"tablet":{"background-color":"","background-image":"","background-repeat":"repeat","background-position":"center center","background-size":"auto","background-attachment":"scroll","background-type":"","background-media":"","overlay-type":"","overlay-color":"","overlay-opacity":"","overlay-gradient":""},"mobile":{"background-color":"","background-image":"","background-repeat":"repeat","background-position":"center center","background-size":"auto","background-attachment":"scroll","background-type":"","background-media":"","overlay-type":"","overlay-color":"","overlay-opacity":"","overlay-gradient":""}},"ast-content-background-meta":{"desktop":{"background-color":"var(--ast-global-color-4)","background-image":"","background-repeat":"repeat","background-position":"center center","background-size":"auto","background-attachment":"scroll","background-type":"","background-media":"","overlay-type":"","overlay-color":"","overlay-opacity":"","overlay-gradient":""},"tablet":{"background-color":"var(--ast-global-color-4)","background-image":"","background-repeat":"repeat","background-position":"center center","background-size":"auto","background-attachment":"scroll","background-type":"","background-media":"","overlay-type":"","overlay-color":"","overlay-opacity":"","overlay-gradient":""},"mobile":{"background-color":"var(--ast-global-color-4)","background-image":"","background-repeat":"repeat","background-position":"center center","background-size":"auto","background-attachment":"scroll","background-type":"","background-media":"","overlay-type":"","overlay-color":"","overlay-opacity":"","overlay-gradient":""}},"footnotes":""},"categories":[1],"tags":[],"class_list":["post-49094","post","type-post","status-publish","format-standard","hentry","category-sem-categoria"],"yoast_head":"<!-- This site is optimized with the Yoast SEO plugin v26.6 - https:\/\/yoast.com\/wordpress\/plugins\/seo\/ -->\n<title>Autoridade nacional em sa\u00fade no tr\u00e2nsito, m\u00e9dico Phil Camar\u00e3o assume mais um relevante posto no setor - Daniel Matos<\/title>\n<meta name=\"robots\" content=\"index, follow, max-snippet:-1, max-image-preview:large, max-video-preview:-1\" \/>\n<link rel=\"canonical\" href=\"https:\/\/www.blogsoestado.com\/danielmatos\/autoridade-nacional-em-saude-no-transito-medico-phil-camarao-assume-mais-um-relevante-posto-no-setor\/\" \/>\n<meta property=\"og:locale\" content=\"pt_BR\" \/>\n<meta property=\"og:type\" content=\"article\" \/>\n<meta property=\"og:title\" content=\"Autoridade nacional em sa\u00fade no tr\u00e2nsito, m\u00e9dico Phil Camar\u00e3o assume mais um relevante posto no setor - Daniel Matos\" \/>\n<meta property=\"og:description\" content=\"O m\u00e9dico maranhense Phil Camar\u00e3o \u00e9 o \u00fanico profissional da carreira do pa\u00eds a integrar, simultaneamente, a Associa\u00e7\u00e3o Brasileira de [&hellip;]\" \/>\n<meta property=\"og:url\" content=\"https:\/\/www.blogsoestado.com\/danielmatos\/autoridade-nacional-em-saude-no-transito-medico-phil-camarao-assume-mais-um-relevante-posto-no-setor\/\" \/>\n<meta property=\"og:site_name\" content=\"Daniel Matos\" \/>\n<meta property=\"article:published_time\" content=\"2018-03-03T14:17:25+00:00\" \/>\n<meta property=\"og:image\" content=\"https:\/\/www.blogsoestado.com\/danielmatos\/files\/2018\/03\/phil-cfm3.jpg\" \/>\n<meta name=\"twitter:card\" content=\"summary_large_image\" \/>\n<meta name=\"twitter:label1\" content=\"Est. tempo de leitura\" \/>\n\t<meta name=\"twitter:data1\" content=\"2 minutos\" \/>\n<script type=\"application\/ld+json\" class=\"yoast-schema-graph\">{\"@context\":\"https:\/\/schema.org\",\"@graph\":[{\"@type\":\"WebPage\",\"@id\":\"https:\/\/www.blogsoestado.com\/danielmatos\/autoridade-nacional-em-saude-no-transito-medico-phil-camarao-assume-mais-um-relevante-posto-no-setor\/\",\"url\":\"https:\/\/www.blogsoestado.com\/danielmatos\/autoridade-nacional-em-saude-no-transito-medico-phil-camarao-assume-mais-um-relevante-posto-no-setor\/\",\"name\":\"Autoridade nacional em sa\u00fade no tr\u00e2nsito, m\u00e9dico Phil Camar\u00e3o assume mais um relevante posto no setor - Daniel Matos\",\"isPartOf\":{\"@id\":\"https:\/\/www.blogsoestado.com\/danielmatos\/#website\"},\"primaryImageOfPage\":{\"@id\":\"https:\/\/www.blogsoestado.com\/danielmatos\/autoridade-nacional-em-saude-no-transito-medico-phil-camarao-assume-mais-um-relevante-posto-no-setor\/#primaryimage\"},\"image\":{\"@id\":\"https:\/\/www.blogsoestado.com\/danielmatos\/autoridade-nacional-em-saude-no-transito-medico-phil-camarao-assume-mais-um-relevante-posto-no-setor\/#primaryimage\"},\"thumbnailUrl\":\"https:\/\/www.blogsoestado.com\/danielmatos\/files\/2018\/03\/phil-cfm3.jpg\",\"datePublished\":\"2018-03-03T14:17:25+00:00\",\"author\":{\"@id\":\"\"},\"breadcrumb\":{\"@id\":\"https:\/\/www.blogsoestado.com\/danielmatos\/autoridade-nacional-em-saude-no-transito-medico-phil-camarao-assume-mais-um-relevante-posto-no-setor\/#breadcrumb\"},\"inLanguage\":\"pt-BR\",\"potentialAction\":[{\"@type\":\"ReadAction\",\"target\":[\"https:\/\/www.blogsoestado.com\/danielmatos\/autoridade-nacional-em-saude-no-transito-medico-phil-camarao-assume-mais-um-relevante-posto-no-setor\/\"]}]},{\"@type\":\"ImageObject\",\"inLanguage\":\"pt-BR\",\"@id\":\"https:\/\/www.blogsoestado.com\/danielmatos\/autoridade-nacional-em-saude-no-transito-medico-phil-camarao-assume-mais-um-relevante-posto-no-setor\/#primaryimage\",\"url\":\"https:\/\/www.blogsoestado.com\/danielmatos\/files\/2018\/03\/phil-cfm3.jpg\",\"contentUrl\":\"https:\/\/www.blogsoestado.com\/danielmatos\/files\/2018\/03\/phil-cfm3.jpg\"},{\"@type\":\"BreadcrumbList\",\"@id\":\"https:\/\/www.blogsoestado.com\/danielmatos\/autoridade-nacional-em-saude-no-transito-medico-phil-camarao-assume-mais-um-relevante-posto-no-setor\/#breadcrumb\",\"itemListElement\":[{\"@type\":\"ListItem\",\"position\":1,\"name\":\"In\u00edcio\",\"item\":\"https:\/\/www.blogsoestado.com\/danielmatos\/\"},{\"@type\":\"ListItem\",\"position\":2,\"name\":\"Autoridade nacional em sa\u00fade no tr\u00e2nsito, m\u00e9dico Phil Camar\u00e3o assume mais um relevante posto no setor\"}]},{\"@type\":\"WebSite\",\"@id\":\"https:\/\/www.blogsoestado.com\/danielmatos\/#website\",\"url\":\"https:\/\/www.blogsoestado.com\/danielmatos\/\",\"name\":\"Daniel Matos\",\"description\":\"\",\"potentialAction\":[{\"@type\":\"SearchAction\",\"target\":{\"@type\":\"EntryPoint\",\"urlTemplate\":\"https:\/\/www.blogsoestado.com\/danielmatos\/?s={search_term_string}\"},\"query-input\":{\"@type\":\"PropertyValueSpecification\",\"valueRequired\":true,\"valueName\":\"search_term_string\"}}],\"inLanguage\":\"pt-BR\"}]}<\/script>\n<!-- \/ Yoast SEO plugin. -->","yoast_head_json":{"title":"Autoridade nacional em sa\u00fade no tr\u00e2nsito, m\u00e9dico Phil Camar\u00e3o assume mais um relevante posto no setor - Daniel Matos","robots":{"index":"index","follow":"follow","max-snippet":"max-snippet:-1","max-image-preview":"max-image-preview:large","max-video-preview":"max-video-preview:-1"},"canonical":"https:\/\/www.blogsoestado.com\/danielmatos\/autoridade-nacional-em-saude-no-transito-medico-phil-camarao-assume-mais-um-relevante-posto-no-setor\/","og_locale":"pt_BR","og_type":"article","og_title":"Autoridade nacional em sa\u00fade no tr\u00e2nsito, m\u00e9dico Phil Camar\u00e3o assume mais um relevante posto no setor - Daniel Matos","og_description":"O m\u00e9dico maranhense Phil Camar\u00e3o \u00e9 o \u00fanico profissional da carreira do pa\u00eds a integrar, simultaneamente, a Associa\u00e7\u00e3o Brasileira de [&hellip;]","og_url":"https:\/\/www.blogsoestado.com\/danielmatos\/autoridade-nacional-em-saude-no-transito-medico-phil-camarao-assume-mais-um-relevante-posto-no-setor\/","og_site_name":"Daniel Matos","article_published_time":"2018-03-03T14:17:25+00:00","og_image":[{"url":"https:\/\/www.blogsoestado.com\/danielmatos\/files\/2018\/03\/phil-cfm3.jpg","type":"","width":"","height":""}],"twitter_card":"summary_large_image","twitter_misc":{"Est. tempo de leitura":"2 minutos"},"schema":{"@context":"https:\/\/schema.org","@graph":[{"@type":"WebPage","@id":"https:\/\/www.blogsoestado.com\/danielmatos\/autoridade-nacional-em-saude-no-transito-medico-phil-camarao-assume-mais-um-relevante-posto-no-setor\/","url":"https:\/\/www.blogsoestado.com\/danielmatos\/autoridade-nacional-em-saude-no-transito-medico-phil-camarao-assume-mais-um-relevante-posto-no-setor\/","name":"Autoridade nacional em sa\u00fade no tr\u00e2nsito, m\u00e9dico Phil Camar\u00e3o assume mais um relevante posto no setor - Daniel Matos","isPartOf":{"@id":"https:\/\/www.blogsoestado.com\/danielmatos\/#website"},"primaryImageOfPage":{"@id":"https:\/\/www.blogsoestado.com\/danielmatos\/autoridade-nacional-em-saude-no-transito-medico-phil-camarao-assume-mais-um-relevante-posto-no-setor\/#primaryimage"},"image":{"@id":"https:\/\/www.blogsoestado.com\/danielmatos\/autoridade-nacional-em-saude-no-transito-medico-phil-camarao-assume-mais-um-relevante-posto-no-setor\/#primaryimage"},"thumbnailUrl":"https:\/\/www.blogsoestado.com\/danielmatos\/files\/2018\/03\/phil-cfm3.jpg","datePublished":"2018-03-03T14:17:25+00:00","author":{"@id":""},"breadcrumb":{"@id":"https:\/\/www.blogsoestado.com\/danielmatos\/autoridade-nacional-em-saude-no-transito-medico-phil-camarao-assume-mais-um-relevante-posto-no-setor\/#breadcrumb"},"inLanguage":"pt-BR","potentialAction":[{"@type":"ReadAction","target":["https:\/\/www.blogsoestado.com\/danielmatos\/autoridade-nacional-em-saude-no-transito-medico-phil-camarao-assume-mais-um-relevante-posto-no-setor\/"]}]},{"@type":"ImageObject","inLanguage":"pt-BR","@id":"https:\/\/www.blogsoestado.com\/danielmatos\/autoridade-nacional-em-saude-no-transito-medico-phil-camarao-assume-mais-um-relevante-posto-no-setor\/#primaryimage","url":"https:\/\/www.blogsoestado.com\/danielmatos\/files\/2018\/03\/phil-cfm3.jpg","contentUrl":"https:\/\/www.blogsoestado.com\/danielmatos\/files\/2018\/03\/phil-cfm3.jpg"},{"@type":"BreadcrumbList","@id":"https:\/\/www.blogsoestado.com\/danielmatos\/autoridade-nacional-em-saude-no-transito-medico-phil-camarao-assume-mais-um-relevante-posto-no-setor\/#breadcrumb","itemListElement":[{"@type":"ListItem","position":1,"name":"In\u00edcio","item":"https:\/\/www.blogsoestado.com\/danielmatos\/"},{"@type":"ListItem","position":2,"name":"Autoridade nacional em sa\u00fade no tr\u00e2nsito, m\u00e9dico Phil Camar\u00e3o assume mais um relevante posto no setor"}]},{"@type":"WebSite","@id":"https:\/\/www.blogsoestado.com\/danielmatos\/#website","url":"https:\/\/www.blogsoestado.com\/danielmatos\/","name":"Daniel Matos","description":"","potentialAction":[{"@type":"SearchAction","target":{"@type":"EntryPoint","urlTemplate":"https:\/\/www.blogsoestado.com\/danielmatos\/?s={search_term_string}"},"query-input":{"@type":"PropertyValueSpecification","valueRequired":true,"valueName":"search_term_string"}}],"inLanguage":"pt-BR"}]}},"jetpack_featured_media_url":"","_links":{"self":[{"href":"https:\/\/www.blogsoestado.com\/danielmatos\/wp-json\/wp\/v2\/posts\/49094","targetHints":{"allow":["GET"]}}],"collection":[{"href":"https:\/\/www.blogsoestado.com\/danielmatos\/wp-json\/wp\/v2\/posts"}],"about":[{"href":"https:\/\/www.blogsoestado.com\/danielmatos\/wp-json\/wp\/v2\/types\/post"}],"replies":[{"embeddable":true,"href":"https:\/\/www.blogsoestado.com\/danielmatos\/wp-json\/wp\/v2\/comments?post=49094"}],"version-history":[{"count":0,"href":"https:\/\/www.blogsoestado.com\/danielmatos\/wp-json\/wp\/v2\/posts\/49094\/revisions"}],"wp:attachment":[{"href":"https:\/\/www.blogsoestado.com\/danielmatos\/wp-json\/wp\/v2\/media?parent=49094"}],"wp:term":[{"taxonomy":"category","embeddable":true,"href":"https:\/\/www.blogsoestado.com\/danielmatos\/wp-json\/wp\/v2\/categories?post=49094"},{"taxonomy":"post_tag","embeddable":true,"href":"https:\/\/www.blogsoestado.com\/danielmatos\/wp-json\/wp\/v2\/tags?post=49094"}],"curies":[{"name":"wp","href":"https:\/\/api.w.org\/{rel}","templated":true}]}}