{"id":49104,"date":"2018-03-04T07:08:00","date_gmt":"2018-03-04T10:08:00","guid":{"rendered":"https:\/\/www.blogsoestado.com\/danielmatos\/?p=49104"},"modified":"2018-03-04T07:08:00","modified_gmt":"2018-03-04T10:08:00","slug":"parque-tematico-da-turma-da-monica-no-rio-anil-shopping","status":"publish","type":"post","link":"https:\/\/www.blogsoestado.com\/danielmatos\/parque-tematico-da-turma-da-monica-no-rio-anil-shopping\/","title":{"rendered":"Parque Tem\u00e1tico da Turma da M\u00f4nica no Rio Anil Shopping"},"content":{"rendered":"<h2><span style=\"color: #ff0000;\">Dos quadrinhos para a vida real: repleto de infl\u00e1veis gigantes, SuperAR com personagens de Maur\u00edcio de Sousa promete divers\u00e3o e aprendizagem para toda a fam\u00edlia<\/span><\/h2>\n<figure id=\"attachment_49105\" aria-describedby=\"caption-attachment-49105\" style=\"width: 336px\" class=\"wp-caption alignleft\"><img fetchpriority=\"high\" decoding=\"async\" class=\"size-full wp-image-49105\" src=\"https:\/\/www.blogsoestado.com\/danielmatos\/files\/2018\/03\/monica-rio-anil.jpeg\" alt=\"\" width=\"336\" height=\"448\" \/><figcaption id=\"caption-attachment-49105\" class=\"wp-caption-text\">M\u00f4nica, Casc\u00e3op, Cebolinha e Magali encantam a crian\u00e7ada h\u00e1 d\u00e9cadas<\/figcaption><\/figure>\n<p>J\u00e1 imaginou poder se teletransportar para dentro de uma hist\u00f3ria em quadrinho? Vivenciar uma aventura na selva, no espa\u00e7o ou no c\u00e9u? Essa \u00e9 exatamente a proposta do \u201cSuperAr Turma da M\u00f4nica\u201d, que ter\u00e1 in\u00edcio no pr\u00f3ximo dia 02 de mar\u00e7o, no Rio Anil Shopping. Famosos no Brasil e no mundo, os amiguinhos M\u00f4nica, Magali, Cebolinha, Casc\u00e3o, Jotalh\u00e3o, Anjinho e Astronauta s\u00e3o as estrelas da mais nova atra\u00e7\u00e3o, que permanecer\u00e1 na Pra\u00e7a de Eventos do Rio Anil at\u00e9 o dia 29 de abril.<\/p>\n<p>Durante todo esse tempo, as crian\u00e7as poder\u00e3o brincar no espa\u00e7o tem\u00e1tico repleto de brinquedos infl\u00e1veis gigantes, criado para a fam\u00edlia interagir em um circuito de obst\u00e1culos desafiador e muito divertido. Os infl\u00e1veis s\u00e3o instalados de forma independente o que possibilita a ocupa\u00e7\u00e3o de espa\u00e7os com formatos e tamanhos variados. No Rio Anil, haver\u00e1 3 infl\u00e1veis diferentes:<\/p>\n<p>ARvorismo: A floresta do Jotalh\u00e3o \u00e9 um labirinto de \u00e1rvores verdinhas, no qual se perder e se achar faz parte de uma brincadeira saud\u00e1vel. S\u00f3 n\u00e3o vale marcar o caminho!<\/p>\n<p>No AR: Um pula-pula em formato de nuvens, faz a crian\u00e7a se sentir no c\u00e9u, na companhia das estrelas, assim como o Anjinho mais famoso do gibi.<\/p>\n<p>MARte: A nave do Astronauta pousou em Marte, planeta com solo cheio de crateras e habitado por engra\u00e7ados seres literalmente cabe\u00e7as de vento, que est\u00e3o plantados bem no meio do caminho. Tudo para dificultar a circula\u00e7\u00e3o e dar mais emo\u00e7\u00e3o \u00e0 brincadeira.<\/p>\n<p>Crian\u00e7as de at\u00e9 12 anos de idade ou estatura de at\u00e9 1,40m podem brincar livremente no SuperAR, mas os pequeninos menores de 4 anos precisam estar acompanhados de um respons\u00e1vel legal maior de idade. O parque fica aberto ao p\u00fablico de segunda a sexta, das 10h \u00e0s 22h; e, aos s\u00e1bados e domingos, das 12h \u00e0s 20h.<\/p>\n<p><strong>SuperAR<\/strong><\/p>\n<figure id=\"attachment_49106\" aria-describedby=\"caption-attachment-49106\" style=\"width: 640px\" class=\"wp-caption aligncenter\"><img decoding=\"async\" class=\"size-full wp-image-49106\" src=\"https:\/\/www.blogsoestado.com\/danielmatos\/files\/2018\/03\/monica-rio-anil2.jpeg\" alt=\"\" width=\"640\" height=\"360\" \/><figcaption id=\"caption-attachment-49106\" class=\"wp-caption-text\">Parque tem\u00e1tico com personagens de Maur\u00edcio de Sousa sempre atrai grande p\u00fablico<\/figcaption><\/figure>\n<p>O SuperAR Turma da M\u00f4nica \u00e9 um projeto desenvolvido pela Maur\u00edcio de Sousa Ao VIVO, empresa do Grupo Maur\u00edcio de Sousa, com apoio da Happy Kids, e tem como miss\u00e3o transformar as hist\u00f3rias dos quadrinhos em experi\u00eancias ao vivo de forma l\u00fadica, educativa e cultural.<\/p>\n<p>Ao brincar nos infl\u00e1veis, mais do que somente pular, as crian\u00e7as podem criar, soltar a imagina\u00e7\u00e3o e se transportar para dentro das historinhas dos gibis. Dessa forma, os pequeninos ganham autonomia, confian\u00e7a e independ\u00eancia, al\u00e9m de se exercitarem, o que faz muito bem pra sa\u00fade do corpo e da mente.<\/p>\n<p><strong>Servi\u00e7o<\/strong><\/p>\n<p>O que: SuperAR \u2013 Parque Tem\u00e1tico da Turma da M\u00f4nica<\/p>\n<p>Quando: A partir de 2 de mar\u00e7o, sexta-feira<\/p>\n<p>Hor\u00e1rios: Seg-sex: 10h \u00e0s 22h \/ S\u00e1b-dom: 12h \u00e0s 20h<\/p>\n<p>Onde: Pra\u00e7a de Eventos do Rio Anil Shopping \u2013 Av. S\u00e3o Lu\u00eds Rei de Fran\u00e7a, Turu<\/p>\n<p>Ingressos: R$ 20,00 para perman\u00eancia de at\u00e9 15 minutos, e R$ 1,00 por minuto adicional<\/p>\n","protected":false},"excerpt":{"rendered":"<p>Dos quadrinhos para a vida real: repleto de infl\u00e1veis gigantes, SuperAR com personagens de Maur\u00edcio de Sousa promete divers\u00e3o e [&hellip;]<\/p>\n","protected":false},"author":0,"featured_media":0,"comment_status":"open","ping_status":"open","sticky":false,"template":"","format":"standard","meta":{"site-sidebar-layout":"default","site-content-layout":"","ast-site-content-layout":"default","site-content-style":"default","site-sidebar-style":"default","ast-global-header-display":"","ast-banner-title-visibility":"","ast-main-header-display":"","ast-hfb-above-header-display":"","ast-hfb-below-header-display":"","ast-hfb-mobile-header-display":"","site-post-title":"","ast-breadcrumbs-content":"","ast-featured-img":"","footer-sml-layout":"","ast-disable-related-posts":"","theme-transparent-header-meta":"","adv-header-id-meta":"","stick-header-meta":"","header-above-stick-meta":"","header-main-stick-meta":"","header-below-stick-meta":"","astra-migrate-meta-layouts":"default","ast-page-background-enabled":"default","ast-page-background-meta":{"desktop":{"background-color":"var(--ast-global-color-5)","background-image":"","background-repeat":"repeat","background-position":"center center","background-size":"auto","background-attachment":"scroll","background-type":"","background-media":"","overlay-type":"","overlay-color":"","overlay-opacity":"","overlay-gradient":""},"tablet":{"background-color":"","background-image":"","background-repeat":"repeat","background-position":"center center","background-size":"auto","background-attachment":"scroll","background-type":"","background-media":"","overlay-type":"","overlay-color":"","overlay-opacity":"","overlay-gradient":""},"mobile":{"background-color":"","background-image":"","background-repeat":"repeat","background-position":"center center","background-size":"auto","background-attachment":"scroll","background-type":"","background-media":"","overlay-type":"","overlay-color":"","overlay-opacity":"","overlay-gradient":""}},"ast-content-background-meta":{"desktop":{"background-color":"var(--ast-global-color-4)","background-image":"","background-repeat":"repeat","background-position":"center center","background-size":"auto","background-attachment":"scroll","background-type":"","background-media":"","overlay-type":"","overlay-color":"","overlay-opacity":"","overlay-gradient":""},"tablet":{"background-color":"var(--ast-global-color-4)","background-image":"","background-repeat":"repeat","background-position":"center center","background-size":"auto","background-attachment":"scroll","background-type":"","background-media":"","overlay-type":"","overlay-color":"","overlay-opacity":"","overlay-gradient":""},"mobile":{"background-color":"var(--ast-global-color-4)","background-image":"","background-repeat":"repeat","background-position":"center center","background-size":"auto","background-attachment":"scroll","background-type":"","background-media":"","overlay-type":"","overlay-color":"","overlay-opacity":"","overlay-gradient":""}},"footnotes":""},"categories":[1],"tags":[],"class_list":["post-49104","post","type-post","status-publish","format-standard","hentry","category-sem-categoria"],"yoast_head":"<!-- This site is optimized with the Yoast SEO plugin v26.6 - https:\/\/yoast.com\/wordpress\/plugins\/seo\/ -->\n<title>Parque Tem\u00e1tico da Turma da M\u00f4nica no Rio Anil Shopping - Daniel Matos<\/title>\n<meta name=\"robots\" content=\"index, follow, max-snippet:-1, max-image-preview:large, max-video-preview:-1\" \/>\n<link rel=\"canonical\" href=\"https:\/\/www.blogsoestado.com\/danielmatos\/parque-tematico-da-turma-da-monica-no-rio-anil-shopping\/\" \/>\n<meta property=\"og:locale\" content=\"pt_BR\" \/>\n<meta property=\"og:type\" content=\"article\" \/>\n<meta property=\"og:title\" content=\"Parque Tem\u00e1tico da Turma da M\u00f4nica no Rio Anil Shopping - Daniel Matos\" \/>\n<meta property=\"og:description\" content=\"Dos quadrinhos para a vida real: repleto de infl\u00e1veis gigantes, SuperAR com personagens de Maur\u00edcio de Sousa promete divers\u00e3o e [&hellip;]\" \/>\n<meta property=\"og:url\" content=\"https:\/\/www.blogsoestado.com\/danielmatos\/parque-tematico-da-turma-da-monica-no-rio-anil-shopping\/\" \/>\n<meta property=\"og:site_name\" content=\"Daniel Matos\" \/>\n<meta property=\"article:published_time\" content=\"2018-03-04T10:08:00+00:00\" \/>\n<meta property=\"og:image\" content=\"https:\/\/www.blogsoestado.com\/danielmatos\/files\/2018\/03\/monica-rio-anil.jpeg\" \/>\n<meta name=\"twitter:card\" content=\"summary_large_image\" \/>\n<meta name=\"twitter:label1\" content=\"Est. tempo de leitura\" \/>\n\t<meta name=\"twitter:data1\" content=\"3 minutos\" \/>\n<script type=\"application\/ld+json\" class=\"yoast-schema-graph\">{\"@context\":\"https:\/\/schema.org\",\"@graph\":[{\"@type\":\"WebPage\",\"@id\":\"https:\/\/www.blogsoestado.com\/danielmatos\/parque-tematico-da-turma-da-monica-no-rio-anil-shopping\/\",\"url\":\"https:\/\/www.blogsoestado.com\/danielmatos\/parque-tematico-da-turma-da-monica-no-rio-anil-shopping\/\",\"name\":\"Parque Tem\u00e1tico da Turma da M\u00f4nica no Rio Anil Shopping - Daniel Matos\",\"isPartOf\":{\"@id\":\"https:\/\/www.blogsoestado.com\/danielmatos\/#website\"},\"primaryImageOfPage\":{\"@id\":\"https:\/\/www.blogsoestado.com\/danielmatos\/parque-tematico-da-turma-da-monica-no-rio-anil-shopping\/#primaryimage\"},\"image\":{\"@id\":\"https:\/\/www.blogsoestado.com\/danielmatos\/parque-tematico-da-turma-da-monica-no-rio-anil-shopping\/#primaryimage\"},\"thumbnailUrl\":\"https:\/\/www.blogsoestado.com\/danielmatos\/files\/2018\/03\/monica-rio-anil.jpeg\",\"datePublished\":\"2018-03-04T10:08:00+00:00\",\"author\":{\"@id\":\"\"},\"breadcrumb\":{\"@id\":\"https:\/\/www.blogsoestado.com\/danielmatos\/parque-tematico-da-turma-da-monica-no-rio-anil-shopping\/#breadcrumb\"},\"inLanguage\":\"pt-BR\",\"potentialAction\":[{\"@type\":\"ReadAction\",\"target\":[\"https:\/\/www.blogsoestado.com\/danielmatos\/parque-tematico-da-turma-da-monica-no-rio-anil-shopping\/\"]}]},{\"@type\":\"ImageObject\",\"inLanguage\":\"pt-BR\",\"@id\":\"https:\/\/www.blogsoestado.com\/danielmatos\/parque-tematico-da-turma-da-monica-no-rio-anil-shopping\/#primaryimage\",\"url\":\"https:\/\/www.blogsoestado.com\/danielmatos\/files\/2018\/03\/monica-rio-anil.jpeg\",\"contentUrl\":\"https:\/\/www.blogsoestado.com\/danielmatos\/files\/2018\/03\/monica-rio-anil.jpeg\"},{\"@type\":\"BreadcrumbList\",\"@id\":\"https:\/\/www.blogsoestado.com\/danielmatos\/parque-tematico-da-turma-da-monica-no-rio-anil-shopping\/#breadcrumb\",\"itemListElement\":[{\"@type\":\"ListItem\",\"position\":1,\"name\":\"In\u00edcio\",\"item\":\"https:\/\/www.blogsoestado.com\/danielmatos\/\"},{\"@type\":\"ListItem\",\"position\":2,\"name\":\"Parque Tem\u00e1tico da Turma da M\u00f4nica no Rio Anil Shopping\"}]},{\"@type\":\"WebSite\",\"@id\":\"https:\/\/www.blogsoestado.com\/danielmatos\/#website\",\"url\":\"https:\/\/www.blogsoestado.com\/danielmatos\/\",\"name\":\"Daniel Matos\",\"description\":\"\",\"potentialAction\":[{\"@type\":\"SearchAction\",\"target\":{\"@type\":\"EntryPoint\",\"urlTemplate\":\"https:\/\/www.blogsoestado.com\/danielmatos\/?s={search_term_string}\"},\"query-input\":{\"@type\":\"PropertyValueSpecification\",\"valueRequired\":true,\"valueName\":\"search_term_string\"}}],\"inLanguage\":\"pt-BR\"}]}<\/script>\n<!-- \/ Yoast SEO plugin. -->","yoast_head_json":{"title":"Parque Tem\u00e1tico da Turma da M\u00f4nica no Rio Anil Shopping - Daniel Matos","robots":{"index":"index","follow":"follow","max-snippet":"max-snippet:-1","max-image-preview":"max-image-preview:large","max-video-preview":"max-video-preview:-1"},"canonical":"https:\/\/www.blogsoestado.com\/danielmatos\/parque-tematico-da-turma-da-monica-no-rio-anil-shopping\/","og_locale":"pt_BR","og_type":"article","og_title":"Parque Tem\u00e1tico da Turma da M\u00f4nica no Rio Anil Shopping - Daniel Matos","og_description":"Dos quadrinhos para a vida real: repleto de infl\u00e1veis gigantes, SuperAR com personagens de Maur\u00edcio de Sousa promete divers\u00e3o e [&hellip;]","og_url":"https:\/\/www.blogsoestado.com\/danielmatos\/parque-tematico-da-turma-da-monica-no-rio-anil-shopping\/","og_site_name":"Daniel Matos","article_published_time":"2018-03-04T10:08:00+00:00","og_image":[{"url":"https:\/\/www.blogsoestado.com\/danielmatos\/files\/2018\/03\/monica-rio-anil.jpeg","type":"","width":"","height":""}],"twitter_card":"summary_large_image","twitter_misc":{"Est. tempo de leitura":"3 minutos"},"schema":{"@context":"https:\/\/schema.org","@graph":[{"@type":"WebPage","@id":"https:\/\/www.blogsoestado.com\/danielmatos\/parque-tematico-da-turma-da-monica-no-rio-anil-shopping\/","url":"https:\/\/www.blogsoestado.com\/danielmatos\/parque-tematico-da-turma-da-monica-no-rio-anil-shopping\/","name":"Parque Tem\u00e1tico da Turma da M\u00f4nica no Rio Anil Shopping - Daniel Matos","isPartOf":{"@id":"https:\/\/www.blogsoestado.com\/danielmatos\/#website"},"primaryImageOfPage":{"@id":"https:\/\/www.blogsoestado.com\/danielmatos\/parque-tematico-da-turma-da-monica-no-rio-anil-shopping\/#primaryimage"},"image":{"@id":"https:\/\/www.blogsoestado.com\/danielmatos\/parque-tematico-da-turma-da-monica-no-rio-anil-shopping\/#primaryimage"},"thumbnailUrl":"https:\/\/www.blogsoestado.com\/danielmatos\/files\/2018\/03\/monica-rio-anil.jpeg","datePublished":"2018-03-04T10:08:00+00:00","author":{"@id":""},"breadcrumb":{"@id":"https:\/\/www.blogsoestado.com\/danielmatos\/parque-tematico-da-turma-da-monica-no-rio-anil-shopping\/#breadcrumb"},"inLanguage":"pt-BR","potentialAction":[{"@type":"ReadAction","target":["https:\/\/www.blogsoestado.com\/danielmatos\/parque-tematico-da-turma-da-monica-no-rio-anil-shopping\/"]}]},{"@type":"ImageObject","inLanguage":"pt-BR","@id":"https:\/\/www.blogsoestado.com\/danielmatos\/parque-tematico-da-turma-da-monica-no-rio-anil-shopping\/#primaryimage","url":"https:\/\/www.blogsoestado.com\/danielmatos\/files\/2018\/03\/monica-rio-anil.jpeg","contentUrl":"https:\/\/www.blogsoestado.com\/danielmatos\/files\/2018\/03\/monica-rio-anil.jpeg"},{"@type":"BreadcrumbList","@id":"https:\/\/www.blogsoestado.com\/danielmatos\/parque-tematico-da-turma-da-monica-no-rio-anil-shopping\/#breadcrumb","itemListElement":[{"@type":"ListItem","position":1,"name":"In\u00edcio","item":"https:\/\/www.blogsoestado.com\/danielmatos\/"},{"@type":"ListItem","position":2,"name":"Parque Tem\u00e1tico da Turma da M\u00f4nica no Rio Anil Shopping"}]},{"@type":"WebSite","@id":"https:\/\/www.blogsoestado.com\/danielmatos\/#website","url":"https:\/\/www.blogsoestado.com\/danielmatos\/","name":"Daniel Matos","description":"","potentialAction":[{"@type":"SearchAction","target":{"@type":"EntryPoint","urlTemplate":"https:\/\/www.blogsoestado.com\/danielmatos\/?s={search_term_string}"},"query-input":{"@type":"PropertyValueSpecification","valueRequired":true,"valueName":"search_term_string"}}],"inLanguage":"pt-BR"}]}},"jetpack_featured_media_url":"","_links":{"self":[{"href":"https:\/\/www.blogsoestado.com\/danielmatos\/wp-json\/wp\/v2\/posts\/49104","targetHints":{"allow":["GET"]}}],"collection":[{"href":"https:\/\/www.blogsoestado.com\/danielmatos\/wp-json\/wp\/v2\/posts"}],"about":[{"href":"https:\/\/www.blogsoestado.com\/danielmatos\/wp-json\/wp\/v2\/types\/post"}],"replies":[{"embeddable":true,"href":"https:\/\/www.blogsoestado.com\/danielmatos\/wp-json\/wp\/v2\/comments?post=49104"}],"version-history":[{"count":0,"href":"https:\/\/www.blogsoestado.com\/danielmatos\/wp-json\/wp\/v2\/posts\/49104\/revisions"}],"wp:attachment":[{"href":"https:\/\/www.blogsoestado.com\/danielmatos\/wp-json\/wp\/v2\/media?parent=49104"}],"wp:term":[{"taxonomy":"category","embeddable":true,"href":"https:\/\/www.blogsoestado.com\/danielmatos\/wp-json\/wp\/v2\/categories?post=49104"},{"taxonomy":"post_tag","embeddable":true,"href":"https:\/\/www.blogsoestado.com\/danielmatos\/wp-json\/wp\/v2\/tags?post=49104"}],"curies":[{"name":"wp","href":"https:\/\/api.w.org\/{rel}","templated":true}]}}