{"id":49108,"date":"2018-03-04T11:00:42","date_gmt":"2018-03-04T14:00:42","guid":{"rendered":"https:\/\/www.blogsoestado.com\/danielmatos\/?p=49108"},"modified":"2018-03-04T11:00:42","modified_gmt":"2018-03-04T14:00:42","slug":"prefeito-edivaldo-prioriza-saude-publica-e-oferece-cirurgia-inedita-na-rede-municipal-de-sao-luis","status":"publish","type":"post","link":"https:\/\/www.blogsoestado.com\/danielmatos\/prefeito-edivaldo-prioriza-saude-publica-e-oferece-cirurgia-inedita-na-rede-municipal-de-sao-luis\/","title":{"rendered":"Prefeito Edivaldo prioriza sa\u00fade p\u00fablica e oferece cirurgia in\u00e9dita na rede municipal de S\u00e3o Lu\u00eds"},"content":{"rendered":"<figure id=\"attachment_49109\" aria-describedby=\"caption-attachment-49109\" style=\"width: 600px\" class=\"wp-caption aligncenter\"><img fetchpriority=\"high\" decoding=\"async\" class=\"size-full wp-image-49109\" src=\"https:\/\/www.blogsoestado.com\/danielmatos\/files\/2018\/03\/procedimento.jpg\" alt=\"\" width=\"600\" height=\"400\" \/><figcaption id=\"caption-attachment-49109\" class=\"wp-caption-text\">No primeiro ano da gest\u00e3o do prefeito Edivaldo, o Hospital da Mulher foi completamente reformado e reativado<\/figcaption><\/figure>\n<p>Pela primeira vez no Maranh\u00e3o, uma cirurgia endosc\u00f3pica de coluna ser\u00e1 oferecida na rede p\u00fablica municipal de sa\u00fade. O procedimento, que ser\u00e1 realizado na pr\u00f3xima ter\u00e7a-feira (6), no Hospital da Mulher, localizado no Anjo da Guarda, \u00e9 mais um resultado dos investimentos que a gest\u00e3o do prefeito de S\u00e3o Lu\u00eds, Edivaldo Holanda J\u00fanior, vem realizando para ampliar o alcance de servi\u00e7os p\u00fablicos na \u00e1rea da sa\u00fade. A oferta do procedimento pela Prefeitura de S\u00e3o Lu\u00eds, por meio da Secretaria Municipal de Sa\u00fade (Semus), comprova os avan\u00e7os do poder p\u00fablico municipal nessa \u00e1rea.<\/p>\n<p>O prefeito Edivaldo destaca que o procedimento faz parte da moderniza\u00e7\u00e3o e universaliza\u00e7\u00e3o da \u00e1rea, oferecendo um servi\u00e7o de qualidade aos usu\u00e1rios, como preconiza o Sistema \u00danico de Sa\u00fade (SUS). &#8220;O fato de o procedimento ser novidade tamb\u00e9m na rede privada indica a mudan\u00e7a de uma realidade que era predominante na capital, onde os servi\u00e7os p\u00fablicos estavam aqu\u00e9m dos que eram oferecidos na rede privada. Hoje, com compromisso e investimento, estamos aprimorando os nossos servi\u00e7os&#8221;, diz o gestor.<\/p>\n<p>O secret\u00e1rio municipal de Sa\u00fade, Lula Fylho, explica que os reflexos dessas melhorias s\u00e3o percept\u00edveis no Hospital da Mulher, onde ser\u00e1 realizado o procedimento. &#8220;A Prefeitura vem trabalhando para oferecer servi\u00e7os de vanguarda e ampliar cada vez mais a oferta de procedimentos de alta complexidade na rede p\u00fablica municipal. O Hospital da Mulher, por exemplo, j\u00e1 \u00e9 uma refer\u00eancia em neurocirurgia, com um grande n\u00famero de procedimentos sendo realizados em condi\u00e7\u00f5es de excel\u00eancia&#8221;, afirma.<\/p>\n<p><strong>CIRURGIA<\/strong><\/p>\n<p>A cirurgia endosc\u00f3pica de coluna \u00e9 realizada por v\u00eddeo, portanto, \u00e9 uma t\u00e9cnica de m\u00ednima invas\u00e3o. Al\u00e9m de ser um procedimento que leva menos tempo do que a cirurgia tradicional, a cirurgia endosc\u00f3pica de coluna possui entre as vantagens um tempo menor de recupera\u00e7\u00e3o, a necessidade de um corte menor do que na cirurgia convencional e menor dor durante o p\u00f3s-operat\u00f3rio. Entre outras patologias, o procedimento \u00e9 indicado para tratamento de h\u00e9rnia de disco, que pode provocar dor aguda, dorm\u00eancia e demais sintomas.<\/p>\n<p>A diretora administrativa do Hospital da Mulher, Francisca Duarte, destaca que o procedimento in\u00e9dito acompanha os avan\u00e7os que est\u00e3o sendo implementados na unidade de sa\u00fade. &#8220;A cirurgia vai beneficiar muitos os pacientes e atender as demandas que forem surgindo. Al\u00e9m dessa, s\u00e3o muitas as melhorias que estamos contabilizando aqui no Hospital da Mulher desde o in\u00edcio da gest\u00e3o do prefeito Edivaldo&#8221;, diz a gestora da unidade.<\/p>\n<p><strong>AVAN\u00c7OS NO HOSPITAL DA MULHER<\/strong><\/p>\n<figure id=\"attachment_49110\" aria-describedby=\"caption-attachment-49110\" style=\"width: 640px\" class=\"wp-caption aligncenter\"><img decoding=\"async\" class=\"size-full wp-image-49110\" src=\"https:\/\/www.blogsoestado.com\/danielmatos\/files\/2018\/03\/procedimento2.jpg\" alt=\"\" width=\"640\" height=\"427\" \/><figcaption id=\"caption-attachment-49110\" class=\"wp-caption-text\">Cirurgia com, neuronavegador no Hospital da Mulher: investimento em inova\u00e7\u00e3o em prol da sa\u00fade<\/figcaption><\/figure>\n<p>No primeiro ano da gest\u00e3o do prefeito Edivaldo, o Hospital da Mulher foi completamente reformado e reativado. Desde ent\u00e3o, a unidade tornou-se refer\u00eancia em sa\u00fade da mulher no estado. Entre as melhorias implementadas pela gest\u00e3o municipal est\u00e3o a amplia\u00e7\u00e3o do n\u00famero de leitos de interna\u00e7\u00e3o e a implanta\u00e7\u00e3o de 10 leitos de UTI. Tamb\u00e9m passaram a ser ofertados servi\u00e7os de diagn\u00f3stico por imagem, como tomografia computadorizada, raio X e ultrassom, al\u00e9m de procedimentos como eletroneuromiografia, bi\u00f3psias, pun\u00e7\u00e3o de mama e de tireoide e retirada de n\u00f3dulos benignos.<\/p>\n<p>No ano passado, o Hospital da Mulher, pela promo\u00e7\u00e3o do acesso e qualifica\u00e7\u00e3o dos servi\u00e7os de sa\u00fade, foi reconhecido pela C\u00e2mara Federal como Hospital Amigo da Mulher. Al\u00e9m disso, desde 2016 a unidade \u00e9 considerada pelo Minist\u00e9rio da Sa\u00fade (MS) como refer\u00eancia de assist\u00eancia em alta complexidade na especialidade m\u00e9dica de neurocirurgia. Com a habilita\u00e7\u00e3o, o MS confirma e reconhece que os investimentos que a atual gest\u00e3o tem realizado t\u00eam proporcionando aos maranhenses uma rede de sa\u00fade p\u00fablica de qualidade.<\/p>\n<p><strong>Fonte:<\/strong> Secretaria Municipal de Comunica\u00e7\u00e3o (Secom)<\/p>\n","protected":false},"excerpt":{"rendered":"<p>Pela primeira vez no Maranh\u00e3o, uma cirurgia endosc\u00f3pica de coluna ser\u00e1 oferecida na rede p\u00fablica municipal de sa\u00fade. O procedimento, [&hellip;]<\/p>\n","protected":false},"author":0,"featured_media":0,"comment_status":"open","ping_status":"open","sticky":false,"template":"","format":"standard","meta":{"site-sidebar-layout":"default","site-content-layout":"","ast-site-content-layout":"default","site-content-style":"default","site-sidebar-style":"default","ast-global-header-display":"","ast-banner-title-visibility":"","ast-main-header-display":"","ast-hfb-above-header-display":"","ast-hfb-below-header-display":"","ast-hfb-mobile-header-display":"","site-post-title":"","ast-breadcrumbs-content":"","ast-featured-img":"","footer-sml-layout":"","ast-disable-related-posts":"","theme-transparent-header-meta":"","adv-header-id-meta":"","stick-header-meta":"","header-above-stick-meta":"","header-main-stick-meta":"","header-below-stick-meta":"","astra-migrate-meta-layouts":"default","ast-page-background-enabled":"default","ast-page-background-meta":{"desktop":{"background-color":"var(--ast-global-color-5)","background-image":"","background-repeat":"repeat","background-position":"center center","background-size":"auto","background-attachment":"scroll","background-type":"","background-media":"","overlay-type":"","overlay-color":"","overlay-opacity":"","overlay-gradient":""},"tablet":{"background-color":"","background-image":"","background-repeat":"repeat","background-position":"center center","background-size":"auto","background-attachment":"scroll","background-type":"","background-media":"","overlay-type":"","overlay-color":"","overlay-opacity":"","overlay-gradient":""},"mobile":{"background-color":"","background-image":"","background-repeat":"repeat","background-position":"center center","background-size":"auto","background-attachment":"scroll","background-type":"","background-media":"","overlay-type":"","overlay-color":"","overlay-opacity":"","overlay-gradient":""}},"ast-content-background-meta":{"desktop":{"background-color":"var(--ast-global-color-4)","background-image":"","background-repeat":"repeat","background-position":"center center","background-size":"auto","background-attachment":"scroll","background-type":"","background-media":"","overlay-type":"","overlay-color":"","overlay-opacity":"","overlay-gradient":""},"tablet":{"background-color":"var(--ast-global-color-4)","background-image":"","background-repeat":"repeat","background-position":"center center","background-size":"auto","background-attachment":"scroll","background-type":"","background-media":"","overlay-type":"","overlay-color":"","overlay-opacity":"","overlay-gradient":""},"mobile":{"background-color":"var(--ast-global-color-4)","background-image":"","background-repeat":"repeat","background-position":"center center","background-size":"auto","background-attachment":"scroll","background-type":"","background-media":"","overlay-type":"","overlay-color":"","overlay-opacity":"","overlay-gradient":""}},"footnotes":""},"categories":[1],"tags":[],"class_list":["post-49108","post","type-post","status-publish","format-standard","hentry","category-sem-categoria"],"yoast_head":"<!-- This site is optimized with the Yoast SEO plugin v26.6 - https:\/\/yoast.com\/wordpress\/plugins\/seo\/ -->\n<title>Prefeito Edivaldo prioriza sa\u00fade p\u00fablica e oferece cirurgia in\u00e9dita na rede municipal de S\u00e3o Lu\u00eds - Daniel Matos<\/title>\n<meta name=\"robots\" content=\"index, follow, max-snippet:-1, max-image-preview:large, max-video-preview:-1\" \/>\n<link rel=\"canonical\" href=\"https:\/\/www.blogsoestado.com\/danielmatos\/prefeito-edivaldo-prioriza-saude-publica-e-oferece-cirurgia-inedita-na-rede-municipal-de-sao-luis\/\" \/>\n<meta property=\"og:locale\" content=\"pt_BR\" \/>\n<meta property=\"og:type\" content=\"article\" \/>\n<meta property=\"og:title\" content=\"Prefeito Edivaldo prioriza sa\u00fade p\u00fablica e oferece cirurgia in\u00e9dita na rede municipal de S\u00e3o Lu\u00eds - Daniel Matos\" \/>\n<meta property=\"og:description\" content=\"Pela primeira vez no Maranh\u00e3o, uma cirurgia endosc\u00f3pica de coluna ser\u00e1 oferecida na rede p\u00fablica municipal de sa\u00fade. O procedimento, [&hellip;]\" \/>\n<meta property=\"og:url\" content=\"https:\/\/www.blogsoestado.com\/danielmatos\/prefeito-edivaldo-prioriza-saude-publica-e-oferece-cirurgia-inedita-na-rede-municipal-de-sao-luis\/\" \/>\n<meta property=\"og:site_name\" content=\"Daniel Matos\" \/>\n<meta property=\"article:published_time\" content=\"2018-03-04T14:00:42+00:00\" \/>\n<meta property=\"og:image\" content=\"https:\/\/www.blogsoestado.com\/danielmatos\/files\/2018\/03\/procedimento.jpg\" \/>\n<meta name=\"twitter:card\" content=\"summary_large_image\" \/>\n<meta name=\"twitter:label1\" content=\"Est. tempo de leitura\" \/>\n\t<meta name=\"twitter:data1\" content=\"4 minutos\" \/>\n<script type=\"application\/ld+json\" class=\"yoast-schema-graph\">{\"@context\":\"https:\/\/schema.org\",\"@graph\":[{\"@type\":\"WebPage\",\"@id\":\"https:\/\/www.blogsoestado.com\/danielmatos\/prefeito-edivaldo-prioriza-saude-publica-e-oferece-cirurgia-inedita-na-rede-municipal-de-sao-luis\/\",\"url\":\"https:\/\/www.blogsoestado.com\/danielmatos\/prefeito-edivaldo-prioriza-saude-publica-e-oferece-cirurgia-inedita-na-rede-municipal-de-sao-luis\/\",\"name\":\"Prefeito Edivaldo prioriza sa\u00fade p\u00fablica e oferece cirurgia in\u00e9dita na rede municipal de S\u00e3o Lu\u00eds - Daniel Matos\",\"isPartOf\":{\"@id\":\"https:\/\/www.blogsoestado.com\/danielmatos\/#website\"},\"primaryImageOfPage\":{\"@id\":\"https:\/\/www.blogsoestado.com\/danielmatos\/prefeito-edivaldo-prioriza-saude-publica-e-oferece-cirurgia-inedita-na-rede-municipal-de-sao-luis\/#primaryimage\"},\"image\":{\"@id\":\"https:\/\/www.blogsoestado.com\/danielmatos\/prefeito-edivaldo-prioriza-saude-publica-e-oferece-cirurgia-inedita-na-rede-municipal-de-sao-luis\/#primaryimage\"},\"thumbnailUrl\":\"https:\/\/www.blogsoestado.com\/danielmatos\/files\/2018\/03\/procedimento.jpg\",\"datePublished\":\"2018-03-04T14:00:42+00:00\",\"author\":{\"@id\":\"\"},\"breadcrumb\":{\"@id\":\"https:\/\/www.blogsoestado.com\/danielmatos\/prefeito-edivaldo-prioriza-saude-publica-e-oferece-cirurgia-inedita-na-rede-municipal-de-sao-luis\/#breadcrumb\"},\"inLanguage\":\"pt-BR\",\"potentialAction\":[{\"@type\":\"ReadAction\",\"target\":[\"https:\/\/www.blogsoestado.com\/danielmatos\/prefeito-edivaldo-prioriza-saude-publica-e-oferece-cirurgia-inedita-na-rede-municipal-de-sao-luis\/\"]}]},{\"@type\":\"ImageObject\",\"inLanguage\":\"pt-BR\",\"@id\":\"https:\/\/www.blogsoestado.com\/danielmatos\/prefeito-edivaldo-prioriza-saude-publica-e-oferece-cirurgia-inedita-na-rede-municipal-de-sao-luis\/#primaryimage\",\"url\":\"https:\/\/www.blogsoestado.com\/danielmatos\/files\/2018\/03\/procedimento.jpg\",\"contentUrl\":\"https:\/\/www.blogsoestado.com\/danielmatos\/files\/2018\/03\/procedimento.jpg\"},{\"@type\":\"BreadcrumbList\",\"@id\":\"https:\/\/www.blogsoestado.com\/danielmatos\/prefeito-edivaldo-prioriza-saude-publica-e-oferece-cirurgia-inedita-na-rede-municipal-de-sao-luis\/#breadcrumb\",\"itemListElement\":[{\"@type\":\"ListItem\",\"position\":1,\"name\":\"In\u00edcio\",\"item\":\"https:\/\/www.blogsoestado.com\/danielmatos\/\"},{\"@type\":\"ListItem\",\"position\":2,\"name\":\"Prefeito Edivaldo prioriza sa\u00fade p\u00fablica e oferece cirurgia in\u00e9dita na rede municipal de S\u00e3o Lu\u00eds\"}]},{\"@type\":\"WebSite\",\"@id\":\"https:\/\/www.blogsoestado.com\/danielmatos\/#website\",\"url\":\"https:\/\/www.blogsoestado.com\/danielmatos\/\",\"name\":\"Daniel Matos\",\"description\":\"\",\"potentialAction\":[{\"@type\":\"SearchAction\",\"target\":{\"@type\":\"EntryPoint\",\"urlTemplate\":\"https:\/\/www.blogsoestado.com\/danielmatos\/?s={search_term_string}\"},\"query-input\":{\"@type\":\"PropertyValueSpecification\",\"valueRequired\":true,\"valueName\":\"search_term_string\"}}],\"inLanguage\":\"pt-BR\"}]}<\/script>\n<!-- \/ Yoast SEO plugin. -->","yoast_head_json":{"title":"Prefeito Edivaldo prioriza sa\u00fade p\u00fablica e oferece cirurgia in\u00e9dita na rede municipal de S\u00e3o Lu\u00eds - Daniel Matos","robots":{"index":"index","follow":"follow","max-snippet":"max-snippet:-1","max-image-preview":"max-image-preview:large","max-video-preview":"max-video-preview:-1"},"canonical":"https:\/\/www.blogsoestado.com\/danielmatos\/prefeito-edivaldo-prioriza-saude-publica-e-oferece-cirurgia-inedita-na-rede-municipal-de-sao-luis\/","og_locale":"pt_BR","og_type":"article","og_title":"Prefeito Edivaldo prioriza sa\u00fade p\u00fablica e oferece cirurgia in\u00e9dita na rede municipal de S\u00e3o Lu\u00eds - Daniel Matos","og_description":"Pela primeira vez no Maranh\u00e3o, uma cirurgia endosc\u00f3pica de coluna ser\u00e1 oferecida na rede p\u00fablica municipal de sa\u00fade. O procedimento, [&hellip;]","og_url":"https:\/\/www.blogsoestado.com\/danielmatos\/prefeito-edivaldo-prioriza-saude-publica-e-oferece-cirurgia-inedita-na-rede-municipal-de-sao-luis\/","og_site_name":"Daniel Matos","article_published_time":"2018-03-04T14:00:42+00:00","og_image":[{"url":"https:\/\/www.blogsoestado.com\/danielmatos\/files\/2018\/03\/procedimento.jpg","type":"","width":"","height":""}],"twitter_card":"summary_large_image","twitter_misc":{"Est. tempo de leitura":"4 minutos"},"schema":{"@context":"https:\/\/schema.org","@graph":[{"@type":"WebPage","@id":"https:\/\/www.blogsoestado.com\/danielmatos\/prefeito-edivaldo-prioriza-saude-publica-e-oferece-cirurgia-inedita-na-rede-municipal-de-sao-luis\/","url":"https:\/\/www.blogsoestado.com\/danielmatos\/prefeito-edivaldo-prioriza-saude-publica-e-oferece-cirurgia-inedita-na-rede-municipal-de-sao-luis\/","name":"Prefeito Edivaldo prioriza sa\u00fade p\u00fablica e oferece cirurgia in\u00e9dita na rede municipal de S\u00e3o Lu\u00eds - Daniel Matos","isPartOf":{"@id":"https:\/\/www.blogsoestado.com\/danielmatos\/#website"},"primaryImageOfPage":{"@id":"https:\/\/www.blogsoestado.com\/danielmatos\/prefeito-edivaldo-prioriza-saude-publica-e-oferece-cirurgia-inedita-na-rede-municipal-de-sao-luis\/#primaryimage"},"image":{"@id":"https:\/\/www.blogsoestado.com\/danielmatos\/prefeito-edivaldo-prioriza-saude-publica-e-oferece-cirurgia-inedita-na-rede-municipal-de-sao-luis\/#primaryimage"},"thumbnailUrl":"https:\/\/www.blogsoestado.com\/danielmatos\/files\/2018\/03\/procedimento.jpg","datePublished":"2018-03-04T14:00:42+00:00","author":{"@id":""},"breadcrumb":{"@id":"https:\/\/www.blogsoestado.com\/danielmatos\/prefeito-edivaldo-prioriza-saude-publica-e-oferece-cirurgia-inedita-na-rede-municipal-de-sao-luis\/#breadcrumb"},"inLanguage":"pt-BR","potentialAction":[{"@type":"ReadAction","target":["https:\/\/www.blogsoestado.com\/danielmatos\/prefeito-edivaldo-prioriza-saude-publica-e-oferece-cirurgia-inedita-na-rede-municipal-de-sao-luis\/"]}]},{"@type":"ImageObject","inLanguage":"pt-BR","@id":"https:\/\/www.blogsoestado.com\/danielmatos\/prefeito-edivaldo-prioriza-saude-publica-e-oferece-cirurgia-inedita-na-rede-municipal-de-sao-luis\/#primaryimage","url":"https:\/\/www.blogsoestado.com\/danielmatos\/files\/2018\/03\/procedimento.jpg","contentUrl":"https:\/\/www.blogsoestado.com\/danielmatos\/files\/2018\/03\/procedimento.jpg"},{"@type":"BreadcrumbList","@id":"https:\/\/www.blogsoestado.com\/danielmatos\/prefeito-edivaldo-prioriza-saude-publica-e-oferece-cirurgia-inedita-na-rede-municipal-de-sao-luis\/#breadcrumb","itemListElement":[{"@type":"ListItem","position":1,"name":"In\u00edcio","item":"https:\/\/www.blogsoestado.com\/danielmatos\/"},{"@type":"ListItem","position":2,"name":"Prefeito Edivaldo prioriza sa\u00fade p\u00fablica e oferece cirurgia in\u00e9dita na rede municipal de S\u00e3o Lu\u00eds"}]},{"@type":"WebSite","@id":"https:\/\/www.blogsoestado.com\/danielmatos\/#website","url":"https:\/\/www.blogsoestado.com\/danielmatos\/","name":"Daniel Matos","description":"","potentialAction":[{"@type":"SearchAction","target":{"@type":"EntryPoint","urlTemplate":"https:\/\/www.blogsoestado.com\/danielmatos\/?s={search_term_string}"},"query-input":{"@type":"PropertyValueSpecification","valueRequired":true,"valueName":"search_term_string"}}],"inLanguage":"pt-BR"}]}},"jetpack_featured_media_url":"","_links":{"self":[{"href":"https:\/\/www.blogsoestado.com\/danielmatos\/wp-json\/wp\/v2\/posts\/49108","targetHints":{"allow":["GET"]}}],"collection":[{"href":"https:\/\/www.blogsoestado.com\/danielmatos\/wp-json\/wp\/v2\/posts"}],"about":[{"href":"https:\/\/www.blogsoestado.com\/danielmatos\/wp-json\/wp\/v2\/types\/post"}],"replies":[{"embeddable":true,"href":"https:\/\/www.blogsoestado.com\/danielmatos\/wp-json\/wp\/v2\/comments?post=49108"}],"version-history":[{"count":0,"href":"https:\/\/www.blogsoestado.com\/danielmatos\/wp-json\/wp\/v2\/posts\/49108\/revisions"}],"wp:attachment":[{"href":"https:\/\/www.blogsoestado.com\/danielmatos\/wp-json\/wp\/v2\/media?parent=49108"}],"wp:term":[{"taxonomy":"category","embeddable":true,"href":"https:\/\/www.blogsoestado.com\/danielmatos\/wp-json\/wp\/v2\/categories?post=49108"},{"taxonomy":"post_tag","embeddable":true,"href":"https:\/\/www.blogsoestado.com\/danielmatos\/wp-json\/wp\/v2\/tags?post=49108"}],"curies":[{"name":"wp","href":"https:\/\/api.w.org\/{rel}","templated":true}]}}