{"id":49115,"date":"2018-03-04T08:35:59","date_gmt":"2018-03-04T11:35:59","guid":{"rendered":"https:\/\/www.blogsoestado.com\/danielmatos\/?p=49115"},"modified":"2018-03-04T08:35:59","modified_gmt":"2018-03-04T11:35:59","slug":"deslumbrado-com-feirinha-ivaldo-rodrigues-esquece-praca-prometida-em-campanha-cabo-eleitoral","status":"publish","type":"post","link":"https:\/\/www.blogsoestado.com\/danielmatos\/deslumbrado-com-feirinha-ivaldo-rodrigues-esquece-praca-prometida-em-campanha-cabo-eleitoral\/","title":{"rendered":"Deslumbrado com feirinha, Ivaldo Rodrigues esquece pra\u00e7a prometida em campanha a cabo eleitoral"},"content":{"rendered":"<figure id=\"attachment_49116\" aria-describedby=\"caption-attachment-49116\" style=\"width: 640px\" class=\"wp-caption aligncenter\"><img fetchpriority=\"high\" decoding=\"async\" class=\"size-full wp-image-49116\" src=\"https:\/\/www.blogsoestado.com\/danielmatos\/files\/2018\/03\/araras.jpg\" alt=\"\" width=\"640\" height=\"480\" \/><figcaption id=\"caption-attachment-49116\" class=\"wp-caption-text\">\u00c1rea verde no Residencial Araras continua coberta por mato, apesar da promessa de Ivaldo Rodrigues de intervir para que fosse transformada em pra\u00e7a<\/figcaption><\/figure>\n<p>Uma \u00e1rea verde onde deveria ter sido constru\u00edda uma pra\u00e7a, no Residencial Araras, conjunto habitacional vizinho \u00e0 Cohama, est\u00e1 abandonada por omiss\u00e3o do vereador Ivaldo Rodrigues (PDT), atualmente investido no cargo de secret\u00e1rio municipal de Agricultura, Pesca e Abastecimento. Alheio \u00e0s obriga\u00e7\u00f5es legislativas, em raz\u00e3o do posto que ocupa no Executivo municipal, o pedetista esqueceu de intervir junto \u00e0 Prefeitura de S\u00e3o Lu\u00eds pela constru\u00e7\u00e3o do logradouro, ignorando uma antiga promessa que fez \u00e0 comunidade, em resposta ao apelo de uma moradora que atuou como cabo eleitoral em sua campanha.<\/p>\n<p>A \u00e1rea destinada ao uso p\u00fablico continua coberta por mato e s\u00f3 n\u00e3o serve de lix\u00e3o devido \u00e0 postura vigilante de alguns populares. Carente de um espa\u00e7o para o lazer, conviv\u00eancia e at\u00e9 para a pr\u00e1tica de atividades f\u00edsicas, a comunidade cobra do vereador o cumprimento da promessa, feita por ele durante a corrida pelo terceiro mandato na C\u00e2mara de S\u00e3o Lu\u00eds.<\/p>\n<figure id=\"attachment_49117\" aria-describedby=\"caption-attachment-49117\" style=\"width: 448px\" class=\"wp-caption alignright\"><img decoding=\"async\" class=\"size-full wp-image-49117\" src=\"https:\/\/www.blogsoestado.com\/danielmatos\/files\/2018\/03\/ivaldo-feirinha.jpg\" alt=\"\" width=\"448\" height=\"299\" \/><figcaption id=\"caption-attachment-49117\" class=\"wp-caption-text\">Ivaldo Rodrigues transformou a Feirinha S\u00e3o Lu\u00eds em festa popular<\/figcaption><\/figure>\n<p>Em vez de cumprir a promessa de campanha, Ivaldo, t\u00e3o logo teve sua segunda reelei\u00e7\u00e3o confirmada, passou a articular-se com vistas a ocupar um cargo de relev\u00e2ncia na gest\u00e3o do prefeito Edivaldo Holanda J\u00fanior (PDT). Primeiro, mirou a Secretaria Municipal de Cultura (Secult), mas o plano n\u00e3o vingou, e ele teve que se contentar com a Semapa, controlada pelo PDT desde o ano eleitoral de 2016.<\/p>\n<p>Aparentemente \u00e0 vontade no cargo, Ivaldo Rodrigues \u00e9 elogiado e festejado por seu bom desempenho, embora n\u00e3o se percebam pr\u00e1ticas relevantes de fomento \u00e0 agricultura, muito menos \u00e0 pesca e ao abastecimento em sua gest\u00e3o.<\/p>\n<p>Os confetes se devem muito mais pela realiza\u00e7\u00e3o da Feirinha S\u00e3o Lu\u00eds, idealizada pelo secret\u00e1rio e por ele transformada em festa popular, com direito a um vasto elenco de cantores, bandas, grupos folcl\u00f3ricos e at\u00e9 pe\u00e7a teatral, que se revezam no palco montado todos os domingos em pleno Centro Hist\u00f3rico, para deleite do p\u00fablico local e de turistas e deslumbre do pedetista, visivelmente empolgado com o maior investimento da sua gest\u00e3o.<\/p>\n<p>Enquanto Ivaldo Rodrigues banca e se esbalda em sua folia dominical, agricultores e pescadores de S\u00e3o Lu\u00eds padecem com a falta de incentivo. E promessas feitas ao povo no calor da campanha perderam sentido ante a incoer\u00eancia do vereador que virou secret\u00e1rio e parece n\u00e3o encarar a miss\u00e3o com a seriedade devida.<\/p>\n","protected":false},"excerpt":{"rendered":"<p>Uma \u00e1rea verde onde deveria ter sido constru\u00edda uma pra\u00e7a, no Residencial Araras, conjunto habitacional vizinho \u00e0 Cohama, est\u00e1 abandonada [&hellip;]<\/p>\n","protected":false},"author":0,"featured_media":0,"comment_status":"open","ping_status":"open","sticky":false,"template":"","format":"standard","meta":{"site-sidebar-layout":"default","site-content-layout":"","ast-site-content-layout":"default","site-content-style":"default","site-sidebar-style":"default","ast-global-header-display":"","ast-banner-title-visibility":"","ast-main-header-display":"","ast-hfb-above-header-display":"","ast-hfb-below-header-display":"","ast-hfb-mobile-header-display":"","site-post-title":"","ast-breadcrumbs-content":"","ast-featured-img":"","footer-sml-layout":"","ast-disable-related-posts":"","theme-transparent-header-meta":"","adv-header-id-meta":"","stick-header-meta":"","header-above-stick-meta":"","header-main-stick-meta":"","header-below-stick-meta":"","astra-migrate-meta-layouts":"default","ast-page-background-enabled":"default","ast-page-background-meta":{"desktop":{"background-color":"var(--ast-global-color-5)","background-image":"","background-repeat":"repeat","background-position":"center center","background-size":"auto","background-attachment":"scroll","background-type":"","background-media":"","overlay-type":"","overlay-color":"","overlay-opacity":"","overlay-gradient":""},"tablet":{"background-color":"","background-image":"","background-repeat":"repeat","background-position":"center center","background-size":"auto","background-attachment":"scroll","background-type":"","background-media":"","overlay-type":"","overlay-color":"","overlay-opacity":"","overlay-gradient":""},"mobile":{"background-color":"","background-image":"","background-repeat":"repeat","background-position":"center center","background-size":"auto","background-attachment":"scroll","background-type":"","background-media":"","overlay-type":"","overlay-color":"","overlay-opacity":"","overlay-gradient":""}},"ast-content-background-meta":{"desktop":{"background-color":"var(--ast-global-color-4)","background-image":"","background-repeat":"repeat","background-position":"center center","background-size":"auto","background-attachment":"scroll","background-type":"","background-media":"","overlay-type":"","overlay-color":"","overlay-opacity":"","overlay-gradient":""},"tablet":{"background-color":"var(--ast-global-color-4)","background-image":"","background-repeat":"repeat","background-position":"center center","background-size":"auto","background-attachment":"scroll","background-type":"","background-media":"","overlay-type":"","overlay-color":"","overlay-opacity":"","overlay-gradient":""},"mobile":{"background-color":"var(--ast-global-color-4)","background-image":"","background-repeat":"repeat","background-position":"center center","background-size":"auto","background-attachment":"scroll","background-type":"","background-media":"","overlay-type":"","overlay-color":"","overlay-opacity":"","overlay-gradient":""}},"footnotes":""},"categories":[1],"tags":[],"class_list":["post-49115","post","type-post","status-publish","format-standard","hentry","category-sem-categoria"],"yoast_head":"<!-- This site is optimized with the Yoast SEO plugin v26.6 - https:\/\/yoast.com\/wordpress\/plugins\/seo\/ -->\n<title>Deslumbrado com feirinha, Ivaldo Rodrigues esquece pra\u00e7a prometida em campanha a cabo eleitoral - Daniel Matos<\/title>\n<meta name=\"robots\" content=\"index, follow, max-snippet:-1, max-image-preview:large, max-video-preview:-1\" \/>\n<link rel=\"canonical\" href=\"https:\/\/www.blogsoestado.com\/danielmatos\/deslumbrado-com-feirinha-ivaldo-rodrigues-esquece-praca-prometida-em-campanha-cabo-eleitoral\/\" \/>\n<meta property=\"og:locale\" content=\"pt_BR\" \/>\n<meta property=\"og:type\" content=\"article\" \/>\n<meta property=\"og:title\" content=\"Deslumbrado com feirinha, Ivaldo Rodrigues esquece pra\u00e7a prometida em campanha a cabo eleitoral - Daniel Matos\" \/>\n<meta property=\"og:description\" content=\"Uma \u00e1rea verde onde deveria ter sido constru\u00edda uma pra\u00e7a, no Residencial Araras, conjunto habitacional vizinho \u00e0 Cohama, est\u00e1 abandonada [&hellip;]\" \/>\n<meta property=\"og:url\" content=\"https:\/\/www.blogsoestado.com\/danielmatos\/deslumbrado-com-feirinha-ivaldo-rodrigues-esquece-praca-prometida-em-campanha-cabo-eleitoral\/\" \/>\n<meta property=\"og:site_name\" content=\"Daniel Matos\" \/>\n<meta property=\"article:published_time\" content=\"2018-03-04T11:35:59+00:00\" \/>\n<meta property=\"og:image\" content=\"https:\/\/www.blogsoestado.com\/danielmatos\/files\/2018\/03\/araras.jpg\" \/>\n<meta name=\"twitter:card\" content=\"summary_large_image\" \/>\n<meta name=\"twitter:label1\" content=\"Est. tempo de leitura\" \/>\n\t<meta name=\"twitter:data1\" content=\"2 minutos\" \/>\n<script type=\"application\/ld+json\" class=\"yoast-schema-graph\">{\"@context\":\"https:\/\/schema.org\",\"@graph\":[{\"@type\":\"WebPage\",\"@id\":\"https:\/\/www.blogsoestado.com\/danielmatos\/deslumbrado-com-feirinha-ivaldo-rodrigues-esquece-praca-prometida-em-campanha-cabo-eleitoral\/\",\"url\":\"https:\/\/www.blogsoestado.com\/danielmatos\/deslumbrado-com-feirinha-ivaldo-rodrigues-esquece-praca-prometida-em-campanha-cabo-eleitoral\/\",\"name\":\"Deslumbrado com feirinha, Ivaldo Rodrigues esquece pra\u00e7a prometida em campanha a cabo eleitoral - Daniel Matos\",\"isPartOf\":{\"@id\":\"https:\/\/www.blogsoestado.com\/danielmatos\/#website\"},\"primaryImageOfPage\":{\"@id\":\"https:\/\/www.blogsoestado.com\/danielmatos\/deslumbrado-com-feirinha-ivaldo-rodrigues-esquece-praca-prometida-em-campanha-cabo-eleitoral\/#primaryimage\"},\"image\":{\"@id\":\"https:\/\/www.blogsoestado.com\/danielmatos\/deslumbrado-com-feirinha-ivaldo-rodrigues-esquece-praca-prometida-em-campanha-cabo-eleitoral\/#primaryimage\"},\"thumbnailUrl\":\"https:\/\/www.blogsoestado.com\/danielmatos\/files\/2018\/03\/araras.jpg\",\"datePublished\":\"2018-03-04T11:35:59+00:00\",\"author\":{\"@id\":\"\"},\"breadcrumb\":{\"@id\":\"https:\/\/www.blogsoestado.com\/danielmatos\/deslumbrado-com-feirinha-ivaldo-rodrigues-esquece-praca-prometida-em-campanha-cabo-eleitoral\/#breadcrumb\"},\"inLanguage\":\"pt-BR\",\"potentialAction\":[{\"@type\":\"ReadAction\",\"target\":[\"https:\/\/www.blogsoestado.com\/danielmatos\/deslumbrado-com-feirinha-ivaldo-rodrigues-esquece-praca-prometida-em-campanha-cabo-eleitoral\/\"]}]},{\"@type\":\"ImageObject\",\"inLanguage\":\"pt-BR\",\"@id\":\"https:\/\/www.blogsoestado.com\/danielmatos\/deslumbrado-com-feirinha-ivaldo-rodrigues-esquece-praca-prometida-em-campanha-cabo-eleitoral\/#primaryimage\",\"url\":\"https:\/\/www.blogsoestado.com\/danielmatos\/files\/2018\/03\/araras.jpg\",\"contentUrl\":\"https:\/\/www.blogsoestado.com\/danielmatos\/files\/2018\/03\/araras.jpg\"},{\"@type\":\"BreadcrumbList\",\"@id\":\"https:\/\/www.blogsoestado.com\/danielmatos\/deslumbrado-com-feirinha-ivaldo-rodrigues-esquece-praca-prometida-em-campanha-cabo-eleitoral\/#breadcrumb\",\"itemListElement\":[{\"@type\":\"ListItem\",\"position\":1,\"name\":\"In\u00edcio\",\"item\":\"https:\/\/www.blogsoestado.com\/danielmatos\/\"},{\"@type\":\"ListItem\",\"position\":2,\"name\":\"Deslumbrado com feirinha, Ivaldo Rodrigues esquece pra\u00e7a prometida em campanha a cabo eleitoral\"}]},{\"@type\":\"WebSite\",\"@id\":\"https:\/\/www.blogsoestado.com\/danielmatos\/#website\",\"url\":\"https:\/\/www.blogsoestado.com\/danielmatos\/\",\"name\":\"Daniel Matos\",\"description\":\"\",\"potentialAction\":[{\"@type\":\"SearchAction\",\"target\":{\"@type\":\"EntryPoint\",\"urlTemplate\":\"https:\/\/www.blogsoestado.com\/danielmatos\/?s={search_term_string}\"},\"query-input\":{\"@type\":\"PropertyValueSpecification\",\"valueRequired\":true,\"valueName\":\"search_term_string\"}}],\"inLanguage\":\"pt-BR\"}]}<\/script>\n<!-- \/ Yoast SEO plugin. -->","yoast_head_json":{"title":"Deslumbrado com feirinha, Ivaldo Rodrigues esquece pra\u00e7a prometida em campanha a cabo eleitoral - Daniel Matos","robots":{"index":"index","follow":"follow","max-snippet":"max-snippet:-1","max-image-preview":"max-image-preview:large","max-video-preview":"max-video-preview:-1"},"canonical":"https:\/\/www.blogsoestado.com\/danielmatos\/deslumbrado-com-feirinha-ivaldo-rodrigues-esquece-praca-prometida-em-campanha-cabo-eleitoral\/","og_locale":"pt_BR","og_type":"article","og_title":"Deslumbrado com feirinha, Ivaldo Rodrigues esquece pra\u00e7a prometida em campanha a cabo eleitoral - Daniel Matos","og_description":"Uma \u00e1rea verde onde deveria ter sido constru\u00edda uma pra\u00e7a, no Residencial Araras, conjunto habitacional vizinho \u00e0 Cohama, est\u00e1 abandonada [&hellip;]","og_url":"https:\/\/www.blogsoestado.com\/danielmatos\/deslumbrado-com-feirinha-ivaldo-rodrigues-esquece-praca-prometida-em-campanha-cabo-eleitoral\/","og_site_name":"Daniel Matos","article_published_time":"2018-03-04T11:35:59+00:00","og_image":[{"url":"https:\/\/www.blogsoestado.com\/danielmatos\/files\/2018\/03\/araras.jpg","type":"","width":"","height":""}],"twitter_card":"summary_large_image","twitter_misc":{"Est. tempo de leitura":"2 minutos"},"schema":{"@context":"https:\/\/schema.org","@graph":[{"@type":"WebPage","@id":"https:\/\/www.blogsoestado.com\/danielmatos\/deslumbrado-com-feirinha-ivaldo-rodrigues-esquece-praca-prometida-em-campanha-cabo-eleitoral\/","url":"https:\/\/www.blogsoestado.com\/danielmatos\/deslumbrado-com-feirinha-ivaldo-rodrigues-esquece-praca-prometida-em-campanha-cabo-eleitoral\/","name":"Deslumbrado com feirinha, Ivaldo Rodrigues esquece pra\u00e7a prometida em campanha a cabo eleitoral - Daniel Matos","isPartOf":{"@id":"https:\/\/www.blogsoestado.com\/danielmatos\/#website"},"primaryImageOfPage":{"@id":"https:\/\/www.blogsoestado.com\/danielmatos\/deslumbrado-com-feirinha-ivaldo-rodrigues-esquece-praca-prometida-em-campanha-cabo-eleitoral\/#primaryimage"},"image":{"@id":"https:\/\/www.blogsoestado.com\/danielmatos\/deslumbrado-com-feirinha-ivaldo-rodrigues-esquece-praca-prometida-em-campanha-cabo-eleitoral\/#primaryimage"},"thumbnailUrl":"https:\/\/www.blogsoestado.com\/danielmatos\/files\/2018\/03\/araras.jpg","datePublished":"2018-03-04T11:35:59+00:00","author":{"@id":""},"breadcrumb":{"@id":"https:\/\/www.blogsoestado.com\/danielmatos\/deslumbrado-com-feirinha-ivaldo-rodrigues-esquece-praca-prometida-em-campanha-cabo-eleitoral\/#breadcrumb"},"inLanguage":"pt-BR","potentialAction":[{"@type":"ReadAction","target":["https:\/\/www.blogsoestado.com\/danielmatos\/deslumbrado-com-feirinha-ivaldo-rodrigues-esquece-praca-prometida-em-campanha-cabo-eleitoral\/"]}]},{"@type":"ImageObject","inLanguage":"pt-BR","@id":"https:\/\/www.blogsoestado.com\/danielmatos\/deslumbrado-com-feirinha-ivaldo-rodrigues-esquece-praca-prometida-em-campanha-cabo-eleitoral\/#primaryimage","url":"https:\/\/www.blogsoestado.com\/danielmatos\/files\/2018\/03\/araras.jpg","contentUrl":"https:\/\/www.blogsoestado.com\/danielmatos\/files\/2018\/03\/araras.jpg"},{"@type":"BreadcrumbList","@id":"https:\/\/www.blogsoestado.com\/danielmatos\/deslumbrado-com-feirinha-ivaldo-rodrigues-esquece-praca-prometida-em-campanha-cabo-eleitoral\/#breadcrumb","itemListElement":[{"@type":"ListItem","position":1,"name":"In\u00edcio","item":"https:\/\/www.blogsoestado.com\/danielmatos\/"},{"@type":"ListItem","position":2,"name":"Deslumbrado com feirinha, Ivaldo Rodrigues esquece pra\u00e7a prometida em campanha a cabo eleitoral"}]},{"@type":"WebSite","@id":"https:\/\/www.blogsoestado.com\/danielmatos\/#website","url":"https:\/\/www.blogsoestado.com\/danielmatos\/","name":"Daniel Matos","description":"","potentialAction":[{"@type":"SearchAction","target":{"@type":"EntryPoint","urlTemplate":"https:\/\/www.blogsoestado.com\/danielmatos\/?s={search_term_string}"},"query-input":{"@type":"PropertyValueSpecification","valueRequired":true,"valueName":"search_term_string"}}],"inLanguage":"pt-BR"}]}},"jetpack_featured_media_url":"","_links":{"self":[{"href":"https:\/\/www.blogsoestado.com\/danielmatos\/wp-json\/wp\/v2\/posts\/49115","targetHints":{"allow":["GET"]}}],"collection":[{"href":"https:\/\/www.blogsoestado.com\/danielmatos\/wp-json\/wp\/v2\/posts"}],"about":[{"href":"https:\/\/www.blogsoestado.com\/danielmatos\/wp-json\/wp\/v2\/types\/post"}],"replies":[{"embeddable":true,"href":"https:\/\/www.blogsoestado.com\/danielmatos\/wp-json\/wp\/v2\/comments?post=49115"}],"version-history":[{"count":0,"href":"https:\/\/www.blogsoestado.com\/danielmatos\/wp-json\/wp\/v2\/posts\/49115\/revisions"}],"wp:attachment":[{"href":"https:\/\/www.blogsoestado.com\/danielmatos\/wp-json\/wp\/v2\/media?parent=49115"}],"wp:term":[{"taxonomy":"category","embeddable":true,"href":"https:\/\/www.blogsoestado.com\/danielmatos\/wp-json\/wp\/v2\/categories?post=49115"},{"taxonomy":"post_tag","embeddable":true,"href":"https:\/\/www.blogsoestado.com\/danielmatos\/wp-json\/wp\/v2\/tags?post=49115"}],"curies":[{"name":"wp","href":"https:\/\/api.w.org\/{rel}","templated":true}]}}