{"id":49119,"date":"2018-03-05T10:02:31","date_gmt":"2018-03-05T13:02:31","guid":{"rendered":"https:\/\/www.blogsoestado.com\/danielmatos\/?p=49119"},"modified":"2018-03-05T10:02:31","modified_gmt":"2018-03-05T13:02:31","slug":"vivo-inaugura-loja-no-shopping-da-ilha","status":"publish","type":"post","link":"https:\/\/www.blogsoestado.com\/danielmatos\/vivo-inaugura-loja-no-shopping-da-ilha\/","title":{"rendered":"Vivo inaugura loja no Shopping da Ilha"},"content":{"rendered":"<h2><span style=\"color: #ff0000;\">No espa\u00e7o, clientes poder\u00e3o degustar servi\u00e7os da operadora<\/span><\/h2>\n<figure id=\"attachment_49120\" aria-describedby=\"caption-attachment-49120\" style=\"width: 640px\" class=\"wp-caption aligncenter\"><img fetchpriority=\"high\" decoding=\"async\" class=\"size-full wp-image-49120\" src=\"https:\/\/www.blogsoestado.com\/danielmatos\/files\/2018\/03\/vivo-loja.jpg\" alt=\"\" width=\"640\" height=\"311\" \/><figcaption id=\"caption-attachment-49120\" class=\"wp-caption-text\">A loja do Shopping da Ilha recebeu itens de acessibilidade e participar\u00e1 do projeto de atendimento com LIBRAS, por meio de um software homologado pela Anatel<\/figcaption><\/figure>\n<p>Buscando novas formas de se relacionar com os clientes, a Vivo reinaugurou, na \u00faltima sexta-feira (2), sua loja no Shopping da Ilha, em S\u00e3o Lu\u00eds\/MA. O novo espa\u00e7o foi pensado para oferecer ao consumidor um ambiente conectado, flex\u00edvel, tecnol\u00f3gico e integrado. O objetivo \u00e9 proporcionar a melhor experi\u00eancia para o cliente.<\/p>\n<p>\u201cEsta \u00e9 primeira loja em shopping da Vivo no Maranh\u00e3o com atendimento Premium. Com isso, ampliamos o atendimento para que clientes resolvam suas situa\u00e7\u00f5es tamb\u00e9m aos finais de semana e ap\u00f3s o hor\u00e1rio comercial\u201d, explica o diretor da Vivo na Regional Norte, Rodrigo Pereira J\u00fanior, respons\u00e1vel pelas opera\u00e7\u00f5es da operadora no Maranh\u00e3o e tamb\u00e9m nos estados do Amap\u00e1, Amazonas, Par\u00e1 e Roraima. \u201cOs investimentos na regional Norte, em 2017, cresceram 60% em rela\u00e7\u00e3o a 2016 e, somente no Maranh\u00e3o, mais que duplicamos os investimentos no estado em 2017, superando os R$ 44 milh\u00f5es. Esses recursos foram direcionados, principalmente, para a expans\u00e3o de nossa rede 4G e implanta\u00e7\u00e3o do 4G+\u201d, completa Rodrigo Junior. Em 2017, levamos o 4G a 38 novas cidades no estado e ativamos o 4G+ em S\u00e3o Lu\u00eds e Imperatriz.<\/p>\n<p>A loja do Shopping da Ilha recebeu itens de acessibilidade e participar\u00e1 do projeto de atendimento com LIBRAS, por meio de um software homologado pela Anatel e conta ainda com o Guru Tecnol\u00f3gico, profissional preparado para prestar todo o suporte necess\u00e1rio para quem tem d\u00favidas ou dificuldades no uso de smartphones, tablets ou qualquer outro equipamento comercializado nas lojas da operadora.<\/p>\n<p>Al\u00e9m do espa\u00e7o f\u00edsico, a Vivotreinou o seu time de vendedores com t\u00e9cnicas de teatro para cada vez mais encantar o cliente. A Vivo tamb\u00e9m foi buscar as melhores pr\u00e1ticas do segmento de hotelaria e entretenimento para levar ao cliente uma experi\u00eancia completa no mundo do varejo. Criamos, assim, o \u201cJeito Vivo de atender\u201d.<\/p>\n<p>\u201cAo longo dos \u00faltimos anos temos investido muito tempo em pesquisar e conhecer as melhores pr\u00e1ticas do mercado nacional e internacional para oferecermos uma experi\u00eancia ainda mais \u00fanica aos nossos clientes. Para tanto, abordamos diversas \u00e1reas como opera\u00e7\u00f5es, atendimento, tecnologia e design. Mas o mais importante, no final do dia, s\u00e3o as pessoas, afinal o varejo \u00e9 em ess\u00eancia um neg\u00f3cio de pessoas, por pessoas, para pessoas\u201d, Fernando Rheingantz, diretor de Lojas da Vivo.<\/p>\n<p>Como a\u00e7\u00e3o promocional de reabertura da loja, a operadora traz o Samsung Galaxy S8 por 12X R$134,90 pelo Vivo Renova, no plano Vivo Fam\u00edlia 20GB, que oferece at\u00e9 2 dependentes gr\u00e1tis, al\u00e9m de liga\u00e7\u00f5es e SMS ilimitados para qualquer operadora no Brasil, acesso a conte\u00fado exclusivo dos apps Vivo Sync, PlayKids, NBA, Studio+, Vivo Fam\u00edlia Online e Vivo Educa. O Vivo Fam\u00edlia 20GB, assim como os demais planos Vivo Fam\u00edlia, agora contam com o benef\u00edcio que permite aos assinantes usar o celular no exterior sem pagar nada mais por isso. Por ano, cada assinante dos planos Vivo Fam\u00edlia (titular e dependentes) pode usar sete di\u00e1rias Vivo Travel gratuitamente.<\/p>\n","protected":false},"excerpt":{"rendered":"<p>No espa\u00e7o, clientes poder\u00e3o degustar servi\u00e7os da operadora Buscando novas formas de se relacionar com os clientes, a Vivo reinaugurou, [&hellip;]<\/p>\n","protected":false},"author":0,"featured_media":0,"comment_status":"open","ping_status":"open","sticky":false,"template":"","format":"standard","meta":{"site-sidebar-layout":"default","site-content-layout":"","ast-site-content-layout":"default","site-content-style":"default","site-sidebar-style":"default","ast-global-header-display":"","ast-banner-title-visibility":"","ast-main-header-display":"","ast-hfb-above-header-display":"","ast-hfb-below-header-display":"","ast-hfb-mobile-header-display":"","site-post-title":"","ast-breadcrumbs-content":"","ast-featured-img":"","footer-sml-layout":"","ast-disable-related-posts":"","theme-transparent-header-meta":"","adv-header-id-meta":"","stick-header-meta":"","header-above-stick-meta":"","header-main-stick-meta":"","header-below-stick-meta":"","astra-migrate-meta-layouts":"default","ast-page-background-enabled":"default","ast-page-background-meta":{"desktop":{"background-color":"var(--ast-global-color-5)","background-image":"","background-repeat":"repeat","background-position":"center center","background-size":"auto","background-attachment":"scroll","background-type":"","background-media":"","overlay-type":"","overlay-color":"","overlay-opacity":"","overlay-gradient":""},"tablet":{"background-color":"","background-image":"","background-repeat":"repeat","background-position":"center center","background-size":"auto","background-attachment":"scroll","background-type":"","background-media":"","overlay-type":"","overlay-color":"","overlay-opacity":"","overlay-gradient":""},"mobile":{"background-color":"","background-image":"","background-repeat":"repeat","background-position":"center center","background-size":"auto","background-attachment":"scroll","background-type":"","background-media":"","overlay-type":"","overlay-color":"","overlay-opacity":"","overlay-gradient":""}},"ast-content-background-meta":{"desktop":{"background-color":"var(--ast-global-color-4)","background-image":"","background-repeat":"repeat","background-position":"center center","background-size":"auto","background-attachment":"scroll","background-type":"","background-media":"","overlay-type":"","overlay-color":"","overlay-opacity":"","overlay-gradient":""},"tablet":{"background-color":"var(--ast-global-color-4)","background-image":"","background-repeat":"repeat","background-position":"center center","background-size":"auto","background-attachment":"scroll","background-type":"","background-media":"","overlay-type":"","overlay-color":"","overlay-opacity":"","overlay-gradient":""},"mobile":{"background-color":"var(--ast-global-color-4)","background-image":"","background-repeat":"repeat","background-position":"center center","background-size":"auto","background-attachment":"scroll","background-type":"","background-media":"","overlay-type":"","overlay-color":"","overlay-opacity":"","overlay-gradient":""}},"footnotes":""},"categories":[1],"tags":[],"class_list":["post-49119","post","type-post","status-publish","format-standard","hentry","category-sem-categoria"],"yoast_head":"<!-- This site is optimized with the Yoast SEO plugin v26.6 - https:\/\/yoast.com\/wordpress\/plugins\/seo\/ -->\n<title>Vivo inaugura loja no Shopping da Ilha - Daniel Matos<\/title>\n<meta name=\"robots\" content=\"index, follow, max-snippet:-1, max-image-preview:large, max-video-preview:-1\" \/>\n<link rel=\"canonical\" href=\"https:\/\/www.blogsoestado.com\/danielmatos\/vivo-inaugura-loja-no-shopping-da-ilha\/\" \/>\n<meta property=\"og:locale\" content=\"pt_BR\" \/>\n<meta property=\"og:type\" content=\"article\" \/>\n<meta property=\"og:title\" content=\"Vivo inaugura loja no Shopping da Ilha - Daniel Matos\" \/>\n<meta property=\"og:description\" content=\"No espa\u00e7o, clientes poder\u00e3o degustar servi\u00e7os da operadora Buscando novas formas de se relacionar com os clientes, a Vivo reinaugurou, [&hellip;]\" \/>\n<meta property=\"og:url\" content=\"https:\/\/www.blogsoestado.com\/danielmatos\/vivo-inaugura-loja-no-shopping-da-ilha\/\" \/>\n<meta property=\"og:site_name\" content=\"Daniel Matos\" \/>\n<meta property=\"article:published_time\" content=\"2018-03-05T13:02:31+00:00\" \/>\n<meta property=\"og:image\" content=\"https:\/\/www.blogsoestado.com\/danielmatos\/files\/2018\/03\/vivo-loja.jpg\" \/>\n<meta name=\"twitter:card\" content=\"summary_large_image\" \/>\n<meta name=\"twitter:label1\" content=\"Est. tempo de leitura\" \/>\n\t<meta name=\"twitter:data1\" content=\"3 minutos\" \/>\n<script type=\"application\/ld+json\" class=\"yoast-schema-graph\">{\"@context\":\"https:\/\/schema.org\",\"@graph\":[{\"@type\":\"WebPage\",\"@id\":\"https:\/\/www.blogsoestado.com\/danielmatos\/vivo-inaugura-loja-no-shopping-da-ilha\/\",\"url\":\"https:\/\/www.blogsoestado.com\/danielmatos\/vivo-inaugura-loja-no-shopping-da-ilha\/\",\"name\":\"Vivo inaugura loja no Shopping da Ilha - Daniel Matos\",\"isPartOf\":{\"@id\":\"https:\/\/www.blogsoestado.com\/danielmatos\/#website\"},\"primaryImageOfPage\":{\"@id\":\"https:\/\/www.blogsoestado.com\/danielmatos\/vivo-inaugura-loja-no-shopping-da-ilha\/#primaryimage\"},\"image\":{\"@id\":\"https:\/\/www.blogsoestado.com\/danielmatos\/vivo-inaugura-loja-no-shopping-da-ilha\/#primaryimage\"},\"thumbnailUrl\":\"https:\/\/www.blogsoestado.com\/danielmatos\/files\/2018\/03\/vivo-loja.jpg\",\"datePublished\":\"2018-03-05T13:02:31+00:00\",\"author\":{\"@id\":\"\"},\"breadcrumb\":{\"@id\":\"https:\/\/www.blogsoestado.com\/danielmatos\/vivo-inaugura-loja-no-shopping-da-ilha\/#breadcrumb\"},\"inLanguage\":\"pt-BR\",\"potentialAction\":[{\"@type\":\"ReadAction\",\"target\":[\"https:\/\/www.blogsoestado.com\/danielmatos\/vivo-inaugura-loja-no-shopping-da-ilha\/\"]}]},{\"@type\":\"ImageObject\",\"inLanguage\":\"pt-BR\",\"@id\":\"https:\/\/www.blogsoestado.com\/danielmatos\/vivo-inaugura-loja-no-shopping-da-ilha\/#primaryimage\",\"url\":\"https:\/\/www.blogsoestado.com\/danielmatos\/files\/2018\/03\/vivo-loja.jpg\",\"contentUrl\":\"https:\/\/www.blogsoestado.com\/danielmatos\/files\/2018\/03\/vivo-loja.jpg\"},{\"@type\":\"BreadcrumbList\",\"@id\":\"https:\/\/www.blogsoestado.com\/danielmatos\/vivo-inaugura-loja-no-shopping-da-ilha\/#breadcrumb\",\"itemListElement\":[{\"@type\":\"ListItem\",\"position\":1,\"name\":\"In\u00edcio\",\"item\":\"https:\/\/www.blogsoestado.com\/danielmatos\/\"},{\"@type\":\"ListItem\",\"position\":2,\"name\":\"Vivo inaugura loja no Shopping da Ilha\"}]},{\"@type\":\"WebSite\",\"@id\":\"https:\/\/www.blogsoestado.com\/danielmatos\/#website\",\"url\":\"https:\/\/www.blogsoestado.com\/danielmatos\/\",\"name\":\"Daniel Matos\",\"description\":\"\",\"potentialAction\":[{\"@type\":\"SearchAction\",\"target\":{\"@type\":\"EntryPoint\",\"urlTemplate\":\"https:\/\/www.blogsoestado.com\/danielmatos\/?s={search_term_string}\"},\"query-input\":{\"@type\":\"PropertyValueSpecification\",\"valueRequired\":true,\"valueName\":\"search_term_string\"}}],\"inLanguage\":\"pt-BR\"}]}<\/script>\n<!-- \/ Yoast SEO plugin. -->","yoast_head_json":{"title":"Vivo inaugura loja no Shopping da Ilha - Daniel Matos","robots":{"index":"index","follow":"follow","max-snippet":"max-snippet:-1","max-image-preview":"max-image-preview:large","max-video-preview":"max-video-preview:-1"},"canonical":"https:\/\/www.blogsoestado.com\/danielmatos\/vivo-inaugura-loja-no-shopping-da-ilha\/","og_locale":"pt_BR","og_type":"article","og_title":"Vivo inaugura loja no Shopping da Ilha - Daniel Matos","og_description":"No espa\u00e7o, clientes poder\u00e3o degustar servi\u00e7os da operadora Buscando novas formas de se relacionar com os clientes, a Vivo reinaugurou, [&hellip;]","og_url":"https:\/\/www.blogsoestado.com\/danielmatos\/vivo-inaugura-loja-no-shopping-da-ilha\/","og_site_name":"Daniel Matos","article_published_time":"2018-03-05T13:02:31+00:00","og_image":[{"url":"https:\/\/www.blogsoestado.com\/danielmatos\/files\/2018\/03\/vivo-loja.jpg","type":"","width":"","height":""}],"twitter_card":"summary_large_image","twitter_misc":{"Est. tempo de leitura":"3 minutos"},"schema":{"@context":"https:\/\/schema.org","@graph":[{"@type":"WebPage","@id":"https:\/\/www.blogsoestado.com\/danielmatos\/vivo-inaugura-loja-no-shopping-da-ilha\/","url":"https:\/\/www.blogsoestado.com\/danielmatos\/vivo-inaugura-loja-no-shopping-da-ilha\/","name":"Vivo inaugura loja no Shopping da Ilha - Daniel Matos","isPartOf":{"@id":"https:\/\/www.blogsoestado.com\/danielmatos\/#website"},"primaryImageOfPage":{"@id":"https:\/\/www.blogsoestado.com\/danielmatos\/vivo-inaugura-loja-no-shopping-da-ilha\/#primaryimage"},"image":{"@id":"https:\/\/www.blogsoestado.com\/danielmatos\/vivo-inaugura-loja-no-shopping-da-ilha\/#primaryimage"},"thumbnailUrl":"https:\/\/www.blogsoestado.com\/danielmatos\/files\/2018\/03\/vivo-loja.jpg","datePublished":"2018-03-05T13:02:31+00:00","author":{"@id":""},"breadcrumb":{"@id":"https:\/\/www.blogsoestado.com\/danielmatos\/vivo-inaugura-loja-no-shopping-da-ilha\/#breadcrumb"},"inLanguage":"pt-BR","potentialAction":[{"@type":"ReadAction","target":["https:\/\/www.blogsoestado.com\/danielmatos\/vivo-inaugura-loja-no-shopping-da-ilha\/"]}]},{"@type":"ImageObject","inLanguage":"pt-BR","@id":"https:\/\/www.blogsoestado.com\/danielmatos\/vivo-inaugura-loja-no-shopping-da-ilha\/#primaryimage","url":"https:\/\/www.blogsoestado.com\/danielmatos\/files\/2018\/03\/vivo-loja.jpg","contentUrl":"https:\/\/www.blogsoestado.com\/danielmatos\/files\/2018\/03\/vivo-loja.jpg"},{"@type":"BreadcrumbList","@id":"https:\/\/www.blogsoestado.com\/danielmatos\/vivo-inaugura-loja-no-shopping-da-ilha\/#breadcrumb","itemListElement":[{"@type":"ListItem","position":1,"name":"In\u00edcio","item":"https:\/\/www.blogsoestado.com\/danielmatos\/"},{"@type":"ListItem","position":2,"name":"Vivo inaugura loja no Shopping da Ilha"}]},{"@type":"WebSite","@id":"https:\/\/www.blogsoestado.com\/danielmatos\/#website","url":"https:\/\/www.blogsoestado.com\/danielmatos\/","name":"Daniel Matos","description":"","potentialAction":[{"@type":"SearchAction","target":{"@type":"EntryPoint","urlTemplate":"https:\/\/www.blogsoestado.com\/danielmatos\/?s={search_term_string}"},"query-input":{"@type":"PropertyValueSpecification","valueRequired":true,"valueName":"search_term_string"}}],"inLanguage":"pt-BR"}]}},"jetpack_featured_media_url":"","_links":{"self":[{"href":"https:\/\/www.blogsoestado.com\/danielmatos\/wp-json\/wp\/v2\/posts\/49119","targetHints":{"allow":["GET"]}}],"collection":[{"href":"https:\/\/www.blogsoestado.com\/danielmatos\/wp-json\/wp\/v2\/posts"}],"about":[{"href":"https:\/\/www.blogsoestado.com\/danielmatos\/wp-json\/wp\/v2\/types\/post"}],"replies":[{"embeddable":true,"href":"https:\/\/www.blogsoestado.com\/danielmatos\/wp-json\/wp\/v2\/comments?post=49119"}],"version-history":[{"count":0,"href":"https:\/\/www.blogsoestado.com\/danielmatos\/wp-json\/wp\/v2\/posts\/49119\/revisions"}],"wp:attachment":[{"href":"https:\/\/www.blogsoestado.com\/danielmatos\/wp-json\/wp\/v2\/media?parent=49119"}],"wp:term":[{"taxonomy":"category","embeddable":true,"href":"https:\/\/www.blogsoestado.com\/danielmatos\/wp-json\/wp\/v2\/categories?post=49119"},{"taxonomy":"post_tag","embeddable":true,"href":"https:\/\/www.blogsoestado.com\/danielmatos\/wp-json\/wp\/v2\/tags?post=49119"}],"curies":[{"name":"wp","href":"https:\/\/api.w.org\/{rel}","templated":true}]}}